{"id":186580,"date":"2025-07-24T08:00:32","date_gmt":"2025-07-24T06:00:32","guid":{"rendered":"https:\/\/graziamagazine.com\/es\/?post_type=articles&#038;p=186580"},"modified":"2025-07-23T23:44:30","modified_gmt":"2025-07-23T21:44:30","slug":"mbfw-madrid-y-casa-decor-unen-fuerzas-por-el-diseno-espanol","status":"publish","type":"articles","link":"https:\/\/graziamagazine.com\/es\/articles\/mbfw-madrid-y-casa-decor-unen-fuerzas-por-el-diseno-espanol\/","title":{"rendered":"MBFW Madrid y Casa Decor unen fuerzas por el dise\u00f1o &#8216;made in Spain&#8217;"},"content":{"rendered":"<p><a href=\"https:\/\/www.instagram.com\/casadecoroficial\/\" target=\"_blank\">Casa Decor<\/a> y Mercedes-Benz Fashion Week Madrid han llegado a un acuerdo con el objetivo de crear sinergias entre ambas plataformas para promocionar, fomentar y poner en relieve la creatividad y el talento del dise\u00f1o espa\u00f1ol, uniendo la moda con el interiorismo y la arquitectura.<\/p>\n<p>Para el proyecto, Casa Decor ha prescrito al interiorista <a href=\"https:\/\/www.instagram.com\/raulmartinsstudio\/\" target=\"_blank\">Ra\u00fal Martins<\/a>, premio Extraordinario 2025, quien se encargar\u00e1 de la realizaci\u00f3n de un proyecto ad hoc para esta sala con un espacio inspirador, fresco y luminoso, donde moda e interiorismo est\u00e9n presentes.<\/p>\n<p><img loading=\"lazy\" decoding=\"async\" class=\"aligncenter size-full wp-image-186582\" src=\"https:\/\/graziamagazine.com\/es\/wp-content\/uploads\/sites\/12\/2025\/07\/mbfwmadrid.jpg\" alt=\"\" width=\"960\" height=\"1200\" srcset=\"https:\/\/graziamagazine.com\/es\/wp-content\/uploads\/sites\/12\/2025\/07\/mbfwmadrid.jpg 960w, https:\/\/graziamagazine.com\/es\/wp-content\/uploads\/sites\/12\/2025\/07\/mbfwmadrid-240x300.jpg 240w, https:\/\/graziamagazine.com\/es\/wp-content\/uploads\/sites\/12\/2025\/07\/mbfwmadrid-819x1024.jpg 819w, https:\/\/graziamagazine.com\/es\/wp-content\/uploads\/sites\/12\/2025\/07\/mbfwmadrid-768x960.jpg 768w, https:\/\/graziamagazine.com\/es\/wp-content\/uploads\/sites\/12\/2025\/07\/mbfwmadrid-400x500.jpg 400w, https:\/\/graziamagazine.com\/es\/wp-content\/uploads\/sites\/12\/2025\/07\/mbfwmadrid-155x194.jpg 155w\" sizes=\"(max-width: 960px) 100vw, 960px\" \/><\/p>\n<p>Esta alianza contempla la adecuaci\u00f3n del espacio de Kissing Room en la pr\u00f3xima edici\u00f3n del MBFWMadrid, organizada por IFEMA MADRID con el apoyo del Ayuntamiento de Madrid, en el marco de su 40 aniversario, del 17 al 21 de septiembre, gracias a la cual, con este acuerdo con Casa Decor, moda e interiorismo fortalecen los lazos y valores que las unen como plataformas de creatividad y promoci\u00f3n del dise\u00f1o espa\u00f1ol.<\/p>\n<p>El proyecto, que lo realizar\u00e1 Ra\u00fal Martins, Premio Extraordinario Casa Decor 2025, se expresar\u00e1 a trav\u00e9s de un espacio inspirador, fresco y luminoso, donde moda e interiorismo est\u00e9n presentes, combinando un entorno de inspiraci\u00f3n, sofisticaci\u00f3n y creatividad, en sinton\u00eda con los valores que comparten ambas plataformas.<\/p>\n<p><img loading=\"lazy\" decoding=\"async\" class=\"aligncenter size-full wp-image-186581\" src=\"https:\/\/graziamagazine.com\/es\/wp-content\/uploads\/sites\/12\/2025\/07\/mbfwmadrid-1.jpg\" alt=\"\" width=\"612\" height=\"765\" srcset=\"https:\/\/graziamagazine.com\/es\/wp-content\/uploads\/sites\/12\/2025\/07\/mbfwmadrid-1.jpg 612w, https:\/\/graziamagazine.com\/es\/wp-content\/uploads\/sites\/12\/2025\/07\/mbfwmadrid-1-240x300.jpg 240w, https:\/\/graziamagazine.com\/es\/wp-content\/uploads\/sites\/12\/2025\/07\/mbfwmadrid-1-400x500.jpg 400w, https:\/\/graziamagazine.com\/es\/wp-content\/uploads\/sites\/12\/2025\/07\/mbfwmadrid-1-155x194.jpg 155w\" sizes=\"(max-width: 612px) 100vw, 612px\" \/><\/p>\n<p>La alianza entre MBFWMadrid y Casa Decor subraya una tendencia creciente: la conexi\u00f3n entre disciplinas creativas que apuestan por la innovaci\u00f3n, el talento nacional y el valor del dise\u00f1o como forma de expresi\u00f3n cultural.<\/p>\n<p><a href=\"https:\/\/www.ifema.es\/mbfw-madrid\" target=\"_blank\">Descubre m\u00e1s novedades en la web de Mercedes-Benz Fashion Week Madrid.<\/a><\/p>\n<p><em>*Im\u00e1genes: cortes\u00eda<\/em><\/p>\n","protected":false},"author":11653,"featured_media":186583,"template":"","format":"standard","categories":[2971,11738],"acf":{"banner":""},"yoast_head":"<!-- This site is optimized with the Yoast SEO Premium plugin v18.5 (Yoast SEO v20.4) - https:\/\/yoast.com\/wordpress\/plugins\/seo\/ -->\n<title>MBFW Madrid y Casa Decor unen fuerzas por el dise\u00f1o espa\u00f1ol<\/title>\n<meta name=\"description\" content=\"El Kissing Room de la pr\u00f3xima edici\u00f3n, que cumple su 40 aniversario, ser\u00e1 un espacio donde moda e interiorismo estar\u00e1n presentes.\" \/>\n<meta name=\"robots\" content=\"index, follow, max-snippet:-1, max-image-preview:large, max-video-preview:-1\" \/>\n<link rel=\"canonical\" href=\"https:\/\/graziamagazine.com\/es\/articles\/mbfw-madrid-y-casa-decor-unen-fuerzas-por-el-diseno-espanol\/\" \/>\n<meta property=\"og:locale\" content=\"es_ES\" \/>\n<meta property=\"og:type\" content=\"article\" \/>\n<meta property=\"og:title\" content=\"MBFW Madrid y Casa Decor unen fuerzas por el dise\u00f1o &#039;made in Spain&#039;\" \/>\n<meta property=\"og:description\" content=\"El Kissing Room de la pr\u00f3xima edici\u00f3n, que cumple su 40 aniversario, ser\u00e1 un espacio donde moda e interiorismo estar\u00e1n presentes.\" \/>\n<meta property=\"og:url\" content=\"https:\/\/graziamagazine.com\/es\/articles\/mbfw-madrid-y-casa-decor-unen-fuerzas-por-el-diseno-espanol\/\" \/>\n<meta property=\"og:site_name\" content=\"Grazia\" \/>\n<meta property=\"article:modified_time\" content=\"2025-07-23T21:44:30+00:00\" \/>\n<meta property=\"og:image\" content=\"https:\/\/graziamagazine.com\/es\/wp-content\/uploads\/sites\/12\/2025\/07\/PF25_Ambiente_Pedro_del_Hierro_0033.jpg\" \/>\n\t<meta property=\"og:image:width\" content=\"1275\" \/>\n\t<meta property=\"og:image:height\" content=\"850\" \/>\n\t<meta property=\"og:image:type\" content=\"image\/jpeg\" \/>\n<meta name=\"twitter:card\" content=\"summary_large_image\" \/>\n<meta name=\"twitter:label1\" content=\"Est. reading time\" \/>\n\t<meta name=\"twitter:data1\" content=\"2 minutos\" \/>\n<script type=\"application\/ld+json\" class=\"yoast-schema-graph\">{\"@context\":\"https:\/\/schema.org\",\"@graph\":[{\"@type\":\"WebPage\",\"@id\":\"https:\/\/graziamagazine.com\/es\/articles\/mbfw-madrid-y-casa-decor-unen-fuerzas-por-el-diseno-espanol\/\",\"url\":\"https:\/\/graziamagazine.com\/es\/articles\/mbfw-madrid-y-casa-decor-unen-fuerzas-por-el-diseno-espanol\/\",\"name\":\"MBFW Madrid y Casa Decor unen fuerzas por el dise\u00f1o espa\u00f1ol\",\"isPartOf\":{\"@id\":\"https:\/\/graziamagazine.com\/es\/#website\"},\"datePublished\":\"2025-07-24T06:00:32+00:00\",\"dateModified\":\"2025-07-23T21:44:30+00:00\",\"description\":\"El Kissing Room de la pr\u00f3xima edici\u00f3n, que cumple su 40 aniversario, ser\u00e1 un espacio donde moda e interiorismo estar\u00e1n presentes.\",\"breadcrumb\":{\"@id\":\"https:\/\/graziamagazine.com\/es\/articles\/mbfw-madrid-y-casa-decor-unen-fuerzas-por-el-diseno-espanol\/#breadcrumb\"},\"inLanguage\":\"es\",\"potentialAction\":[{\"@type\":\"ReadAction\",\"target\":[\"https:\/\/graziamagazine.com\/es\/articles\/mbfw-madrid-y-casa-decor-unen-fuerzas-por-el-diseno-espanol\/\"]}]},{\"@type\":\"BreadcrumbList\",\"@id\":\"https:\/\/graziamagazine.com\/es\/articles\/mbfw-madrid-y-casa-decor-unen-fuerzas-por-el-diseno-espanol\/#breadcrumb\",\"itemListElement\":[{\"@type\":\"ListItem\",\"position\":1,\"name\":\"Portada\",\"item\":\"https:\/\/graziamagazine.com\/es\/\"},{\"@type\":\"ListItem\",\"position\":2,\"name\":\"MBFW Madrid y Casa Decor unen fuerzas por el dise\u00f1o &#8216;made in Spain&#8217;\"}]},{\"@type\":\"WebSite\",\"@id\":\"https:\/\/graziamagazine.com\/es\/#website\",\"url\":\"https:\/\/graziamagazine.com\/es\/\",\"name\":\"Grazia\",\"description\":\"Moda, belleza, celebrities, estilo de vida...\",\"potentialAction\":[{\"@type\":\"SearchAction\",\"target\":{\"@type\":\"EntryPoint\",\"urlTemplate\":\"https:\/\/graziamagazine.com\/es\/?s={search_term_string}\"},\"query-input\":\"required name=search_term_string\"}],\"inLanguage\":\"es\"}]}<\/script>\n<!-- \/ Yoast SEO Premium plugin. -->","yoast_head_json":{"title":"MBFW Madrid y Casa Decor unen fuerzas por el dise\u00f1o espa\u00f1ol","description":"El Kissing Room de la pr\u00f3xima edici\u00f3n, que cumple su 40 aniversario, ser\u00e1 un espacio donde moda e interiorismo estar\u00e1n presentes.","robots":{"index":"index","follow":"follow","max-snippet":"max-snippet:-1","max-image-preview":"max-image-preview:large","max-video-preview":"max-video-preview:-1"},"canonical":"https:\/\/graziamagazine.com\/es\/articles\/mbfw-madrid-y-casa-decor-unen-fuerzas-por-el-diseno-espanol\/","og_locale":"es_ES","og_type":"article","og_title":"MBFW Madrid y Casa Decor unen fuerzas por el dise\u00f1o 'made in Spain'","og_description":"El Kissing Room de la pr\u00f3xima edici\u00f3n, que cumple su 40 aniversario, ser\u00e1 un espacio donde moda e interiorismo estar\u00e1n presentes.","og_url":"https:\/\/graziamagazine.com\/es\/articles\/mbfw-madrid-y-casa-decor-unen-fuerzas-por-el-diseno-espanol\/","og_site_name":"Grazia","article_modified_time":"2025-07-23T21:44:30+00:00","og_image":[{"width":1275,"height":850,"url":"https:\/\/graziamagazine.com\/es\/wp-content\/uploads\/sites\/12\/2025\/07\/PF25_Ambiente_Pedro_del_Hierro_0033.jpg","type":"image\/jpeg"}],"twitter_card":"summary_large_image","twitter_misc":{"Est. reading time":"2 minutos"},"schema":{"@context":"https:\/\/schema.org","@graph":[{"@type":"WebPage","@id":"https:\/\/graziamagazine.com\/es\/articles\/mbfw-madrid-y-casa-decor-unen-fuerzas-por-el-diseno-espanol\/","url":"https:\/\/graziamagazine.com\/es\/articles\/mbfw-madrid-y-casa-decor-unen-fuerzas-por-el-diseno-espanol\/","name":"MBFW Madrid y Casa Decor unen fuerzas por el dise\u00f1o espa\u00f1ol","isPartOf":{"@id":"https:\/\/graziamagazine.com\/es\/#website"},"datePublished":"2025-07-24T06:00:32+00:00","dateModified":"2025-07-23T21:44:30+00:00","description":"El Kissing Room de la pr\u00f3xima edici\u00f3n, que cumple su 40 aniversario, ser\u00e1 un espacio donde moda e interiorismo estar\u00e1n presentes.","breadcrumb":{"@id":"https:\/\/graziamagazine.com\/es\/articles\/mbfw-madrid-y-casa-decor-unen-fuerzas-por-el-diseno-espanol\/#breadcrumb"},"inLanguage":"es","potentialAction":[{"@type":"ReadAction","target":["https:\/\/graziamagazine.com\/es\/articles\/mbfw-madrid-y-casa-decor-unen-fuerzas-por-el-diseno-espanol\/"]}]},{"@type":"BreadcrumbList","@id":"https:\/\/graziamagazine.com\/es\/articles\/mbfw-madrid-y-casa-decor-unen-fuerzas-por-el-diseno-espanol\/#breadcrumb","itemListElement":[{"@type":"ListItem","position":1,"name":"Portada","item":"https:\/\/graziamagazine.com\/es\/"},{"@type":"ListItem","position":2,"name":"MBFW Madrid y Casa Decor unen fuerzas por el dise\u00f1o &#8216;made in Spain&#8217;"}]},{"@type":"WebSite","@id":"https:\/\/graziamagazine.com\/es\/#website","url":"https:\/\/graziamagazine.com\/es\/","name":"Grazia","description":"Moda, belleza, celebrities, estilo de vida...","potentialAction":[{"@type":"SearchAction","target":{"@type":"EntryPoint","urlTemplate":"https:\/\/graziamagazine.com\/es\/?s={search_term_string}"},"query-input":"required name=search_term_string"}],"inLanguage":"es"}]}},"jetpack_sharing_enabled":true,"distributor_meta":false,"distributor_terms":false,"distributor_media":false,"distributor_original_site_name":"Grazia","distributor_original_site_url":"https:\/\/graziamagazine.com\/es","push-errors":false,"_links":{"self":[{"href":"https:\/\/graziamagazine.com\/es\/wp-json\/wp\/v2\/articles\/186580"}],"collection":[{"href":"https:\/\/graziamagazine.com\/es\/wp-json\/wp\/v2\/articles"}],"about":[{"href":"https:\/\/graziamagazine.com\/es\/wp-json\/wp\/v2\/types\/articles"}],"author":[{"embeddable":true,"href":"https:\/\/graziamagazine.com\/es\/wp-json\/wp\/v2\/users\/11653"}],"wp:featuredmedia":[{"embeddable":true,"href":"https:\/\/graziamagazine.com\/es\/wp-json\/wp\/v2\/media\/186583"}],"wp:attachment":[{"href":"https:\/\/graziamagazine.com\/es\/wp-json\/wp\/v2\/media?parent=186580"}],"wp:term":[{"taxonomy":"category","embeddable":true,"href":"https:\/\/graziamagazine.com\/es\/wp-json\/wp\/v2\/categories?post=186580"}],"curies":[{"name":"wp","href":"https:\/\/api.w.org\/{rel}","templated":true}]}}