{"id":186540,"date":"2025-07-22T17:41:20","date_gmt":"2025-07-22T15:41:20","guid":{"rendered":"https:\/\/graziamagazine.com\/es\/?post_type=articles&#038;p=186540"},"modified":"2025-07-22T17:41:20","modified_gmt":"2025-07-22T15:41:20","slug":"los-primeros-looks-de-anne-hathaway-en-the-devil-wears-prada-2","status":"publish","type":"articles","link":"https:\/\/graziamagazine.com\/es\/articles\/los-primeros-looks-de-anne-hathaway-en-the-devil-wears-prada-2\/","title":{"rendered":"Los primeros looks de Anne Hathaway en &#8216;El diablo se viste de Prada 2&#8217;"},"content":{"rendered":"<p data-start=\"649\" data-end=\"1047\">La espera ha terminado: <strong data-start=\"673\" data-end=\"703\">Andy Sachs est\u00e1 de regreso<\/strong>. S\u00ed, han pasado casi 20 a\u00f1os desde que vimos a la joven periodista dar un portazo simb\u00f3lico a Runway y a Miranda Priestly.<\/p>\n<p data-start=\"649\" data-end=\"1047\">Hoy, con m\u00e1s madurez, estilo depurado y una audiencia m\u00e1s hambrienta de moda que nunca, Anne Hathaway vuelve al papel que redefini\u00f3 la relaci\u00f3n entre el cine y la moda en una de las pel\u00edculas m\u00e1s influyentes de los 2000.<\/p>\n<p data-start=\"1049\" data-end=\"1435\">Con la producci\u00f3n de <em data-start=\"1070\" data-end=\"1095\">El diablo se viste de Prada 2<\/em> oficialmente en marcha, el regreso de Hathaway ha desatado una ola de emoci\u00f3n en redes sociales. Y no solo por la historia, sino por lo que todos queremos ver: <strong data-start=\"1256\" data-end=\"1269\">los looks<\/strong>. Porque si algo nos ense\u00f1\u00f3 la primera entrega es que <em data-start=\"1323\" data-end=\"1346\">la ropa tambi\u00e9n habla<\/em>, transforma, y en este caso, cuenta una evoluci\u00f3n de personaje sin necesidad de di\u00e1logo.<\/p>\n<h3 data-start=\"1437\" data-end=\"1487\"><strong data-start=\"1442\" data-end=\"1487\">Denim, blanco y estilo effortless<\/strong><\/h3>\n<figure id=\"attachment_153518\" class=\"wp-caption alignnone\" style=\"width: 1533px\" aria-describedby=\"caption-attachment-153518\"><img loading=\"lazy\" decoding=\"async\" class=\"wp-image-153518 size-full\" src=\"https:\/\/graziamagazine.com\/mx\/wp-content\/uploads\/sites\/13\/2025\/07\/GettyImages-2225428981-scaled.jpg\" alt=\"Estilo Infinito: Anne Hathaway en The Devil Wears Prada 2\" width=\"1533\" height=\"2560\" \/><\/figure>\n<p data-start=\"1489\" data-end=\"1819\">En las primeras im\u00e1genes del rodaje en Nueva York, Anne fue vista con un conjunto que grita <em data-start=\"1581\" data-end=\"1605\">sofisticaci\u00f3n relajada<\/em>: una <strong data-start=\"1611\" data-end=\"1639\">falda vaquera larga<\/strong>, un <strong data-start=\"1644\" data-end=\"1663\">tank top blanco<\/strong> y un <strong data-start=\"1669\" data-end=\"1707\">chaleco gris ligeramente oversized<\/strong>. Una f\u00f3rmula que combina b\u00e1sicos con estructura, ideal para una Andy que ya no necesita probarle nada a nadie.<\/p>\n<p data-start=\"1821\" data-end=\"2078\">Este conjunto, aparentemente simple, refleja la esencia del nuevo lujo silencioso: siluetas c\u00f3modas, colores neutros y materiales nobles. La clave est\u00e1 en c\u00f3mo se lleva: con confianza, actitud y equilibrio. Aqu\u00ed, Andy ya no sigue tendencias, <strong data-start=\"2063\" data-end=\"2077\">las impone<\/strong>.<\/p>\n<h3 data-start=\"2080\" data-end=\"2124\"><strong data-start=\"2085\" data-end=\"2124\">Poder femenino versi\u00f3n 2025<\/strong><\/h3>\n<figure id=\"attachment_153519\" class=\"wp-caption alignnone\" style=\"width: 1690px\" aria-describedby=\"caption-attachment-153519\"><img loading=\"lazy\" decoding=\"async\" class=\"wp-image-153519 size-full\" src=\"https:\/\/graziamagazine.com\/mx\/wp-content\/uploads\/sites\/13\/2025\/07\/GettyImages-2225443188-scaled.jpg\" alt=\"Estilo Infinito: Anne Hathaway en The Devil Wears Prada 2\" width=\"1690\" height=\"2560\" \/><\/figure>\n<p data-start=\"2126\" data-end=\"2418\">D\u00edas despu\u00e9s, Hathaway public\u00f3 en sus redes una imagen que r\u00e1pidamente se volvi\u00f3 viral. En ella, su personaje luce un <strong data-start=\"2244\" data-end=\"2277\">pantal\u00f3n de vestir barrel cut<\/strong> en tono carb\u00f3n y un <strong data-start=\"2298\" data-end=\"2334\">chaleco a juego usado como blusa, un loo vintage de Jean Paul Gaultier<\/strong>. El conjunto remite al uniforme de la mujer moderna: funcional, pulido y poderoso.<\/p>\n<p data-start=\"2420\" data-end=\"2694\">Complet\u00f3 el look con <strong data-start=\"2441\" data-end=\"2475\">botas negras de tac\u00f3n cuadrado<\/strong>, un peinado limpio y accesorios m\u00ednimos pero certeros. Es un look que bien podr\u00edamos ver en una ejecutiva de Cond\u00e9 Nast o en la primera fila de un desfile en Par\u00eds. Andy Sachs ha vuelto, y ahora dirige la conversaci\u00f3n.<\/p>\n<h3 data-start=\"2696\" data-end=\"2747\"><strong data-start=\"2701\" data-end=\"2747\">Un accesorio viral: el FENDI Basket Forty8<\/strong><\/h3>\n<figure id=\"attachment_153522\" class=\"wp-caption alignnone\" style=\"width: 1707px\" aria-describedby=\"caption-attachment-153522\"><img loading=\"lazy\" decoding=\"async\" class=\"wp-image-153522 size-full\" src=\"https:\/\/graziamagazine.com\/mx\/wp-content\/uploads\/sites\/13\/2025\/07\/GettyImages-2226368086-scaled.jpg\" alt=\"Estilo Infinito: Anne Hathaway en The Devil Wears Prada 2\" width=\"1707\" height=\"2560\" \/><\/figure>\n<p data-start=\"2749\" data-end=\"3146\">Otro elemento que no pas\u00f3 desapercibido fue el bolso que Hathaway llev\u00f3 en una escena reciente: el <strong data-start=\"2848\" data-end=\"2871\">FENDI Basket Forty8<\/strong>, una reinterpretaci\u00f3n elegante de la cl\u00e1sica market bag de los 80. Hecho en pl\u00e1stico con detalles de piel, este accesorio demuestra que lo nost\u00e1lgico puede ser elevado, \u00fatil y chic al mismo tiempo. Una elecci\u00f3n que conecta pasado y presente, justo como lo hace esta secuela.<\/p>\n<h3 data-start=\"2749\" data-end=\"3146\">Nostalgia renovada con denim y flores<\/h3>\n<h3 data-start=\"2749\" data-end=\"3146\"><img loading=\"lazy\" decoding=\"async\" class=\"alignnone wp-image-153523 size-full\" src=\"https:\/\/graziamagazine.com\/mx\/wp-content\/uploads\/sites\/13\/2025\/07\/GettyImages-2226377033-scaled.jpg\" alt=\"\" width=\"1707\" height=\"2560\" \/><\/h3>\n<p data-start=\"248\" data-end=\"662\">En uno de los looks m\u00e1s encantadores que hemos visto del rodaje de <em data-start=\"315\" data-end=\"340\">El diablo se viste de Prada 2<\/em>, <strong data-start=\"342\" data-end=\"359\">Anne Hathaway<\/strong> reaparece como una Andy Sachs madura, segura\u2026 y m\u00e1s estilosa que nunca. En esta ocasi\u00f3n, el ic\u00f3nico personaje apuesta por un <strong data-start=\"485\" data-end=\"508\">mono vaquero<\/strong> con corte sastre, enriquecido con <strong data-start=\"543\" data-end=\"572\">parches florales bordados<\/strong> y un distintivo parche de <strong data-start=\"599\" data-end=\"607\">Ford<\/strong>, que mezcla nostalgia y modernidad en una sola prenda.<\/p>\n<p data-start=\"664\" data-end=\"998\">Debajo, lleva una <strong data-start=\"682\" data-end=\"710\">blusa blanca minimalista<\/strong> que equilibra la riqueza del denim, mientras que los accesorios elevan completamente el look. La elecci\u00f3n de una <strong data-start=\"824\" data-end=\"870\">bolso negro de Valentino con cadena dorada<\/strong> refuerza su aire editorial, y unas <strong data-start=\"906\" data-end=\"930\">gafas de sol cat-eye<\/strong> aportan ese misterio propio de quien ha conquistado la industria.<\/p>\n<p data-start=\"1000\" data-end=\"1135\">Con este outfit, Andy deja claro que ha evolucionado, pero no ha perdido la esencia que la convirti\u00f3 en un \u00edcono de estilo inolvidable.<\/p>\n<p data-start=\"3411\" data-end=\"3469\"><strong data-start=\"3411\" data-end=\"3449\">\u00bfEst\u00e1s lista para volver a Runway?<\/strong> Porque nosotras s\u00ed.<\/p>\n<p data-start=\"3411\" data-end=\"3469\"><em>*Im\u00e1genes: Getty Images y Redes Sociales<\/em><\/p>\n","protected":false},"author":16349,"featured_media":186541,"template":"","format":"standard","categories":[1],"acf":[],"yoast_head":"<!-- This site is optimized with the Yoast SEO Premium plugin v18.5 (Yoast SEO v20.4) - https:\/\/yoast.com\/wordpress\/plugins\/seo\/ -->\n<title>Primeros looks de Anne Hathaway en &#039;The Devil Wears Prada 2&#039;<\/title>\n<meta name=\"description\" content=\"La ic\u00f3nica actriz regresa como Andy Sachs y nos recuerda por qu\u00e9 su estilo sigue marcando pauta en la revista de moda.\" \/>\n<meta name=\"robots\" content=\"index, follow, max-snippet:-1, max-image-preview:large, max-video-preview:-1\" \/>\n<link rel=\"canonical\" href=\"https:\/\/graziamagazine.com\/es\/articles\/los-primeros-looks-de-anne-hathaway-en-the-devil-wears-prada-2\/\" \/>\n<meta property=\"og:locale\" content=\"es_ES\" \/>\n<meta property=\"og:type\" content=\"article\" \/>\n<meta property=\"og:title\" content=\"Los primeros looks de Anne Hathaway en &#039;El diablo se viste de Prada 2&#039;\" \/>\n<meta property=\"og:description\" content=\"La ic\u00f3nica actriz regresa como Andy Sachs y nos recuerda por qu\u00e9 su estilo sigue marcando pauta en la revista de moda.\" \/>\n<meta property=\"og:url\" content=\"https:\/\/graziamagazine.com\/es\/articles\/los-primeros-looks-de-anne-hathaway-en-the-devil-wears-prada-2\/\" \/>\n<meta property=\"og:site_name\" content=\"Grazia\" \/>\n<meta property=\"og:image\" content=\"https:\/\/graziamagazine.com\/es\/wp-content\/uploads\/sites\/12\/2025\/07\/GettyImages-2226298038-scaled-e1753196733809.jpg\" \/>\n\t<meta property=\"og:image:width\" content=\"1706\" \/>\n\t<meta property=\"og:image:height\" content=\"1134\" \/>\n\t<meta property=\"og:image:type\" content=\"image\/jpeg\" \/>\n<meta name=\"twitter:card\" content=\"summary_large_image\" \/>\n<meta name=\"twitter:label1\" content=\"Est. reading time\" \/>\n\t<meta name=\"twitter:data1\" content=\"4 minutos\" \/>\n<script type=\"application\/ld+json\" class=\"yoast-schema-graph\">{\"@context\":\"https:\/\/schema.org\",\"@graph\":[{\"@type\":\"WebPage\",\"@id\":\"https:\/\/graziamagazine.com\/es\/articles\/los-primeros-looks-de-anne-hathaway-en-the-devil-wears-prada-2\/\",\"url\":\"https:\/\/graziamagazine.com\/es\/articles\/los-primeros-looks-de-anne-hathaway-en-the-devil-wears-prada-2\/\",\"name\":\"Primeros looks de Anne Hathaway en 'The Devil Wears Prada 2'\",\"isPartOf\":{\"@id\":\"https:\/\/graziamagazine.com\/es\/#website\"},\"datePublished\":\"2025-07-22T15:41:20+00:00\",\"dateModified\":\"2025-07-22T15:41:20+00:00\",\"description\":\"La ic\u00f3nica actriz regresa como Andy Sachs y nos recuerda por qu\u00e9 su estilo sigue marcando pauta en la revista de moda.\",\"breadcrumb\":{\"@id\":\"https:\/\/graziamagazine.com\/es\/articles\/los-primeros-looks-de-anne-hathaway-en-the-devil-wears-prada-2\/#breadcrumb\"},\"inLanguage\":\"es\",\"potentialAction\":[{\"@type\":\"ReadAction\",\"target\":[\"https:\/\/graziamagazine.com\/es\/articles\/los-primeros-looks-de-anne-hathaway-en-the-devil-wears-prada-2\/\"]}]},{\"@type\":\"BreadcrumbList\",\"@id\":\"https:\/\/graziamagazine.com\/es\/articles\/los-primeros-looks-de-anne-hathaway-en-the-devil-wears-prada-2\/#breadcrumb\",\"itemListElement\":[{\"@type\":\"ListItem\",\"position\":1,\"name\":\"Portada\",\"item\":\"https:\/\/graziamagazine.com\/es\/\"},{\"@type\":\"ListItem\",\"position\":2,\"name\":\"Los primeros looks de Anne Hathaway en &#8216;El diablo se viste de Prada 2&#8217;\"}]},{\"@type\":\"WebSite\",\"@id\":\"https:\/\/graziamagazine.com\/es\/#website\",\"url\":\"https:\/\/graziamagazine.com\/es\/\",\"name\":\"Grazia\",\"description\":\"Moda, belleza, celebrities, estilo de vida...\",\"potentialAction\":[{\"@type\":\"SearchAction\",\"target\":{\"@type\":\"EntryPoint\",\"urlTemplate\":\"https:\/\/graziamagazine.com\/es\/?s={search_term_string}\"},\"query-input\":\"required name=search_term_string\"}],\"inLanguage\":\"es\"}]}<\/script>\n<!-- \/ Yoast SEO Premium plugin. -->","yoast_head_json":{"title":"Primeros looks de Anne Hathaway en 'The Devil Wears Prada 2'","description":"La ic\u00f3nica actriz regresa como Andy Sachs y nos recuerda por qu\u00e9 su estilo sigue marcando pauta en la revista de moda.","robots":{"index":"index","follow":"follow","max-snippet":"max-snippet:-1","max-image-preview":"max-image-preview:large","max-video-preview":"max-video-preview:-1"},"canonical":"https:\/\/graziamagazine.com\/es\/articles\/los-primeros-looks-de-anne-hathaway-en-the-devil-wears-prada-2\/","og_locale":"es_ES","og_type":"article","og_title":"Los primeros looks de Anne Hathaway en 'El diablo se viste de Prada 2'","og_description":"La ic\u00f3nica actriz regresa como Andy Sachs y nos recuerda por qu\u00e9 su estilo sigue marcando pauta en la revista de moda.","og_url":"https:\/\/graziamagazine.com\/es\/articles\/los-primeros-looks-de-anne-hathaway-en-the-devil-wears-prada-2\/","og_site_name":"Grazia","og_image":[{"width":1706,"height":1134,"url":"https:\/\/graziamagazine.com\/es\/wp-content\/uploads\/sites\/12\/2025\/07\/GettyImages-2226298038-scaled-e1753196733809.jpg","type":"image\/jpeg"}],"twitter_card":"summary_large_image","twitter_misc":{"Est. reading time":"4 minutos"},"schema":{"@context":"https:\/\/schema.org","@graph":[{"@type":"WebPage","@id":"https:\/\/graziamagazine.com\/es\/articles\/los-primeros-looks-de-anne-hathaway-en-the-devil-wears-prada-2\/","url":"https:\/\/graziamagazine.com\/es\/articles\/los-primeros-looks-de-anne-hathaway-en-the-devil-wears-prada-2\/","name":"Primeros looks de Anne Hathaway en 'The Devil Wears Prada 2'","isPartOf":{"@id":"https:\/\/graziamagazine.com\/es\/#website"},"datePublished":"2025-07-22T15:41:20+00:00","dateModified":"2025-07-22T15:41:20+00:00","description":"La ic\u00f3nica actriz regresa como Andy Sachs y nos recuerda por qu\u00e9 su estilo sigue marcando pauta en la revista de moda.","breadcrumb":{"@id":"https:\/\/graziamagazine.com\/es\/articles\/los-primeros-looks-de-anne-hathaway-en-the-devil-wears-prada-2\/#breadcrumb"},"inLanguage":"es","potentialAction":[{"@type":"ReadAction","target":["https:\/\/graziamagazine.com\/es\/articles\/los-primeros-looks-de-anne-hathaway-en-the-devil-wears-prada-2\/"]}]},{"@type":"BreadcrumbList","@id":"https:\/\/graziamagazine.com\/es\/articles\/los-primeros-looks-de-anne-hathaway-en-the-devil-wears-prada-2\/#breadcrumb","itemListElement":[{"@type":"ListItem","position":1,"name":"Portada","item":"https:\/\/graziamagazine.com\/es\/"},{"@type":"ListItem","position":2,"name":"Los primeros looks de Anne Hathaway en &#8216;El diablo se viste de Prada 2&#8217;"}]},{"@type":"WebSite","@id":"https:\/\/graziamagazine.com\/es\/#website","url":"https:\/\/graziamagazine.com\/es\/","name":"Grazia","description":"Moda, belleza, celebrities, estilo de vida...","potentialAction":[{"@type":"SearchAction","target":{"@type":"EntryPoint","urlTemplate":"https:\/\/graziamagazine.com\/es\/?s={search_term_string}"},"query-input":"required name=search_term_string"}],"inLanguage":"es"}]}},"jetpack_sharing_enabled":true,"distributor_meta":false,"distributor_terms":false,"distributor_media":false,"distributor_original_site_name":"Grazia","distributor_original_site_url":"https:\/\/graziamagazine.com\/es","push-errors":false,"_links":{"self":[{"href":"https:\/\/graziamagazine.com\/es\/wp-json\/wp\/v2\/articles\/186540"}],"collection":[{"href":"https:\/\/graziamagazine.com\/es\/wp-json\/wp\/v2\/articles"}],"about":[{"href":"https:\/\/graziamagazine.com\/es\/wp-json\/wp\/v2\/types\/articles"}],"author":[{"embeddable":true,"href":"https:\/\/graziamagazine.com\/es\/wp-json\/wp\/v2\/users\/16349"}],"wp:featuredmedia":[{"embeddable":true,"href":"https:\/\/graziamagazine.com\/es\/wp-json\/wp\/v2\/media\/186541"}],"wp:attachment":[{"href":"https:\/\/graziamagazine.com\/es\/wp-json\/wp\/v2\/media?parent=186540"}],"wp:term":[{"taxonomy":"category","embeddable":true,"href":"https:\/\/graziamagazine.com\/es\/wp-json\/wp\/v2\/categories?post=186540"}],"curies":[{"name":"wp","href":"https:\/\/api.w.org\/{rel}","templated":true}]}}