{"id":186520,"date":"2025-08-22T14:21:10","date_gmt":"2025-08-22T12:21:10","guid":{"rendered":"https:\/\/graziamagazine.com\/es\/?post_type=articles&#038;p=186520"},"modified":"2025-08-22T14:21:10","modified_gmt":"2025-08-22T12:21:10","slug":"el-regreso-del-gingham-picnic-el-estampado-vintage-favorito-renace-este-verano","status":"publish","type":"articles","link":"https:\/\/graziamagazine.com\/es\/articles\/el-regreso-del-gingham-picnic-el-estampado-vintage-favorito-renace-este-verano\/","title":{"rendered":"El estampado vintage favorito que est\u00e1 de regreso este verano"},"content":{"rendered":"<p><span style=\"font-weight: 400\">\u00bfQui\u00e9n dir\u00eda que el mantel de cuadros del picnic de la abuelita ser\u00eda la m\u00e1xima tendencia de este verano? El estampado gingham \u2014 ese patr\u00f3n de cuadros que va del cl\u00e1sico blanco y rojo al azul cielo o al rosa pastel \u2014 est\u00e1 viviendo un renacimiento que lo est\u00e1 llevando al parque, a las pasarelas, y a los feeds de Instagram.<\/span><\/p>\n<p><img loading=\"lazy\" decoding=\"async\" class=\"alignnone size-medium wp-image-153370\" src=\"https:\/\/graziamagazine.com\/mx\/wp-content\/uploads\/sites\/13\/2025\/07\/hkjkjj-329x450.jpg\" alt=\"\" width=\"329\" height=\"450\" \/><\/p>\n<p><span style=\"font-weight: 400\">En los a\u00f1os 50 y 60, iconos como Brigitte Bardot lo convirtieron en s\u00edmbolo de rebeld\u00eda y feminidad sin esfuerzo: ella incluso lo us\u00f3 para casarse. Hoy, esa vibra est\u00e1 m\u00e1s viva que nunca gracias a celebridades como Bella Hadid, Taylor Swift y Sabrina Carpenter, quienes han sido captadas con vestidos midi, crop tops, y sets de dos piezas con este estampado.<\/span><\/p>\n<p><img loading=\"lazy\" decoding=\"async\" class=\"alignnone size-full wp-image-153369\" src=\"https:\/\/graziamagazine.com\/mx\/wp-content\/uploads\/sites\/13\/2025\/07\/hhh.jpg\" alt=\"\" width=\"367\" height=\"407\" \/><\/p>\n<p><span style=\"font-weight: 400\">Lo que hace tan especial al gingham no es la sensaci\u00f3n de libertad, coqueter\u00eda y conexi\u00f3n con la naturaleza. Es un llamado a disfrutar los d\u00edas soleados con una botella de vino rosado, carnes fr\u00edas en el parque y un labial rojo. Un mood que va perfecto con la tendencia de reconectar con lo simple y lo bonito de la vida.<\/span><\/p>\n<p><img loading=\"lazy\" decoding=\"async\" class=\"alignnone size-medium wp-image-153368\" src=\"https:\/\/graziamagazine.com\/mx\/wp-content\/uploads\/sites\/13\/2025\/07\/grgerg-296x450.jpg\" alt=\"\" width=\"296\" height=\"450\" \/><\/p>\n<p><span style=\"font-weight: 400\">Este a\u00f1o, el gingham picnic no se limita a los vestidos. Las marcas lo reinterpretan en bolsos, pa\u00f1uelos, sandalias de plataforma, faldas de tiro alto, pantalones holgados, blusas rom\u00e1nticas con mangas abullonadas y hasta dise\u00f1os de manicura.\u00a0<\/span><\/p>\n<p><img loading=\"lazy\" decoding=\"async\" class=\"alignnone size-medium wp-image-153372\" src=\"https:\/\/graziamagazine.com\/mx\/wp-content\/uploads\/sites\/13\/2025\/07\/uukuik-374x450.jpg\" alt=\"\" width=\"374\" height=\"450\" \/><\/p>\n<p><span style=\"font-weight: 400\">La clave est\u00e1 en combinarlo con accesorios modernos para evitar caer en lo tradicional: piensa en lentes de sol futuristas, tenis o un bolso met\u00e1lico.<\/span><\/p>\n<p><span style=\"font-weight: 400\">Si este verano quieres sentirte como una mezcla entre la Taylor Swift de la era \u201cFolklore\u201d y una musa de Wes Anderson, el gingham picnic es tu pase directo a esta tendencia.<\/span><\/p>\n","protected":false},"author":11628,"featured_media":186521,"template":"","format":"standard","categories":[18,1],"acf":[],"yoast_head":"<!-- This site is optimized with the Yoast SEO Premium plugin v18.5 (Yoast SEO v20.4) - https:\/\/yoast.com\/wordpress\/plugins\/seo\/ -->\n<title>\u00a1El regreso del Gingham Picnic! El estampado vintage favorito renace este verano<\/title>\n<meta name=\"description\" content=\"\u00bfQui\u00e9n dir\u00eda que el mantel de cuadros del picnic de la abuelita ser\u00eda la m\u00e1xima tendencia de este verano? El estampado gingham \u2014 ese patr\u00f3n de cuadros que\" \/>\n<meta name=\"robots\" content=\"index, follow, max-snippet:-1, max-image-preview:large, max-video-preview:-1\" \/>\n<link rel=\"canonical\" href=\"https:\/\/graziamagazine.com\/es\/articles\/el-regreso-del-gingham-picnic-el-estampado-vintage-favorito-renace-este-verano\/\" \/>\n<meta property=\"og:locale\" content=\"es_ES\" \/>\n<meta property=\"og:type\" content=\"article\" \/>\n<meta property=\"og:title\" content=\"El estampado vintage favorito que est\u00e1 de regreso este verano\" \/>\n<meta property=\"og:description\" content=\"\u00bfQui\u00e9n dir\u00eda que el mantel de cuadros del picnic de la abuelita ser\u00eda la m\u00e1xima tendencia de este verano? El estampado gingham \u2014 ese patr\u00f3n de cuadros que\" \/>\n<meta property=\"og:url\" content=\"https:\/\/graziamagazine.com\/es\/articles\/el-regreso-del-gingham-picnic-el-estampado-vintage-favorito-renace-este-verano\/\" \/>\n<meta property=\"og:site_name\" content=\"Grazia\" \/>\n<meta property=\"og:image\" content=\"https:\/\/graziamagazine.com\/es\/wp-content\/uploads\/sites\/12\/2025\/07\/kkuik.jpg\" \/>\n\t<meta property=\"og:image:width\" content=\"456\" \/>\n\t<meta property=\"og:image:height\" content=\"318\" \/>\n\t<meta property=\"og:image:type\" content=\"image\/jpeg\" \/>\n<meta name=\"twitter:card\" content=\"summary_large_image\" \/>\n<meta name=\"twitter:label1\" content=\"Est. reading time\" \/>\n\t<meta name=\"twitter:data1\" content=\"3 minutos\" \/>\n<script type=\"application\/ld+json\" class=\"yoast-schema-graph\">{\"@context\":\"https:\/\/schema.org\",\"@graph\":[{\"@type\":\"WebPage\",\"@id\":\"https:\/\/graziamagazine.com\/es\/articles\/el-regreso-del-gingham-picnic-el-estampado-vintage-favorito-renace-este-verano\/\",\"url\":\"https:\/\/graziamagazine.com\/es\/articles\/el-regreso-del-gingham-picnic-el-estampado-vintage-favorito-renace-este-verano\/\",\"name\":\"\u00a1El regreso del Gingham Picnic! El estampado vintage favorito renace este verano\",\"isPartOf\":{\"@id\":\"https:\/\/graziamagazine.com\/es\/#website\"},\"datePublished\":\"2025-08-22T12:21:10+00:00\",\"dateModified\":\"2025-08-22T12:21:10+00:00\",\"description\":\"\u00bfQui\u00e9n dir\u00eda que el mantel de cuadros del picnic de la abuelita ser\u00eda la m\u00e1xima tendencia de este verano? El estampado gingham \u2014 ese patr\u00f3n de cuadros que\",\"breadcrumb\":{\"@id\":\"https:\/\/graziamagazine.com\/es\/articles\/el-regreso-del-gingham-picnic-el-estampado-vintage-favorito-renace-este-verano\/#breadcrumb\"},\"inLanguage\":\"es\",\"potentialAction\":[{\"@type\":\"ReadAction\",\"target\":[\"https:\/\/graziamagazine.com\/es\/articles\/el-regreso-del-gingham-picnic-el-estampado-vintage-favorito-renace-este-verano\/\"]}]},{\"@type\":\"BreadcrumbList\",\"@id\":\"https:\/\/graziamagazine.com\/es\/articles\/el-regreso-del-gingham-picnic-el-estampado-vintage-favorito-renace-este-verano\/#breadcrumb\",\"itemListElement\":[{\"@type\":\"ListItem\",\"position\":1,\"name\":\"Portada\",\"item\":\"https:\/\/graziamagazine.com\/es\/\"},{\"@type\":\"ListItem\",\"position\":2,\"name\":\"El estampado vintage favorito que est\u00e1 de regreso este verano\"}]},{\"@type\":\"WebSite\",\"@id\":\"https:\/\/graziamagazine.com\/es\/#website\",\"url\":\"https:\/\/graziamagazine.com\/es\/\",\"name\":\"Grazia\",\"description\":\"Moda, belleza, celebrities, estilo de vida...\",\"potentialAction\":[{\"@type\":\"SearchAction\",\"target\":{\"@type\":\"EntryPoint\",\"urlTemplate\":\"https:\/\/graziamagazine.com\/es\/?s={search_term_string}\"},\"query-input\":\"required name=search_term_string\"}],\"inLanguage\":\"es\"}]}<\/script>\n<!-- \/ Yoast SEO Premium plugin. -->","yoast_head_json":{"title":"\u00a1El regreso del Gingham Picnic! El estampado vintage favorito renace este verano","description":"\u00bfQui\u00e9n dir\u00eda que el mantel de cuadros del picnic de la abuelita ser\u00eda la m\u00e1xima tendencia de este verano? El estampado gingham \u2014 ese patr\u00f3n de cuadros que","robots":{"index":"index","follow":"follow","max-snippet":"max-snippet:-1","max-image-preview":"max-image-preview:large","max-video-preview":"max-video-preview:-1"},"canonical":"https:\/\/graziamagazine.com\/es\/articles\/el-regreso-del-gingham-picnic-el-estampado-vintage-favorito-renace-este-verano\/","og_locale":"es_ES","og_type":"article","og_title":"El estampado vintage favorito que est\u00e1 de regreso este verano","og_description":"\u00bfQui\u00e9n dir\u00eda que el mantel de cuadros del picnic de la abuelita ser\u00eda la m\u00e1xima tendencia de este verano? El estampado gingham \u2014 ese patr\u00f3n de cuadros que","og_url":"https:\/\/graziamagazine.com\/es\/articles\/el-regreso-del-gingham-picnic-el-estampado-vintage-favorito-renace-este-verano\/","og_site_name":"Grazia","og_image":[{"width":456,"height":318,"url":"https:\/\/graziamagazine.com\/es\/wp-content\/uploads\/sites\/12\/2025\/07\/kkuik.jpg","type":"image\/jpeg"}],"twitter_card":"summary_large_image","twitter_misc":{"Est. reading time":"3 minutos"},"schema":{"@context":"https:\/\/schema.org","@graph":[{"@type":"WebPage","@id":"https:\/\/graziamagazine.com\/es\/articles\/el-regreso-del-gingham-picnic-el-estampado-vintage-favorito-renace-este-verano\/","url":"https:\/\/graziamagazine.com\/es\/articles\/el-regreso-del-gingham-picnic-el-estampado-vintage-favorito-renace-este-verano\/","name":"\u00a1El regreso del Gingham Picnic! El estampado vintage favorito renace este verano","isPartOf":{"@id":"https:\/\/graziamagazine.com\/es\/#website"},"datePublished":"2025-08-22T12:21:10+00:00","dateModified":"2025-08-22T12:21:10+00:00","description":"\u00bfQui\u00e9n dir\u00eda que el mantel de cuadros del picnic de la abuelita ser\u00eda la m\u00e1xima tendencia de este verano? El estampado gingham \u2014 ese patr\u00f3n de cuadros que","breadcrumb":{"@id":"https:\/\/graziamagazine.com\/es\/articles\/el-regreso-del-gingham-picnic-el-estampado-vintage-favorito-renace-este-verano\/#breadcrumb"},"inLanguage":"es","potentialAction":[{"@type":"ReadAction","target":["https:\/\/graziamagazine.com\/es\/articles\/el-regreso-del-gingham-picnic-el-estampado-vintage-favorito-renace-este-verano\/"]}]},{"@type":"BreadcrumbList","@id":"https:\/\/graziamagazine.com\/es\/articles\/el-regreso-del-gingham-picnic-el-estampado-vintage-favorito-renace-este-verano\/#breadcrumb","itemListElement":[{"@type":"ListItem","position":1,"name":"Portada","item":"https:\/\/graziamagazine.com\/es\/"},{"@type":"ListItem","position":2,"name":"El estampado vintage favorito que est\u00e1 de regreso este verano"}]},{"@type":"WebSite","@id":"https:\/\/graziamagazine.com\/es\/#website","url":"https:\/\/graziamagazine.com\/es\/","name":"Grazia","description":"Moda, belleza, celebrities, estilo de vida...","potentialAction":[{"@type":"SearchAction","target":{"@type":"EntryPoint","urlTemplate":"https:\/\/graziamagazine.com\/es\/?s={search_term_string}"},"query-input":"required name=search_term_string"}],"inLanguage":"es"}]}},"jetpack_sharing_enabled":true,"distributor_meta":false,"distributor_terms":false,"distributor_media":false,"distributor_original_site_name":"Grazia","distributor_original_site_url":"https:\/\/graziamagazine.com\/es","push-errors":false,"_links":{"self":[{"href":"https:\/\/graziamagazine.com\/es\/wp-json\/wp\/v2\/articles\/186520"}],"collection":[{"href":"https:\/\/graziamagazine.com\/es\/wp-json\/wp\/v2\/articles"}],"about":[{"href":"https:\/\/graziamagazine.com\/es\/wp-json\/wp\/v2\/types\/articles"}],"author":[{"embeddable":true,"href":"https:\/\/graziamagazine.com\/es\/wp-json\/wp\/v2\/users\/11628"}],"wp:featuredmedia":[{"embeddable":true,"href":"https:\/\/graziamagazine.com\/es\/wp-json\/wp\/v2\/media\/186521"}],"wp:attachment":[{"href":"https:\/\/graziamagazine.com\/es\/wp-json\/wp\/v2\/media?parent=186520"}],"wp:term":[{"taxonomy":"category","embeddable":true,"href":"https:\/\/graziamagazine.com\/es\/wp-json\/wp\/v2\/categories?post=186520"}],"curies":[{"name":"wp","href":"https:\/\/api.w.org\/{rel}","templated":true}]}}