{"id":186322,"date":"2025-07-12T19:48:41","date_gmt":"2025-07-12T17:48:41","guid":{"rendered":"https:\/\/graziamagazine.com\/es\/?post_type=articles&#038;p=186322"},"modified":"2025-07-12T21:57:23","modified_gmt":"2025-07-12T19:57:23","slug":"un-banador-para-cada-tipo-de-vacaciones","status":"publish","type":"articles","link":"https:\/\/graziamagazine.com\/es\/articles\/un-banador-para-cada-tipo-de-vacaciones\/","title":{"rendered":"Un ba\u00f1ador para cada tipo de vacaciones"},"content":{"rendered":"<p>Si todav\u00eda no has tenido la suerte de comenzar tus vacaciones, d\u00e9jame decirte que puede que aunque te suene mal, est\u00e1s de enhorabuena. \u00bfPor qu\u00e9? Porque est\u00e1s a tiempo de preparar tu maleta de ba\u00f1o con ideas dependiendo de d\u00f3nde sea tu destino.<\/p>\n<p>Gracias a Etam tienes la mejor selecci\u00f3n de ba\u00f1adores para incluir en tu maleta y aqu\u00ed te damos ideas para que organices tus looks de ba\u00f1o seg\u00fan tu destino.<\/p>\n<h3>Destino volc\u00e1nico<\/h3>\n<p>Para ir a un destino volc\u00e1nico, como las Islas Canarias, este ba\u00f1ador rojo de la colecci\u00f3n\u00a0<strong>Marcia Wear x Etam<\/strong>\u00a0con el\u00a0<strong>pareo dorado<\/strong>\u00a0nos encanta para recorrer las islas.<\/p>\n<p><img loading=\"lazy\" decoding=\"async\" class=\"aligncenter size-full wp-image-186326\" src=\"https:\/\/graziamagazine.com\/es\/wp-content\/uploads\/sites\/12\/2025\/07\/Captura-de-pantalla-2025-07-12-a-las-19.26.21.png\" alt=\"\" width=\"924\" height=\"670\" srcset=\"https:\/\/graziamagazine.com\/es\/wp-content\/uploads\/sites\/12\/2025\/07\/Captura-de-pantalla-2025-07-12-a-las-19.26.21.png 924w, https:\/\/graziamagazine.com\/es\/wp-content\/uploads\/sites\/12\/2025\/07\/Captura-de-pantalla-2025-07-12-a-las-19.26.21-300x218.png 300w, https:\/\/graziamagazine.com\/es\/wp-content\/uploads\/sites\/12\/2025\/07\/Captura-de-pantalla-2025-07-12-a-las-19.26.21-768x557.png 768w, https:\/\/graziamagazine.com\/es\/wp-content\/uploads\/sites\/12\/2025\/07\/Captura-de-pantalla-2025-07-12-a-las-19.26.21-400x290.png 400w, https:\/\/graziamagazine.com\/es\/wp-content\/uploads\/sites\/12\/2025\/07\/Captura-de-pantalla-2025-07-12-a-las-19.26.21-155x112.png 155w\" sizes=\"(max-width: 924px) 100vw, 924px\" \/><\/p>\n<h3>las playas de C\u00e1diz<\/h3>\n<p>A juego con los pueblos blancos de C\u00e1diz, un\u00a0<strong><em>total look<\/em>\u00a0blanco<\/strong>\u00a0para ir a las mejores playas gaditanas ser\u00e1 un imprescindible en\u00a0 tu maleta. \u00bfPreparada para ver las puestas de sol m\u00e1s bonitas?<\/p>\n<p><img loading=\"lazy\" decoding=\"async\" class=\"aligncenter size-full wp-image-186325\" src=\"https:\/\/graziamagazine.com\/es\/wp-content\/uploads\/sites\/12\/2025\/07\/Captura-de-pantalla-2025-07-12-a-las-19.26.28.png\" alt=\"\" width=\"880\" height=\"602\" srcset=\"https:\/\/graziamagazine.com\/es\/wp-content\/uploads\/sites\/12\/2025\/07\/Captura-de-pantalla-2025-07-12-a-las-19.26.28.png 880w, https:\/\/graziamagazine.com\/es\/wp-content\/uploads\/sites\/12\/2025\/07\/Captura-de-pantalla-2025-07-12-a-las-19.26.28-300x205.png 300w, https:\/\/graziamagazine.com\/es\/wp-content\/uploads\/sites\/12\/2025\/07\/Captura-de-pantalla-2025-07-12-a-las-19.26.28-768x525.png 768w, https:\/\/graziamagazine.com\/es\/wp-content\/uploads\/sites\/12\/2025\/07\/Captura-de-pantalla-2025-07-12-a-las-19.26.28-400x274.png 400w, https:\/\/graziamagazine.com\/es\/wp-content\/uploads\/sites\/12\/2025\/07\/Captura-de-pantalla-2025-07-12-a-las-19.26.28-155x106.png 155w\" sizes=\"(max-width: 880px) 100vw, 880px\" \/><\/p>\n<h3>El mediterr\u00e1neo<\/h3>\n<p>Si tu destino vacacional es fuera de Espa\u00f1a, y has decidido poner rumbo a Grecia, mimet\u00edzate con el paisaje con este\u00a0<strong>ba\u00f1ador de rayas<\/strong>\u00a0azul y blanco combinado con el\u00a0<strong>pantal\u00f3n de lino<\/strong>\u00a0a juego.<\/p>\n<p><img loading=\"lazy\" decoding=\"async\" class=\"aligncenter size-full wp-image-186324\" src=\"https:\/\/graziamagazine.com\/es\/wp-content\/uploads\/sites\/12\/2025\/07\/Captura-de-pantalla-2025-07-12-a-las-19.26.34.png\" alt=\"\" width=\"956\" height=\"704\" srcset=\"https:\/\/graziamagazine.com\/es\/wp-content\/uploads\/sites\/12\/2025\/07\/Captura-de-pantalla-2025-07-12-a-las-19.26.34.png 956w, https:\/\/graziamagazine.com\/es\/wp-content\/uploads\/sites\/12\/2025\/07\/Captura-de-pantalla-2025-07-12-a-las-19.26.34-300x221.png 300w, https:\/\/graziamagazine.com\/es\/wp-content\/uploads\/sites\/12\/2025\/07\/Captura-de-pantalla-2025-07-12-a-las-19.26.34-768x566.png 768w, https:\/\/graziamagazine.com\/es\/wp-content\/uploads\/sites\/12\/2025\/07\/Captura-de-pantalla-2025-07-12-a-las-19.26.34-400x295.png 400w, https:\/\/graziamagazine.com\/es\/wp-content\/uploads\/sites\/12\/2025\/07\/Captura-de-pantalla-2025-07-12-a-las-19.26.34-155x114.png 155w\" sizes=\"(max-width: 956px) 100vw, 956px\" \/><\/p>\n<h3>Turismo de ciudad<\/h3>\n<p>Para recorrer las calles de ciudades como Lisboa, dale un toque\u00a0<em>portuguese style\u00a0<\/em>a tu look con este ba\u00f1ador de\u00a0<strong>Etam x Arizona Love<\/strong>\u00a0y ll\u00e9valo como\u00a0<strong><em>body<\/em>\u00a0<\/strong>con el\u00a0<strong>pantal\u00f3n de lino<\/strong> blanco.<\/p>\n<p><img loading=\"lazy\" decoding=\"async\" class=\"aligncenter size-full wp-image-186323\" src=\"https:\/\/graziamagazine.com\/es\/wp-content\/uploads\/sites\/12\/2025\/07\/Captura-de-pantalla-2025-07-12-a-las-19.26.41.png\" alt=\"\" width=\"886\" height=\"648\" srcset=\"https:\/\/graziamagazine.com\/es\/wp-content\/uploads\/sites\/12\/2025\/07\/Captura-de-pantalla-2025-07-12-a-las-19.26.41.png 886w, https:\/\/graziamagazine.com\/es\/wp-content\/uploads\/sites\/12\/2025\/07\/Captura-de-pantalla-2025-07-12-a-las-19.26.41-300x219.png 300w, https:\/\/graziamagazine.com\/es\/wp-content\/uploads\/sites\/12\/2025\/07\/Captura-de-pantalla-2025-07-12-a-las-19.26.41-768x562.png 768w, https:\/\/graziamagazine.com\/es\/wp-content\/uploads\/sites\/12\/2025\/07\/Captura-de-pantalla-2025-07-12-a-las-19.26.41-400x293.png 400w, https:\/\/graziamagazine.com\/es\/wp-content\/uploads\/sites\/12\/2025\/07\/Captura-de-pantalla-2025-07-12-a-las-19.26.41-155x113.png 155w\" sizes=\"(max-width: 886px) 100vw, 886px\" \/><\/p>\n<p><em>*Im\u00e1genes: Pexels y cortes\u00eda\u00a0<\/em><\/p>\n","protected":false},"author":11653,"featured_media":186327,"template":"","format":"standard","categories":[1],"acf":[],"yoast_head":"<!-- This site is optimized with the Yoast SEO Premium plugin v18.5 (Yoast SEO v20.4) - https:\/\/yoast.com\/wordpress\/plugins\/seo\/ -->\n<title>Un ba\u00f1ador para cada tipo de vacaciones | Grazia<\/title>\n<meta name=\"description\" content=\"Seleccionamos ideas de ba\u00f1adores para incluir en tu maleta y te damos ideas para que organices tus looks de ba\u00f1o seg\u00fan tu destino.\u00a0\" \/>\n<meta name=\"robots\" content=\"index, follow, max-snippet:-1, max-image-preview:large, max-video-preview:-1\" \/>\n<link rel=\"canonical\" href=\"https:\/\/graziamagazine.com\/es\/articles\/un-banador-para-cada-tipo-de-vacaciones\/\" \/>\n<meta property=\"og:locale\" content=\"es_ES\" \/>\n<meta property=\"og:type\" content=\"article\" \/>\n<meta property=\"og:title\" content=\"Un ba\u00f1ador para cada tipo de vacaciones\" \/>\n<meta property=\"og:description\" content=\"Seleccionamos ideas de ba\u00f1adores para incluir en tu maleta y te damos ideas para que organices tus looks de ba\u00f1o seg\u00fan tu destino.\u00a0\" \/>\n<meta property=\"og:url\" content=\"https:\/\/graziamagazine.com\/es\/articles\/un-banador-para-cada-tipo-de-vacaciones\/\" \/>\n<meta property=\"og:site_name\" content=\"Grazia\" \/>\n<meta property=\"article:modified_time\" content=\"2025-07-12T19:57:23+00:00\" \/>\n<meta property=\"og:image\" content=\"https:\/\/graziamagazine.com\/es\/wp-content\/uploads\/sites\/12\/2025\/07\/pexels-karolina-grabowska-8363696.jpg\" \/>\n\t<meta property=\"og:image:width\" content=\"1280\" \/>\n\t<meta property=\"og:image:height\" content=\"853\" \/>\n\t<meta property=\"og:image:type\" content=\"image\/jpeg\" \/>\n<meta name=\"twitter:card\" content=\"summary_large_image\" \/>\n<meta name=\"twitter:label1\" content=\"Est. reading time\" \/>\n\t<meta name=\"twitter:data1\" content=\"2 minutos\" \/>\n<script type=\"application\/ld+json\" class=\"yoast-schema-graph\">{\"@context\":\"https:\/\/schema.org\",\"@graph\":[{\"@type\":\"WebPage\",\"@id\":\"https:\/\/graziamagazine.com\/es\/articles\/un-banador-para-cada-tipo-de-vacaciones\/\",\"url\":\"https:\/\/graziamagazine.com\/es\/articles\/un-banador-para-cada-tipo-de-vacaciones\/\",\"name\":\"Un ba\u00f1ador para cada tipo de vacaciones | Grazia\",\"isPartOf\":{\"@id\":\"https:\/\/graziamagazine.com\/es\/#website\"},\"datePublished\":\"2025-07-12T17:48:41+00:00\",\"dateModified\":\"2025-07-12T19:57:23+00:00\",\"description\":\"Seleccionamos ideas de ba\u00f1adores para incluir en tu maleta y te damos ideas para que organices tus looks de ba\u00f1o seg\u00fan tu destino.\u00a0\",\"breadcrumb\":{\"@id\":\"https:\/\/graziamagazine.com\/es\/articles\/un-banador-para-cada-tipo-de-vacaciones\/#breadcrumb\"},\"inLanguage\":\"es\",\"potentialAction\":[{\"@type\":\"ReadAction\",\"target\":[\"https:\/\/graziamagazine.com\/es\/articles\/un-banador-para-cada-tipo-de-vacaciones\/\"]}]},{\"@type\":\"BreadcrumbList\",\"@id\":\"https:\/\/graziamagazine.com\/es\/articles\/un-banador-para-cada-tipo-de-vacaciones\/#breadcrumb\",\"itemListElement\":[{\"@type\":\"ListItem\",\"position\":1,\"name\":\"Portada\",\"item\":\"https:\/\/graziamagazine.com\/es\/\"},{\"@type\":\"ListItem\",\"position\":2,\"name\":\"Un ba\u00f1ador para cada tipo de vacaciones\"}]},{\"@type\":\"WebSite\",\"@id\":\"https:\/\/graziamagazine.com\/es\/#website\",\"url\":\"https:\/\/graziamagazine.com\/es\/\",\"name\":\"Grazia\",\"description\":\"Moda, belleza, celebrities, estilo de vida...\",\"potentialAction\":[{\"@type\":\"SearchAction\",\"target\":{\"@type\":\"EntryPoint\",\"urlTemplate\":\"https:\/\/graziamagazine.com\/es\/?s={search_term_string}\"},\"query-input\":\"required name=search_term_string\"}],\"inLanguage\":\"es\"}]}<\/script>\n<!-- \/ Yoast SEO Premium plugin. -->","yoast_head_json":{"title":"Un ba\u00f1ador para cada tipo de vacaciones | Grazia","description":"Seleccionamos ideas de ba\u00f1adores para incluir en tu maleta y te damos ideas para que organices tus looks de ba\u00f1o seg\u00fan tu destino.\u00a0","robots":{"index":"index","follow":"follow","max-snippet":"max-snippet:-1","max-image-preview":"max-image-preview:large","max-video-preview":"max-video-preview:-1"},"canonical":"https:\/\/graziamagazine.com\/es\/articles\/un-banador-para-cada-tipo-de-vacaciones\/","og_locale":"es_ES","og_type":"article","og_title":"Un ba\u00f1ador para cada tipo de vacaciones","og_description":"Seleccionamos ideas de ba\u00f1adores para incluir en tu maleta y te damos ideas para que organices tus looks de ba\u00f1o seg\u00fan tu destino.\u00a0","og_url":"https:\/\/graziamagazine.com\/es\/articles\/un-banador-para-cada-tipo-de-vacaciones\/","og_site_name":"Grazia","article_modified_time":"2025-07-12T19:57:23+00:00","og_image":[{"width":1280,"height":853,"url":"https:\/\/graziamagazine.com\/es\/wp-content\/uploads\/sites\/12\/2025\/07\/pexels-karolina-grabowska-8363696.jpg","type":"image\/jpeg"}],"twitter_card":"summary_large_image","twitter_misc":{"Est. reading time":"2 minutos"},"schema":{"@context":"https:\/\/schema.org","@graph":[{"@type":"WebPage","@id":"https:\/\/graziamagazine.com\/es\/articles\/un-banador-para-cada-tipo-de-vacaciones\/","url":"https:\/\/graziamagazine.com\/es\/articles\/un-banador-para-cada-tipo-de-vacaciones\/","name":"Un ba\u00f1ador para cada tipo de vacaciones | Grazia","isPartOf":{"@id":"https:\/\/graziamagazine.com\/es\/#website"},"datePublished":"2025-07-12T17:48:41+00:00","dateModified":"2025-07-12T19:57:23+00:00","description":"Seleccionamos ideas de ba\u00f1adores para incluir en tu maleta y te damos ideas para que organices tus looks de ba\u00f1o seg\u00fan tu destino.\u00a0","breadcrumb":{"@id":"https:\/\/graziamagazine.com\/es\/articles\/un-banador-para-cada-tipo-de-vacaciones\/#breadcrumb"},"inLanguage":"es","potentialAction":[{"@type":"ReadAction","target":["https:\/\/graziamagazine.com\/es\/articles\/un-banador-para-cada-tipo-de-vacaciones\/"]}]},{"@type":"BreadcrumbList","@id":"https:\/\/graziamagazine.com\/es\/articles\/un-banador-para-cada-tipo-de-vacaciones\/#breadcrumb","itemListElement":[{"@type":"ListItem","position":1,"name":"Portada","item":"https:\/\/graziamagazine.com\/es\/"},{"@type":"ListItem","position":2,"name":"Un ba\u00f1ador para cada tipo de vacaciones"}]},{"@type":"WebSite","@id":"https:\/\/graziamagazine.com\/es\/#website","url":"https:\/\/graziamagazine.com\/es\/","name":"Grazia","description":"Moda, belleza, celebrities, estilo de vida...","potentialAction":[{"@type":"SearchAction","target":{"@type":"EntryPoint","urlTemplate":"https:\/\/graziamagazine.com\/es\/?s={search_term_string}"},"query-input":"required name=search_term_string"}],"inLanguage":"es"}]}},"jetpack_sharing_enabled":true,"distributor_meta":false,"distributor_terms":false,"distributor_media":false,"distributor_original_site_name":"Grazia","distributor_original_site_url":"https:\/\/graziamagazine.com\/es","push-errors":false,"_links":{"self":[{"href":"https:\/\/graziamagazine.com\/es\/wp-json\/wp\/v2\/articles\/186322"}],"collection":[{"href":"https:\/\/graziamagazine.com\/es\/wp-json\/wp\/v2\/articles"}],"about":[{"href":"https:\/\/graziamagazine.com\/es\/wp-json\/wp\/v2\/types\/articles"}],"author":[{"embeddable":true,"href":"https:\/\/graziamagazine.com\/es\/wp-json\/wp\/v2\/users\/11653"}],"wp:featuredmedia":[{"embeddable":true,"href":"https:\/\/graziamagazine.com\/es\/wp-json\/wp\/v2\/media\/186327"}],"wp:attachment":[{"href":"https:\/\/graziamagazine.com\/es\/wp-json\/wp\/v2\/media?parent=186322"}],"wp:term":[{"taxonomy":"category","embeddable":true,"href":"https:\/\/graziamagazine.com\/es\/wp-json\/wp\/v2\/categories?post=186322"}],"curies":[{"name":"wp","href":"https:\/\/api.w.org\/{rel}","templated":true}]}}