{"id":186229,"date":"2025-07-08T23:30:48","date_gmt":"2025-07-08T21:30:48","guid":{"rendered":"https:\/\/graziamagazine.com\/es\/?post_type=articles&#038;p=186229"},"modified":"2025-07-08T23:30:48","modified_gmt":"2025-07-08T21:30:48","slug":"armani-prive-coleccion-alta-costura-otono-invierno-2025-2026","status":"publish","type":"articles","link":"https:\/\/graziamagazine.com\/es\/articles\/armani-prive-coleccion-alta-costura-otono-invierno-2025-2026\/","title":{"rendered":"Armani Priv\u00e9: Colecci\u00f3n Alta Costura Oto\u00f1o\/Invierno 2025\u20132026"},"content":{"rendered":"<p data-start=\"486\" data-end=\"877\">Las puertas del ic\u00f3nico <strong data-start=\"541\" data-end=\"568\">Palazzo Armani en Par\u00eds<\/strong> se abrieron para revelar una de las colecciones m\u00e1s refinadas de la temporada: <strong data-start=\"648\" data-end=\"692\">Armani Priv\u00e9 Fall\/Winter 2025\u201326<\/strong>.<\/p>\n<p data-start=\"486\" data-end=\"877\">Enmarcada en la atm\u00f3sfera \u00edntima de la Alta Costura, la propuesta se present\u00f3 como una declaraci\u00f3n po\u00e9tica: <strong data-start=\"802\" data-end=\"877\">\u201cEsta noche, el misterio de la elegancia revela su matiz m\u00e1s seductor.\u201d<\/strong><\/p>\n<div class=\"content-gallery\">\n<div class=\"gallery-placeholder\">\n<div class=\"spinner\"><\/div>\n<\/div>\n<p>&nbsp;<\/p>\n<div id=\"gallery-1\" class=\"gallery galleryid- gallery-columns- gallery-size-\">\n<figure class=\"gallery-item\">\n<div class=\"gallery-icon landscape\"><img loading=\"lazy\" decoding=\"async\" class=\"lazy\" src=\"https:\/\/graziamagazine.com\/mx\/wp-content\/uploads\/sites\/13\/2025\/07\/Captura-de-Pantalla-2025-07-08-a-las-11.32.58.png\" alt=\"\" width=\"806\" height=\"1234\" \/><\/div>\n<\/figure>\n<figure class=\"gallery-item\">\n<div class=\"gallery-icon landscape\"><img loading=\"lazy\" decoding=\"async\" class=\"lazy\" src=\"https:\/\/graziamagazine.com\/mx\/wp-content\/uploads\/sites\/13\/2025\/07\/Captura-de-Pantalla-2025-07-08-a-las-11.33.04.png\" alt=\"\" width=\"806\" height=\"1234\" \/><\/div>\n<\/figure>\n<figure class=\"gallery-item\">\n<div class=\"gallery-icon landscape\"><img loading=\"lazy\" decoding=\"async\" class=\"lazy\" src=\"https:\/\/graziamagazine.com\/mx\/wp-content\/uploads\/sites\/13\/2025\/07\/Captura-de-Pantalla-2025-07-08-a-las-11.33.08.png\" alt=\"\" width=\"806\" height=\"1234\" \/><\/div>\n<\/figure>\n<figure class=\"gallery-item\">\n<div class=\"gallery-icon landscape\"><img loading=\"lazy\" decoding=\"async\" class=\"lazy\" src=\"https:\/\/graziamagazine.com\/mx\/wp-content\/uploads\/sites\/13\/2025\/07\/Captura-de-Pantalla-2025-07-08-a-las-11.33.13.png\" alt=\"\" width=\"806\" height=\"1234\" \/><\/div>\n<\/figure>\n<figure class=\"gallery-item\">\n<div class=\"gallery-icon landscape\"><img loading=\"lazy\" decoding=\"async\" class=\"lazy\" src=\"https:\/\/graziamagazine.com\/mx\/wp-content\/uploads\/sites\/13\/2025\/07\/Captura-de-Pantalla-2025-07-08-a-las-11.33.17.png\" alt=\"\" width=\"806\" height=\"1234\" \/><\/div>\n<\/figure>\n<figure class=\"gallery-item\">\n<div class=\"gallery-icon landscape\"><img loading=\"lazy\" decoding=\"async\" class=\"lazy\" src=\"https:\/\/graziamagazine.com\/mx\/wp-content\/uploads\/sites\/13\/2025\/07\/Captura-de-Pantalla-2025-07-08-a-las-11.41.51.png\" alt=\"\" width=\"806\" height=\"1234\" \/><\/div>\n<\/figure>\n<\/div>\n<\/div>\n<p data-start=\"879\" data-end=\"1314\">Y as\u00ed fue. Armani no grit\u00f3, susurr\u00f3. Cada prenda desfil\u00f3 como un secreto bien guardado, un suspiro de lujo contenido. La colecci\u00f3n fue una sinfon\u00eda de <strong data-start=\"1030\" data-end=\"1152\">texturas brillantes, cuentas aplicadas con precisi\u00f3n quir\u00fargica, satines l\u00edquidos, terciopelos densos y redes bordadas<\/strong> que parec\u00edan flotar sobre la piel. Los vestidos se amoldaban al cuerpo con suavidad estructurada, revelando una silueta que celebra la feminidad sin exageraci\u00f3n.<\/p>\n<p data-start=\"1316\" data-end=\"1715\">Las <strong data-start=\"1320\" data-end=\"1350\">estructuras en los hombros<\/strong>, los <strong data-start=\"1356\" data-end=\"1376\">sacos entallados<\/strong>, y las <strong data-start=\"1384\" data-end=\"1410\">faldas rectas y largas<\/strong> marcaron la pauta de un tailoring sublime, donde la arquitectura del dise\u00f1o se entrelaz\u00f3 con la delicadeza de lo et\u00e9reo.<\/p>\n<div class=\"content-gallery\">\n<div class=\"gallery-placeholder\">\n<div class=\"spinner\"><\/div>\n<\/div>\n<p>&nbsp;<\/p>\n<div id=\"gallery-2\" class=\"gallery galleryid- gallery-columns- gallery-size-\">\n<figure class=\"gallery-item\">\n<div class=\"gallery-icon landscape\"><img loading=\"lazy\" decoding=\"async\" class=\"lazy\" src=\"https:\/\/graziamagazine.com\/mx\/wp-content\/uploads\/sites\/13\/2025\/07\/Captura-de-Pantalla-2025-07-08-a-las-11.41.58.png\" alt=\"\" width=\"806\" height=\"1234\" \/><\/div>\n<\/figure>\n<figure class=\"gallery-item\">\n<div class=\"gallery-icon landscape\"><img loading=\"lazy\" decoding=\"async\" class=\"lazy\" src=\"https:\/\/graziamagazine.com\/mx\/wp-content\/uploads\/sites\/13\/2025\/07\/Captura-de-Pantalla-2025-07-08-a-las-11.42.03.png\" alt=\"\" width=\"806\" height=\"1234\" \/><\/div>\n<\/figure>\n<figure class=\"gallery-item\">\n<div class=\"gallery-icon landscape\"><img loading=\"lazy\" decoding=\"async\" class=\"lazy\" src=\"https:\/\/graziamagazine.com\/mx\/wp-content\/uploads\/sites\/13\/2025\/07\/Captura-de-Pantalla-2025-07-08-a-las-11.42.08.png\" alt=\"\" width=\"806\" height=\"1234\" \/><\/div>\n<\/figure>\n<figure class=\"gallery-item\">\n<div class=\"gallery-icon landscape\"><img loading=\"lazy\" decoding=\"async\" class=\"lazy\" src=\"https:\/\/graziamagazine.com\/mx\/wp-content\/uploads\/sites\/13\/2025\/07\/Captura-de-Pantalla-2025-07-08-a-las-11.42.28.png\" alt=\"\" width=\"806\" height=\"1234\" \/><\/div>\n<\/figure>\n<figure class=\"gallery-item\">\n<div class=\"gallery-icon landscape\"><img loading=\"lazy\" decoding=\"async\" class=\"lazy\" src=\"https:\/\/graziamagazine.com\/mx\/wp-content\/uploads\/sites\/13\/2025\/07\/Captura-de-Pantalla-2025-07-08-a-las-11.42.35.png\" alt=\"\" width=\"806\" height=\"1234\" \/><\/div>\n<\/figure>\n<figure class=\"gallery-item\">\n<div class=\"gallery-icon landscape\"><img loading=\"lazy\" decoding=\"async\" class=\"lazy\" src=\"https:\/\/graziamagazine.com\/mx\/wp-content\/uploads\/sites\/13\/2025\/07\/Captura-de-Pantalla-2025-07-08-a-las-11.45.12.png\" alt=\"\" width=\"806\" height=\"1234\" \/><\/div>\n<\/figure>\n<\/div>\n<\/div>\n<p data-start=\"1316\" data-end=\"1715\">El color fue parte del lenguaje emocional de la colecci\u00f3n: <strong data-start=\"1591\" data-end=\"1611\">negros profundos<\/strong>, <strong data-start=\"1613\" data-end=\"1634\">azules el\u00e9ctricos<\/strong> y detalles escarlata crearon una narrativa visual potente sin romper la armon\u00eda.<\/p>\n<p data-start=\"1717\" data-end=\"2003\">Los accesorios jugaron un papel clave: boinas de terciopelo perfectamente colocadas, aretes redondos y llamativos, como planetas orbitando un universo de refinamiento. Las plumas, en lugar de exagerar, acentuaban con sutileza la fluidez del movimiento y el peso de la artesan\u00eda.<\/p>\n<div class=\"content-gallery\">\n<div class=\"gallery-placeholder\">\n<div class=\"spinner\"><\/div>\n<\/div>\n<p>&nbsp;<\/p>\n<div id=\"gallery-3\" class=\"gallery galleryid- gallery-columns- gallery-size-\">\n<figure class=\"gallery-item\">\n<div class=\"gallery-icon landscape\"><img loading=\"lazy\" decoding=\"async\" class=\"lazy\" src=\"https:\/\/graziamagazine.com\/mx\/wp-content\/uploads\/sites\/13\/2025\/07\/Captura-de-Pantalla-2025-07-08-a-las-11.45.18.png\" alt=\"\" width=\"806\" height=\"1234\" \/><\/div>\n<\/figure>\n<figure class=\"gallery-item\">\n<div class=\"gallery-icon landscape\"><img loading=\"lazy\" decoding=\"async\" class=\"lazy\" src=\"https:\/\/graziamagazine.com\/mx\/wp-content\/uploads\/sites\/13\/2025\/07\/Captura-de-Pantalla-2025-07-08-a-las-11.55.46.png\" alt=\"\" width=\"806\" height=\"1234\" \/><\/div>\n<\/figure>\n<figure class=\"gallery-item\">\n<div class=\"gallery-icon landscape\"><img loading=\"lazy\" decoding=\"async\" class=\"lazy\" src=\"https:\/\/graziamagazine.com\/mx\/wp-content\/uploads\/sites\/13\/2025\/07\/Captura-de-Pantalla-2025-07-08-a-las-11.55.57.png\" alt=\"\" width=\"806\" height=\"1234\" \/><\/div>\n<\/figure>\n<figure class=\"gallery-item\">\n<div class=\"gallery-icon landscape\"><img loading=\"lazy\" decoding=\"async\" class=\"lazy\" src=\"https:\/\/graziamagazine.com\/mx\/wp-content\/uploads\/sites\/13\/2025\/07\/Captura-de-Pantalla-2025-07-08-a-las-11.55.46-1.png\" alt=\"\" width=\"806\" height=\"1234\" \/><\/div>\n<\/figure>\n<figure class=\"gallery-item\">\n<div class=\"gallery-icon landscape\"><img loading=\"lazy\" decoding=\"async\" class=\"lazy\" src=\"https:\/\/graziamagazine.com\/mx\/wp-content\/uploads\/sites\/13\/2025\/07\/Captura-de-Pantalla-2025-07-08-a-las-11.55.57-1.png\" alt=\"\" width=\"806\" height=\"1234\" \/><\/div>\n<\/figure>\n<figure class=\"gallery-item\">\n<div class=\"gallery-icon landscape\"><img loading=\"lazy\" decoding=\"async\" class=\"lazy\" src=\"https:\/\/graziamagazine.com\/mx\/wp-content\/uploads\/sites\/13\/2025\/07\/Captura-de-Pantalla-2025-07-08-a-las-12.47.48.png\" alt=\"\" width=\"806\" height=\"1234\" \/><\/div>\n<\/figure>\n<\/div>\n<\/div>\n<p data-start=\"2005\" data-end=\"2239\">Cada detalle fue ejecutado con precisi\u00f3n milim\u00e9trica. No hubo exceso, sino medida; no hubo dramatismo, sino profundidad. Armani parece recordarnos que la <strong data-start=\"2159\" data-end=\"2195\">elegancia no necesita aprobaci\u00f3n<\/strong>, porque es, en s\u00ed misma, un valor absoluto.<\/p>\n<p data-start=\"2241\" data-end=\"2603\">Esta colecci\u00f3n fue m\u00e1s que una presentaci\u00f3n: fue una <strong data-start=\"2294\" data-end=\"2332\">oda a la Semana de la Alta Costura<\/strong>, una celebraci\u00f3n de lo que la moda puede ser cuando se fusionan t\u00e9cnica, inspiraci\u00f3n y respeto por la belleza silenciosa.<\/p>\n<div class=\"content-gallery\">\n<div class=\"gallery-placeholder\">\n<div class=\"spinner\"><\/div>\n<\/div>\n<p>&nbsp;<\/p>\n<div id=\"gallery-4\" class=\"gallery galleryid- gallery-columns- gallery-size-\">\n<figure class=\"gallery-item\">\n<div class=\"gallery-icon landscape\"><img loading=\"lazy\" decoding=\"async\" class=\"lazy\" src=\"https:\/\/graziamagazine.com\/mx\/wp-content\/uploads\/sites\/13\/2025\/07\/Captura-de-Pantalla-2025-07-08-a-las-12.47.53.png\" alt=\"\" width=\"806\" height=\"1234\" \/><\/div>\n<\/figure>\n<figure class=\"gallery-item\">\n<div class=\"gallery-icon landscape\"><img loading=\"lazy\" decoding=\"async\" class=\"lazy\" src=\"https:\/\/graziamagazine.com\/mx\/wp-content\/uploads\/sites\/13\/2025\/07\/Captura-de-Pantalla-2025-07-08-a-las-12.47.59.png\" alt=\"\" width=\"806\" height=\"1234\" \/><\/div>\n<\/figure>\n<figure class=\"gallery-item\">\n<div class=\"gallery-icon landscape\"><img loading=\"lazy\" decoding=\"async\" class=\"lazy\" src=\"https:\/\/graziamagazine.com\/mx\/wp-content\/uploads\/sites\/13\/2025\/07\/Captura-de-Pantalla-2025-07-08-a-las-12.48.05.png\" alt=\"\" width=\"806\" height=\"1234\" \/><\/div>\n<\/figure>\n<figure class=\"gallery-item\">\n<div class=\"gallery-icon landscape\"><img loading=\"lazy\" decoding=\"async\" class=\"lazy\" src=\"https:\/\/graziamagazine.com\/mx\/wp-content\/uploads\/sites\/13\/2025\/07\/Captura-de-Pantalla-2025-07-08-a-las-12.48.12.png\" alt=\"\" width=\"806\" height=\"1234\" \/><\/div>\n<\/figure>\n<figure class=\"gallery-item\">\n<div class=\"gallery-icon landscape\"><img loading=\"lazy\" decoding=\"async\" class=\"lazy\" src=\"https:\/\/graziamagazine.com\/mx\/wp-content\/uploads\/sites\/13\/2025\/07\/Captura-de-Pantalla-2025-07-08-a-las-12.48.17.png\" alt=\"\" width=\"806\" height=\"1234\" \/><\/div>\n<\/figure>\n<figure class=\"gallery-item\">\n<div class=\"gallery-icon landscape\"><img loading=\"lazy\" decoding=\"async\" class=\"lazy\" src=\"https:\/\/graziamagazine.com\/mx\/wp-content\/uploads\/sites\/13\/2025\/07\/Captura-de-Pantalla-2025-07-08-a-las-12.48.22.png\" alt=\"\" width=\"806\" height=\"1234\" \/><\/div>\n<\/figure>\n<figure class=\"gallery-item\">\n<div class=\"gallery-icon landscape\"><img loading=\"lazy\" decoding=\"async\" class=\"lazy\" src=\"https:\/\/graziamagazine.com\/mx\/wp-content\/uploads\/sites\/13\/2025\/07\/Captura-de-Pantalla-2025-07-08-a-las-12.48.30.png\" alt=\"\" width=\"806\" height=\"1234\" \/><\/div>\n<\/figure>\n<\/div>\n<\/div>\n<p data-start=\"2241\" data-end=\"2603\">En tiempos donde lo estridente domina, Armani opta por el susurro, por la elegancia que perdura, por el lujo que no se ostenta, sino que se respira.<\/p>\n<p data-start=\"2605\" data-end=\"2860\">Desde Par\u00eds,<strong data-start=\"2618\" data-end=\"2642\">\u00a0Armani Priv\u00e9<\/strong> nos ofreci\u00f3 una lecci\u00f3n de maestr\u00eda, una invitaci\u00f3n a redescubrir el valor de lo sutil. En cada tela, en cada forma, se escond\u00eda una afirmaci\u00f3n serena: el verdadero poder est\u00e1 en la elegancia que no necesita palabras.<\/p>\n<p data-start=\"2605\" data-end=\"2860\"><em>*Im\u00e1genes: cortes\u00eda<\/em><\/p>\n","protected":false},"author":16349,"featured_media":186230,"template":"","format":"standard","categories":[1],"acf":[],"yoast_head":"<!-- This site is optimized with the Yoast SEO Premium plugin v18.5 (Yoast SEO v20.4) - https:\/\/yoast.com\/wordpress\/plugins\/seo\/ -->\n<title>Armani Priv\u00e9: Colecci\u00f3n Alta Costura Oto\u00f1o\/Invierno 2025\u20132026<\/title>\n<meta name=\"description\" content=\"Una colecci\u00f3n nocturna que celebra el misterio, el brillo sutil y el arte de vestir con precisi\u00f3n y sensualidad contenida.\" \/>\n<meta name=\"robots\" content=\"index, follow, max-snippet:-1, max-image-preview:large, max-video-preview:-1\" \/>\n<link rel=\"canonical\" href=\"https:\/\/graziamagazine.com\/es\/articles\/armani-prive-coleccion-alta-costura-otono-invierno-2025-2026\/\" \/>\n<meta property=\"og:locale\" content=\"es_ES\" \/>\n<meta property=\"og:type\" content=\"article\" \/>\n<meta property=\"og:title\" content=\"Armani Priv\u00e9: Colecci\u00f3n Alta Costura Oto\u00f1o\/Invierno 2025\u20132026\" \/>\n<meta property=\"og:description\" content=\"Una colecci\u00f3n nocturna que celebra el misterio, el brillo sutil y el arte de vestir con precisi\u00f3n y sensualidad contenida.\" \/>\n<meta property=\"og:url\" content=\"https:\/\/graziamagazine.com\/es\/articles\/armani-prive-coleccion-alta-costura-otono-invierno-2025-2026\/\" \/>\n<meta property=\"og:site_name\" content=\"Grazia\" \/>\n<meta property=\"og:image\" content=\"https:\/\/graziamagazine.com\/es\/wp-content\/uploads\/sites\/12\/2025\/07\/Captura-de-Pantalla-2025-07-08-a-las-12.48.36-e1752001194832.png\" \/>\n\t<meta property=\"og:image:width\" content=\"806\" \/>\n\t<meta property=\"og:image:height\" content=\"534\" \/>\n\t<meta property=\"og:image:type\" content=\"image\/png\" \/>\n<meta name=\"twitter:card\" content=\"summary_large_image\" \/>\n<meta name=\"twitter:label1\" content=\"Est. reading time\" \/>\n\t<meta name=\"twitter:data1\" content=\"7 minutos\" \/>\n<script type=\"application\/ld+json\" class=\"yoast-schema-graph\">{\"@context\":\"https:\/\/schema.org\",\"@graph\":[{\"@type\":\"WebPage\",\"@id\":\"https:\/\/graziamagazine.com\/es\/articles\/armani-prive-coleccion-alta-costura-otono-invierno-2025-2026\/\",\"url\":\"https:\/\/graziamagazine.com\/es\/articles\/armani-prive-coleccion-alta-costura-otono-invierno-2025-2026\/\",\"name\":\"Armani Priv\u00e9: Colecci\u00f3n Alta Costura Oto\u00f1o\/Invierno 2025\u20132026\",\"isPartOf\":{\"@id\":\"https:\/\/graziamagazine.com\/es\/#website\"},\"datePublished\":\"2025-07-08T21:30:48+00:00\",\"dateModified\":\"2025-07-08T21:30:48+00:00\",\"description\":\"Una colecci\u00f3n nocturna que celebra el misterio, el brillo sutil y el arte de vestir con precisi\u00f3n y sensualidad contenida.\",\"breadcrumb\":{\"@id\":\"https:\/\/graziamagazine.com\/es\/articles\/armani-prive-coleccion-alta-costura-otono-invierno-2025-2026\/#breadcrumb\"},\"inLanguage\":\"es\",\"potentialAction\":[{\"@type\":\"ReadAction\",\"target\":[\"https:\/\/graziamagazine.com\/es\/articles\/armani-prive-coleccion-alta-costura-otono-invierno-2025-2026\/\"]}]},{\"@type\":\"BreadcrumbList\",\"@id\":\"https:\/\/graziamagazine.com\/es\/articles\/armani-prive-coleccion-alta-costura-otono-invierno-2025-2026\/#breadcrumb\",\"itemListElement\":[{\"@type\":\"ListItem\",\"position\":1,\"name\":\"Portada\",\"item\":\"https:\/\/graziamagazine.com\/es\/\"},{\"@type\":\"ListItem\",\"position\":2,\"name\":\"Armani Priv\u00e9: Colecci\u00f3n Alta Costura Oto\u00f1o\/Invierno 2025\u20132026\"}]},{\"@type\":\"WebSite\",\"@id\":\"https:\/\/graziamagazine.com\/es\/#website\",\"url\":\"https:\/\/graziamagazine.com\/es\/\",\"name\":\"Grazia\",\"description\":\"Moda, belleza, celebrities, estilo de vida...\",\"potentialAction\":[{\"@type\":\"SearchAction\",\"target\":{\"@type\":\"EntryPoint\",\"urlTemplate\":\"https:\/\/graziamagazine.com\/es\/?s={search_term_string}\"},\"query-input\":\"required name=search_term_string\"}],\"inLanguage\":\"es\"}]}<\/script>\n<!-- \/ Yoast SEO Premium plugin. -->","yoast_head_json":{"title":"Armani Priv\u00e9: Colecci\u00f3n Alta Costura Oto\u00f1o\/Invierno 2025\u20132026","description":"Una colecci\u00f3n nocturna que celebra el misterio, el brillo sutil y el arte de vestir con precisi\u00f3n y sensualidad contenida.","robots":{"index":"index","follow":"follow","max-snippet":"max-snippet:-1","max-image-preview":"max-image-preview:large","max-video-preview":"max-video-preview:-1"},"canonical":"https:\/\/graziamagazine.com\/es\/articles\/armani-prive-coleccion-alta-costura-otono-invierno-2025-2026\/","og_locale":"es_ES","og_type":"article","og_title":"Armani Priv\u00e9: Colecci\u00f3n Alta Costura Oto\u00f1o\/Invierno 2025\u20132026","og_description":"Una colecci\u00f3n nocturna que celebra el misterio, el brillo sutil y el arte de vestir con precisi\u00f3n y sensualidad contenida.","og_url":"https:\/\/graziamagazine.com\/es\/articles\/armani-prive-coleccion-alta-costura-otono-invierno-2025-2026\/","og_site_name":"Grazia","og_image":[{"width":806,"height":534,"url":"https:\/\/graziamagazine.com\/es\/wp-content\/uploads\/sites\/12\/2025\/07\/Captura-de-Pantalla-2025-07-08-a-las-12.48.36-e1752001194832.png","type":"image\/png"}],"twitter_card":"summary_large_image","twitter_misc":{"Est. reading time":"7 minutos"},"schema":{"@context":"https:\/\/schema.org","@graph":[{"@type":"WebPage","@id":"https:\/\/graziamagazine.com\/es\/articles\/armani-prive-coleccion-alta-costura-otono-invierno-2025-2026\/","url":"https:\/\/graziamagazine.com\/es\/articles\/armani-prive-coleccion-alta-costura-otono-invierno-2025-2026\/","name":"Armani Priv\u00e9: Colecci\u00f3n Alta Costura Oto\u00f1o\/Invierno 2025\u20132026","isPartOf":{"@id":"https:\/\/graziamagazine.com\/es\/#website"},"datePublished":"2025-07-08T21:30:48+00:00","dateModified":"2025-07-08T21:30:48+00:00","description":"Una colecci\u00f3n nocturna que celebra el misterio, el brillo sutil y el arte de vestir con precisi\u00f3n y sensualidad contenida.","breadcrumb":{"@id":"https:\/\/graziamagazine.com\/es\/articles\/armani-prive-coleccion-alta-costura-otono-invierno-2025-2026\/#breadcrumb"},"inLanguage":"es","potentialAction":[{"@type":"ReadAction","target":["https:\/\/graziamagazine.com\/es\/articles\/armani-prive-coleccion-alta-costura-otono-invierno-2025-2026\/"]}]},{"@type":"BreadcrumbList","@id":"https:\/\/graziamagazine.com\/es\/articles\/armani-prive-coleccion-alta-costura-otono-invierno-2025-2026\/#breadcrumb","itemListElement":[{"@type":"ListItem","position":1,"name":"Portada","item":"https:\/\/graziamagazine.com\/es\/"},{"@type":"ListItem","position":2,"name":"Armani Priv\u00e9: Colecci\u00f3n Alta Costura Oto\u00f1o\/Invierno 2025\u20132026"}]},{"@type":"WebSite","@id":"https:\/\/graziamagazine.com\/es\/#website","url":"https:\/\/graziamagazine.com\/es\/","name":"Grazia","description":"Moda, belleza, celebrities, estilo de vida...","potentialAction":[{"@type":"SearchAction","target":{"@type":"EntryPoint","urlTemplate":"https:\/\/graziamagazine.com\/es\/?s={search_term_string}"},"query-input":"required name=search_term_string"}],"inLanguage":"es"}]}},"jetpack_sharing_enabled":true,"distributor_meta":false,"distributor_terms":false,"distributor_media":false,"distributor_original_site_name":"Grazia","distributor_original_site_url":"https:\/\/graziamagazine.com\/es","push-errors":false,"_links":{"self":[{"href":"https:\/\/graziamagazine.com\/es\/wp-json\/wp\/v2\/articles\/186229"}],"collection":[{"href":"https:\/\/graziamagazine.com\/es\/wp-json\/wp\/v2\/articles"}],"about":[{"href":"https:\/\/graziamagazine.com\/es\/wp-json\/wp\/v2\/types\/articles"}],"author":[{"embeddable":true,"href":"https:\/\/graziamagazine.com\/es\/wp-json\/wp\/v2\/users\/16349"}],"wp:featuredmedia":[{"embeddable":true,"href":"https:\/\/graziamagazine.com\/es\/wp-json\/wp\/v2\/media\/186230"}],"wp:attachment":[{"href":"https:\/\/graziamagazine.com\/es\/wp-json\/wp\/v2\/media?parent=186229"}],"wp:term":[{"taxonomy":"category","embeddable":true,"href":"https:\/\/graziamagazine.com\/es\/wp-json\/wp\/v2\/categories?post=186229"}],"curies":[{"name":"wp","href":"https:\/\/api.w.org\/{rel}","templated":true}]}}