{"id":186191,"date":"2025-07-07T12:49:46","date_gmt":"2025-07-07T10:49:46","guid":{"rendered":"https:\/\/graziamagazine.com\/es\/?post_type=articles&#038;p=186191"},"modified":"2025-07-07T12:49:46","modified_gmt":"2025-07-07T10:49:46","slug":"dyson-revoluciona-el-peinado-con-el-nuevo-airwrap-co-anda-2x","status":"publish","type":"articles","link":"https:\/\/graziamagazine.com\/es\/articles\/dyson-revoluciona-el-peinado-con-el-nuevo-airwrap-co-anda-2x\/","title":{"rendered":"Dyson revoluciona el peinado con el nuevo Airwrap Co-anda 2x\u2122"},"content":{"rendered":"<p><strong>Rizar, alisar, secar, dar volumen\u2026 y hacerlo todo con precisi\u00f3n, sin calor extremo ni drama capilar.<\/strong> Esa es la promesa (y el logro) del nuevo <strong>Dyson Airwrap Co-anda 2x\u2122<\/strong>, el moldeador multifunci\u00f3n que acaba de aterrizar con la fuerza de un secador de alto rendimiento y el alma de un estilista profesional.<\/p>\n<p>Este dispositivo de nueva generaci\u00f3n no es solo una evoluci\u00f3n: es una revoluci\u00f3n silenciosa que escucha a tu cabello. Con motor redise\u00f1ado, tecnolog\u00eda inteligente y una ergonom\u00eda repensada, Dyson vuelve a confirmar por qu\u00e9 es la firma que ha elevado los est\u00e1ndares del beauty tech.<\/p>\n<h3>Un motor que piensa como t\u00fa (y va a 150.000 rpm)<\/h3>\n<p>En el coraz\u00f3n del nuevo Airwrap Co-anda 2x\u2122 vive el <strong>motor Hyperdymium\u2122 2<\/strong>, capaz de girar a 150.000 revoluciones por minuto. \u00bfTraducci\u00f3n beauty? M\u00e1s potencia de succi\u00f3n, m\u00e1s velocidad de secado y un moldeado m\u00e1s eficaz\u2026 <strong>sin calor extremo.<\/strong><\/p>\n<p>Porque s\u00ed, se acab\u00f3 elegir entre alisado pulido y rizos bien definidos: este nuevo dispositivo lo hace todo, en tiempo r\u00e9cord y respetando la salud del cabello.<\/p>\n<p><img loading=\"lazy\" decoding=\"async\" class=\"aligncenter size-full wp-image-186193\" src=\"https:\/\/graziamagazine.com\/es\/wp-content\/uploads\/sites\/12\/2025\/07\/dd331a2b-be66-a085-09a9-6647a3e8500b-scaled.jpg\" alt=\"\" width=\"2560\" height=\"2560\" srcset=\"https:\/\/graziamagazine.com\/es\/wp-content\/uploads\/sites\/12\/2025\/07\/dd331a2b-be66-a085-09a9-6647a3e8500b-scaled.jpg 2560w, https:\/\/graziamagazine.com\/es\/wp-content\/uploads\/sites\/12\/2025\/07\/dd331a2b-be66-a085-09a9-6647a3e8500b-300x300.jpg 300w, https:\/\/graziamagazine.com\/es\/wp-content\/uploads\/sites\/12\/2025\/07\/dd331a2b-be66-a085-09a9-6647a3e8500b-1024x1024.jpg 1024w, https:\/\/graziamagazine.com\/es\/wp-content\/uploads\/sites\/12\/2025\/07\/dd331a2b-be66-a085-09a9-6647a3e8500b-150x150.jpg 150w, https:\/\/graziamagazine.com\/es\/wp-content\/uploads\/sites\/12\/2025\/07\/dd331a2b-be66-a085-09a9-6647a3e8500b-768x768.jpg 768w, https:\/\/graziamagazine.com\/es\/wp-content\/uploads\/sites\/12\/2025\/07\/dd331a2b-be66-a085-09a9-6647a3e8500b-1536x1536.jpg 1536w, https:\/\/graziamagazine.com\/es\/wp-content\/uploads\/sites\/12\/2025\/07\/dd331a2b-be66-a085-09a9-6647a3e8500b-2048x2048.jpg 2048w, https:\/\/graziamagazine.com\/es\/wp-content\/uploads\/sites\/12\/2025\/07\/dd331a2b-be66-a085-09a9-6647a3e8500b-400x400.jpg 400w, https:\/\/graziamagazine.com\/es\/wp-content\/uploads\/sites\/12\/2025\/07\/dd331a2b-be66-a085-09a9-6647a3e8500b-155x155.jpg 155w\" sizes=\"(max-width: 2560px) 100vw, 2560px\" \/><\/p>\n<p><em><span data-olk-copy-source=\"MessageBody\">\u201c<span class=\"markxp1rcywli\" data-markjs=\"true\" data-ogac=\"\" data-ogab=\"\" data-ogsc=\"\" data-ogsb=\"\">Dyson<\/span>\u00a0ha desarrollado un nuevo motor para el Airwrap Co-anda 2x\u2122, que gira a 150.000 rpm, generando el\u00a0<\/span><\/em><i>doble de presi\u00f3n del aire, un secado m\u00e1s r\u00e1pido y menos da\u00f1o por calor<\/i><em>. La alta presi\u00f3n crea ondas m\u00e1s duraderas o alisados m\u00e1s definidos. Los moldeadores tradicionales pueden da\u00f1ar el cabello, pero en\u00a0<span class=\"markxp1rcywli\" data-markjs=\"true\" data-ogac=\"\" data-ogab=\"\" data-ogsc=\"\" data-ogsb=\"\">Dyson<\/span>\u00a0siempre nos hemos centrado en\u00a0<\/em><i>desarrollar herramientas que protejan la salud capilar y mejoren su aspecto<\/i><em> sin comprometer la precisi\u00f3n ni el rendimiento\u00bb , <\/em>afirma James\u00a0<span class=\"markxp1rcywli\" data-markjs=\"true\" data-ogac=\"\" data-ogab=\"\" data-ogsc=\"\" data-ogsb=\"\">Dyson<\/span>, fundador y jefe de ingenier\u00eda.<\/p>\n<h3>Tecnolog\u00eda que se anticipa a ti<\/h3>\n<p>Entre los grandes avances, destaca su sistema de sensores y chips inteligentes:<\/p>\n<ul>\n<li><strong>Identificaci\u00f3n por radiofrecuencia (RFID):<\/strong> cada accesorio se comunica con el aparato para ajustar autom\u00e1ticamente el flujo de aire y la temperatura.<\/li>\n<li><strong>i.d. curl\u2122:<\/strong> la funci\u00f3n estrella para crear rizos u ondas con una secuencia automatizada de cuatro pasos. T\u00fa solo eliges el mech\u00f3n, el resto lo hace \u00e9l.<\/li>\n<li><strong>Control t\u00e9rmico 1000x por segundo:<\/strong> gracias a sus termistores, el Airwrap mantiene una temperatura constante que <strong>evita da\u00f1os por calor<\/strong>.<\/li>\n<\/ul>\n<p>\u00bfEl resultado? Peinados que duran, cabello que se siente sano y una experiencia de uso que roza lo intuitivo.<\/p>\n<h3>Accesorios dise\u00f1ados por y para el cabello real<\/h3>\n<p>Este nuevo Airwrap viene acompa\u00f1ado de <strong>nueve accesorios de styling<\/strong>, divididos en dos sets seg\u00fan tipo de cabello:<\/p>\n<h4>Para cabellos lisos y ondulados:<\/h4>\n<ul>\n<li>Accesorios moldeadores Coanda2x\u2122 de 30 mm y 40 mm<\/li>\n<li>Cepillo anti-enredos 2x<\/li>\n<li>Cepillo redondo voluminizador<\/li>\n<li>AirSmooth2x\u2122 para alisado profesional<\/li>\n<li>Boquilla de secado r\u00e1pido<\/li>\n<\/ul>\n<p><img loading=\"lazy\" decoding=\"async\" class=\"aligncenter size-full wp-image-186195\" src=\"https:\/\/graziamagazine.com\/es\/wp-content\/uploads\/sites\/12\/2025\/07\/Moldeador-multifuncio\u0301n--scaled.jpg\" alt=\"\" width=\"1806\" height=\"2560\" srcset=\"https:\/\/graziamagazine.com\/es\/wp-content\/uploads\/sites\/12\/2025\/07\/Moldeador-multifuncio\u0301n--scaled.jpg 1806w, https:\/\/graziamagazine.com\/es\/wp-content\/uploads\/sites\/12\/2025\/07\/Moldeador-multifuncio\u0301n--212x300.jpg 212w, https:\/\/graziamagazine.com\/es\/wp-content\/uploads\/sites\/12\/2025\/07\/Moldeador-multifuncio\u0301n--722x1024.jpg 722w, https:\/\/graziamagazine.com\/es\/wp-content\/uploads\/sites\/12\/2025\/07\/Moldeador-multifuncio\u0301n--768x1089.jpg 768w, https:\/\/graziamagazine.com\/es\/wp-content\/uploads\/sites\/12\/2025\/07\/Moldeador-multifuncio\u0301n--1084x1536.jpg 1084w, https:\/\/graziamagazine.com\/es\/wp-content\/uploads\/sites\/12\/2025\/07\/Moldeador-multifuncio\u0301n--1445x2048.jpg 1445w, https:\/\/graziamagazine.com\/es\/wp-content\/uploads\/sites\/12\/2025\/07\/Moldeador-multifuncio\u0301n--400x567.jpg 400w, https:\/\/graziamagazine.com\/es\/wp-content\/uploads\/sites\/12\/2025\/07\/Moldeador-multifuncio\u0301n--152x215.jpg 152w\" sizes=\"(max-width: 1806px) 100vw, 1806px\" \/><\/p>\n<h4>Para cabellos rizados y muy rizados:<\/h4>\n<ul>\n<li>Peine de p\u00faas anchas 2x<\/li>\n<li>Difusor Wave+Curl 2x<\/li>\n<li>Cepillos espec\u00edficos para volumen y definici\u00f3n<\/li>\n<li>Accesorios moldeadores adaptados a textura y densidad<\/li>\n<\/ul>\n<p>Todos dise\u00f1ados para sacar el m\u00e1ximo partido al <strong>nuevo flujo de aire Coanda 2x<\/strong>, m\u00e1s potente y preciso, capaz de respetar la fibra capilar incluso en los cabellos m\u00e1s delicados.<\/p>\n<p><img loading=\"lazy\" decoding=\"async\" class=\"aligncenter size-full wp-image-186197\" src=\"https:\/\/graziamagazine.com\/es\/wp-content\/uploads\/sites\/12\/2025\/07\/Captura-de-pantalla-2025-07-07-a-las-12.48.15-e1751885324766.png\" alt=\"\" width=\"1314\" height=\"490\" srcset=\"https:\/\/graziamagazine.com\/es\/wp-content\/uploads\/sites\/12\/2025\/07\/Captura-de-pantalla-2025-07-07-a-las-12.48.15-e1751885324766.png 1314w, https:\/\/graziamagazine.com\/es\/wp-content\/uploads\/sites\/12\/2025\/07\/Captura-de-pantalla-2025-07-07-a-las-12.48.15-e1751885324766-300x112.png 300w, https:\/\/graziamagazine.com\/es\/wp-content\/uploads\/sites\/12\/2025\/07\/Captura-de-pantalla-2025-07-07-a-las-12.48.15-e1751885324766-1024x382.png 1024w, https:\/\/graziamagazine.com\/es\/wp-content\/uploads\/sites\/12\/2025\/07\/Captura-de-pantalla-2025-07-07-a-las-12.48.15-e1751885324766-400x149.png 400w, https:\/\/graziamagazine.com\/es\/wp-content\/uploads\/sites\/12\/2025\/07\/Captura-de-pantalla-2025-07-07-a-las-12.48.15-e1751885324766-155x58.png 155w, https:\/\/graziamagazine.com\/es\/wp-content\/uploads\/sites\/12\/2025\/07\/Captura-de-pantalla-2025-07-07-a-las-12.48.15-e1751885324766-768x286.png 768w\" sizes=\"(max-width: 1314px) 100vw, 1314px\" \/><\/p>\n<p class=\"x_MsoNormal\"><strong><span data-olk-copy-source=\"MessageBody\">Cepillo anti-enredos 2x\u00a0<\/span><\/strong><\/p>\n<p class=\"x_MsoNormal\">Un acabado m\u00e1s suave y uniforme para todo tipo de cabellos, gracias a sus p\u00faas patentadas, que reducen los tirones y mejoran la comodidad al entrar en contacto con el cuero cabelludo. Adem\u00e1s, estas nuevas p\u00faas con forma de gancho permiten que otra fila de p\u00faas exteriores recoja el cabello para un mayor control cerca de la ra\u00edz.<\/p>\n<p><img loading=\"lazy\" decoding=\"async\" class=\"aligncenter size-full wp-image-186194\" src=\"https:\/\/graziamagazine.com\/es\/wp-content\/uploads\/sites\/12\/2025\/07\/Moldeador-multifuncio\u0301n-y-secador-Dyson-Airwrap-Co-anda-2x\u2122-34-copia-scaled.jpeg\" alt=\"\" width=\"1828\" height=\"2560\" srcset=\"https:\/\/graziamagazine.com\/es\/wp-content\/uploads\/sites\/12\/2025\/07\/Moldeador-multifuncio\u0301n-y-secador-Dyson-Airwrap-Co-anda-2x\u2122-34-copia-scaled.jpeg 1828w, https:\/\/graziamagazine.com\/es\/wp-content\/uploads\/sites\/12\/2025\/07\/Moldeador-multifuncio\u0301n-y-secador-Dyson-Airwrap-Co-anda-2x\u2122-34-copia-214x300.jpeg 214w, https:\/\/graziamagazine.com\/es\/wp-content\/uploads\/sites\/12\/2025\/07\/Moldeador-multifuncio\u0301n-y-secador-Dyson-Airwrap-Co-anda-2x\u2122-34-copia-731x1024.jpeg 731w, https:\/\/graziamagazine.com\/es\/wp-content\/uploads\/sites\/12\/2025\/07\/Moldeador-multifuncio\u0301n-y-secador-Dyson-Airwrap-Co-anda-2x\u2122-34-copia-768x1076.jpeg 768w, https:\/\/graziamagazine.com\/es\/wp-content\/uploads\/sites\/12\/2025\/07\/Moldeador-multifuncio\u0301n-y-secador-Dyson-Airwrap-Co-anda-2x\u2122-34-copia-1097x1536.jpeg 1097w, https:\/\/graziamagazine.com\/es\/wp-content\/uploads\/sites\/12\/2025\/07\/Moldeador-multifuncio\u0301n-y-secador-Dyson-Airwrap-Co-anda-2x\u2122-34-copia-1462x2048.jpeg 1462w, https:\/\/graziamagazine.com\/es\/wp-content\/uploads\/sites\/12\/2025\/07\/Moldeador-multifuncio\u0301n-y-secador-Dyson-Airwrap-Co-anda-2x\u2122-34-copia-400x560.jpeg 400w\" sizes=\"(max-width: 1828px) 100vw, 1828px\" \/><\/p>\n<h3>Tecnolog\u00eda s\u00ed, pero con coraz\u00f3n capilar<\/h3>\n<p>M\u00e1s all\u00e1 de las cifras y sensores, lo que importa es que <strong>este nuevo Airwrap cuida la textura natural del cabello<\/strong>. No la anula, la embellece. No lo castiga, lo transforma.<\/p>\n<p>Y por si fuera poco, Dyson lo acompa\u00f1a con su l\u00ednea <strong>Chitosan\u2122<\/strong>, formulada para potenciar los resultados y prolongar el peinado. S\u00ed, es cosm\u00e9tica con base cient\u00edfica: desarrollada con tecnolog\u00eda Triodetic\u2122 y derivada de hongos ostra. Natural, pero poderosa.<\/p>\n<p>El Dyson Airwrap Co-anda 2x\u2122 no es solo un moldeador: es <strong>una herramienta de belleza de nueva generaci\u00f3n<\/strong>. Con inteligencia integrada, precisi\u00f3n milim\u00e9trica y respeto total por tu melena, promete convertir cualquier rutina de peinado en un momento de sal\u00f3n, sin salir de casa.<\/p>\n<p><img loading=\"lazy\" decoding=\"async\" class=\"aligncenter size-full wp-image-186196\" src=\"https:\/\/graziamagazine.com\/es\/wp-content\/uploads\/sites\/12\/2025\/07\/Captura-de-pantalla-2025-07-07-a-las-12.47.12.png\" alt=\"\" width=\"1072\" height=\"690\" srcset=\"https:\/\/graziamagazine.com\/es\/wp-content\/uploads\/sites\/12\/2025\/07\/Captura-de-pantalla-2025-07-07-a-las-12.47.12.png 1072w, https:\/\/graziamagazine.com\/es\/wp-content\/uploads\/sites\/12\/2025\/07\/Captura-de-pantalla-2025-07-07-a-las-12.47.12-300x193.png 300w, https:\/\/graziamagazine.com\/es\/wp-content\/uploads\/sites\/12\/2025\/07\/Captura-de-pantalla-2025-07-07-a-las-12.47.12-1024x659.png 1024w, https:\/\/graziamagazine.com\/es\/wp-content\/uploads\/sites\/12\/2025\/07\/Captura-de-pantalla-2025-07-07-a-las-12.47.12-768x494.png 768w, https:\/\/graziamagazine.com\/es\/wp-content\/uploads\/sites\/12\/2025\/07\/Captura-de-pantalla-2025-07-07-a-las-12.47.12-400x257.png 400w, https:\/\/graziamagazine.com\/es\/wp-content\/uploads\/sites\/12\/2025\/07\/Captura-de-pantalla-2025-07-07-a-las-12.47.12-155x100.png 155w\" sizes=\"(max-width: 1072px) 100vw, 1072px\" \/><\/p>\n<p>Si alguna vez so\u00f1aste con tener un estilista silencioso que se adaptara a ti\u2026 ahora tiene nombre (y color de edici\u00f3n limitada).<\/p>\n<p>Disponible desde el <strong>8 de septiembre<\/strong>, el nuevo Airwrap Co-anda 2x\u2122 llega en dos tonos irresistibles, por un lado el\u00a0<strong>Ceramic Pink y por otro\u00a0<\/strong><strong>Jasper Plum<\/strong> (exclusivo en dyson.es y Dyson Demo Stores). Lo encontrar\u00e1s en <strong>La Maquinista, Las Rozas Village y La Roca Village y su precio ser\u00e1 de 649 euros.\u00a0<\/strong><\/p>\n<p><em>*Im\u00e1genes: cortes\u00eda<\/em><\/p>\n","protected":false},"author":11653,"featured_media":186192,"template":"","format":"standard","categories":[7],"acf":[],"yoast_head":"<!-- This site is optimized with the Yoast SEO Premium plugin v18.5 (Yoast SEO v20.4) - https:\/\/yoast.com\/wordpress\/plugins\/seo\/ -->\n<title>Dyson revoluciona el peinado con el nuevo Airwrap Co-anda 2x\u2122<\/title>\n<meta name=\"description\" content=\"Con el doble de presi\u00f3n del aire gracias a un nuevo motor, para ondas y rizos mejor definidos, un secado m\u00e1s r\u00e1pido y un alisado m\u00e1s eficaz.\" \/>\n<meta name=\"robots\" content=\"index, follow, max-snippet:-1, max-image-preview:large, max-video-preview:-1\" \/>\n<link rel=\"canonical\" href=\"https:\/\/graziamagazine.com\/es\/articles\/dyson-revoluciona-el-peinado-con-el-nuevo-airwrap-co-anda-2x\/\" \/>\n<meta property=\"og:locale\" content=\"es_ES\" \/>\n<meta property=\"og:type\" content=\"article\" \/>\n<meta property=\"og:title\" content=\"Dyson revoluciona el peinado con el nuevo Airwrap Co-anda 2x\u2122\" \/>\n<meta property=\"og:description\" content=\"Con el doble de presi\u00f3n del aire gracias a un nuevo motor, para ondas y rizos mejor definidos, un secado m\u00e1s r\u00e1pido y un alisado m\u00e1s eficaz.\" \/>\n<meta property=\"og:url\" content=\"https:\/\/graziamagazine.com\/es\/articles\/dyson-revoluciona-el-peinado-con-el-nuevo-airwrap-co-anda-2x\/\" \/>\n<meta property=\"og:site_name\" content=\"Grazia\" \/>\n<meta property=\"og:image\" content=\"https:\/\/graziamagazine.com\/es\/wp-content\/uploads\/sites\/12\/2025\/07\/Moldeador-multifuncio\u0301n-y-secador-Dyson-Airwrap-Co-anda-2x\u2122-33-copia-scaled-e1751884633296.jpeg\" \/>\n\t<meta property=\"og:image:width\" content=\"1774\" \/>\n\t<meta property=\"og:image:height\" content=\"1578\" \/>\n\t<meta property=\"og:image:type\" content=\"image\/jpeg\" \/>\n<meta name=\"twitter:card\" content=\"summary_large_image\" \/>\n<meta name=\"twitter:label1\" content=\"Est. reading time\" \/>\n\t<meta name=\"twitter:data1\" content=\"5 minutos\" \/>\n<script type=\"application\/ld+json\" class=\"yoast-schema-graph\">{\"@context\":\"https:\/\/schema.org\",\"@graph\":[{\"@type\":\"WebPage\",\"@id\":\"https:\/\/graziamagazine.com\/es\/articles\/dyson-revoluciona-el-peinado-con-el-nuevo-airwrap-co-anda-2x\/\",\"url\":\"https:\/\/graziamagazine.com\/es\/articles\/dyson-revoluciona-el-peinado-con-el-nuevo-airwrap-co-anda-2x\/\",\"name\":\"Dyson revoluciona el peinado con el nuevo Airwrap Co-anda 2x\u2122\",\"isPartOf\":{\"@id\":\"https:\/\/graziamagazine.com\/es\/#website\"},\"datePublished\":\"2025-07-07T10:49:46+00:00\",\"dateModified\":\"2025-07-07T10:49:46+00:00\",\"description\":\"Con el doble de presi\u00f3n del aire gracias a un nuevo motor, para ondas y rizos mejor definidos, un secado m\u00e1s r\u00e1pido y un alisado m\u00e1s eficaz.\",\"breadcrumb\":{\"@id\":\"https:\/\/graziamagazine.com\/es\/articles\/dyson-revoluciona-el-peinado-con-el-nuevo-airwrap-co-anda-2x\/#breadcrumb\"},\"inLanguage\":\"es\",\"potentialAction\":[{\"@type\":\"ReadAction\",\"target\":[\"https:\/\/graziamagazine.com\/es\/articles\/dyson-revoluciona-el-peinado-con-el-nuevo-airwrap-co-anda-2x\/\"]}]},{\"@type\":\"BreadcrumbList\",\"@id\":\"https:\/\/graziamagazine.com\/es\/articles\/dyson-revoluciona-el-peinado-con-el-nuevo-airwrap-co-anda-2x\/#breadcrumb\",\"itemListElement\":[{\"@type\":\"ListItem\",\"position\":1,\"name\":\"Portada\",\"item\":\"https:\/\/graziamagazine.com\/es\/\"},{\"@type\":\"ListItem\",\"position\":2,\"name\":\"Dyson revoluciona el peinado con el nuevo Airwrap Co-anda 2x\u2122\"}]},{\"@type\":\"WebSite\",\"@id\":\"https:\/\/graziamagazine.com\/es\/#website\",\"url\":\"https:\/\/graziamagazine.com\/es\/\",\"name\":\"Grazia\",\"description\":\"Moda, belleza, celebrities, estilo de vida...\",\"potentialAction\":[{\"@type\":\"SearchAction\",\"target\":{\"@type\":\"EntryPoint\",\"urlTemplate\":\"https:\/\/graziamagazine.com\/es\/?s={search_term_string}\"},\"query-input\":\"required name=search_term_string\"}],\"inLanguage\":\"es\"}]}<\/script>\n<!-- \/ Yoast SEO Premium plugin. -->","yoast_head_json":{"title":"Dyson revoluciona el peinado con el nuevo Airwrap Co-anda 2x\u2122","description":"Con el doble de presi\u00f3n del aire gracias a un nuevo motor, para ondas y rizos mejor definidos, un secado m\u00e1s r\u00e1pido y un alisado m\u00e1s eficaz.","robots":{"index":"index","follow":"follow","max-snippet":"max-snippet:-1","max-image-preview":"max-image-preview:large","max-video-preview":"max-video-preview:-1"},"canonical":"https:\/\/graziamagazine.com\/es\/articles\/dyson-revoluciona-el-peinado-con-el-nuevo-airwrap-co-anda-2x\/","og_locale":"es_ES","og_type":"article","og_title":"Dyson revoluciona el peinado con el nuevo Airwrap Co-anda 2x\u2122","og_description":"Con el doble de presi\u00f3n del aire gracias a un nuevo motor, para ondas y rizos mejor definidos, un secado m\u00e1s r\u00e1pido y un alisado m\u00e1s eficaz.","og_url":"https:\/\/graziamagazine.com\/es\/articles\/dyson-revoluciona-el-peinado-con-el-nuevo-airwrap-co-anda-2x\/","og_site_name":"Grazia","og_image":[{"width":1774,"height":1578,"url":"https:\/\/graziamagazine.com\/es\/wp-content\/uploads\/sites\/12\/2025\/07\/Moldeador-multifuncio\u0301n-y-secador-Dyson-Airwrap-Co-anda-2x\u2122-33-copia-scaled-e1751884633296.jpeg","type":"image\/jpeg"}],"twitter_card":"summary_large_image","twitter_misc":{"Est. reading time":"5 minutos"},"schema":{"@context":"https:\/\/schema.org","@graph":[{"@type":"WebPage","@id":"https:\/\/graziamagazine.com\/es\/articles\/dyson-revoluciona-el-peinado-con-el-nuevo-airwrap-co-anda-2x\/","url":"https:\/\/graziamagazine.com\/es\/articles\/dyson-revoluciona-el-peinado-con-el-nuevo-airwrap-co-anda-2x\/","name":"Dyson revoluciona el peinado con el nuevo Airwrap Co-anda 2x\u2122","isPartOf":{"@id":"https:\/\/graziamagazine.com\/es\/#website"},"datePublished":"2025-07-07T10:49:46+00:00","dateModified":"2025-07-07T10:49:46+00:00","description":"Con el doble de presi\u00f3n del aire gracias a un nuevo motor, para ondas y rizos mejor definidos, un secado m\u00e1s r\u00e1pido y un alisado m\u00e1s eficaz.","breadcrumb":{"@id":"https:\/\/graziamagazine.com\/es\/articles\/dyson-revoluciona-el-peinado-con-el-nuevo-airwrap-co-anda-2x\/#breadcrumb"},"inLanguage":"es","potentialAction":[{"@type":"ReadAction","target":["https:\/\/graziamagazine.com\/es\/articles\/dyson-revoluciona-el-peinado-con-el-nuevo-airwrap-co-anda-2x\/"]}]},{"@type":"BreadcrumbList","@id":"https:\/\/graziamagazine.com\/es\/articles\/dyson-revoluciona-el-peinado-con-el-nuevo-airwrap-co-anda-2x\/#breadcrumb","itemListElement":[{"@type":"ListItem","position":1,"name":"Portada","item":"https:\/\/graziamagazine.com\/es\/"},{"@type":"ListItem","position":2,"name":"Dyson revoluciona el peinado con el nuevo Airwrap Co-anda 2x\u2122"}]},{"@type":"WebSite","@id":"https:\/\/graziamagazine.com\/es\/#website","url":"https:\/\/graziamagazine.com\/es\/","name":"Grazia","description":"Moda, belleza, celebrities, estilo de vida...","potentialAction":[{"@type":"SearchAction","target":{"@type":"EntryPoint","urlTemplate":"https:\/\/graziamagazine.com\/es\/?s={search_term_string}"},"query-input":"required name=search_term_string"}],"inLanguage":"es"}]}},"jetpack_sharing_enabled":true,"distributor_meta":false,"distributor_terms":false,"distributor_media":false,"distributor_original_site_name":"Grazia","distributor_original_site_url":"https:\/\/graziamagazine.com\/es","push-errors":false,"_links":{"self":[{"href":"https:\/\/graziamagazine.com\/es\/wp-json\/wp\/v2\/articles\/186191"}],"collection":[{"href":"https:\/\/graziamagazine.com\/es\/wp-json\/wp\/v2\/articles"}],"about":[{"href":"https:\/\/graziamagazine.com\/es\/wp-json\/wp\/v2\/types\/articles"}],"author":[{"embeddable":true,"href":"https:\/\/graziamagazine.com\/es\/wp-json\/wp\/v2\/users\/11653"}],"wp:featuredmedia":[{"embeddable":true,"href":"https:\/\/graziamagazine.com\/es\/wp-json\/wp\/v2\/media\/186192"}],"wp:attachment":[{"href":"https:\/\/graziamagazine.com\/es\/wp-json\/wp\/v2\/media?parent=186191"}],"wp:term":[{"taxonomy":"category","embeddable":true,"href":"https:\/\/graziamagazine.com\/es\/wp-json\/wp\/v2\/categories?post=186191"}],"curies":[{"name":"wp","href":"https:\/\/api.w.org\/{rel}","templated":true}]}}