{"id":186007,"date":"2025-07-02T09:16:05","date_gmt":"2025-07-02T07:16:05","guid":{"rendered":"https:\/\/graziamagazine.com\/es\/?post_type=articles&#038;p=186007"},"modified":"2025-07-02T09:16:05","modified_gmt":"2025-07-02T07:16:05","slug":"estilo-en-las-gradas-los-famosos-en-wimbledon-2025","status":"publish","type":"articles","link":"https:\/\/graziamagazine.com\/es\/articles\/estilo-en-las-gradas-los-famosos-en-wimbledon-2025\/","title":{"rendered":"Estilo en las gradas: los famosos en Wimbledon 2025"},"content":{"rendered":"<p><strong>Wimbledon<\/strong> se volvi\u00f3, una vez m\u00e1s, el evento m\u00e1s elegante del verano brit\u00e1nico. En vez de raquetas, todas las miradas se posaron en sombreros de ala ancha, trajes perfectamente entallados y <strong>siluetas dignas de portada<\/strong>. Las celebridades llegaron a las gradas como si el <em>dress code<\/em> fuera <em>royal chic<\/em> con un toque sin esfuerzo. Aqu\u00ed una lista de las <em>celebs<\/em> que m\u00e1s brillaron.<\/p>\n<h3>David Beckham<\/h3>\n<p>El exfutbolista apareci\u00f3 con <strong>un traje de lino color piedra<\/strong>, corbata azul pastel y el brazo en cabestrillo, tras una cirug\u00eda. Impecable como siempre, incluso con yeso.<\/p>\n<figure id=\"attachment_152746\" class=\"wp-caption alignnone\" style=\"width: 1065px\" aria-describedby=\"caption-attachment-152746\"><img loading=\"lazy\" decoding=\"async\" class=\"wp-image-152746 size-full\" src=\"https:\/\/graziamagazine.com\/mx\/wp-content\/uploads\/sites\/13\/2025\/07\/WhatsApp-Image-2025-07-01-at-7.11.11-PM.jpeg\" alt=\"\" width=\"1065\" height=\"1600\" \/><\/figure>\n<h3>Sarah Ferguson<\/h3>\n<p>La duquesa de York, reapareci\u00f3 por primera vez en 37 a\u00f1os en el palco real, con un vestido verde con flores y un tocado verde menta. A su lado, la princesa Beatriz luci\u00f3 un vestido en azul claro y un peinado bajo.<\/p>\n<figure id=\"attachment_152741\" class=\"wp-caption alignnone\" style=\"width: 980px\" aria-describedby=\"caption-attachment-152741\"><img loading=\"lazy\" decoding=\"async\" class=\"wp-image-152741 size-full\" src=\"https:\/\/graziamagazine.com\/mx\/wp-content\/uploads\/sites\/13\/2025\/07\/WhatsApp-Image-2025-07-01-at-7.12.31-PM.jpeg\" alt=\"\" width=\"980\" height=\"653\" \/><\/figure>\n<h3>Jessica Alba<\/h3>\n<p>La actriz, en un vestido de encaje blanco con escote cuadrado firmado por <strong>Self-Portrait,<\/strong> acapar\u00f3 c\u00e1maras al asistir con su hija Honor. A\u00f1adi\u00f3 gafas <em>cat-eye<\/em> y sandalias nude, en uno de los looks m\u00e1s fotografiados.<\/p>\n<figure id=\"attachment_152745\" class=\"wp-caption alignnone\" style=\"width: 1120px\" aria-describedby=\"caption-attachment-152745\"><img loading=\"lazy\" decoding=\"async\" class=\"wp-image-152745 size-full\" src=\"https:\/\/graziamagazine.com\/mx\/wp-content\/uploads\/sites\/13\/2025\/07\/WhatsApp-Image-2025-07-01-at-7.11.19-PM.jpeg\" alt=\"\" width=\"1120\" height=\"1600\" \/><\/figure>\n<h3>Cate Blanchett<\/h3>\n<p>Cate deslumbr\u00f3 con su cl\u00e1sico estilo androide, un traje blanco satinado con solapas negras, pelo recogido hacia atr\u00e1s y gafas oscuras. Estilo puro.<\/p>\n<figure id=\"attachment_152744\" class=\"wp-caption alignnone\" style=\"width: 1013px\" aria-describedby=\"caption-attachment-152744\"><img loading=\"lazy\" decoding=\"async\" class=\"wp-image-152744 size-full\" src=\"https:\/\/graziamagazine.com\/mx\/wp-content\/uploads\/sites\/13\/2025\/07\/WhatsApp-Image-2025-07-01-at-7.11.27-PM.jpeg\" alt=\"\" width=\"1013\" height=\"1600\" \/><\/figure>\n<h3>Simu Liu<\/h3>\n<p>Simu Liu \u00a0asisti\u00f3 con su prometida Allison Hsu. \u00c9l eligi\u00f3 un conjunto crema, mientras que ella opt\u00f3 por un vestido midi verde con escote coraz\u00f3n.<\/p>\n<figure id=\"attachment_152743\" class=\"wp-caption alignnone\" style=\"width: 1037px\" aria-describedby=\"caption-attachment-152743\"><img loading=\"lazy\" decoding=\"async\" class=\"wp-image-152743 size-full\" src=\"https:\/\/graziamagazine.com\/mx\/wp-content\/uploads\/sites\/13\/2025\/07\/WhatsApp-Image-2025-07-01-at-7.12.13-PM.jpeg\" alt=\"\" width=\"1037\" height=\"1600\" \/><\/figure>\n<h3>Eddie Redmayne<\/h3>\n<p>Eddie, como salido de una editorial de moda masculina, eligi\u00f3 un traje doble faz de tonos beige. Camisa celeste sin corbata y reloj vintage.<\/p>\n<figure id=\"attachment_152742\" class=\"wp-caption alignnone\" style=\"width: 1037px\" aria-describedby=\"caption-attachment-152742\"><img loading=\"lazy\" decoding=\"async\" class=\"wp-image-152742 size-full\" src=\"https:\/\/graziamagazine.com\/mx\/wp-content\/uploads\/sites\/13\/2025\/07\/WhatsApp-Image-2025-07-01-at-7.12.20-PM.jpeg\" alt=\"\" width=\"1037\" height=\"1600\" \/><\/figure>\n<h3>Justin Rose<\/h3>\n<p>El golfista cambi\u00f3 el campo por las gradas, con look de verano ingl\u00e9s: blazer azul claro, pantal\u00f3n marfil y mocasines sin calcetines.<\/p>\n<figure id=\"attachment_152739\" class=\"wp-caption alignnone\" style=\"width: 1320px\" aria-describedby=\"caption-attachment-152739\"><img loading=\"lazy\" decoding=\"async\" class=\"wp-image-152739 size-full\" src=\"https:\/\/graziamagazine.com\/mx\/wp-content\/uploads\/sites\/13\/2025\/07\/WhatsApp-Image-2025-07-01-at-7.12.42-PM.jpeg\" alt=\"\" width=\"1320\" height=\"864\" \/><\/figure>\n<p>Moda, estilo y un sol que exig\u00eda ventilador personal. <strong>Wimbledon volvi\u00f3 a recordarnos que el verdadero juego se juega en las gradas<\/strong>, y que cuando se trata de celebridades, el pasto tambi\u00e9n se pisa en tacones.<\/p>\n<p><em>*Im\u00e1genes: Getty Images<\/em><\/p>\n","protected":false},"author":16349,"featured_media":186013,"template":"","format":"standard","categories":[2971,13],"acf":{"banner":""},"yoast_head":"<!-- This site is optimized with the Yoast SEO Premium plugin v18.5 (Yoast SEO v20.4) - https:\/\/yoast.com\/wordpress\/plugins\/seo\/ -->\n<title>Estilo en las gradas: los famosos en Wimbledon 2025<\/title>\n<meta name=\"description\" content=\"Repasamos los estilismo de los primeros en asistir al torneo de tenis m\u00e1s antiguo del mundo y con m\u00e1s glamour.\" \/>\n<meta name=\"robots\" content=\"index, follow, max-snippet:-1, max-image-preview:large, max-video-preview:-1\" \/>\n<link rel=\"canonical\" href=\"https:\/\/graziamagazine.com\/es\/articles\/estilo-en-las-gradas-los-famosos-en-wimbledon-2025\/\" \/>\n<meta property=\"og:locale\" content=\"es_ES\" \/>\n<meta property=\"og:type\" content=\"article\" \/>\n<meta property=\"og:title\" content=\"Estilo en las gradas: los famosos en Wimbledon 2025\" \/>\n<meta property=\"og:description\" content=\"Repasamos los estilismo de los primeros en asistir al torneo de tenis m\u00e1s antiguo del mundo y con m\u00e1s glamour.\" \/>\n<meta property=\"og:url\" content=\"https:\/\/graziamagazine.com\/es\/articles\/estilo-en-las-gradas-los-famosos-en-wimbledon-2025\/\" \/>\n<meta property=\"og:site_name\" content=\"Grazia\" \/>\n<meta property=\"og:image\" content=\"https:\/\/graziamagazine.com\/es\/wp-content\/uploads\/sites\/12\/2025\/07\/f989e49f7c577da140c4e686df35c98c.jpeg\" \/>\n\t<meta property=\"og:image:width\" content=\"640\" \/>\n\t<meta property=\"og:image:height\" content=\"448\" \/>\n\t<meta property=\"og:image:type\" content=\"image\/jpeg\" \/>\n<meta name=\"twitter:card\" content=\"summary_large_image\" \/>\n<meta name=\"twitter:label1\" content=\"Est. reading time\" \/>\n\t<meta name=\"twitter:data1\" content=\"3 minutos\" \/>\n<script type=\"application\/ld+json\" class=\"yoast-schema-graph\">{\"@context\":\"https:\/\/schema.org\",\"@graph\":[{\"@type\":\"WebPage\",\"@id\":\"https:\/\/graziamagazine.com\/es\/articles\/estilo-en-las-gradas-los-famosos-en-wimbledon-2025\/\",\"url\":\"https:\/\/graziamagazine.com\/es\/articles\/estilo-en-las-gradas-los-famosos-en-wimbledon-2025\/\",\"name\":\"Estilo en las gradas: los famosos en Wimbledon 2025\",\"isPartOf\":{\"@id\":\"https:\/\/graziamagazine.com\/es\/#website\"},\"datePublished\":\"2025-07-02T07:16:05+00:00\",\"dateModified\":\"2025-07-02T07:16:05+00:00\",\"description\":\"Repasamos los estilismo de los primeros en asistir al torneo de tenis m\u00e1s antiguo del mundo y con m\u00e1s glamour.\",\"breadcrumb\":{\"@id\":\"https:\/\/graziamagazine.com\/es\/articles\/estilo-en-las-gradas-los-famosos-en-wimbledon-2025\/#breadcrumb\"},\"inLanguage\":\"es\",\"potentialAction\":[{\"@type\":\"ReadAction\",\"target\":[\"https:\/\/graziamagazine.com\/es\/articles\/estilo-en-las-gradas-los-famosos-en-wimbledon-2025\/\"]}]},{\"@type\":\"BreadcrumbList\",\"@id\":\"https:\/\/graziamagazine.com\/es\/articles\/estilo-en-las-gradas-los-famosos-en-wimbledon-2025\/#breadcrumb\",\"itemListElement\":[{\"@type\":\"ListItem\",\"position\":1,\"name\":\"Portada\",\"item\":\"https:\/\/graziamagazine.com\/es\/\"},{\"@type\":\"ListItem\",\"position\":2,\"name\":\"Estilo en las gradas: los famosos en Wimbledon 2025\"}]},{\"@type\":\"WebSite\",\"@id\":\"https:\/\/graziamagazine.com\/es\/#website\",\"url\":\"https:\/\/graziamagazine.com\/es\/\",\"name\":\"Grazia\",\"description\":\"Moda, belleza, celebrities, estilo de vida...\",\"potentialAction\":[{\"@type\":\"SearchAction\",\"target\":{\"@type\":\"EntryPoint\",\"urlTemplate\":\"https:\/\/graziamagazine.com\/es\/?s={search_term_string}\"},\"query-input\":\"required name=search_term_string\"}],\"inLanguage\":\"es\"}]}<\/script>\n<!-- \/ Yoast SEO Premium plugin. -->","yoast_head_json":{"title":"Estilo en las gradas: los famosos en Wimbledon 2025","description":"Repasamos los estilismo de los primeros en asistir al torneo de tenis m\u00e1s antiguo del mundo y con m\u00e1s glamour.","robots":{"index":"index","follow":"follow","max-snippet":"max-snippet:-1","max-image-preview":"max-image-preview:large","max-video-preview":"max-video-preview:-1"},"canonical":"https:\/\/graziamagazine.com\/es\/articles\/estilo-en-las-gradas-los-famosos-en-wimbledon-2025\/","og_locale":"es_ES","og_type":"article","og_title":"Estilo en las gradas: los famosos en Wimbledon 2025","og_description":"Repasamos los estilismo de los primeros en asistir al torneo de tenis m\u00e1s antiguo del mundo y con m\u00e1s glamour.","og_url":"https:\/\/graziamagazine.com\/es\/articles\/estilo-en-las-gradas-los-famosos-en-wimbledon-2025\/","og_site_name":"Grazia","og_image":[{"width":640,"height":448,"url":"https:\/\/graziamagazine.com\/es\/wp-content\/uploads\/sites\/12\/2025\/07\/f989e49f7c577da140c4e686df35c98c.jpeg","type":"image\/jpeg"}],"twitter_card":"summary_large_image","twitter_misc":{"Est. reading time":"3 minutos"},"schema":{"@context":"https:\/\/schema.org","@graph":[{"@type":"WebPage","@id":"https:\/\/graziamagazine.com\/es\/articles\/estilo-en-las-gradas-los-famosos-en-wimbledon-2025\/","url":"https:\/\/graziamagazine.com\/es\/articles\/estilo-en-las-gradas-los-famosos-en-wimbledon-2025\/","name":"Estilo en las gradas: los famosos en Wimbledon 2025","isPartOf":{"@id":"https:\/\/graziamagazine.com\/es\/#website"},"datePublished":"2025-07-02T07:16:05+00:00","dateModified":"2025-07-02T07:16:05+00:00","description":"Repasamos los estilismo de los primeros en asistir al torneo de tenis m\u00e1s antiguo del mundo y con m\u00e1s glamour.","breadcrumb":{"@id":"https:\/\/graziamagazine.com\/es\/articles\/estilo-en-las-gradas-los-famosos-en-wimbledon-2025\/#breadcrumb"},"inLanguage":"es","potentialAction":[{"@type":"ReadAction","target":["https:\/\/graziamagazine.com\/es\/articles\/estilo-en-las-gradas-los-famosos-en-wimbledon-2025\/"]}]},{"@type":"BreadcrumbList","@id":"https:\/\/graziamagazine.com\/es\/articles\/estilo-en-las-gradas-los-famosos-en-wimbledon-2025\/#breadcrumb","itemListElement":[{"@type":"ListItem","position":1,"name":"Portada","item":"https:\/\/graziamagazine.com\/es\/"},{"@type":"ListItem","position":2,"name":"Estilo en las gradas: los famosos en Wimbledon 2025"}]},{"@type":"WebSite","@id":"https:\/\/graziamagazine.com\/es\/#website","url":"https:\/\/graziamagazine.com\/es\/","name":"Grazia","description":"Moda, belleza, celebrities, estilo de vida...","potentialAction":[{"@type":"SearchAction","target":{"@type":"EntryPoint","urlTemplate":"https:\/\/graziamagazine.com\/es\/?s={search_term_string}"},"query-input":"required name=search_term_string"}],"inLanguage":"es"}]}},"jetpack_sharing_enabled":true,"distributor_meta":false,"distributor_terms":false,"distributor_media":false,"distributor_original_site_name":"Grazia","distributor_original_site_url":"https:\/\/graziamagazine.com\/es","push-errors":false,"_links":{"self":[{"href":"https:\/\/graziamagazine.com\/es\/wp-json\/wp\/v2\/articles\/186007"}],"collection":[{"href":"https:\/\/graziamagazine.com\/es\/wp-json\/wp\/v2\/articles"}],"about":[{"href":"https:\/\/graziamagazine.com\/es\/wp-json\/wp\/v2\/types\/articles"}],"author":[{"embeddable":true,"href":"https:\/\/graziamagazine.com\/es\/wp-json\/wp\/v2\/users\/16349"}],"wp:featuredmedia":[{"embeddable":true,"href":"https:\/\/graziamagazine.com\/es\/wp-json\/wp\/v2\/media\/186013"}],"wp:attachment":[{"href":"https:\/\/graziamagazine.com\/es\/wp-json\/wp\/v2\/media?parent=186007"}],"wp:term":[{"taxonomy":"category","embeddable":true,"href":"https:\/\/graziamagazine.com\/es\/wp-json\/wp\/v2\/categories?post=186007"}],"curies":[{"name":"wp","href":"https:\/\/api.w.org\/{rel}","templated":true}]}}