{"id":185958,"date":"2025-06-30T08:34:20","date_gmt":"2025-06-30T06:34:20","guid":{"rendered":"https:\/\/graziamagazine.com\/es\/?post_type=articles&#038;p=185958"},"modified":"2025-06-30T08:34:20","modified_gmt":"2025-06-30T06:34:20","slug":"las-ray%e2%80%91ban-puffer-by-aap-rocky-ya-estan-en-espana","status":"publish","type":"articles","link":"https:\/\/graziamagazine.com\/es\/articles\/las-ray%e2%80%91ban-puffer-by-aap-rocky-ya-estan-en-espana\/","title":{"rendered":"Las Ray\u2011Ban Puffer by A$AP Rocky ya est\u00e1n en Espa\u00f1a"},"content":{"rendered":"<p><strong data-start=\"130\" data-end=\"171\">De la Gala MET a las tiendas espa\u00f1olas:<\/strong> las <strong data-start=\"176\" data-end=\"203\">Ray\u2011Ban Wayfarer Puffer<\/strong>, la reinvenci\u00f3n en clave maxi del icono de los 50, ya est\u00e1n aqu\u00ed con la firma audaz de A$AP Rocky. <span class=\"relative -mx-px my-[-0.2rem] rounded px-px py-[0.2rem] transition-colors duration-100 ease-in-out\">Y no es un accesorio: es un manifiesto de estilo urbano, cultura y lujo accesible. Su llegada a Espa\u00f1a marca un momento clave para quienes viven la moda como expresi\u00f3n y actitud.<\/span><\/p>\n<p>La Wayfarer se reinventa con este modelo <em>Puffer<\/em> dise\u00f1adas por A$AP Rocky llegan a Espa\u00f1a para marcar el pulso de un verano disruptivo y elegante.<\/p>\n<h3>Hip-hop con glamour: A$AP Rocky, el creativo detr\u00e1s del mito<\/h3>\n<p>En febrero, <em>A$AP Rocky<\/em> se convirti\u00f3 en el primer director creativo de <strong>Ray-Ban Studios<\/strong> y desde entonces, no ha dejado de reimaginar los cl\u00e1sicos de la marca \u2014Mega Wayfarer, Clubmaster y Balorama\u2014 y ahora redefine el icono por excelencia: la Wayfarer, en su versi\u00f3n <strong>Puffer<\/strong>.<\/p>\n<p><img decoding=\"async\" src=\"https:\/\/www.modernnotoriety.com\/wp-content\/uploads\/2025\/06\/asap-rocky-ray-ban-wayfarer-puffer-release-date.jpg\" alt=\"A$AP Rocky x Ray-Ban Wayfarer Puffer Collection Release Date - Modern  Notoriety\" \/><\/p>\n<p>Una silueta m\u00e1s voluminosa, acolchada, con detalles dorados, remaches y el sello \u201cAWGE\u201d en la varilla, que combina <strong>streetwear, lujo y herencia cultural.<\/strong><\/p>\n<h3>El debut en los grandes escenarios<\/h3>\n<p>La primera aparici\u00f3n fue durante la <strong>MET Gala 2025<\/strong>, donde Rocky luci\u00f3 un par exclusivo en oro blanco de 18\u202fkt, incrustado con diamantes y gemas \u2014una pieza \u00fanica que ya se cataloga como arte\u2014. D\u00edas despu\u00e9s, el modelo costero brill\u00f3 en el festival de Cannes, transformando la Wayfarer en un <em>must<\/em> de las fiestas en yate.<\/p>\n<p><img decoding=\"async\" src=\"https:\/\/media.revistagq.com\/photos\/681b3966ce0859a096b6a613\/master\/w_1600%2Cc_limit\/BFA_49583_7096863.jpg\" alt=\"A$AP Rocky present\u00f3 unas Ray-Ban nuevas en su afterparty de la MET Gala  2025 y ahora las vas a querer | GQ Espa\u00f1a\" \/><\/p>\n<h3>Directo de Harlem a tu look<\/h3>\n<p>La campa\u00f1a, fotografiada en <strong>Harlem<\/strong>, re\u00fane a artistas y vecinos del barrio natal de Rocky, afirmando que el proyecto es m\u00e1s que un dise\u00f1o: es una narrativa colectiva que mezcla <strong>nostalgia, cultura local y relevancia global.\u00a0<\/strong><\/p>\n<h3>Dise\u00f1o ic\u00f3nico, color y actitud<\/h3>\n<p>Los modelos Puffer mantienen la estructura Wayfarer \u2014\u00e1ngulos marcados y vol\u00famenes reforzados\u2014 pero con bordes acolchados que recuerdan a una puffer jacket, en una paleta de siete colores vibrantes: negro, blanco, rojo, amarillo, verde, azul y rosa. Destacan los remaches dorados en las sienes y el logo AWGE \u2014peque\u00f1os toques de lujo urbano que transforman la silueta en obra contempor\u00e1nea.<\/p>\n<p><img decoding=\"async\" src=\"https:\/\/wwd.com\/wp-content\/uploads\/2025\/05\/asap-rocky-rihanna-ray-ban-cannes.jpg\" alt=\"ASAP Rocky, Rihanna &amp; More at Ray-Ban Cannes 2025 After-Party: Photos\" \/><\/p>\n<p>Disponibles desde el 20 de junio en la web espa\u00f1ola de Ray\u2011Ban, boutiques seleccionadas y \u00f3pticas premium, tienen un precio de <strong><a href=\"https:\/\/www.ray-ban.com\/spain\/gafas-de-sol\/RB4940wayfarer%20puffer-negro\/8056262664865\" target=\"_blank\">173 euros en la web de Ray-Ban Espa\u00f1a<\/a><\/strong> y puedes elegirlas en negro, blanco, rojo, rosa, amarillo, azul y verde son el accesorio perfecto\u00a0para actual your look este verano con un accesorio de impacto.<\/p>\n<div class=\"content-gallery\"><div class=\"gallery-placeholder\"><div class=\"spinner\"><\/div><\/div><span class=\"gallery-pagination\"><\/span><div id=\"gallery-1\" class=\"gallery galleryid-185958 gallery-columns- gallery-size-\"><figure class=\"gallery-item\"><div class=\"gallery-icon landscape\"><img loading=\"lazy\" decoding=\"async\" width=\"1440\" height=\"773\" src=\"https:\/\/graziamagazine.com\/es\/wp-content\/uploads\/sites\/12\/2025\/06\/0RB4940__601_87__P21__shad__qt-copia.jpg\" class=\"lazy\" alt=\"\" srcset=\"https:\/\/graziamagazine.com\/es\/wp-content\/uploads\/sites\/12\/2025\/06\/0RB4940__601_87__P21__shad__qt-copia.jpg 1440w, https:\/\/graziamagazine.com\/es\/wp-content\/uploads\/sites\/12\/2025\/06\/0RB4940__601_87__P21__shad__qt-copia-300x161.jpg 300w, https:\/\/graziamagazine.com\/es\/wp-content\/uploads\/sites\/12\/2025\/06\/0RB4940__601_87__P21__shad__qt-copia-1024x550.jpg 1024w, https:\/\/graziamagazine.com\/es\/wp-content\/uploads\/sites\/12\/2025\/06\/0RB4940__601_87__P21__shad__qt-copia-768x412.jpg 768w, https:\/\/graziamagazine.com\/es\/wp-content\/uploads\/sites\/12\/2025\/06\/0RB4940__601_87__P21__shad__qt-copia-400x215.jpg 400w, https:\/\/graziamagazine.com\/es\/wp-content\/uploads\/sites\/12\/2025\/06\/0RB4940__601_87__P21__shad__qt-copia-155x83.jpg 155w\" sizes=\"(max-width: 1440px) 100vw, 1440px\" \/><\/div><\/figure><figure class=\"gallery-item\"><div class=\"gallery-icon landscape\"><img loading=\"lazy\" decoding=\"async\" width=\"1440\" height=\"773\" src=\"https:\/\/graziamagazine.com\/es\/wp-content\/uploads\/sites\/12\/2025\/06\/0RB4940__683287__P21__shad__qt-copia.jpg\" class=\"lazy\" alt=\"\" srcset=\"https:\/\/graziamagazine.com\/es\/wp-content\/uploads\/sites\/12\/2025\/06\/0RB4940__683287__P21__shad__qt-copia.jpg 1440w, https:\/\/graziamagazine.com\/es\/wp-content\/uploads\/sites\/12\/2025\/06\/0RB4940__683287__P21__shad__qt-copia-300x161.jpg 300w, https:\/\/graziamagazine.com\/es\/wp-content\/uploads\/sites\/12\/2025\/06\/0RB4940__683287__P21__shad__qt-copia-1024x550.jpg 1024w, https:\/\/graziamagazine.com\/es\/wp-content\/uploads\/sites\/12\/2025\/06\/0RB4940__683287__P21__shad__qt-copia-768x412.jpg 768w, https:\/\/graziamagazine.com\/es\/wp-content\/uploads\/sites\/12\/2025\/06\/0RB4940__683287__P21__shad__qt-copia-400x215.jpg 400w, https:\/\/graziamagazine.com\/es\/wp-content\/uploads\/sites\/12\/2025\/06\/0RB4940__683287__P21__shad__qt-copia-155x83.jpg 155w\" sizes=\"(max-width: 1440px) 100vw, 1440px\" \/><\/div><\/figure><figure class=\"gallery-item\"><div class=\"gallery-icon landscape\"><img loading=\"lazy\" decoding=\"async\" width=\"1440\" height=\"773\" src=\"https:\/\/graziamagazine.com\/es\/wp-content\/uploads\/sites\/12\/2025\/06\/0RB4940__683487__P21__shad__qt-copia.jpg\" class=\"lazy\" alt=\"\" srcset=\"https:\/\/graziamagazine.com\/es\/wp-content\/uploads\/sites\/12\/2025\/06\/0RB4940__683487__P21__shad__qt-copia.jpg 1440w, https:\/\/graziamagazine.com\/es\/wp-content\/uploads\/sites\/12\/2025\/06\/0RB4940__683487__P21__shad__qt-copia-300x161.jpg 300w, https:\/\/graziamagazine.com\/es\/wp-content\/uploads\/sites\/12\/2025\/06\/0RB4940__683487__P21__shad__qt-copia-1024x550.jpg 1024w, https:\/\/graziamagazine.com\/es\/wp-content\/uploads\/sites\/12\/2025\/06\/0RB4940__683487__P21__shad__qt-copia-768x412.jpg 768w, https:\/\/graziamagazine.com\/es\/wp-content\/uploads\/sites\/12\/2025\/06\/0RB4940__683487__P21__shad__qt-copia-400x215.jpg 400w, https:\/\/graziamagazine.com\/es\/wp-content\/uploads\/sites\/12\/2025\/06\/0RB4940__683487__P21__shad__qt-copia-155x83.jpg 155w\" sizes=\"(max-width: 1440px) 100vw, 1440px\" \/><\/div><\/figure><\/div><\/div>\n<p>Las Ray\u2011Ban Wayfarer Puffer by A$AP Rocky no son simplemente unas gafas de sol: son un statement. Un accesorio que fusiona tradici\u00f3n e innovaci\u00f3n, lujo y calle, y que abre un cap\u00edtulo fresco en el legado Wayfarer.<\/p>\n<p>Perfectas para looks desenfadados, trajes relajados o momentos en los que el sol no basta; necesitas actitud elevada.<\/p>\n<p><em>*Im\u00e1genes: Getty Images<\/em><\/p>\n","protected":false},"author":11653,"featured_media":185963,"template":"","format":"standard","categories":[1],"acf":[],"yoast_head":"<!-- This site is optimized with the Yoast SEO Premium plugin v18.5 (Yoast SEO v20.4) - https:\/\/yoast.com\/wordpress\/plugins\/seo\/ -->\n<title>Las Ray\u2011Ban Puffer by A$AP Rocky ya est\u00e1n en Espa\u00f1a<\/title>\n<meta name=\"description\" content=\"Estas nuevas Wayfarer Puffer no son simplemente unas gafas de sol: son un statement que fusiona tradici\u00f3n e innovaci\u00f3n, lujo y calle.\" \/>\n<meta name=\"robots\" content=\"index, follow, max-snippet:-1, max-image-preview:large, max-video-preview:-1\" \/>\n<link rel=\"canonical\" href=\"https:\/\/graziamagazine.com\/es\/articles\/las-ray\u2011ban-puffer-by-aap-rocky-ya-estan-en-espana\/\" \/>\n<meta property=\"og:locale\" content=\"es_ES\" \/>\n<meta property=\"og:type\" content=\"article\" \/>\n<meta property=\"og:title\" content=\"Las Ray\u2011Ban Puffer by A$AP Rocky ya est\u00e1n en Espa\u00f1a\" \/>\n<meta property=\"og:description\" content=\"Estas nuevas Wayfarer Puffer no son simplemente unas gafas de sol: son un statement que fusiona tradici\u00f3n e innovaci\u00f3n, lujo y calle.\" \/>\n<meta property=\"og:url\" content=\"https:\/\/graziamagazine.com\/es\/articles\/las-ray\u2011ban-puffer-by-aap-rocky-ya-estan-en-espana\/\" \/>\n<meta property=\"og:site_name\" content=\"Grazia\" \/>\n<meta property=\"og:image\" content=\"https:\/\/graziamagazine.com\/es\/wp-content\/uploads\/sites\/12\/2025\/06\/mrsawge15_1747761107_3636806218380773979_51470150913-copia-e1751265211696.jpg\" \/>\n\t<meta property=\"og:image:width\" content=\"1028\" \/>\n\t<meta property=\"og:image:height\" content=\"645\" \/>\n\t<meta property=\"og:image:type\" content=\"image\/jpeg\" \/>\n<meta name=\"twitter:card\" content=\"summary_large_image\" \/>\n<meta name=\"twitter:label1\" content=\"Est. reading time\" \/>\n\t<meta name=\"twitter:data1\" content=\"3 minutos\" \/>\n<script type=\"application\/ld+json\" class=\"yoast-schema-graph\">{\"@context\":\"https:\/\/schema.org\",\"@graph\":[{\"@type\":\"WebPage\",\"@id\":\"https:\/\/graziamagazine.com\/es\/articles\/las-ray%e2%80%91ban-puffer-by-aap-rocky-ya-estan-en-espana\/\",\"url\":\"https:\/\/graziamagazine.com\/es\/articles\/las-ray%e2%80%91ban-puffer-by-aap-rocky-ya-estan-en-espana\/\",\"name\":\"Las Ray\u2011Ban Puffer by A$AP Rocky ya est\u00e1n en Espa\u00f1a\",\"isPartOf\":{\"@id\":\"https:\/\/graziamagazine.com\/es\/#website\"},\"datePublished\":\"2025-06-30T06:34:20+00:00\",\"dateModified\":\"2025-06-30T06:34:20+00:00\",\"description\":\"Estas nuevas Wayfarer Puffer no son simplemente unas gafas de sol: son un statement que fusiona tradici\u00f3n e innovaci\u00f3n, lujo y calle.\",\"breadcrumb\":{\"@id\":\"https:\/\/graziamagazine.com\/es\/articles\/las-ray%e2%80%91ban-puffer-by-aap-rocky-ya-estan-en-espana\/#breadcrumb\"},\"inLanguage\":\"es\",\"potentialAction\":[{\"@type\":\"ReadAction\",\"target\":[\"https:\/\/graziamagazine.com\/es\/articles\/las-ray%e2%80%91ban-puffer-by-aap-rocky-ya-estan-en-espana\/\"]}]},{\"@type\":\"BreadcrumbList\",\"@id\":\"https:\/\/graziamagazine.com\/es\/articles\/las-ray%e2%80%91ban-puffer-by-aap-rocky-ya-estan-en-espana\/#breadcrumb\",\"itemListElement\":[{\"@type\":\"ListItem\",\"position\":1,\"name\":\"Portada\",\"item\":\"https:\/\/graziamagazine.com\/es\/\"},{\"@type\":\"ListItem\",\"position\":2,\"name\":\"Las Ray\u2011Ban Puffer by A$AP Rocky ya est\u00e1n en Espa\u00f1a\"}]},{\"@type\":\"WebSite\",\"@id\":\"https:\/\/graziamagazine.com\/es\/#website\",\"url\":\"https:\/\/graziamagazine.com\/es\/\",\"name\":\"Grazia\",\"description\":\"Moda, belleza, celebrities, estilo de vida...\",\"potentialAction\":[{\"@type\":\"SearchAction\",\"target\":{\"@type\":\"EntryPoint\",\"urlTemplate\":\"https:\/\/graziamagazine.com\/es\/?s={search_term_string}\"},\"query-input\":\"required name=search_term_string\"}],\"inLanguage\":\"es\"}]}<\/script>\n<!-- \/ Yoast SEO Premium plugin. -->","yoast_head_json":{"title":"Las Ray\u2011Ban Puffer by A$AP Rocky ya est\u00e1n en Espa\u00f1a","description":"Estas nuevas Wayfarer Puffer no son simplemente unas gafas de sol: son un statement que fusiona tradici\u00f3n e innovaci\u00f3n, lujo y calle.","robots":{"index":"index","follow":"follow","max-snippet":"max-snippet:-1","max-image-preview":"max-image-preview:large","max-video-preview":"max-video-preview:-1"},"canonical":"https:\/\/graziamagazine.com\/es\/articles\/las-ray\u2011ban-puffer-by-aap-rocky-ya-estan-en-espana\/","og_locale":"es_ES","og_type":"article","og_title":"Las Ray\u2011Ban Puffer by A$AP Rocky ya est\u00e1n en Espa\u00f1a","og_description":"Estas nuevas Wayfarer Puffer no son simplemente unas gafas de sol: son un statement que fusiona tradici\u00f3n e innovaci\u00f3n, lujo y calle.","og_url":"https:\/\/graziamagazine.com\/es\/articles\/las-ray\u2011ban-puffer-by-aap-rocky-ya-estan-en-espana\/","og_site_name":"Grazia","og_image":[{"width":1028,"height":645,"url":"https:\/\/graziamagazine.com\/es\/wp-content\/uploads\/sites\/12\/2025\/06\/mrsawge15_1747761107_3636806218380773979_51470150913-copia-e1751265211696.jpg","type":"image\/jpeg"}],"twitter_card":"summary_large_image","twitter_misc":{"Est. reading time":"3 minutos"},"schema":{"@context":"https:\/\/schema.org","@graph":[{"@type":"WebPage","@id":"https:\/\/graziamagazine.com\/es\/articles\/las-ray%e2%80%91ban-puffer-by-aap-rocky-ya-estan-en-espana\/","url":"https:\/\/graziamagazine.com\/es\/articles\/las-ray%e2%80%91ban-puffer-by-aap-rocky-ya-estan-en-espana\/","name":"Las Ray\u2011Ban Puffer by A$AP Rocky ya est\u00e1n en Espa\u00f1a","isPartOf":{"@id":"https:\/\/graziamagazine.com\/es\/#website"},"datePublished":"2025-06-30T06:34:20+00:00","dateModified":"2025-06-30T06:34:20+00:00","description":"Estas nuevas Wayfarer Puffer no son simplemente unas gafas de sol: son un statement que fusiona tradici\u00f3n e innovaci\u00f3n, lujo y calle.","breadcrumb":{"@id":"https:\/\/graziamagazine.com\/es\/articles\/las-ray%e2%80%91ban-puffer-by-aap-rocky-ya-estan-en-espana\/#breadcrumb"},"inLanguage":"es","potentialAction":[{"@type":"ReadAction","target":["https:\/\/graziamagazine.com\/es\/articles\/las-ray%e2%80%91ban-puffer-by-aap-rocky-ya-estan-en-espana\/"]}]},{"@type":"BreadcrumbList","@id":"https:\/\/graziamagazine.com\/es\/articles\/las-ray%e2%80%91ban-puffer-by-aap-rocky-ya-estan-en-espana\/#breadcrumb","itemListElement":[{"@type":"ListItem","position":1,"name":"Portada","item":"https:\/\/graziamagazine.com\/es\/"},{"@type":"ListItem","position":2,"name":"Las Ray\u2011Ban Puffer by A$AP Rocky ya est\u00e1n en Espa\u00f1a"}]},{"@type":"WebSite","@id":"https:\/\/graziamagazine.com\/es\/#website","url":"https:\/\/graziamagazine.com\/es\/","name":"Grazia","description":"Moda, belleza, celebrities, estilo de vida...","potentialAction":[{"@type":"SearchAction","target":{"@type":"EntryPoint","urlTemplate":"https:\/\/graziamagazine.com\/es\/?s={search_term_string}"},"query-input":"required name=search_term_string"}],"inLanguage":"es"}]}},"jetpack_sharing_enabled":true,"distributor_meta":false,"distributor_terms":false,"distributor_media":false,"distributor_original_site_name":"Grazia","distributor_original_site_url":"https:\/\/graziamagazine.com\/es","push-errors":false,"_links":{"self":[{"href":"https:\/\/graziamagazine.com\/es\/wp-json\/wp\/v2\/articles\/185958"}],"collection":[{"href":"https:\/\/graziamagazine.com\/es\/wp-json\/wp\/v2\/articles"}],"about":[{"href":"https:\/\/graziamagazine.com\/es\/wp-json\/wp\/v2\/types\/articles"}],"author":[{"embeddable":true,"href":"https:\/\/graziamagazine.com\/es\/wp-json\/wp\/v2\/users\/11653"}],"wp:featuredmedia":[{"embeddable":true,"href":"https:\/\/graziamagazine.com\/es\/wp-json\/wp\/v2\/media\/185963"}],"wp:attachment":[{"href":"https:\/\/graziamagazine.com\/es\/wp-json\/wp\/v2\/media?parent=185958"}],"wp:term":[{"taxonomy":"category","embeddable":true,"href":"https:\/\/graziamagazine.com\/es\/wp-json\/wp\/v2\/categories?post=185958"}],"curies":[{"name":"wp","href":"https:\/\/api.w.org\/{rel}","templated":true}]}}