{"id":185873,"date":"2025-06-26T13:50:49","date_gmt":"2025-06-26T11:50:49","guid":{"rendered":"https:\/\/graziamagazine.com\/es\/?post_type=articles&#038;p=185873"},"modified":"2025-06-26T13:50:49","modified_gmt":"2025-06-26T11:50:49","slug":"starbucks-celebra-30-anos-de-su-iconico-frapuccino","status":"publish","type":"articles","link":"https:\/\/graziamagazine.com\/es\/articles\/starbucks-celebra-30-anos-de-su-iconico-frapuccino\/","title":{"rendered":"Starbucks celebra 30 a\u00f1os de su ic\u00f3nico Frapuccino"},"content":{"rendered":"<p><strong>Si los 90 te saben a chicle de fresa, cassettes y tardes de parque con batido en mano, este lanzamiento es para ti.<\/strong> Starbucks celebra los 30 a\u00f1os de su bebida m\u00e1s ic\u00f3nica \u2014el Frappuccino\u00ae\u2014 con una edici\u00f3n especial que rinde homenaje a sus or\u00edgenes, al calor californiano y al esp\u00edritu colorista de una d\u00e9cada que hoy vuelve con fuerza (tambi\u00e9n en forma l\u00edquida, fr\u00eda y deliciosa).<\/p>\n<p>Del 26 de junio al 10 de julio, la cadena de caf\u00e9s lanza en Espa\u00f1a el <strong>Birthday Frappuccino\u00ae<\/strong>, una edici\u00f3n limitada que mezcla sabor a tarta de cumplea\u00f1os, avellana y vainilla, coronado con <strong>nata montada y virutas de colores<\/strong>. Todo en tama\u00f1o grande, porque si vamos a celebrar, que sea a lo grande, y servido en un <strong>vaso exclusivo reutilizable con est\u00e9tica retro<\/strong>, que no se vende y que ya apunta maneras de convertirse en objeto de deseo para coleccionistas (y nost\u00e1lgicos con estilo).<\/p>\n<h3>Una vuelta al verano del 93\u2026 con hielo y esp\u00edritu Y2K<\/h3>\n<p>Naci\u00f3 como una idea atrevida en un verano t\u00f3rrido en Los \u00c1ngeles, cuando una barista llamada <strong>Dina Campion<\/strong> decidi\u00f3 experimentar con caf\u00e9 fr\u00edo, hielo y creatividad. El primer Frappuccino se sirvi\u00f3 localmente y, dos a\u00f1os despu\u00e9s, conquist\u00f3 el resto del mundo. En Espa\u00f1a lleg\u00f3 en 2002, y desde entonces <strong>no hay verano sin su edici\u00f3n especial.<\/strong><\/p>\n<p>Este 2025, Starbucks nos propone un <strong>viaje directo al coraz\u00f3n de los 90<\/strong>: el logotipo original, colores Memphis, textura dulce y energ\u00eda sin filtros. El <em>mood<\/em> perfecto para acompa\u00f1ar un paseo en Converse, una playlist con Destiny\u2019s Child y una c\u00e1mara de carrete como accesorio.<\/p>\n<p><img loading=\"lazy\" decoding=\"async\" class=\"aligncenter size-full wp-image-185877\" src=\"https:\/\/graziamagazine.com\/es\/wp-content\/uploads\/sites\/12\/2025\/06\/Captura-de-pantalla-2025-06-26-a-las-13.45.13.png\" alt=\"\" width=\"1440\" height=\"854\" srcset=\"https:\/\/graziamagazine.com\/es\/wp-content\/uploads\/sites\/12\/2025\/06\/Captura-de-pantalla-2025-06-26-a-las-13.45.13.png 1440w, https:\/\/graziamagazine.com\/es\/wp-content\/uploads\/sites\/12\/2025\/06\/Captura-de-pantalla-2025-06-26-a-las-13.45.13-300x178.png 300w, https:\/\/graziamagazine.com\/es\/wp-content\/uploads\/sites\/12\/2025\/06\/Captura-de-pantalla-2025-06-26-a-las-13.45.13-1024x607.png 1024w, https:\/\/graziamagazine.com\/es\/wp-content\/uploads\/sites\/12\/2025\/06\/Captura-de-pantalla-2025-06-26-a-las-13.45.13-768x455.png 768w, https:\/\/graziamagazine.com\/es\/wp-content\/uploads\/sites\/12\/2025\/06\/Captura-de-pantalla-2025-06-26-a-las-13.45.13-400x237.png 400w, https:\/\/graziamagazine.com\/es\/wp-content\/uploads\/sites\/12\/2025\/06\/Captura-de-pantalla-2025-06-26-a-las-13.45.13-155x92.png 155w\" sizes=\"(max-width: 1440px) 100vw, 1440px\" \/><\/p>\n<h3>Un cl\u00e1sico que se reinventa cada temporada<\/h3>\n<p>Aunque el Frappuccino cumple 30, sigue siendo uno de los <em>hits<\/em> m\u00e1s pedidos. Ya sea en su versi\u00f3n <strong>Cookies&amp;Cream<\/strong>, <strong>Caramelo<\/strong> o alguna de las tres o cuatro recetas nuevas que la marca lanza cada a\u00f1o, <strong>esta bebida se ha convertido en una firma de identidad<\/strong>, que mezcla caf\u00e9, sabor, fr\u00edo y customizaci\u00f3n casi infinita.<br \/>\nY s\u00ed, <strong>cada uno tiene su favorito, su sirope secreto o su extra de nata con nombre propio<\/strong>.<\/p>\n<p>El Birthday Frappuccino\u00ae no es solo una bebida: es una c\u00e1psula del tiempo, un homenaje a esa d\u00e9cada donde todo era m\u00e1s simple, m\u00e1s colorido y m\u00e1s dulce. Disponible solo por tiempo limitado, es la excusa perfecta para tomarte un descanso, subir una foto (vaso incluido, por favor) y brindar por los 90\u2026 pero con hielo y nata montada.<\/p>\n<p>Porque a veces, la felicidad tambi\u00e9n viene servida en vaso grande.<\/p>\n<p><em>*Im\u00e1genes: cortes\u00eda<\/em><\/p>\n","protected":false},"author":11653,"featured_media":185874,"template":"","format":"standard","categories":[2971],"acf":{"banner":""},"yoast_head":"<!-- This site is optimized with the Yoast SEO Premium plugin v18.5 (Yoast SEO v20.4) - https:\/\/yoast.com\/wordpress\/plugins\/seo\/ -->\n<title>Starbucks celebra 30 a\u00f1os de su ic\u00f3nico Frapuccino<\/title>\n<meta name=\"description\" content=\"Disponible en todos sus establecimientos del 26 de junio al 10 de julio, esta edici\u00f3n sabe a tarta de cumplea\u00f1os, avellana y vainilla.\" \/>\n<meta name=\"robots\" content=\"index, follow, max-snippet:-1, max-image-preview:large, max-video-preview:-1\" \/>\n<link rel=\"canonical\" href=\"https:\/\/graziamagazine.com\/es\/articles\/starbucks-celebra-30-anos-de-su-iconico-frapuccino\/\" \/>\n<meta property=\"og:locale\" content=\"es_ES\" \/>\n<meta property=\"og:type\" content=\"article\" \/>\n<meta property=\"og:title\" content=\"Starbucks celebra 30 a\u00f1os de su ic\u00f3nico Frapuccino\" \/>\n<meta property=\"og:description\" content=\"Disponible en todos sus establecimientos del 26 de junio al 10 de julio, esta edici\u00f3n sabe a tarta de cumplea\u00f1os, avellana y vainilla.\" \/>\n<meta property=\"og:url\" content=\"https:\/\/graziamagazine.com\/es\/articles\/starbucks-celebra-30-anos-de-su-iconico-frapuccino\/\" \/>\n<meta property=\"og:site_name\" content=\"Grazia\" \/>\n<meta property=\"og:image\" content=\"https:\/\/graziamagazine.com\/es\/wp-content\/uploads\/sites\/12\/2025\/06\/starbucks_es-e1750938209950.jpg\" \/>\n\t<meta property=\"og:image:width\" content=\"1311\" \/>\n\t<meta property=\"og:image:height\" content=\"1026\" \/>\n\t<meta property=\"og:image:type\" content=\"image\/jpeg\" \/>\n<meta name=\"twitter:card\" content=\"summary_large_image\" \/>\n<meta name=\"twitter:label1\" content=\"Est. reading time\" \/>\n\t<meta name=\"twitter:data1\" content=\"3 minutos\" \/>\n<script type=\"application\/ld+json\" class=\"yoast-schema-graph\">{\"@context\":\"https:\/\/schema.org\",\"@graph\":[{\"@type\":\"WebPage\",\"@id\":\"https:\/\/graziamagazine.com\/es\/articles\/starbucks-celebra-30-anos-de-su-iconico-frapuccino\/\",\"url\":\"https:\/\/graziamagazine.com\/es\/articles\/starbucks-celebra-30-anos-de-su-iconico-frapuccino\/\",\"name\":\"Starbucks celebra 30 a\u00f1os de su ic\u00f3nico Frapuccino\",\"isPartOf\":{\"@id\":\"https:\/\/graziamagazine.com\/es\/#website\"},\"datePublished\":\"2025-06-26T11:50:49+00:00\",\"dateModified\":\"2025-06-26T11:50:49+00:00\",\"description\":\"Disponible en todos sus establecimientos del 26 de junio al 10 de julio, esta edici\u00f3n sabe a tarta de cumplea\u00f1os, avellana y vainilla.\",\"breadcrumb\":{\"@id\":\"https:\/\/graziamagazine.com\/es\/articles\/starbucks-celebra-30-anos-de-su-iconico-frapuccino\/#breadcrumb\"},\"inLanguage\":\"es\",\"potentialAction\":[{\"@type\":\"ReadAction\",\"target\":[\"https:\/\/graziamagazine.com\/es\/articles\/starbucks-celebra-30-anos-de-su-iconico-frapuccino\/\"]}]},{\"@type\":\"BreadcrumbList\",\"@id\":\"https:\/\/graziamagazine.com\/es\/articles\/starbucks-celebra-30-anos-de-su-iconico-frapuccino\/#breadcrumb\",\"itemListElement\":[{\"@type\":\"ListItem\",\"position\":1,\"name\":\"Portada\",\"item\":\"https:\/\/graziamagazine.com\/es\/\"},{\"@type\":\"ListItem\",\"position\":2,\"name\":\"Starbucks celebra 30 a\u00f1os de su ic\u00f3nico Frapuccino\"}]},{\"@type\":\"WebSite\",\"@id\":\"https:\/\/graziamagazine.com\/es\/#website\",\"url\":\"https:\/\/graziamagazine.com\/es\/\",\"name\":\"Grazia\",\"description\":\"Moda, belleza, celebrities, estilo de vida...\",\"potentialAction\":[{\"@type\":\"SearchAction\",\"target\":{\"@type\":\"EntryPoint\",\"urlTemplate\":\"https:\/\/graziamagazine.com\/es\/?s={search_term_string}\"},\"query-input\":\"required name=search_term_string\"}],\"inLanguage\":\"es\"}]}<\/script>\n<!-- \/ Yoast SEO Premium plugin. -->","yoast_head_json":{"title":"Starbucks celebra 30 a\u00f1os de su ic\u00f3nico Frapuccino","description":"Disponible en todos sus establecimientos del 26 de junio al 10 de julio, esta edici\u00f3n sabe a tarta de cumplea\u00f1os, avellana y vainilla.","robots":{"index":"index","follow":"follow","max-snippet":"max-snippet:-1","max-image-preview":"max-image-preview:large","max-video-preview":"max-video-preview:-1"},"canonical":"https:\/\/graziamagazine.com\/es\/articles\/starbucks-celebra-30-anos-de-su-iconico-frapuccino\/","og_locale":"es_ES","og_type":"article","og_title":"Starbucks celebra 30 a\u00f1os de su ic\u00f3nico Frapuccino","og_description":"Disponible en todos sus establecimientos del 26 de junio al 10 de julio, esta edici\u00f3n sabe a tarta de cumplea\u00f1os, avellana y vainilla.","og_url":"https:\/\/graziamagazine.com\/es\/articles\/starbucks-celebra-30-anos-de-su-iconico-frapuccino\/","og_site_name":"Grazia","og_image":[{"width":1311,"height":1026,"url":"https:\/\/graziamagazine.com\/es\/wp-content\/uploads\/sites\/12\/2025\/06\/starbucks_es-e1750938209950.jpg","type":"image\/jpeg"}],"twitter_card":"summary_large_image","twitter_misc":{"Est. reading time":"3 minutos"},"schema":{"@context":"https:\/\/schema.org","@graph":[{"@type":"WebPage","@id":"https:\/\/graziamagazine.com\/es\/articles\/starbucks-celebra-30-anos-de-su-iconico-frapuccino\/","url":"https:\/\/graziamagazine.com\/es\/articles\/starbucks-celebra-30-anos-de-su-iconico-frapuccino\/","name":"Starbucks celebra 30 a\u00f1os de su ic\u00f3nico Frapuccino","isPartOf":{"@id":"https:\/\/graziamagazine.com\/es\/#website"},"datePublished":"2025-06-26T11:50:49+00:00","dateModified":"2025-06-26T11:50:49+00:00","description":"Disponible en todos sus establecimientos del 26 de junio al 10 de julio, esta edici\u00f3n sabe a tarta de cumplea\u00f1os, avellana y vainilla.","breadcrumb":{"@id":"https:\/\/graziamagazine.com\/es\/articles\/starbucks-celebra-30-anos-de-su-iconico-frapuccino\/#breadcrumb"},"inLanguage":"es","potentialAction":[{"@type":"ReadAction","target":["https:\/\/graziamagazine.com\/es\/articles\/starbucks-celebra-30-anos-de-su-iconico-frapuccino\/"]}]},{"@type":"BreadcrumbList","@id":"https:\/\/graziamagazine.com\/es\/articles\/starbucks-celebra-30-anos-de-su-iconico-frapuccino\/#breadcrumb","itemListElement":[{"@type":"ListItem","position":1,"name":"Portada","item":"https:\/\/graziamagazine.com\/es\/"},{"@type":"ListItem","position":2,"name":"Starbucks celebra 30 a\u00f1os de su ic\u00f3nico Frapuccino"}]},{"@type":"WebSite","@id":"https:\/\/graziamagazine.com\/es\/#website","url":"https:\/\/graziamagazine.com\/es\/","name":"Grazia","description":"Moda, belleza, celebrities, estilo de vida...","potentialAction":[{"@type":"SearchAction","target":{"@type":"EntryPoint","urlTemplate":"https:\/\/graziamagazine.com\/es\/?s={search_term_string}"},"query-input":"required name=search_term_string"}],"inLanguage":"es"}]}},"jetpack_sharing_enabled":true,"distributor_meta":false,"distributor_terms":false,"distributor_media":false,"distributor_original_site_name":"Grazia","distributor_original_site_url":"https:\/\/graziamagazine.com\/es","push-errors":false,"_links":{"self":[{"href":"https:\/\/graziamagazine.com\/es\/wp-json\/wp\/v2\/articles\/185873"}],"collection":[{"href":"https:\/\/graziamagazine.com\/es\/wp-json\/wp\/v2\/articles"}],"about":[{"href":"https:\/\/graziamagazine.com\/es\/wp-json\/wp\/v2\/types\/articles"}],"author":[{"embeddable":true,"href":"https:\/\/graziamagazine.com\/es\/wp-json\/wp\/v2\/users\/11653"}],"wp:featuredmedia":[{"embeddable":true,"href":"https:\/\/graziamagazine.com\/es\/wp-json\/wp\/v2\/media\/185874"}],"wp:attachment":[{"href":"https:\/\/graziamagazine.com\/es\/wp-json\/wp\/v2\/media?parent=185873"}],"wp:term":[{"taxonomy":"category","embeddable":true,"href":"https:\/\/graziamagazine.com\/es\/wp-json\/wp\/v2\/categories?post=185873"}],"curies":[{"name":"wp","href":"https:\/\/api.w.org\/{rel}","templated":true}]}}