{"id":185862,"date":"2025-06-26T08:00:00","date_gmt":"2025-06-26T06:00:00","guid":{"rendered":"https:\/\/graziamagazine.com\/es\/?post_type=articles&#038;p=185862"},"modified":"2025-06-26T10:45:52","modified_gmt":"2025-06-26T08:45:52","slug":"el-alisado-permanente-sin-calor-que-te-hara-olvidar-las-planchas-este-verano","status":"publish","type":"articles","link":"https:\/\/graziamagazine.com\/es\/articles\/el-alisado-permanente-sin-calor-que-te-hara-olvidar-las-planchas-este-verano\/","title":{"rendered":"El alisado permanente (sin calor) que te har\u00e1 olvidar las planchas este verano"},"content":{"rendered":"<p dir=\"ltr\">Durante el verano, a causa del calor, la humedad, la piscina y el mar, el pelo sufre m\u00e1s de lo habitual y puede aparecer m\u00e1s \u2018frizz\u2019. Una situaci\u00f3n en la que las planchas suelen ser la primera opci\u00f3n para intentar domarlo. Sin embargo, esta herramienta puede causar que se estropee m\u00e1s a\u00fan la fibra capilar. Es por ello que tratamientos como los que realizan desde <a href=\"https:\/\/llongueras.com\/pages\/landing-alisados\" target=\"_blank\">Llongueras<\/a> sean cada vez m\u00e1s una opci\u00f3n a tener en cuenta, ya que se garantizan un alisado permanente sin calor. Es aqu\u00ed donde destacan el alisado org\u00e1nico con cacao y con pol\u00edmeros.<\/p>\n<h3 dir=\"ltr\">ALISADO ORG\u00c1NICO CON CACAO<\/h3>\n<p dir=\"ltr\">Se trata de un alisado de forma natural, relajando el rizo y eliminando el frizz, proporcionando un aspecto m\u00e1s ligero, con movimiento y sin llegar a un liso completamente planchado. Es ideal para cabellos normales o finos que buscan mejorar su textura sin someterse a un tratamiento agresivo. Adem\u00e1s, aporta brillo e hidrataci\u00f3n, lo que se traduce en una melena m\u00e1s saludable y manejable. Su efecto puede durar varias semanas, dependiendo del cuidado que se le d\u00e9 al cabello. Eso s\u00ed, este tipo de alisado no est\u00e1 recomendado para cabellos muy rizados o gruesos, ya que el resultado no es un liso perfecto, sino un alisado natural y flexible que mantiene el movimiento.<\/p>\n<p dir=\"ltr\"><img loading=\"lazy\" decoding=\"async\" class=\"aligncenter size-full wp-image-185864\" src=\"https:\/\/graziamagazine.com\/es\/wp-content\/uploads\/sites\/12\/2025\/06\/Rectangle-71-copia.jpg\" alt=\"\" width=\"1173\" height=\"777\" srcset=\"https:\/\/graziamagazine.com\/es\/wp-content\/uploads\/sites\/12\/2025\/06\/Rectangle-71-copia.jpg 1173w, https:\/\/graziamagazine.com\/es\/wp-content\/uploads\/sites\/12\/2025\/06\/Rectangle-71-copia-300x199.jpg 300w, https:\/\/graziamagazine.com\/es\/wp-content\/uploads\/sites\/12\/2025\/06\/Rectangle-71-copia-1024x678.jpg 1024w, https:\/\/graziamagazine.com\/es\/wp-content\/uploads\/sites\/12\/2025\/06\/Rectangle-71-copia-768x509.jpg 768w, https:\/\/graziamagazine.com\/es\/wp-content\/uploads\/sites\/12\/2025\/06\/Rectangle-71-copia-400x265.jpg 400w, https:\/\/graziamagazine.com\/es\/wp-content\/uploads\/sites\/12\/2025\/06\/Rectangle-71-copia-155x103.jpg 155w\" sizes=\"(max-width: 1173px) 100vw, 1173px\" \/><\/p>\n<h3 dir=\"ltr\">ALISADO CON POL\u00cdMEROS<\/h3>\n<p dir=\"ltr\">Por otro lado, el alisado con pol\u00edmeros es una opci\u00f3n mucho m\u00e1s intensa. Este tratamiento act\u00faa modificando la estructura del cabello para eliminar el rizo por completo, logrando as\u00ed un efecto \u201cliso tabla\u201d que dura varios meses. Es especialmente recomendable para cabellos con rizos marcados, mucha cantidad o volumen, ya que proporciona un acabado uniforme, brillante y muy duradero. Adem\u00e1s, facilita el peinado diario y reduce el tiempo de secado y desenredado.<\/p>\n<p dir=\"ltr\">Teniendo ambos en cuenta, los expertos de Llongueras hablan sobre el cuidado posterior que se debe realizar, para mantenerlo todo el tiempo posible. <em>\u201cLas siguientes 24-48 horas no se deber\u00e1 lavar el cabello, no se deben hacer coletas ni utilizar pinzas y la durabilidad est\u00e1 entre 3 a 6 meses. Adem\u00e1s, las clientas deben pensar que su cabello ha recibido un tratamiento qu\u00edmico y como tal hay que tratarlo con champ\u00fas especiales hidratantes y nutritivos sin sulfatos. Los sulfatos arrastran demasiado y dejan desprotegido el cabello<\/em>\u201d.<\/p>\n<p dir=\"ltr\"><img loading=\"lazy\" decoding=\"async\" class=\"aligncenter size-full wp-image-185865\" src=\"https:\/\/graziamagazine.com\/es\/wp-content\/uploads\/sites\/12\/2025\/06\/imagen3_alisados_1-copia.jpg\" alt=\"\" width=\"1131\" height=\"1152\" srcset=\"https:\/\/graziamagazine.com\/es\/wp-content\/uploads\/sites\/12\/2025\/06\/imagen3_alisados_1-copia.jpg 1131w, https:\/\/graziamagazine.com\/es\/wp-content\/uploads\/sites\/12\/2025\/06\/imagen3_alisados_1-copia-295x300.jpg 295w, https:\/\/graziamagazine.com\/es\/wp-content\/uploads\/sites\/12\/2025\/06\/imagen3_alisados_1-copia-1005x1024.jpg 1005w, https:\/\/graziamagazine.com\/es\/wp-content\/uploads\/sites\/12\/2025\/06\/imagen3_alisados_1-copia-768x782.jpg 768w, https:\/\/graziamagazine.com\/es\/wp-content\/uploads\/sites\/12\/2025\/06\/imagen3_alisados_1-copia-400x407.jpg 400w, https:\/\/graziamagazine.com\/es\/wp-content\/uploads\/sites\/12\/2025\/06\/imagen3_alisados_1-copia-155x158.jpg 155w\" sizes=\"(max-width: 1131px) 100vw, 1131px\" \/><\/p>\n<p dir=\"ltr\">Productos como el B\u00e1lsamo de Tratamiento Baume de Soin de Franck Provost. Un b\u00e1lsamo dise\u00f1ado para todo tipo de cabello\u00a0 y que fue creado para aplicarse despu\u00e9s del lavado, \u00fanicamente en 5 minutos.<\/p>\n<p dir=\"ltr\">Este, que puede usarse al igual que una mascarilla, hidrata y nutre el cabello desde la ra\u00edz hasta las puntas, reconstruyendo la estructura de las fibras capilares y evitando que se rompan. Como a\u00f1adidos, aporta suavidad y facilita el peinado. Sumado a todo lo anterior, la f\u00f3rmula contiene \u00e1cido glic\u00f3lico que regula la secreci\u00f3n de sebo y previene la ca\u00edda del cabello. Y el aceite de higo chumbo que contiene fortalece las hebras y las protege, evitando que se rompan.<\/p>\n<p dir=\"ltr\"><img loading=\"lazy\" decoding=\"async\" class=\"aligncenter size-full wp-image-185866\" src=\"https:\/\/graziamagazine.com\/es\/wp-content\/uploads\/sites\/12\/2025\/06\/NdP_SILUETAS__41-e1750893041292.png\" alt=\"\" width=\"984\" height=\"614\" srcset=\"https:\/\/graziamagazine.com\/es\/wp-content\/uploads\/sites\/12\/2025\/06\/NdP_SILUETAS__41-e1750893041292.png 984w, https:\/\/graziamagazine.com\/es\/wp-content\/uploads\/sites\/12\/2025\/06\/NdP_SILUETAS__41-e1750893041292-300x187.png 300w, https:\/\/graziamagazine.com\/es\/wp-content\/uploads\/sites\/12\/2025\/06\/NdP_SILUETAS__41-e1750893041292-768x479.png 768w, https:\/\/graziamagazine.com\/es\/wp-content\/uploads\/sites\/12\/2025\/06\/NdP_SILUETAS__41-e1750893041292-400x250.png 400w, https:\/\/graziamagazine.com\/es\/wp-content\/uploads\/sites\/12\/2025\/06\/NdP_SILUETAS__41-e1750893041292-155x97.png 155w\" sizes=\"(max-width: 984px) 100vw, 984px\" \/><\/p>\n<p dir=\"ltr\"><span data-olk-copy-source=\"MessageBody\">B\u00e1lsamo de Tratamiento Baume de Soin, de Franck Provost: 26,95 euros<\/span><\/p>\n<p dir=\"ltr\"><em>*Im\u00e1genes: cortes\u00eda e Instagram<\/em><\/p>\n","protected":false},"author":11653,"featured_media":185863,"template":"","format":"standard","categories":[7],"acf":[],"yoast_head":"<!-- This site is optimized with the Yoast SEO Premium plugin v18.5 (Yoast SEO v20.4) - https:\/\/yoast.com\/wordpress\/plugins\/seo\/ -->\n<title>El alisado permanente (sin calor) que te har\u00e1 olvidar las planchas<\/title>\n<meta name=\"description\" content=\"Olv\u00eddate de las herramientas de calor con estos tratamientos y productos anti frizz, que alisan y protegen el cabello.\" \/>\n<meta name=\"robots\" content=\"index, follow, max-snippet:-1, max-image-preview:large, max-video-preview:-1\" \/>\n<link rel=\"canonical\" href=\"https:\/\/graziamagazine.com\/es\/articles\/el-alisado-permanente-sin-calor-que-te-hara-olvidar-las-planchas-este-verano\/\" \/>\n<meta property=\"og:locale\" content=\"es_ES\" \/>\n<meta property=\"og:type\" content=\"article\" \/>\n<meta property=\"og:title\" content=\"El alisado permanente (sin calor) que te har\u00e1 olvidar las planchas este verano\" \/>\n<meta property=\"og:description\" content=\"Olv\u00eddate de las herramientas de calor con estos tratamientos y productos anti frizz, que alisan y protegen el cabello.\" \/>\n<meta property=\"og:url\" content=\"https:\/\/graziamagazine.com\/es\/articles\/el-alisado-permanente-sin-calor-que-te-hara-olvidar-las-planchas-este-verano\/\" \/>\n<meta property=\"og:site_name\" content=\"Grazia\" \/>\n<meta property=\"article:modified_time\" content=\"2025-06-26T08:45:52+00:00\" \/>\n<meta property=\"og:image\" content=\"https:\/\/graziamagazine.com\/es\/wp-content\/uploads\/sites\/12\/2025\/06\/NdP_IMAGEN_PORTADA_66-copia.jpg\" \/>\n\t<meta property=\"og:image:width\" content=\"1500\" \/>\n\t<meta property=\"og:image:height\" content=\"1000\" \/>\n\t<meta property=\"og:image:type\" content=\"image\/jpeg\" \/>\n<meta name=\"twitter:card\" content=\"summary_large_image\" \/>\n<meta name=\"twitter:label1\" content=\"Est. reading time\" \/>\n\t<meta name=\"twitter:data1\" content=\"3 minutos\" \/>\n<script type=\"application\/ld+json\" class=\"yoast-schema-graph\">{\"@context\":\"https:\/\/schema.org\",\"@graph\":[{\"@type\":\"WebPage\",\"@id\":\"https:\/\/graziamagazine.com\/es\/articles\/el-alisado-permanente-sin-calor-que-te-hara-olvidar-las-planchas-este-verano\/\",\"url\":\"https:\/\/graziamagazine.com\/es\/articles\/el-alisado-permanente-sin-calor-que-te-hara-olvidar-las-planchas-este-verano\/\",\"name\":\"El alisado permanente (sin calor) que te har\u00e1 olvidar las planchas\",\"isPartOf\":{\"@id\":\"https:\/\/graziamagazine.com\/es\/#website\"},\"datePublished\":\"2025-06-26T06:00:00+00:00\",\"dateModified\":\"2025-06-26T08:45:52+00:00\",\"description\":\"Olv\u00eddate de las herramientas de calor con estos tratamientos y productos anti frizz, que alisan y protegen el cabello.\",\"breadcrumb\":{\"@id\":\"https:\/\/graziamagazine.com\/es\/articles\/el-alisado-permanente-sin-calor-que-te-hara-olvidar-las-planchas-este-verano\/#breadcrumb\"},\"inLanguage\":\"es\",\"potentialAction\":[{\"@type\":\"ReadAction\",\"target\":[\"https:\/\/graziamagazine.com\/es\/articles\/el-alisado-permanente-sin-calor-que-te-hara-olvidar-las-planchas-este-verano\/\"]}]},{\"@type\":\"BreadcrumbList\",\"@id\":\"https:\/\/graziamagazine.com\/es\/articles\/el-alisado-permanente-sin-calor-que-te-hara-olvidar-las-planchas-este-verano\/#breadcrumb\",\"itemListElement\":[{\"@type\":\"ListItem\",\"position\":1,\"name\":\"Portada\",\"item\":\"https:\/\/graziamagazine.com\/es\/\"},{\"@type\":\"ListItem\",\"position\":2,\"name\":\"El alisado permanente (sin calor) que te har\u00e1 olvidar las planchas este verano\"}]},{\"@type\":\"WebSite\",\"@id\":\"https:\/\/graziamagazine.com\/es\/#website\",\"url\":\"https:\/\/graziamagazine.com\/es\/\",\"name\":\"Grazia\",\"description\":\"Moda, belleza, celebrities, estilo de vida...\",\"potentialAction\":[{\"@type\":\"SearchAction\",\"target\":{\"@type\":\"EntryPoint\",\"urlTemplate\":\"https:\/\/graziamagazine.com\/es\/?s={search_term_string}\"},\"query-input\":\"required name=search_term_string\"}],\"inLanguage\":\"es\"}]}<\/script>\n<!-- \/ Yoast SEO Premium plugin. -->","yoast_head_json":{"title":"El alisado permanente (sin calor) que te har\u00e1 olvidar las planchas","description":"Olv\u00eddate de las herramientas de calor con estos tratamientos y productos anti frizz, que alisan y protegen el cabello.","robots":{"index":"index","follow":"follow","max-snippet":"max-snippet:-1","max-image-preview":"max-image-preview:large","max-video-preview":"max-video-preview:-1"},"canonical":"https:\/\/graziamagazine.com\/es\/articles\/el-alisado-permanente-sin-calor-que-te-hara-olvidar-las-planchas-este-verano\/","og_locale":"es_ES","og_type":"article","og_title":"El alisado permanente (sin calor) que te har\u00e1 olvidar las planchas este verano","og_description":"Olv\u00eddate de las herramientas de calor con estos tratamientos y productos anti frizz, que alisan y protegen el cabello.","og_url":"https:\/\/graziamagazine.com\/es\/articles\/el-alisado-permanente-sin-calor-que-te-hara-olvidar-las-planchas-este-verano\/","og_site_name":"Grazia","article_modified_time":"2025-06-26T08:45:52+00:00","og_image":[{"width":1500,"height":1000,"url":"https:\/\/graziamagazine.com\/es\/wp-content\/uploads\/sites\/12\/2025\/06\/NdP_IMAGEN_PORTADA_66-copia.jpg","type":"image\/jpeg"}],"twitter_card":"summary_large_image","twitter_misc":{"Est. reading time":"3 minutos"},"schema":{"@context":"https:\/\/schema.org","@graph":[{"@type":"WebPage","@id":"https:\/\/graziamagazine.com\/es\/articles\/el-alisado-permanente-sin-calor-que-te-hara-olvidar-las-planchas-este-verano\/","url":"https:\/\/graziamagazine.com\/es\/articles\/el-alisado-permanente-sin-calor-que-te-hara-olvidar-las-planchas-este-verano\/","name":"El alisado permanente (sin calor) que te har\u00e1 olvidar las planchas","isPartOf":{"@id":"https:\/\/graziamagazine.com\/es\/#website"},"datePublished":"2025-06-26T06:00:00+00:00","dateModified":"2025-06-26T08:45:52+00:00","description":"Olv\u00eddate de las herramientas de calor con estos tratamientos y productos anti frizz, que alisan y protegen el cabello.","breadcrumb":{"@id":"https:\/\/graziamagazine.com\/es\/articles\/el-alisado-permanente-sin-calor-que-te-hara-olvidar-las-planchas-este-verano\/#breadcrumb"},"inLanguage":"es","potentialAction":[{"@type":"ReadAction","target":["https:\/\/graziamagazine.com\/es\/articles\/el-alisado-permanente-sin-calor-que-te-hara-olvidar-las-planchas-este-verano\/"]}]},{"@type":"BreadcrumbList","@id":"https:\/\/graziamagazine.com\/es\/articles\/el-alisado-permanente-sin-calor-que-te-hara-olvidar-las-planchas-este-verano\/#breadcrumb","itemListElement":[{"@type":"ListItem","position":1,"name":"Portada","item":"https:\/\/graziamagazine.com\/es\/"},{"@type":"ListItem","position":2,"name":"El alisado permanente (sin calor) que te har\u00e1 olvidar las planchas este verano"}]},{"@type":"WebSite","@id":"https:\/\/graziamagazine.com\/es\/#website","url":"https:\/\/graziamagazine.com\/es\/","name":"Grazia","description":"Moda, belleza, celebrities, estilo de vida...","potentialAction":[{"@type":"SearchAction","target":{"@type":"EntryPoint","urlTemplate":"https:\/\/graziamagazine.com\/es\/?s={search_term_string}"},"query-input":"required name=search_term_string"}],"inLanguage":"es"}]}},"jetpack_sharing_enabled":true,"distributor_meta":false,"distributor_terms":false,"distributor_media":false,"distributor_original_site_name":"Grazia","distributor_original_site_url":"https:\/\/graziamagazine.com\/es","push-errors":false,"_links":{"self":[{"href":"https:\/\/graziamagazine.com\/es\/wp-json\/wp\/v2\/articles\/185862"}],"collection":[{"href":"https:\/\/graziamagazine.com\/es\/wp-json\/wp\/v2\/articles"}],"about":[{"href":"https:\/\/graziamagazine.com\/es\/wp-json\/wp\/v2\/types\/articles"}],"author":[{"embeddable":true,"href":"https:\/\/graziamagazine.com\/es\/wp-json\/wp\/v2\/users\/11653"}],"wp:featuredmedia":[{"embeddable":true,"href":"https:\/\/graziamagazine.com\/es\/wp-json\/wp\/v2\/media\/185863"}],"wp:attachment":[{"href":"https:\/\/graziamagazine.com\/es\/wp-json\/wp\/v2\/media?parent=185862"}],"wp:term":[{"taxonomy":"category","embeddable":true,"href":"https:\/\/graziamagazine.com\/es\/wp-json\/wp\/v2\/categories?post=185862"}],"curies":[{"name":"wp","href":"https:\/\/api.w.org\/{rel}","templated":true}]}}