{"id":185636,"date":"2025-06-18T11:56:00","date_gmt":"2025-06-18T09:56:00","guid":{"rendered":"https:\/\/graziamagazine.com\/es\/?post_type=articles&#038;p=185636"},"modified":"2025-06-18T11:56:00","modified_gmt":"2025-06-18T09:56:00","slug":"los-sombreros-mas-llamativos-del-primer-dia-de-ascot-2025","status":"publish","type":"articles","link":"https:\/\/graziamagazine.com\/es\/articles\/los-sombreros-mas-llamativos-del-primer-dia-de-ascot-2025\/","title":{"rendered":"Los sombreros m\u00e1s llamativos del primer d\u00eda de Ascot 2025"},"content":{"rendered":"<p><span style=\"font-weight: 400\">Con la llegada del Royal Ascot 2025, que ocurre del 17 al 21 de junio, Reino Unido se viste de gala para uno de los eventos sociales m\u00e1s esperados del a\u00f1o. Bajo los rayos del sol de verano, la realeza brit\u00e1nica y la \u00e9lite internacional se re\u00fanen para celebrar carreras de caballos de alto nivel y lucir atuendos impecables.<\/span><\/p>\n<p><span style=\"font-weight: 400\">Algunas reglas esenciales de vestimenta para mujeres apegadas a la tradici\u00f3n de la realeza, son:<\/span><\/p>\n<ul>\n<li><span style=\"font-weight: 400\">Vestidos o faldas con un largo de m\u00ednimo a la rodilla.<\/span><\/li>\n<li><span style=\"font-weight: 400\">Tirantes de al menos una pulgada de ancho; est\u00e1n prohibidos los escotes pronunciados y la seda transparente.<\/span><\/li>\n<li><span style=\"font-weight: 400\">Trajes de pantal\u00f3n o jumpsuits combinados en color y tela.\u00a0<\/span><\/li>\n<li><span style=\"font-weight: 400\">Sombrero o tocado obligatorio, con base m\u00ednima de 10\u202fcm.\u00a0<\/span><\/li>\n<\/ul>\n<p><span style=\"font-weight: 400\">Daniel Fletcher, director de estilo del Royal Ascot, propone una visi\u00f3n refinada y moderna: su lookbook \u201cHistorias sartoriales reinventadas\u201d divide la vestimenta en cuatro tendencias: Archive, Best of British, International y Prints &amp; Patterns. Fletcher recomienda combinar bases neutras con accesorios de impacto, especialmente en tocados y complementos.\u00a0<\/span><\/p>\n<p><span style=\"font-weight: 400\">Te dejamos algunos de los looks m\u00e1s destacados del d\u00eda de la inauguraci\u00f3n:<\/span><\/p>\n<div class=\"content-gallery\">\n<div class=\"gallery-placeholder\">\n<div class=\"spinner\"><\/div>\n<\/div>\n<p>&nbsp;<\/p>\n<div id=\"gallery-1\" class=\"gallery galleryid- gallery-columns- gallery-size-medium\">\n<figure class=\"gallery-item\">\n<div class=\"gallery-icon landscape\"><img loading=\"lazy\" decoding=\"async\" class=\"lazy\" src=\"https:\/\/graziamagazine.com\/mx\/wp-content\/uploads\/sites\/13\/2025\/06\/gg-1.jpg\" alt=\"\" width=\"380\" height=\"776\" \/><\/div>\n<\/figure>\n<figure class=\"gallery-item\">\n<div class=\"gallery-icon landscape\"><img loading=\"lazy\" decoding=\"async\" class=\"lazy\" src=\"https:\/\/graziamagazine.com\/mx\/wp-content\/uploads\/sites\/13\/2025\/06\/ggvvggv.jpg\" alt=\"\" width=\"416\" height=\"784\" \/><\/div>\n<\/figure>\n<figure class=\"gallery-item\">\n<div class=\"gallery-icon landscape\"><img loading=\"lazy\" decoding=\"async\" class=\"lazy\" src=\"https:\/\/graziamagazine.com\/mx\/wp-content\/uploads\/sites\/13\/2025\/06\/ghh.jpg\" alt=\"\" width=\"408\" height=\"798\" \/><\/div>\n<\/figure>\n<figure class=\"gallery-item\">\n<div class=\"gallery-icon landscape\"><img loading=\"lazy\" decoding=\"async\" class=\"lazy\" src=\"https:\/\/graziamagazine.com\/mx\/wp-content\/uploads\/sites\/13\/2025\/06\/hhhhhh.jpg\" alt=\"\" width=\"435\" height=\"771\" \/><\/div>\n<\/figure>\n<figure class=\"gallery-item\">\n<div class=\"gallery-icon landscape\"><img loading=\"lazy\" decoding=\"async\" class=\"lazy\" src=\"https:\/\/graziamagazine.com\/mx\/wp-content\/uploads\/sites\/13\/2025\/06\/k.jpg\" alt=\"\" width=\"438\" height=\"786\" \/><\/div>\n<\/figure>\n<figure class=\"gallery-item\">\n<div class=\"gallery-icon landscape\"><img loading=\"lazy\" decoding=\"async\" class=\"lazy\" src=\"https:\/\/graziamagazine.com\/mx\/wp-content\/uploads\/sites\/13\/2025\/06\/kkuk.jpg\" alt=\"\" width=\"432\" height=\"755\" \/><\/div>\n<\/figure>\n<figure class=\"gallery-item\">\n<div class=\"gallery-icon landscape\"><img loading=\"lazy\" decoding=\"async\" class=\"lazy\" src=\"https:\/\/graziamagazine.com\/mx\/wp-content\/uploads\/sites\/13\/2025\/06\/wd.jpg\" alt=\"\" width=\"420\" height=\"752\" \/><\/div>\n<\/figure>\n<figure class=\"gallery-item\">\n<div class=\"gallery-icon landscape\"><img loading=\"lazy\" decoding=\"async\" class=\"lazy\" src=\"https:\/\/graziamagazine.com\/mx\/wp-content\/uploads\/sites\/13\/2025\/06\/wwvf.jpg\" alt=\"\" width=\"431\" height=\"753\" \/><\/div>\n<\/figure>\n<figure class=\"gallery-item\">\n<div class=\"gallery-icon landscape\"><img loading=\"lazy\" decoding=\"async\" class=\"lazy\" src=\"https:\/\/graziamagazine.com\/mx\/wp-content\/uploads\/sites\/13\/2025\/06\/www.jpg\" alt=\"\" width=\"428\" height=\"744\" \/><\/div>\n<\/figure>\n<figure class=\"gallery-item\">\n<div class=\"gallery-icon landscape\"><img loading=\"lazy\" decoding=\"async\" class=\"lazy\" src=\"https:\/\/graziamagazine.com\/mx\/wp-content\/uploads\/sites\/13\/2025\/06\/z.jpg\" alt=\"\" width=\"453\" height=\"753\" \/><\/div>\n<\/figure>\n<\/div>\n<\/div>\n","protected":false},"author":16349,"featured_media":185640,"template":"","format":"standard","categories":[2971],"acf":{"banner":""},"yoast_head":"<!-- This site is optimized with the Yoast SEO Premium plugin v18.5 (Yoast SEO v20.4) - https:\/\/yoast.com\/wordpress\/plugins\/seo\/ -->\n<title>Los sombreros m\u00e1s llamativos del primer d\u00eda de Ascot 2025<\/title>\n<meta name=\"description\" content=\"Del 17 al 21 de junio, Reino Unido se viste de gala para uno de los eventos sociales m\u00e1s esperados del a\u00f1o.\" \/>\n<meta name=\"robots\" content=\"index, follow, max-snippet:-1, max-image-preview:large, max-video-preview:-1\" \/>\n<link rel=\"canonical\" href=\"https:\/\/graziamagazine.com\/es\/articles\/los-sombreros-mas-llamativos-del-primer-dia-de-ascot-2025\/\" \/>\n<meta property=\"og:locale\" content=\"es_ES\" \/>\n<meta property=\"og:type\" content=\"article\" \/>\n<meta property=\"og:title\" content=\"Los sombreros m\u00e1s llamativos del primer d\u00eda de Ascot 2025\" \/>\n<meta property=\"og:description\" content=\"Del 17 al 21 de junio, Reino Unido se viste de gala para uno de los eventos sociales m\u00e1s esperados del a\u00f1o.\" \/>\n<meta property=\"og:url\" content=\"https:\/\/graziamagazine.com\/es\/articles\/los-sombreros-mas-llamativos-del-primer-dia-de-ascot-2025\/\" \/>\n<meta property=\"og:site_name\" content=\"Grazia\" \/>\n<meta property=\"og:image\" content=\"https:\/\/graziamagazine.com\/es\/wp-content\/uploads\/sites\/12\/2025\/06\/georgiatoffolo-1-e1750240551168.jpg\" \/>\n\t<meta property=\"og:image:width\" content=\"1414\" \/>\n\t<meta property=\"og:image:height\" content=\"1248\" \/>\n\t<meta property=\"og:image:type\" content=\"image\/jpeg\" \/>\n<meta name=\"twitter:card\" content=\"summary_large_image\" \/>\n<meta name=\"twitter:label1\" content=\"Est. reading time\" \/>\n\t<meta name=\"twitter:data1\" content=\"3 minutos\" \/>\n<script type=\"application\/ld+json\" class=\"yoast-schema-graph\">{\"@context\":\"https:\/\/schema.org\",\"@graph\":[{\"@type\":\"WebPage\",\"@id\":\"https:\/\/graziamagazine.com\/es\/articles\/los-sombreros-mas-llamativos-del-primer-dia-de-ascot-2025\/\",\"url\":\"https:\/\/graziamagazine.com\/es\/articles\/los-sombreros-mas-llamativos-del-primer-dia-de-ascot-2025\/\",\"name\":\"Los sombreros m\u00e1s llamativos del primer d\u00eda de Ascot 2025\",\"isPartOf\":{\"@id\":\"https:\/\/graziamagazine.com\/es\/#website\"},\"datePublished\":\"2025-06-18T09:56:00+00:00\",\"dateModified\":\"2025-06-18T09:56:00+00:00\",\"description\":\"Del 17 al 21 de junio, Reino Unido se viste de gala para uno de los eventos sociales m\u00e1s esperados del a\u00f1o.\",\"breadcrumb\":{\"@id\":\"https:\/\/graziamagazine.com\/es\/articles\/los-sombreros-mas-llamativos-del-primer-dia-de-ascot-2025\/#breadcrumb\"},\"inLanguage\":\"es\",\"potentialAction\":[{\"@type\":\"ReadAction\",\"target\":[\"https:\/\/graziamagazine.com\/es\/articles\/los-sombreros-mas-llamativos-del-primer-dia-de-ascot-2025\/\"]}]},{\"@type\":\"BreadcrumbList\",\"@id\":\"https:\/\/graziamagazine.com\/es\/articles\/los-sombreros-mas-llamativos-del-primer-dia-de-ascot-2025\/#breadcrumb\",\"itemListElement\":[{\"@type\":\"ListItem\",\"position\":1,\"name\":\"Portada\",\"item\":\"https:\/\/graziamagazine.com\/es\/\"},{\"@type\":\"ListItem\",\"position\":2,\"name\":\"Los sombreros m\u00e1s llamativos del primer d\u00eda de Ascot 2025\"}]},{\"@type\":\"WebSite\",\"@id\":\"https:\/\/graziamagazine.com\/es\/#website\",\"url\":\"https:\/\/graziamagazine.com\/es\/\",\"name\":\"Grazia\",\"description\":\"Moda, belleza, celebrities, estilo de vida...\",\"potentialAction\":[{\"@type\":\"SearchAction\",\"target\":{\"@type\":\"EntryPoint\",\"urlTemplate\":\"https:\/\/graziamagazine.com\/es\/?s={search_term_string}\"},\"query-input\":\"required name=search_term_string\"}],\"inLanguage\":\"es\"}]}<\/script>\n<!-- \/ Yoast SEO Premium plugin. -->","yoast_head_json":{"title":"Los sombreros m\u00e1s llamativos del primer d\u00eda de Ascot 2025","description":"Del 17 al 21 de junio, Reino Unido se viste de gala para uno de los eventos sociales m\u00e1s esperados del a\u00f1o.","robots":{"index":"index","follow":"follow","max-snippet":"max-snippet:-1","max-image-preview":"max-image-preview:large","max-video-preview":"max-video-preview:-1"},"canonical":"https:\/\/graziamagazine.com\/es\/articles\/los-sombreros-mas-llamativos-del-primer-dia-de-ascot-2025\/","og_locale":"es_ES","og_type":"article","og_title":"Los sombreros m\u00e1s llamativos del primer d\u00eda de Ascot 2025","og_description":"Del 17 al 21 de junio, Reino Unido se viste de gala para uno de los eventos sociales m\u00e1s esperados del a\u00f1o.","og_url":"https:\/\/graziamagazine.com\/es\/articles\/los-sombreros-mas-llamativos-del-primer-dia-de-ascot-2025\/","og_site_name":"Grazia","og_image":[{"width":1414,"height":1248,"url":"https:\/\/graziamagazine.com\/es\/wp-content\/uploads\/sites\/12\/2025\/06\/georgiatoffolo-1-e1750240551168.jpg","type":"image\/jpeg"}],"twitter_card":"summary_large_image","twitter_misc":{"Est. reading time":"3 minutos"},"schema":{"@context":"https:\/\/schema.org","@graph":[{"@type":"WebPage","@id":"https:\/\/graziamagazine.com\/es\/articles\/los-sombreros-mas-llamativos-del-primer-dia-de-ascot-2025\/","url":"https:\/\/graziamagazine.com\/es\/articles\/los-sombreros-mas-llamativos-del-primer-dia-de-ascot-2025\/","name":"Los sombreros m\u00e1s llamativos del primer d\u00eda de Ascot 2025","isPartOf":{"@id":"https:\/\/graziamagazine.com\/es\/#website"},"datePublished":"2025-06-18T09:56:00+00:00","dateModified":"2025-06-18T09:56:00+00:00","description":"Del 17 al 21 de junio, Reino Unido se viste de gala para uno de los eventos sociales m\u00e1s esperados del a\u00f1o.","breadcrumb":{"@id":"https:\/\/graziamagazine.com\/es\/articles\/los-sombreros-mas-llamativos-del-primer-dia-de-ascot-2025\/#breadcrumb"},"inLanguage":"es","potentialAction":[{"@type":"ReadAction","target":["https:\/\/graziamagazine.com\/es\/articles\/los-sombreros-mas-llamativos-del-primer-dia-de-ascot-2025\/"]}]},{"@type":"BreadcrumbList","@id":"https:\/\/graziamagazine.com\/es\/articles\/los-sombreros-mas-llamativos-del-primer-dia-de-ascot-2025\/#breadcrumb","itemListElement":[{"@type":"ListItem","position":1,"name":"Portada","item":"https:\/\/graziamagazine.com\/es\/"},{"@type":"ListItem","position":2,"name":"Los sombreros m\u00e1s llamativos del primer d\u00eda de Ascot 2025"}]},{"@type":"WebSite","@id":"https:\/\/graziamagazine.com\/es\/#website","url":"https:\/\/graziamagazine.com\/es\/","name":"Grazia","description":"Moda, belleza, celebrities, estilo de vida...","potentialAction":[{"@type":"SearchAction","target":{"@type":"EntryPoint","urlTemplate":"https:\/\/graziamagazine.com\/es\/?s={search_term_string}"},"query-input":"required name=search_term_string"}],"inLanguage":"es"}]}},"jetpack_sharing_enabled":true,"distributor_meta":false,"distributor_terms":false,"distributor_media":false,"distributor_original_site_name":"Grazia","distributor_original_site_url":"https:\/\/graziamagazine.com\/es","push-errors":false,"_links":{"self":[{"href":"https:\/\/graziamagazine.com\/es\/wp-json\/wp\/v2\/articles\/185636"}],"collection":[{"href":"https:\/\/graziamagazine.com\/es\/wp-json\/wp\/v2\/articles"}],"about":[{"href":"https:\/\/graziamagazine.com\/es\/wp-json\/wp\/v2\/types\/articles"}],"author":[{"embeddable":true,"href":"https:\/\/graziamagazine.com\/es\/wp-json\/wp\/v2\/users\/16349"}],"wp:featuredmedia":[{"embeddable":true,"href":"https:\/\/graziamagazine.com\/es\/wp-json\/wp\/v2\/media\/185640"}],"wp:attachment":[{"href":"https:\/\/graziamagazine.com\/es\/wp-json\/wp\/v2\/media?parent=185636"}],"wp:term":[{"taxonomy":"category","embeddable":true,"href":"https:\/\/graziamagazine.com\/es\/wp-json\/wp\/v2\/categories?post=185636"}],"curies":[{"name":"wp","href":"https:\/\/api.w.org\/{rel}","templated":true}]}}