{"id":185511,"date":"2025-06-16T11:12:50","date_gmt":"2025-06-16T09:12:50","guid":{"rendered":"https:\/\/graziamagazine.com\/es\/?post_type=articles&#038;p=185511"},"modified":"2025-06-16T11:12:50","modified_gmt":"2025-06-16T09:12:50","slug":"los-espectaculares-looks-de-beyonce-en-su-gira-cowboy-carter","status":"publish","type":"articles","link":"https:\/\/graziamagazine.com\/es\/articles\/los-espectaculares-looks-de-beyonce-en-su-gira-cowboy-carter\/","title":{"rendered":"Los espectaculares looks de Beyonc\u00e9 en su gira Cowboy\u202fCarter"},"content":{"rendered":"<p>La gira <strong>Cowboy\u202fCarter <\/strong>no solo est\u00e1 haciendo historia por su celebraci\u00f3n de la m\u00fasica country, sino tambi\u00e9n por el despliegue de moda que <strong>Beyonc\u00e9<\/strong> lleva a cada escenario. Desde chaps llenos de Swarovski hasta denim reciclado por Levi\u2019s, repasamos <strong>sus mejores looks<\/strong>.<\/p>\n<h3><strong>Levi\u2019s<\/strong><\/h3>\n<p>En uno de los momentos m\u00e1s memorables del Cowboy Carter Tour, <strong>Beyonc\u00e9 y sus bailarinas <\/strong>iluminaron el escenario con atuendos personalizados de Levi\u2019s que fusionaban el esp\u00edritu vaquero con una est\u00e9tica futurista.<\/p>\n<p>Chaps cubiertos de estrellas, cristales Swarovski y shorts de mezclilla se convirtieron en s\u00edmbolos de una nueva narrativa del oeste: atrevida, femenina y absolutamente deslumbrante.<\/p>\n<p>Se trata de una colaboraci\u00f3n con la estilista <strong>Shiona Turini<\/strong> que dio vida a m\u00e1s de <strong>50 looks \u00fanicos<\/strong> que reinterpretan cl\u00e1sicos como la <strong>Trucker Jacket<\/strong>, las camisas de mezclilla western y los ic\u00f3nicos Levi\u2019s 501, todos adaptados <strong>al universo visual del \u00e1lbum<\/strong> Cowboy Carter.<\/p>\n<p>Como extensi\u00f3n de esta propuesta, BEYONC\u00c9 x LEVI\u2019S lanz\u00f3 una colecci\u00f3n c\u00e1psula de edici\u00f3n limitada que reimagina el legado de la marca a trav\u00e9s del lente provocador de la artista.<\/p>\n<p>El redise\u00f1o del logotipo, con una doble \u201ci\u201d en homenaje al tema \u201cLEVII\u2019S JEANS\u201d, encabeza una serie de camisetas que combinan herencia y actitud. Esta colaboraci\u00f3n no solo celebra el estilo, sino tambi\u00e9n la capacidad de Beyonc\u00e9 <strong>para transformar s\u00edmbolos culturales<\/strong> en declaraciones de poder contempor\u00e1neo.<\/p>\n<figure id=\"attachment_152034\" class=\"wp-caption alignnone\" style=\"width: 796px\" aria-describedby=\"caption-attachment-152034\"><img loading=\"lazy\" decoding=\"async\" class=\"wp-image-152034 size-full\" src=\"https:\/\/graziamagazine.com\/mx\/wp-content\/uploads\/sites\/13\/2025\/06\/Captura-de-Pantalla-2025-06-12-a-las-10.45.49.png\" alt=\"\" width=\"796\" height=\"1002\" \/><\/figure>\n<h3><strong>Versace<\/strong><\/h3>\n<p>Beyonc\u00e9 deslumbr\u00f3 al p\u00fablico europeo con un imponente <em>look<\/em> de <strong>Atelier Versace<\/strong>, inspirado en la colecci\u00f3n <strong>Oto\u00f1o\/Invierno<\/strong> 2025 de la casa italiana.<\/p>\n<p>El conjunto estaba compuesto por una <strong>voluminosa falda estilo edred\u00f3n<\/strong> \u2014removible para revelar un <strong>body cors\u00e9 cubierto de cristales<\/strong>\u2014, todo enmarcado por los ic\u00f3nicos estampados que definen la est\u00e9tica de Versace.<\/p>\n<p>El estilismo se complet\u00f3 con <strong>botas altas a juego, guantes de cuero largos y collares dorados de gran tama\u00f1o<\/strong>, en una fusi\u00f3n perfecta entre lujo maximalista y esp\u00edritu western.<\/p>\n<figure id=\"attachment_152040\" class=\"wp-caption alignnone\" style=\"width: 1600px\" aria-describedby=\"caption-attachment-152040\"><img loading=\"lazy\" decoding=\"async\" class=\"wp-image-152040 size-full\" src=\"https:\/\/graziamagazine.com\/mx\/wp-content\/uploads\/sites\/13\/2025\/06\/WhatsApp-Image-2025-06-12-at-10.50.39-AM.jpeg\" alt=\"\" width=\"1600\" height=\"1273\" \/><\/figure>\n<h3><strong>Mugler<\/strong><\/h3>\n<p>En abril pasado, Beyonc\u00e9 abri\u00f3 su gira Cowboy Carter con un look blanco celestial que dej\u00f3 a todos sin aliento, un conjunto personalizado de <strong>Mugler<\/strong> que fusiona el glamour con la est\u00e9tica vaquera. El outfit incluye un body corset, una chaqueta estructurada y unas chaps con <strong>1,740 flecos cortados con l\u00e1ser<\/strong>. Lo complementa un <strong>sombrero cowboy de ala ancha<\/strong>, botas a juego y un muchos diamantes.<\/p>\n<p>Este estilismo no solo marc\u00f3 <strong>el tono visual de la gira<\/strong>, sino que tambi\u00e9n redefini\u00f3 el concepto de \u201ccowgirl couture\u201d: elegante, poderoso y absolutamente viral. Beyonc\u00e9 convierte el western en alta costura, y lo hace desde una perspectiva negra y femenina, reivindicando territorio en un g\u00e9nero que hist\u00f3ricamente ha sido blanco y masculino. As\u00ed, este <em>outfit <\/em>se vuelve s\u00edmbolo de estilo, identidad y revoluci\u00f3n.<\/p>\n<figure id=\"attachment_152042\" class=\"wp-caption alignnone\" style=\"width: 744px\" aria-describedby=\"caption-attachment-152042\"><img loading=\"lazy\" decoding=\"async\" class=\"wp-image-152042 size-full\" src=\"https:\/\/graziamagazine.com\/mx\/wp-content\/uploads\/sites\/13\/2025\/06\/Captura-de-Pantalla-2025-06-12-a-las-10.53.35.png\" alt=\"\" width=\"744\" height=\"1024\" \/><\/figure>\n<h3><strong>Lindsey James Show Clothing<\/strong><\/h3>\n<p>El atuendo dorado con flecos y chaps que Beyonc\u00e9 luci\u00f3 durante la gira fue dise\u00f1ado por <strong>Lindsey James Show Clothing<\/strong>, una marca especializada en vestimenta para <strong>espect\u00e1culos ecuestres<\/strong>. Este conjunto logr\u00f3 impresionar fusionando elementos del estilo western con detalles brillantes.<\/p>\n<figure id=\"attachment_152043\" class=\"wp-caption alignnone\" style=\"width: 888px\" aria-describedby=\"caption-attachment-152043\"><img loading=\"lazy\" decoding=\"async\" class=\"wp-image-152043 size-full\" src=\"https:\/\/graziamagazine.com\/mx\/wp-content\/uploads\/sites\/13\/2025\/06\/Captura-de-Pantalla-2025-06-12-a-las-10.54.46.png\" alt=\"\" width=\"888\" height=\"1148\" \/><figcaption id=\"caption-attachment-152043\" class=\"wp-caption-text\"><\/figcaption><\/figure>\n<h3><strong>Roberto Cavalli<\/strong><\/h3>\n<p>Roberto Cavalli subvirti\u00f3 el denim al crear un mono con estampado de denim, completo con una hebilla de cintur\u00f3n gigante dorada y mangas con flecos, por supuesto.<\/p>\n<div class=\"content-gallery\">\n<div class=\"gallery-placeholder\">\n<div class=\"spinner\"><\/div>\n<\/div>\n<p>&nbsp;<\/p>\n<div id=\"gallery-1\" class=\"gallery galleryid- gallery-columns- gallery-size-\">\n<figure class=\"gallery-item\">\n<div class=\"gallery-icon landscape\"><img loading=\"lazy\" decoding=\"async\" class=\"lazy\" src=\"https:\/\/graziamagazine.com\/mx\/wp-content\/uploads\/sites\/13\/2025\/06\/Captura-de-Pantalla-2025-06-12-a-las-10.57.50.png\" alt=\"\" width=\"786\" height=\"778\" \/><\/div><figcaption id=\"gallery-1-152045\" class=\"wp-caption-text gallery-caption\">Beyonc\u00e9 en su gira Cowboy\u202fCarter \/ Cortes\u00eda: Instagram @roberto_cavalli<\/figcaption><\/figure>\n<figure class=\"gallery-item\">\n<div class=\"gallery-icon landscape\"><img loading=\"lazy\" decoding=\"async\" class=\"lazy\" src=\"https:\/\/graziamagazine.com\/mx\/wp-content\/uploads\/sites\/13\/2025\/06\/Captura-de-Pantalla-2025-06-12-a-las-10.57.59.png\" alt=\"\" width=\"890\" height=\"1142\" \/><\/div><figcaption id=\"gallery-1-152044\" class=\"wp-caption-text gallery-caption\">Beyonc\u00e9 en su gira Cowboy\u202fCarter \/ Cortes\u00eda: Instagram @roberto_cavalli<\/figcaption><\/figure>\n<\/div>\n<\/div>\n<h3><strong>Sami Miro<\/strong><\/h3>\n<p>Es una reinterpretaci\u00f3n moderna de su ic\u00f3nico atuendo de <strong><em>Crazy In Love<\/em><\/strong>, con un toque contempor\u00e1neo y detalles brillantes.<\/p>\n<p>Beyonc\u00e9 lici\u00f3 en su gira un top blanco ajustado, decorado con cristales en tonos azul real, dise\u00f1ado por <strong>Sami Miro<\/strong>. Este dise\u00f1o es <strong>una actualizaci\u00f3n moderna del conjunto original<\/strong> que us\u00f3 en 2003. Adem\u00e1s, lleva unos shorts de mezclilla que a\u00f1aden un <strong>aire casual y juvenil<\/strong> al look.<\/p>\n<div class=\"content-gallery\">\n<div class=\"gallery-placeholder\">\n<div class=\"spinner\"><\/div>\n<\/div>\n<p>&nbsp;<\/p>\n<div id=\"gallery-2\" class=\"gallery galleryid- gallery-columns- gallery-size-\">\n<figure class=\"gallery-item\">\n<div class=\"gallery-icon landscape\"><img loading=\"lazy\" decoding=\"async\" class=\"lazy\" src=\"https:\/\/graziamagazine.com\/mx\/wp-content\/uploads\/sites\/13\/2025\/06\/WhatsApp-Image-2025-06-12-at-10.50.48-AM.jpeg\" alt=\"\" width=\"1600\" height=\"1067\" \/><\/div><figcaption id=\"gallery-2-152041\" class=\"wp-caption-text gallery-caption\">Beyonc\u00e9 en su gira Cowboy\u202fCarter \/ Cortes\u00eda: beyonce.com<\/figcaption><\/figure>\n<figure class=\"gallery-item\">\n<div class=\"gallery-icon landscape\"><img loading=\"lazy\" decoding=\"async\" class=\"lazy\" src=\"https:\/\/graziamagazine.com\/mx\/wp-content\/uploads\/sites\/13\/2025\/06\/WhatsApp-Image-2025-06-12-at-10.50.43-AM-1.jpeg\" alt=\"\" width=\"634\" height=\"1024\" \/><\/div>\n<\/figure>\n<\/div>\n<\/div>\n<h3><strong>Moschino<\/strong><\/h3>\n<p><strong>\u00a0<\/strong>Beyonc\u00e9 hizo arder el escenario en la gira, con un <strong>catsuit rojo custom<\/strong> de <strong>Moschino<\/strong> dise\u00f1ado por <strong>Adrian Appiolaza<\/strong>, un aut\u00e9ntico homenaje al estilo western elevado. Cubierto con m\u00e1s de <strong>250\u202f000 cristales Swarovski<\/strong> (223\u202f200 light siam y 34\u202f650 clear) y <strong>75\u202f200 flecos meticulosamente bordados a mano<\/strong>.<\/p>\n<figure id=\"attachment_152046\" class=\"wp-caption alignnone\" style=\"width: 782px\" aria-describedby=\"caption-attachment-152046\"><img loading=\"lazy\" decoding=\"async\" class=\"wp-image-152046 size-full\" src=\"https:\/\/graziamagazine.com\/mx\/wp-content\/uploads\/sites\/13\/2025\/06\/Captura-de-Pantalla-2025-06-12-a-las-10.59.52.png\" alt=\"\" width=\"782\" height=\"1022\" \/><\/figure>\n<p>Beyonc\u00e9 ha montado una pasarela vaquera que va m\u00e1s all\u00e1 de una gira, es un <strong><em>statement<\/em> cultural<\/strong>. \u00bfLo mejor? Este estilo no se queda solo en la tarima, ha conquistado closets, Instagram y tendencias globales. La f\u00f3rmula Bey\u2011cowgirl se ha coronado, y el mundo s\u00ed que est\u00e1 listo para el rodeo.<\/p>\n<p><em>*Im\u00e1genes: Getty Images y Redes Sociales<\/em><\/p>\n","protected":false},"author":16349,"featured_media":185527,"template":"","format":"standard","categories":[13],"acf":[],"yoast_head":"<!-- This site is optimized with the Yoast SEO Premium plugin v18.5 (Yoast SEO v20.4) - https:\/\/yoast.com\/wordpress\/plugins\/seo\/ -->\n<title>Los espectaculares looks de Beyonc\u00e9 en su gira Cowboy\u202fCarter<\/title>\n<meta name=\"description\" content=\"Queen B se sube al lomo de la moda country deslumbrando con estilos vaqueros diferentes marcas y grandes casas de moda.\" \/>\n<meta name=\"robots\" content=\"index, follow, max-snippet:-1, max-image-preview:large, max-video-preview:-1\" \/>\n<link rel=\"canonical\" href=\"https:\/\/graziamagazine.com\/es\/articles\/los-espectaculares-looks-de-beyonce-en-su-gira-cowboy-carter\/\" \/>\n<meta property=\"og:locale\" content=\"es_ES\" \/>\n<meta property=\"og:type\" content=\"article\" \/>\n<meta property=\"og:title\" content=\"Los espectaculares looks de Beyonc\u00e9 en su gira Cowboy\u202fCarter\" \/>\n<meta property=\"og:description\" content=\"Queen B se sube al lomo de la moda country deslumbrando con estilos vaqueros diferentes marcas y grandes casas de moda.\" \/>\n<meta property=\"og:url\" content=\"https:\/\/graziamagazine.com\/es\/articles\/los-espectaculares-looks-de-beyonce-en-su-gira-cowboy-carter\/\" \/>\n<meta property=\"og:site_name\" content=\"Grazia\" \/>\n<meta property=\"og:image\" content=\"https:\/\/graziamagazine.com\/es\/wp-content\/uploads\/sites\/12\/2025\/06\/Captura-de-Pantalla-2025-06-12-a-las-10.45.41-e1749746943147.png\" \/>\n\t<meta property=\"og:image:width\" content=\"798\" \/>\n\t<meta property=\"og:image:height\" content=\"555\" \/>\n\t<meta property=\"og:image:type\" content=\"image\/png\" \/>\n<meta name=\"twitter:card\" content=\"summary_large_image\" \/>\n<meta name=\"twitter:label1\" content=\"Est. reading time\" \/>\n\t<meta name=\"twitter:data1\" content=\"6 minutos\" \/>\n<script type=\"application\/ld+json\" class=\"yoast-schema-graph\">{\"@context\":\"https:\/\/schema.org\",\"@graph\":[{\"@type\":\"WebPage\",\"@id\":\"https:\/\/graziamagazine.com\/es\/articles\/los-espectaculares-looks-de-beyonce-en-su-gira-cowboy-carter\/\",\"url\":\"https:\/\/graziamagazine.com\/es\/articles\/los-espectaculares-looks-de-beyonce-en-su-gira-cowboy-carter\/\",\"name\":\"Los espectaculares looks de Beyonc\u00e9 en su gira Cowboy\u202fCarter\",\"isPartOf\":{\"@id\":\"https:\/\/graziamagazine.com\/es\/#website\"},\"datePublished\":\"2025-06-16T09:12:50+00:00\",\"dateModified\":\"2025-06-16T09:12:50+00:00\",\"description\":\"Queen B se sube al lomo de la moda country deslumbrando con estilos vaqueros diferentes marcas y grandes casas de moda.\",\"breadcrumb\":{\"@id\":\"https:\/\/graziamagazine.com\/es\/articles\/los-espectaculares-looks-de-beyonce-en-su-gira-cowboy-carter\/#breadcrumb\"},\"inLanguage\":\"es\",\"potentialAction\":[{\"@type\":\"ReadAction\",\"target\":[\"https:\/\/graziamagazine.com\/es\/articles\/los-espectaculares-looks-de-beyonce-en-su-gira-cowboy-carter\/\"]}]},{\"@type\":\"BreadcrumbList\",\"@id\":\"https:\/\/graziamagazine.com\/es\/articles\/los-espectaculares-looks-de-beyonce-en-su-gira-cowboy-carter\/#breadcrumb\",\"itemListElement\":[{\"@type\":\"ListItem\",\"position\":1,\"name\":\"Portada\",\"item\":\"https:\/\/graziamagazine.com\/es\/\"},{\"@type\":\"ListItem\",\"position\":2,\"name\":\"Los espectaculares looks de Beyonc\u00e9 en su gira Cowboy\u202fCarter\"}]},{\"@type\":\"WebSite\",\"@id\":\"https:\/\/graziamagazine.com\/es\/#website\",\"url\":\"https:\/\/graziamagazine.com\/es\/\",\"name\":\"Grazia\",\"description\":\"Moda, belleza, celebrities, estilo de vida...\",\"potentialAction\":[{\"@type\":\"SearchAction\",\"target\":{\"@type\":\"EntryPoint\",\"urlTemplate\":\"https:\/\/graziamagazine.com\/es\/?s={search_term_string}\"},\"query-input\":\"required name=search_term_string\"}],\"inLanguage\":\"es\"}]}<\/script>\n<!-- \/ Yoast SEO Premium plugin. -->","yoast_head_json":{"title":"Los espectaculares looks de Beyonc\u00e9 en su gira Cowboy\u202fCarter","description":"Queen B se sube al lomo de la moda country deslumbrando con estilos vaqueros diferentes marcas y grandes casas de moda.","robots":{"index":"index","follow":"follow","max-snippet":"max-snippet:-1","max-image-preview":"max-image-preview:large","max-video-preview":"max-video-preview:-1"},"canonical":"https:\/\/graziamagazine.com\/es\/articles\/los-espectaculares-looks-de-beyonce-en-su-gira-cowboy-carter\/","og_locale":"es_ES","og_type":"article","og_title":"Los espectaculares looks de Beyonc\u00e9 en su gira Cowboy\u202fCarter","og_description":"Queen B se sube al lomo de la moda country deslumbrando con estilos vaqueros diferentes marcas y grandes casas de moda.","og_url":"https:\/\/graziamagazine.com\/es\/articles\/los-espectaculares-looks-de-beyonce-en-su-gira-cowboy-carter\/","og_site_name":"Grazia","og_image":[{"width":798,"height":555,"url":"https:\/\/graziamagazine.com\/es\/wp-content\/uploads\/sites\/12\/2025\/06\/Captura-de-Pantalla-2025-06-12-a-las-10.45.41-e1749746943147.png","type":"image\/png"}],"twitter_card":"summary_large_image","twitter_misc":{"Est. reading time":"6 minutos"},"schema":{"@context":"https:\/\/schema.org","@graph":[{"@type":"WebPage","@id":"https:\/\/graziamagazine.com\/es\/articles\/los-espectaculares-looks-de-beyonce-en-su-gira-cowboy-carter\/","url":"https:\/\/graziamagazine.com\/es\/articles\/los-espectaculares-looks-de-beyonce-en-su-gira-cowboy-carter\/","name":"Los espectaculares looks de Beyonc\u00e9 en su gira Cowboy\u202fCarter","isPartOf":{"@id":"https:\/\/graziamagazine.com\/es\/#website"},"datePublished":"2025-06-16T09:12:50+00:00","dateModified":"2025-06-16T09:12:50+00:00","description":"Queen B se sube al lomo de la moda country deslumbrando con estilos vaqueros diferentes marcas y grandes casas de moda.","breadcrumb":{"@id":"https:\/\/graziamagazine.com\/es\/articles\/los-espectaculares-looks-de-beyonce-en-su-gira-cowboy-carter\/#breadcrumb"},"inLanguage":"es","potentialAction":[{"@type":"ReadAction","target":["https:\/\/graziamagazine.com\/es\/articles\/los-espectaculares-looks-de-beyonce-en-su-gira-cowboy-carter\/"]}]},{"@type":"BreadcrumbList","@id":"https:\/\/graziamagazine.com\/es\/articles\/los-espectaculares-looks-de-beyonce-en-su-gira-cowboy-carter\/#breadcrumb","itemListElement":[{"@type":"ListItem","position":1,"name":"Portada","item":"https:\/\/graziamagazine.com\/es\/"},{"@type":"ListItem","position":2,"name":"Los espectaculares looks de Beyonc\u00e9 en su gira Cowboy\u202fCarter"}]},{"@type":"WebSite","@id":"https:\/\/graziamagazine.com\/es\/#website","url":"https:\/\/graziamagazine.com\/es\/","name":"Grazia","description":"Moda, belleza, celebrities, estilo de vida...","potentialAction":[{"@type":"SearchAction","target":{"@type":"EntryPoint","urlTemplate":"https:\/\/graziamagazine.com\/es\/?s={search_term_string}"},"query-input":"required name=search_term_string"}],"inLanguage":"es"}]}},"jetpack_sharing_enabled":true,"distributor_meta":false,"distributor_terms":false,"distributor_media":false,"distributor_original_site_name":"Grazia","distributor_original_site_url":"https:\/\/graziamagazine.com\/es","push-errors":false,"_links":{"self":[{"href":"https:\/\/graziamagazine.com\/es\/wp-json\/wp\/v2\/articles\/185511"}],"collection":[{"href":"https:\/\/graziamagazine.com\/es\/wp-json\/wp\/v2\/articles"}],"about":[{"href":"https:\/\/graziamagazine.com\/es\/wp-json\/wp\/v2\/types\/articles"}],"author":[{"embeddable":true,"href":"https:\/\/graziamagazine.com\/es\/wp-json\/wp\/v2\/users\/16349"}],"wp:featuredmedia":[{"embeddable":true,"href":"https:\/\/graziamagazine.com\/es\/wp-json\/wp\/v2\/media\/185527"}],"wp:attachment":[{"href":"https:\/\/graziamagazine.com\/es\/wp-json\/wp\/v2\/media?parent=185511"}],"wp:term":[{"taxonomy":"category","embeddable":true,"href":"https:\/\/graziamagazine.com\/es\/wp-json\/wp\/v2\/categories?post=185511"}],"curies":[{"name":"wp","href":"https:\/\/api.w.org\/{rel}","templated":true}]}}