{"id":185482,"date":"2025-06-12T12:12:41","date_gmt":"2025-06-12T10:12:41","guid":{"rendered":"https:\/\/graziamagazine.com\/es\/?post_type=articles&#038;p=185482"},"modified":"2025-06-26T00:47:39","modified_gmt":"2025-06-25T22:47:39","slug":"novedades-de-la-mbfwmadrid-en-su-40o-aniversario","status":"publish","type":"articles","link":"https:\/\/graziamagazine.com\/es\/articles\/novedades-de-la-mbfwmadrid-en-su-40o-aniversario\/","title":{"rendered":"Novedades de la MBFWMadrid en su 40\u00ba aniversario"},"content":{"rendered":"<p><span data-olk-copy-source=\"MessageBody\">E<\/span>n el\u00a0<b>marco de su 40\u00ba aniversario, <a href=\"https:\/\/www.ifema.es\/mbfw-madrid\" target=\"_blank\">Mercedes-Benz Fashion Week Madrid<\/a>\u00a0<\/b>presenta una edici\u00f3n marcada por una ambiciosa transformaci\u00f3n estructural y estrat\u00e9gica. La\u00a0<b>pr\u00f3xima convocatoria<\/b>, que se\u00a0<b>celebrar\u00e1 del 17 al 21 de septiembre de 2025,<\/b>\u00a0ser\u00e1 mucho m\u00e1s que una celebraci\u00f3n; marcar\u00e1 el inicio de una\u00a0<b>nueva etapa<\/b>\u00a0para la pasarela espa\u00f1ola.<\/p>\n<h3><b>Impulso desde el \u00e1mbito nacional<\/b><\/h3>\n<p><b>MBFWMadrid<\/b>, dentro de su\u00a0<b>nueva estrategia<\/b>, aspira a\u00a0<b>reforzar su impacto en la escena<\/b>\u00a0<b>nacional<\/b>\u00a0mediante\u00a0<b>alianzas estrat\u00e9gicas<\/b>\u00a0con las\u00a0<b>principales cabeceras de moda<\/b>, para generar una cobertura total del evento. Esta pr\u00f3xima edici\u00f3n contar\u00e1 con una mayor implicaci\u00f3n de medios, tanto en cobertura como en activaciones especiales dentro del Cibelespacio, que se renovar\u00e1 con propuestas m\u00e1s ambiciosas y experienciales.<\/p>\n<p><img decoding=\"async\" src=\"https:\/\/www.ifema.es\/mbfw-madrid\/img\/m\/imagen-nueva-web\/web-nueva.webp\" alt=\"imagen nueva web\" \/><\/p>\n<h3><b>Crecimiento internacional<\/b><\/h3>\n<p>Este cambio\u00a0<b>responde a una convicci\u00f3n por adaptar una plataforma de dise\u00f1o<\/b>\u00a0<b>de<\/b>\u00a0<b>autor<\/b>\u00a0que no solo inspire, sino que\u00a0<b>proyecte y genere impacto real<\/b>. Por eso, esta edici\u00f3n, apuesta por\u00a0<b>reforzar su visibilidad internacional<\/b>\u00a0con la llegada de medios de comunicaci\u00f3n de mercados clave como son\u00a0<b>Francia, Italia, Reino Unido, Alemania, LATAM y Estados<\/b>\u00a0<b>Unidos<\/b>. As\u00ed como con la presencia de\u00a0<b>compradores internacionales estrat\u00e9gicos<\/b>\u00a0que intensifiquen el\u00a0<b>perfil comercial del evento<\/b>\u00a0y los dise\u00f1adores vean en \u00e9l una\u00a0<b>ventana de negocio hacia el exterior<\/b>.<\/p>\n<p><img loading=\"lazy\" decoding=\"async\" class=\"aligncenter size-full wp-image-185485\" src=\"https:\/\/graziamagazine.com\/es\/wp-content\/uploads\/sites\/12\/2025\/06\/1540620449821.jpg\" alt=\"\" width=\"1200\" height=\"800\" srcset=\"https:\/\/graziamagazine.com\/es\/wp-content\/uploads\/sites\/12\/2025\/06\/1540620449821.jpg 1200w, https:\/\/graziamagazine.com\/es\/wp-content\/uploads\/sites\/12\/2025\/06\/1540620449821-300x200.jpg 300w, https:\/\/graziamagazine.com\/es\/wp-content\/uploads\/sites\/12\/2025\/06\/1540620449821-1024x683.jpg 1024w, https:\/\/graziamagazine.com\/es\/wp-content\/uploads\/sites\/12\/2025\/06\/1540620449821-768x512.jpg 768w, https:\/\/graziamagazine.com\/es\/wp-content\/uploads\/sites\/12\/2025\/06\/1540620449821-400x267.jpg 400w, https:\/\/graziamagazine.com\/es\/wp-content\/uploads\/sites\/12\/2025\/06\/1540620449821-155x103.jpg 155w\" sizes=\"(max-width: 1200px) 100vw, 1200px\" \/><\/p>\n<h3><b>Backstage: m\u00e1s funcional y renovado<\/b><\/h3>\n<p>En esta edici\u00f3n tambi\u00e9n se\u00a0<b>renovar\u00e1n los espacios de trabajo tras bambalinas<\/b>. El backstage ser\u00e1 m\u00e1s\u00a0<b>sostenible, c\u00f3modo y eficiente<\/b>, incorporando camerinos ampliados, zonas espec\u00edficas para shootings y una mayor \u00e1rea de peluquer\u00eda y maquillaje, con el objetivo de optimizar los procesos de producci\u00f3n y elevar la experiencia de los equipos creativos.<\/p>\n<p>Por todo ello,\u00a0<b>MBFWMadrid<\/b>\u00a0inicia este\u00a0<b>proceso de transformaci\u00f3n<\/b>\u00a0tras meses de di\u00e1logo con\u00a0<b>dise\u00f1adores y agentes del sector para seguir creciendo en busca de la optimizaci\u00f3n del evento.<\/b>\u00a0As\u00ed, esta edici\u00f3n no es solo un aniversario, es una\u00a0<b>declaraci\u00f3n de intenciones<\/b>\u00a0para que la pasarela sea un encuentro de conexi\u00f3n real entre creatividad, negocio y cultura.<\/p>\n<p><img loading=\"lazy\" decoding=\"async\" class=\"aligncenter size-full wp-image-185486\" src=\"https:\/\/graziamagazine.com\/es\/wp-content\/uploads\/sites\/12\/2025\/06\/1540605985928.jpg\" alt=\"\" width=\"1200\" height=\"800\" srcset=\"https:\/\/graziamagazine.com\/es\/wp-content\/uploads\/sites\/12\/2025\/06\/1540605985928.jpg 1200w, https:\/\/graziamagazine.com\/es\/wp-content\/uploads\/sites\/12\/2025\/06\/1540605985928-300x200.jpg 300w, https:\/\/graziamagazine.com\/es\/wp-content\/uploads\/sites\/12\/2025\/06\/1540605985928-1024x683.jpg 1024w, https:\/\/graziamagazine.com\/es\/wp-content\/uploads\/sites\/12\/2025\/06\/1540605985928-768x512.jpg 768w, https:\/\/graziamagazine.com\/es\/wp-content\/uploads\/sites\/12\/2025\/06\/1540605985928-400x267.jpg 400w, https:\/\/graziamagazine.com\/es\/wp-content\/uploads\/sites\/12\/2025\/06\/1540605985928-155x103.jpg 155w\" sizes=\"(max-width: 1200px) 100vw, 1200px\" \/><\/p>\n<p>La edici\u00f3n de septiembre ser\u00e1 el primer paso visible de una estrategia m\u00e1s ambiciosa que ir\u00e1 despleg\u00e1ndose progresivamente a lo largo del tiempo.<\/p>\n<p><em>*Im\u00e1genes: cortes\u00eda<\/em><\/p>\n<p>&nbsp;<\/p>\n","protected":false},"author":11653,"featured_media":185483,"template":"","format":"standard","categories":[2971,11738],"acf":{"banner":""},"yoast_head":"<!-- This site is optimized with the Yoast SEO Premium plugin v18.5 (Yoast SEO v20.4) - https:\/\/yoast.com\/wordpress\/plugins\/seo\/ -->\n<title>Novedades de la MBFWMadrid en su 40\u00ba aniversario<\/title>\n<meta name=\"description\" content=\"Mercedes-Benz Fashion Week Madrid impulsa una nueva era en su historia con acciones estrat\u00e9gicas para su 40\u00ba aniversario.\" \/>\n<meta name=\"robots\" content=\"index, follow, max-snippet:-1, max-image-preview:large, max-video-preview:-1\" \/>\n<link rel=\"canonical\" href=\"https:\/\/graziamagazine.com\/es\/articles\/novedades-de-la-mbfwmadrid-en-su-40o-aniversario\/\" \/>\n<meta property=\"og:locale\" content=\"es_ES\" \/>\n<meta property=\"og:type\" content=\"article\" \/>\n<meta property=\"og:title\" content=\"Novedades de la MBFWMadrid en su 40\u00ba aniversario\" \/>\n<meta property=\"og:description\" content=\"Mercedes-Benz Fashion Week Madrid impulsa una nueva era en su historia con acciones estrat\u00e9gicas para su 40\u00ba aniversario.\" \/>\n<meta property=\"og:url\" content=\"https:\/\/graziamagazine.com\/es\/articles\/novedades-de-la-mbfwmadrid-en-su-40o-aniversario\/\" \/>\n<meta property=\"og:site_name\" content=\"Grazia\" \/>\n<meta property=\"article:modified_time\" content=\"2025-06-25T22:47:39+00:00\" \/>\n<meta property=\"og:image\" content=\"https:\/\/graziamagazine.com\/es\/wp-content\/uploads\/sites\/12\/2025\/06\/PF25_Ambiente_Erroz_0196.jpg\" \/>\n\t<meta property=\"og:image:width\" content=\"1275\" \/>\n\t<meta property=\"og:image:height\" content=\"850\" \/>\n\t<meta property=\"og:image:type\" content=\"image\/jpeg\" \/>\n<meta name=\"twitter:card\" content=\"summary_large_image\" \/>\n<meta name=\"twitter:label1\" content=\"Est. reading time\" \/>\n\t<meta name=\"twitter:data1\" content=\"3 minutos\" \/>\n<script type=\"application\/ld+json\" class=\"yoast-schema-graph\">{\"@context\":\"https:\/\/schema.org\",\"@graph\":[{\"@type\":\"WebPage\",\"@id\":\"https:\/\/graziamagazine.com\/es\/articles\/novedades-de-la-mbfwmadrid-en-su-40o-aniversario\/\",\"url\":\"https:\/\/graziamagazine.com\/es\/articles\/novedades-de-la-mbfwmadrid-en-su-40o-aniversario\/\",\"name\":\"Novedades de la MBFWMadrid en su 40\u00ba aniversario\",\"isPartOf\":{\"@id\":\"https:\/\/graziamagazine.com\/es\/#website\"},\"datePublished\":\"2025-06-12T10:12:41+00:00\",\"dateModified\":\"2025-06-25T22:47:39+00:00\",\"description\":\"Mercedes-Benz Fashion Week Madrid impulsa una nueva era en su historia con acciones estrat\u00e9gicas para su 40\u00ba aniversario.\",\"breadcrumb\":{\"@id\":\"https:\/\/graziamagazine.com\/es\/articles\/novedades-de-la-mbfwmadrid-en-su-40o-aniversario\/#breadcrumb\"},\"inLanguage\":\"es\",\"potentialAction\":[{\"@type\":\"ReadAction\",\"target\":[\"https:\/\/graziamagazine.com\/es\/articles\/novedades-de-la-mbfwmadrid-en-su-40o-aniversario\/\"]}]},{\"@type\":\"BreadcrumbList\",\"@id\":\"https:\/\/graziamagazine.com\/es\/articles\/novedades-de-la-mbfwmadrid-en-su-40o-aniversario\/#breadcrumb\",\"itemListElement\":[{\"@type\":\"ListItem\",\"position\":1,\"name\":\"Portada\",\"item\":\"https:\/\/graziamagazine.com\/es\/\"},{\"@type\":\"ListItem\",\"position\":2,\"name\":\"Novedades de la MBFWMadrid en su 40\u00ba aniversario\"}]},{\"@type\":\"WebSite\",\"@id\":\"https:\/\/graziamagazine.com\/es\/#website\",\"url\":\"https:\/\/graziamagazine.com\/es\/\",\"name\":\"Grazia\",\"description\":\"Moda, belleza, celebrities, estilo de vida...\",\"potentialAction\":[{\"@type\":\"SearchAction\",\"target\":{\"@type\":\"EntryPoint\",\"urlTemplate\":\"https:\/\/graziamagazine.com\/es\/?s={search_term_string}\"},\"query-input\":\"required name=search_term_string\"}],\"inLanguage\":\"es\"}]}<\/script>\n<!-- \/ Yoast SEO Premium plugin. -->","yoast_head_json":{"title":"Novedades de la MBFWMadrid en su 40\u00ba aniversario","description":"Mercedes-Benz Fashion Week Madrid impulsa una nueva era en su historia con acciones estrat\u00e9gicas para su 40\u00ba aniversario.","robots":{"index":"index","follow":"follow","max-snippet":"max-snippet:-1","max-image-preview":"max-image-preview:large","max-video-preview":"max-video-preview:-1"},"canonical":"https:\/\/graziamagazine.com\/es\/articles\/novedades-de-la-mbfwmadrid-en-su-40o-aniversario\/","og_locale":"es_ES","og_type":"article","og_title":"Novedades de la MBFWMadrid en su 40\u00ba aniversario","og_description":"Mercedes-Benz Fashion Week Madrid impulsa una nueva era en su historia con acciones estrat\u00e9gicas para su 40\u00ba aniversario.","og_url":"https:\/\/graziamagazine.com\/es\/articles\/novedades-de-la-mbfwmadrid-en-su-40o-aniversario\/","og_site_name":"Grazia","article_modified_time":"2025-06-25T22:47:39+00:00","og_image":[{"width":1275,"height":850,"url":"https:\/\/graziamagazine.com\/es\/wp-content\/uploads\/sites\/12\/2025\/06\/PF25_Ambiente_Erroz_0196.jpg","type":"image\/jpeg"}],"twitter_card":"summary_large_image","twitter_misc":{"Est. reading time":"3 minutos"},"schema":{"@context":"https:\/\/schema.org","@graph":[{"@type":"WebPage","@id":"https:\/\/graziamagazine.com\/es\/articles\/novedades-de-la-mbfwmadrid-en-su-40o-aniversario\/","url":"https:\/\/graziamagazine.com\/es\/articles\/novedades-de-la-mbfwmadrid-en-su-40o-aniversario\/","name":"Novedades de la MBFWMadrid en su 40\u00ba aniversario","isPartOf":{"@id":"https:\/\/graziamagazine.com\/es\/#website"},"datePublished":"2025-06-12T10:12:41+00:00","dateModified":"2025-06-25T22:47:39+00:00","description":"Mercedes-Benz Fashion Week Madrid impulsa una nueva era en su historia con acciones estrat\u00e9gicas para su 40\u00ba aniversario.","breadcrumb":{"@id":"https:\/\/graziamagazine.com\/es\/articles\/novedades-de-la-mbfwmadrid-en-su-40o-aniversario\/#breadcrumb"},"inLanguage":"es","potentialAction":[{"@type":"ReadAction","target":["https:\/\/graziamagazine.com\/es\/articles\/novedades-de-la-mbfwmadrid-en-su-40o-aniversario\/"]}]},{"@type":"BreadcrumbList","@id":"https:\/\/graziamagazine.com\/es\/articles\/novedades-de-la-mbfwmadrid-en-su-40o-aniversario\/#breadcrumb","itemListElement":[{"@type":"ListItem","position":1,"name":"Portada","item":"https:\/\/graziamagazine.com\/es\/"},{"@type":"ListItem","position":2,"name":"Novedades de la MBFWMadrid en su 40\u00ba aniversario"}]},{"@type":"WebSite","@id":"https:\/\/graziamagazine.com\/es\/#website","url":"https:\/\/graziamagazine.com\/es\/","name":"Grazia","description":"Moda, belleza, celebrities, estilo de vida...","potentialAction":[{"@type":"SearchAction","target":{"@type":"EntryPoint","urlTemplate":"https:\/\/graziamagazine.com\/es\/?s={search_term_string}"},"query-input":"required name=search_term_string"}],"inLanguage":"es"}]}},"jetpack_sharing_enabled":true,"distributor_meta":false,"distributor_terms":false,"distributor_media":false,"distributor_original_site_name":"Grazia","distributor_original_site_url":"https:\/\/graziamagazine.com\/es","push-errors":false,"_links":{"self":[{"href":"https:\/\/graziamagazine.com\/es\/wp-json\/wp\/v2\/articles\/185482"}],"collection":[{"href":"https:\/\/graziamagazine.com\/es\/wp-json\/wp\/v2\/articles"}],"about":[{"href":"https:\/\/graziamagazine.com\/es\/wp-json\/wp\/v2\/types\/articles"}],"author":[{"embeddable":true,"href":"https:\/\/graziamagazine.com\/es\/wp-json\/wp\/v2\/users\/11653"}],"wp:featuredmedia":[{"embeddable":true,"href":"https:\/\/graziamagazine.com\/es\/wp-json\/wp\/v2\/media\/185483"}],"wp:attachment":[{"href":"https:\/\/graziamagazine.com\/es\/wp-json\/wp\/v2\/media?parent=185482"}],"wp:term":[{"taxonomy":"category","embeddable":true,"href":"https:\/\/graziamagazine.com\/es\/wp-json\/wp\/v2\/categories?post=185482"}],"curies":[{"name":"wp","href":"https:\/\/api.w.org\/{rel}","templated":true}]}}