{"id":185465,"date":"2025-06-12T09:24:08","date_gmt":"2025-06-12T07:24:08","guid":{"rendered":"https:\/\/graziamagazine.com\/es\/?post_type=articles&#038;p=185465"},"modified":"2025-06-26T00:48:17","modified_gmt":"2025-06-25T22:48:17","slug":"barcelo-nura-by-ria-menorca-la-colaboracion-sostenible-del-verano","status":"publish","type":"articles","link":"https:\/\/graziamagazine.com\/es\/articles\/barcelo-nura-by-ria-menorca-la-colaboracion-sostenible-del-verano\/","title":{"rendered":"Barcel\u00f3 Nura by RIA MENORCA, la colaboraci\u00f3n sostenible del verano"},"content":{"rendered":"<p>\u00bfEres fan de las abarcas menorquinas? \u00bfCada verano est\u00e1s deseando que llegue en buen tiempo para ampliar tu colecci\u00f3n con los colores de la temporada? Entonces tenemos una grata sorpresa para ti porque hemos encontrado las abarcas perfectas, sostenibles y en el amarillo mantequilla que llevan todas las que saben de tendencias.<\/p>\n<p>Y es que, si hay un lugar en el que pisar fuerte sin dejar huella, ese es Menorca.\u00a0Y adem\u00e1s lo hacen con estilo, tradici\u00f3n y mucho respeto por el planeta porque la moda sostenible encuentra su mejor escenario junto al mar, concretamente en el hotel Barcel\u00f3 Nura, que vuelve a unir fuerzas con <a href=\"https:\/\/www.riamenorca.com\/?srsltid=AfmBOooSkczokuthQsZJHpuY8-LGBrKZ9nMqWryK55XkimBVTm9wcgFi\" target=\"_blank\"><strong data-start=\"652\" data-end=\"667\">RIA Menorca<\/strong><\/a>, la firma artesanal que lleva m\u00e1s de 75 a\u00f1os dise\u00f1ando las ic\u00f3nicas abarcas de la isla.<\/p>\n<p data-start=\"757\" data-end=\"956\">\u00bfEl resultado? Una colecci\u00f3n limitada de calzado que transforma neum\u00e1ticos que jam\u00e1s rodaron en carreteras, en piezas que pisan con intenci\u00f3n: proteger el entorno y mantener vivo el legado menorqu\u00edn.<\/p>\n<h3 data-start=\"963\" data-end=\"1011\">De ruedas a sandalias (s\u00ed, has le\u00eddo bien)<\/h3>\n<p data-start=\"1013\" data-end=\"1306\">Cada a\u00f1o se generan en Espa\u00f1a m\u00e1s de 295.000 toneladas de neum\u00e1ticos desechados. Pero algunos ni siquiera llegan a usarse: se descartan antes de tocar el asfalto por no cumplir los est\u00e1ndares. En lugar de acabar en vertederos, <strong data-start=\"1240\" data-end=\"1304\">se convierten en suelas recicladas que cuentan otra historia<\/strong>.<\/p>\n<p data-start=\"1308\" data-end=\"1551\">RIA Menorca lo sabe desde siempre. Sus primeras abarcas, all\u00e1 por mediados del siglo XX, ya aprovechaban el caucho de neum\u00e1ticos de barcas pesqueras. Hoy, junto a <a href=\"https:\/\/www.barcelo.com\/es-us\/barcelo-nura\/\" target=\"_blank\">Barcel\u00f3 Nura<\/a>, reviven esa filosof\u00eda con una propuesta actual, chic y sostenible.<\/p>\n<p data-start=\"1308\" data-end=\"1551\"><img loading=\"lazy\" decoding=\"async\" class=\"aligncenter size-full wp-image-185468\" src=\"https:\/\/graziamagazine.com\/es\/wp-content\/uploads\/sites\/12\/2025\/06\/Barcelo-Nura-RIA-1.jpg\" alt=\"\" width=\"8256\" height=\"5504\" srcset=\"https:\/\/graziamagazine.com\/es\/wp-content\/uploads\/sites\/12\/2025\/06\/Barcelo-Nura-RIA-1.jpg 8256w, https:\/\/graziamagazine.com\/es\/wp-content\/uploads\/sites\/12\/2025\/06\/Barcelo-Nura-RIA-1-300x200.jpg 300w, https:\/\/graziamagazine.com\/es\/wp-content\/uploads\/sites\/12\/2025\/06\/Barcelo-Nura-RIA-1-1024x683.jpg 1024w, https:\/\/graziamagazine.com\/es\/wp-content\/uploads\/sites\/12\/2025\/06\/Barcelo-Nura-RIA-1-768x512.jpg 768w, https:\/\/graziamagazine.com\/es\/wp-content\/uploads\/sites\/12\/2025\/06\/Barcelo-Nura-RIA-1-1536x1024.jpg 1536w, https:\/\/graziamagazine.com\/es\/wp-content\/uploads\/sites\/12\/2025\/06\/Barcelo-Nura-RIA-1-400x267.jpg 400w, https:\/\/graziamagazine.com\/es\/wp-content\/uploads\/sites\/12\/2025\/06\/Barcelo-Nura-RIA-1-155x103.jpg 155w\" sizes=\"(max-width: 8256px) 100vw, 8256px\" \/><\/p>\n<p data-start=\"1308\" data-end=\"1551\"><span data-olk-copy-source=\"MessageBody\">Por si no lo sab\u00edas, la primera abarca surgi\u00f3 en el siglo XIII como un zapato de piel atado al tobillo con cuerdas o tiras que llevaban los campesinos menorquines. Creadas para la gente del campo, con el paso del tiempo las abarcas se han convertido en el calzado m\u00e1s tradicional y popular de Menorca. Este calzado, como la sociedad y la moda, ha ido evolucionando con el tiempo.<\/span><\/p>\n<h3 data-start=\"1558\" data-end=\"1600\">La abarca m\u00e1s responsable del verano<\/h3>\n<p data-start=\"1602\" data-end=\"2057\">Olv\u00eddate del calzado fast fashion. Esta colecci\u00f3n c\u00e1psula huele a Mediterr\u00e1neo, se siente ligera como la brisa de agosto y <strong data-start=\"1725\" data-end=\"1770\">est\u00e1 hecha 100% con materiales reciclados<\/strong>. La suela, de goma negra y textura robusta, est\u00e1 fabricada con neum\u00e1ticos reutilizados y rinde homenaje al dise\u00f1o original de las abarcas campesinas.<br data-start=\"1922\" data-end=\"1925\" \/>La plantilla, en piel natural, mantiene ese punto de sofisticaci\u00f3n que convierte una sandalia tradicional en un objeto de deseo eco.<\/p>\n<p data-start=\"2059\" data-end=\"2131\"><strong data-start=\"2059\" data-end=\"2131\">\u00bfModa con alma local? Hecho. \u00bfDise\u00f1o funcional con valores? Tambi\u00e9n.<\/strong><\/p>\n<h3 data-start=\"2138\" data-end=\"2193\">Un paso m\u00e1s en sostenibilidad (con vistas al mar)<\/h3>\n<p data-start=\"2195\" data-end=\"2470\">Esta no es la primera vez que Barcel\u00f3 Nura y RIA Menorca se al\u00edan por una causa com\u00fan. Hace tres veranos sorprendieron con una colecci\u00f3n de abarcas creadas a partir de pl\u00e1sticos marinos. Esta segunda edici\u00f3n da un giro m\u00e1s: el reciclaje de neum\u00e1ticos que nunca fueron usados.<\/p>\n<p data-start=\"2472\" data-end=\"2648\">Detr\u00e1s del dise\u00f1o hay una declaraci\u00f3n de intenciones: <strong data-start=\"2526\" data-end=\"2647\">preservar el entorno, honrar la artesan\u00eda local y dar nuevos usos a residuos que podr\u00edan haberse quedado en el olvido<\/strong>.<\/p>\n<p data-start=\"2472\" data-end=\"2648\"><img loading=\"lazy\" decoding=\"async\" class=\"aligncenter size-full wp-image-185466\" src=\"https:\/\/graziamagazine.com\/es\/wp-content\/uploads\/sites\/12\/2025\/06\/8083_638852472756845283.jpg\" alt=\"\" width=\"1000\" height=\"667\" srcset=\"https:\/\/graziamagazine.com\/es\/wp-content\/uploads\/sites\/12\/2025\/06\/8083_638852472756845283.jpg 1000w, https:\/\/graziamagazine.com\/es\/wp-content\/uploads\/sites\/12\/2025\/06\/8083_638852472756845283-300x200.jpg 300w, https:\/\/graziamagazine.com\/es\/wp-content\/uploads\/sites\/12\/2025\/06\/8083_638852472756845283-768x512.jpg 768w, https:\/\/graziamagazine.com\/es\/wp-content\/uploads\/sites\/12\/2025\/06\/8083_638852472756845283-400x267.jpg 400w, https:\/\/graziamagazine.com\/es\/wp-content\/uploads\/sites\/12\/2025\/06\/8083_638852472756845283-155x103.jpg 155w\" sizes=\"(max-width: 1000px) 100vw, 1000px\" \/><\/p>\n<h3 data-start=\"2655\" data-end=\"2694\">El hotel donde todo cobra sentido<\/h3>\n<p data-start=\"2696\" data-end=\"2898\">Situado a pocos metros del Mediterr\u00e1neo, el <strong data-start=\"2740\" data-end=\"2756\">Barcel\u00f3 Nura<\/strong> no es solo un hotel boutique con alma slow. Es un refugio dise\u00f1ado con sensibilidad isle\u00f1a, donde la sostenibilidad se integra sin alardes:<\/p>\n<ul>\n<li data-start=\"2901\" data-end=\"2954\">Uso de <strong data-start=\"2908\" data-end=\"2927\">agua regenerada<\/strong> para regar los jardines.<\/li>\n<li data-start=\"2901\" data-end=\"2954\"><strong data-start=\"2957\" data-end=\"2974\">Energ\u00eda solar<\/strong> para calentar el agua que llega a las habitaciones.<\/li>\n<li data-start=\"2901\" data-end=\"2954\">Una arquitectura que respira paisaje, sin alterar el equilibrio de la costa sur de Menorca.<\/li>\n<li data-start=\"2901\" data-end=\"2954\">Y ahora, adem\u00e1s, ofrece a sus hu\u00e9spedes la posibilidad de adquirir esta colecci\u00f3n limitada en su <strong data-start=\"3221\" data-end=\"3247\">pop-up store exclusiva<\/strong>, dentro del propio hotel. Una idea perfecta si quieres llevarte un recuerdo bonito y con prop\u00f3sito.<\/li>\n<\/ul>\n<h3 data-start=\"3354\" data-end=\"3392\">C\u00f3mo, cu\u00e1ndo y por qu\u00e9 llevarlas<\/h3>\n<p data-start=\"3394\" data-end=\"3665\">Las nuevas <strong data-start=\"3405\" data-end=\"3443\">abarcas RIA Menorca x Barcel\u00f3 Nura<\/strong> son la excusa perfecta para recorrer la isla con estilo consciente. Desde el mercado de Ciutadella hasta una puesta de sol en Cala\u2019n Brut, este calzado no solo combina con tu vestido de lino, sino tambi\u00e9n con tus valores.<\/p>\n<p data-start=\"3667\" data-end=\"3916\"><strong data-start=\"3667\" data-end=\"3689\">Consejo Grazia<\/strong>: ll\u00e9valas con prendas neutras y accesorios de fibras naturales. Y cuando alguien te pregunte por ellas (porque te van a preguntar), cuenta la historia. Que no es solo una suela bonita: es una pisada hacia un futuro m\u00e1s limpio.<\/p>\n<p data-start=\"3667\" data-end=\"3916\"><img loading=\"lazy\" decoding=\"async\" class=\"aligncenter size-full wp-image-185467\" src=\"https:\/\/graziamagazine.com\/es\/wp-content\/uploads\/sites\/12\/2025\/06\/8084_638852472842875112.jpg\" alt=\"\" width=\"1000\" height=\"667\" srcset=\"https:\/\/graziamagazine.com\/es\/wp-content\/uploads\/sites\/12\/2025\/06\/8084_638852472842875112.jpg 1000w, https:\/\/graziamagazine.com\/es\/wp-content\/uploads\/sites\/12\/2025\/06\/8084_638852472842875112-300x200.jpg 300w, https:\/\/graziamagazine.com\/es\/wp-content\/uploads\/sites\/12\/2025\/06\/8084_638852472842875112-768x512.jpg 768w, https:\/\/graziamagazine.com\/es\/wp-content\/uploads\/sites\/12\/2025\/06\/8084_638852472842875112-400x267.jpg 400w, https:\/\/graziamagazine.com\/es\/wp-content\/uploads\/sites\/12\/2025\/06\/8084_638852472842875112-155x103.jpg 155w\" sizes=\"(max-width: 1000px) 100vw, 1000px\" \/><\/p>\n<p data-start=\"3940\" data-end=\"4257\">Hay destinos que inspiran y proyectos que merecen ser contados. La colaboraci\u00f3n entre Barcel\u00f3 Nura y RIA Menorca lo tiene todo: tradici\u00f3n, dise\u00f1o, sostenibilidad y alma mediterr\u00e1nea. Una forma de viajar m\u00e1s ligera, sin renunciar al estilo. Porque a veces, para cuidar el planeta, solo hace falta empezar por los pies.<\/p>\n<p data-start=\"3940\" data-end=\"4257\">\u00bfD\u00f3nde? Carrer des Roures, S\/N, Urbanizacion Biniancolla, Menorca (Espa\u00f1a)<\/p>\n<p data-start=\"3940\" data-end=\"4257\"><em>*Im\u00e1genes: cortes\u00eda<\/em><\/p>\n","protected":false},"author":11653,"featured_media":185469,"template":"","format":"standard","categories":[11738,1],"acf":[],"yoast_head":"<!-- This site is optimized with the Yoast SEO Premium plugin v18.5 (Yoast SEO v20.4) - https:\/\/yoast.com\/wordpress\/plugins\/seo\/ -->\n<title>Barcel\u00f3 Nura by RIA MENORCA, las abarcas sostenible del verano<\/title>\n<meta name=\"description\" content=\"La colaboraci\u00f3n entre Barcel\u00f3 Nura y RIA Menorca lo tiene todo: tradici\u00f3n, dise\u00f1o, sostenibilidad y alma mediterr\u00e1nea.\" \/>\n<meta name=\"robots\" content=\"index, follow, max-snippet:-1, max-image-preview:large, max-video-preview:-1\" \/>\n<link rel=\"canonical\" href=\"https:\/\/graziamagazine.com\/es\/articles\/barcelo-nura-by-ria-menorca-la-colaboracion-sostenible-del-verano\/\" \/>\n<meta property=\"og:locale\" content=\"es_ES\" \/>\n<meta property=\"og:type\" content=\"article\" \/>\n<meta property=\"og:title\" content=\"Barcel\u00f3 Nura by RIA MENORCA, la colaboraci\u00f3n sostenible del verano\" \/>\n<meta property=\"og:description\" content=\"La colaboraci\u00f3n entre Barcel\u00f3 Nura y RIA Menorca lo tiene todo: tradici\u00f3n, dise\u00f1o, sostenibilidad y alma mediterr\u00e1nea.\" \/>\n<meta property=\"og:url\" content=\"https:\/\/graziamagazine.com\/es\/articles\/barcelo-nura-by-ria-menorca-la-colaboracion-sostenible-del-verano\/\" \/>\n<meta property=\"og:site_name\" content=\"Grazia\" \/>\n<meta property=\"article:modified_time\" content=\"2025-06-25T22:48:17+00:00\" \/>\n<meta property=\"og:image\" content=\"https:\/\/graziamagazine.com\/es\/wp-content\/uploads\/sites\/12\/2025\/06\/Barcelo-Nura-RIA-5-scaled.jpg\" \/>\n\t<meta property=\"og:image:width\" content=\"2560\" \/>\n\t<meta property=\"og:image:height\" content=\"1707\" \/>\n\t<meta property=\"og:image:type\" content=\"image\/jpeg\" \/>\n<meta name=\"twitter:card\" content=\"summary_large_image\" \/>\n<meta name=\"twitter:label1\" content=\"Est. reading time\" \/>\n\t<meta name=\"twitter:data1\" content=\"5 minutos\" \/>\n<script type=\"application\/ld+json\" class=\"yoast-schema-graph\">{\"@context\":\"https:\/\/schema.org\",\"@graph\":[{\"@type\":\"WebPage\",\"@id\":\"https:\/\/graziamagazine.com\/es\/articles\/barcelo-nura-by-ria-menorca-la-colaboracion-sostenible-del-verano\/\",\"url\":\"https:\/\/graziamagazine.com\/es\/articles\/barcelo-nura-by-ria-menorca-la-colaboracion-sostenible-del-verano\/\",\"name\":\"Barcel\u00f3 Nura by RIA MENORCA, las abarcas sostenible del verano\",\"isPartOf\":{\"@id\":\"https:\/\/graziamagazine.com\/es\/#website\"},\"datePublished\":\"2025-06-12T07:24:08+00:00\",\"dateModified\":\"2025-06-25T22:48:17+00:00\",\"description\":\"La colaboraci\u00f3n entre Barcel\u00f3 Nura y RIA Menorca lo tiene todo: tradici\u00f3n, dise\u00f1o, sostenibilidad y alma mediterr\u00e1nea.\",\"breadcrumb\":{\"@id\":\"https:\/\/graziamagazine.com\/es\/articles\/barcelo-nura-by-ria-menorca-la-colaboracion-sostenible-del-verano\/#breadcrumb\"},\"inLanguage\":\"es\",\"potentialAction\":[{\"@type\":\"ReadAction\",\"target\":[\"https:\/\/graziamagazine.com\/es\/articles\/barcelo-nura-by-ria-menorca-la-colaboracion-sostenible-del-verano\/\"]}]},{\"@type\":\"BreadcrumbList\",\"@id\":\"https:\/\/graziamagazine.com\/es\/articles\/barcelo-nura-by-ria-menorca-la-colaboracion-sostenible-del-verano\/#breadcrumb\",\"itemListElement\":[{\"@type\":\"ListItem\",\"position\":1,\"name\":\"Portada\",\"item\":\"https:\/\/graziamagazine.com\/es\/\"},{\"@type\":\"ListItem\",\"position\":2,\"name\":\"Barcel\u00f3 Nura by RIA MENORCA, la colaboraci\u00f3n sostenible del verano\"}]},{\"@type\":\"WebSite\",\"@id\":\"https:\/\/graziamagazine.com\/es\/#website\",\"url\":\"https:\/\/graziamagazine.com\/es\/\",\"name\":\"Grazia\",\"description\":\"Moda, belleza, celebrities, estilo de vida...\",\"potentialAction\":[{\"@type\":\"SearchAction\",\"target\":{\"@type\":\"EntryPoint\",\"urlTemplate\":\"https:\/\/graziamagazine.com\/es\/?s={search_term_string}\"},\"query-input\":\"required name=search_term_string\"}],\"inLanguage\":\"es\"}]}<\/script>\n<!-- \/ Yoast SEO Premium plugin. -->","yoast_head_json":{"title":"Barcel\u00f3 Nura by RIA MENORCA, las abarcas sostenible del verano","description":"La colaboraci\u00f3n entre Barcel\u00f3 Nura y RIA Menorca lo tiene todo: tradici\u00f3n, dise\u00f1o, sostenibilidad y alma mediterr\u00e1nea.","robots":{"index":"index","follow":"follow","max-snippet":"max-snippet:-1","max-image-preview":"max-image-preview:large","max-video-preview":"max-video-preview:-1"},"canonical":"https:\/\/graziamagazine.com\/es\/articles\/barcelo-nura-by-ria-menorca-la-colaboracion-sostenible-del-verano\/","og_locale":"es_ES","og_type":"article","og_title":"Barcel\u00f3 Nura by RIA MENORCA, la colaboraci\u00f3n sostenible del verano","og_description":"La colaboraci\u00f3n entre Barcel\u00f3 Nura y RIA Menorca lo tiene todo: tradici\u00f3n, dise\u00f1o, sostenibilidad y alma mediterr\u00e1nea.","og_url":"https:\/\/graziamagazine.com\/es\/articles\/barcelo-nura-by-ria-menorca-la-colaboracion-sostenible-del-verano\/","og_site_name":"Grazia","article_modified_time":"2025-06-25T22:48:17+00:00","og_image":[{"width":2560,"height":1707,"url":"https:\/\/graziamagazine.com\/es\/wp-content\/uploads\/sites\/12\/2025\/06\/Barcelo-Nura-RIA-5-scaled.jpg","type":"image\/jpeg"}],"twitter_card":"summary_large_image","twitter_misc":{"Est. reading time":"5 minutos"},"schema":{"@context":"https:\/\/schema.org","@graph":[{"@type":"WebPage","@id":"https:\/\/graziamagazine.com\/es\/articles\/barcelo-nura-by-ria-menorca-la-colaboracion-sostenible-del-verano\/","url":"https:\/\/graziamagazine.com\/es\/articles\/barcelo-nura-by-ria-menorca-la-colaboracion-sostenible-del-verano\/","name":"Barcel\u00f3 Nura by RIA MENORCA, las abarcas sostenible del verano","isPartOf":{"@id":"https:\/\/graziamagazine.com\/es\/#website"},"datePublished":"2025-06-12T07:24:08+00:00","dateModified":"2025-06-25T22:48:17+00:00","description":"La colaboraci\u00f3n entre Barcel\u00f3 Nura y RIA Menorca lo tiene todo: tradici\u00f3n, dise\u00f1o, sostenibilidad y alma mediterr\u00e1nea.","breadcrumb":{"@id":"https:\/\/graziamagazine.com\/es\/articles\/barcelo-nura-by-ria-menorca-la-colaboracion-sostenible-del-verano\/#breadcrumb"},"inLanguage":"es","potentialAction":[{"@type":"ReadAction","target":["https:\/\/graziamagazine.com\/es\/articles\/barcelo-nura-by-ria-menorca-la-colaboracion-sostenible-del-verano\/"]}]},{"@type":"BreadcrumbList","@id":"https:\/\/graziamagazine.com\/es\/articles\/barcelo-nura-by-ria-menorca-la-colaboracion-sostenible-del-verano\/#breadcrumb","itemListElement":[{"@type":"ListItem","position":1,"name":"Portada","item":"https:\/\/graziamagazine.com\/es\/"},{"@type":"ListItem","position":2,"name":"Barcel\u00f3 Nura by RIA MENORCA, la colaboraci\u00f3n sostenible del verano"}]},{"@type":"WebSite","@id":"https:\/\/graziamagazine.com\/es\/#website","url":"https:\/\/graziamagazine.com\/es\/","name":"Grazia","description":"Moda, belleza, celebrities, estilo de vida...","potentialAction":[{"@type":"SearchAction","target":{"@type":"EntryPoint","urlTemplate":"https:\/\/graziamagazine.com\/es\/?s={search_term_string}"},"query-input":"required name=search_term_string"}],"inLanguage":"es"}]}},"jetpack_sharing_enabled":true,"distributor_meta":false,"distributor_terms":false,"distributor_media":false,"distributor_original_site_name":"Grazia","distributor_original_site_url":"https:\/\/graziamagazine.com\/es","push-errors":false,"_links":{"self":[{"href":"https:\/\/graziamagazine.com\/es\/wp-json\/wp\/v2\/articles\/185465"}],"collection":[{"href":"https:\/\/graziamagazine.com\/es\/wp-json\/wp\/v2\/articles"}],"about":[{"href":"https:\/\/graziamagazine.com\/es\/wp-json\/wp\/v2\/types\/articles"}],"author":[{"embeddable":true,"href":"https:\/\/graziamagazine.com\/es\/wp-json\/wp\/v2\/users\/11653"}],"wp:featuredmedia":[{"embeddable":true,"href":"https:\/\/graziamagazine.com\/es\/wp-json\/wp\/v2\/media\/185469"}],"wp:attachment":[{"href":"https:\/\/graziamagazine.com\/es\/wp-json\/wp\/v2\/media?parent=185465"}],"wp:term":[{"taxonomy":"category","embeddable":true,"href":"https:\/\/graziamagazine.com\/es\/wp-json\/wp\/v2\/categories?post=185465"}],"curies":[{"name":"wp","href":"https:\/\/api.w.org\/{rel}","templated":true}]}}