{"id":185160,"date":"2025-06-02T11:58:24","date_gmt":"2025-06-02T09:58:24","guid":{"rendered":"https:\/\/graziamagazine.com\/es\/?post_type=articles&#038;p=185160"},"modified":"2025-06-02T14:54:41","modified_gmt":"2025-06-02T12:54:41","slug":"irina-shayk-se-une-a-el-corte-ingles-con-summertime","status":"publish","type":"articles","link":"https:\/\/graziamagazine.com\/es\/articles\/irina-shayk-se-une-a-el-corte-ingles-con-summertime\/","title":{"rendered":"Irina Shayk se une a El Corte Ingl\u00e9s con \u201cSummertime\u00bb"},"content":{"rendered":"<div class=\"field field-name-field-quehaydenuevo-teaser field-type-text-long field-label-hidden\">\n<div class=\"field-items\">\n<div class=\"field-item even\">\n<p>\u00abSummertime\u00bb de El Corte Ingl\u00e9s celebra la llegada del verano con las \u00faltimas tendencias en moda de ba\u00f1o, accesorios, fragancias y maquillaje de la mano de las mejores marcas y de venta en sus centros, en su app de compra y en su web.<\/p>\n<div class=\"field field-name-body field-type-text-with-summary field-label-hidden\">\n<div class=\"field-items\">\n<div class=\"field-item even\">\n<p>El Corte Ingl\u00e9s presenta su nueva campa\u00f1a\u00a0<strong>\u00abSummertime\u00bb\u00a0<\/strong>protagonizada por la modelo internacional\u00a0<strong>Irina Shayk\u00a0<\/strong>y destacando la energ\u00eda, la frescura y la elegancia del verano.<\/p>\n<p><img loading=\"lazy\" decoding=\"async\" class=\"aligncenter size-full wp-image-185161\" src=\"https:\/\/graziamagazine.com\/es\/wp-content\/uploads\/sites\/12\/2025\/06\/eci250530s.jpg\" alt=\"\" width=\"1024\" height=\"768\" srcset=\"https:\/\/graziamagazine.com\/es\/wp-content\/uploads\/sites\/12\/2025\/06\/eci250530s.jpg 1024w, https:\/\/graziamagazine.com\/es\/wp-content\/uploads\/sites\/12\/2025\/06\/eci250530s-300x225.jpg 300w, https:\/\/graziamagazine.com\/es\/wp-content\/uploads\/sites\/12\/2025\/06\/eci250530s-768x576.jpg 768w, https:\/\/graziamagazine.com\/es\/wp-content\/uploads\/sites\/12\/2025\/06\/eci250530s-400x300.jpg 400w, https:\/\/graziamagazine.com\/es\/wp-content\/uploads\/sites\/12\/2025\/06\/eci250530s-155x116.jpg 155w\" sizes=\"(max-width: 1024px) 100vw, 1024px\" \/><\/p>\n<p>\u00abSummertime\u00bb de El Corte Ingl\u00e9s cuenta con caftanes fluidos, ba\u00f1adores con cuellos halter o maxi escotes en V, bikinis con estampados de animal print o degradados, prendas de lino, sandalias y accesorios para crear\u00a0 looks \u00fanicos y atractivos.<\/p>\n<p><img decoding=\"async\" src=\"https:\/\/quehayarchivos.com\/files\/EL%20CORTE%20INGL%C3%89S_SUMMER%20TIME25_IRINA%20SHAYK%20(7).jpg\" \/><\/p>\n<p>La\u00a0 top\u00a0 model\u00a0 Irina\u00a0 Shayk\u00a0 luce\u00a0 propuestas\u00a0 de\u00a0 ba\u00f1o y accesorios de las marcas propias de El Corte Ingl\u00e9s: \u00c9nfasis, \u00c9nfasis Black, su l\u00ednea premium, y Latouche y de las marcas externas: Simorra,Chantalle, Dolores Cort\u00e9s, Babbaki, Baobab, Vidal&amp;Vidal, Moncollier entre otras.<\/p>\n<p><img decoding=\"async\" src=\"https:\/\/quehayarchivos.com\/files\/EL%20CORTE%20INGL%C3%89S_SUMMER%20TIME25_IRINA%20SHAYK%20(15).jpg\" \/><\/p>\n<p>La campa\u00f1a incluye, adem\u00e1s de moda ba\u00f1o y accesorios, fragancias y maquillaje de las mejores marcas. Todas ellas de venta en sus centros, en su app de compra y <a href=\"http:\/\/www.elcorteingles.es\" target=\"_blank\">en su web<\/a>.<\/p>\n<p><img decoding=\"async\" src=\"https:\/\/quehayarchivos.com\/files\/EL%20CORTE%20INGL%C3%89S_SUMMER%20TIME25_IRINA%20SHAYK%20(14).jpg\" \/><\/p>\n<p>\u00abSummertime\u00bb de El Corte Ingl\u00e9s es una invitaci\u00f3n a vivir esta temporada en todo su esplendor.<\/p>\n<p><em>*Im\u00e1genes: cortes\u00eda<\/em><\/p>\n<\/div>\n<\/div>\n<\/div>\n<div class=\"galeria-node\"><\/div>\n<\/div>\n<\/div>\n<\/div>\n","protected":false},"author":11653,"featured_media":185162,"template":"","format":"standard","categories":[1],"acf":[],"yoast_head":"<!-- This site is optimized with the Yoast SEO Premium plugin v18.5 (Yoast SEO v20.4) - https:\/\/yoast.com\/wordpress\/plugins\/seo\/ -->\n<title>Irina Shayk se une a El Corte Ingl\u00e9s con \u201cSummertime&quot;<\/title>\n<meta name=\"description\" content=\"Las colecciones de ba\u00f1o para esta temporada apuestan de nuevo por la calidad y los dise\u00f1os m\u00e1s favorecedores.\" \/>\n<meta name=\"robots\" content=\"index, follow, max-snippet:-1, max-image-preview:large, max-video-preview:-1\" \/>\n<link rel=\"canonical\" href=\"https:\/\/graziamagazine.com\/es\/articles\/irina-shayk-se-une-a-el-corte-ingles-con-summertime\/\" \/>\n<meta property=\"og:locale\" content=\"es_ES\" \/>\n<meta property=\"og:type\" content=\"article\" \/>\n<meta property=\"og:title\" content=\"Irina Shayk se une a El Corte Ingl\u00e9s con \u201cSummertime&quot;\" \/>\n<meta property=\"og:description\" content=\"Las colecciones de ba\u00f1o para esta temporada apuestan de nuevo por la calidad y los dise\u00f1os m\u00e1s favorecedores.\" \/>\n<meta property=\"og:url\" content=\"https:\/\/graziamagazine.com\/es\/articles\/irina-shayk-se-une-a-el-corte-ingles-con-summertime\/\" \/>\n<meta property=\"og:site_name\" content=\"Grazia\" \/>\n<meta property=\"article:modified_time\" content=\"2025-06-02T12:54:41+00:00\" \/>\n<meta property=\"og:image\" content=\"https:\/\/graziamagazine.com\/es\/wp-content\/uploads\/sites\/12\/2025\/06\/EL-CORTE-INGLE\u0301S_SUMMER-TIME25_IRINA-SHAYK-6-copia-scaled.jpeg\" \/>\n\t<meta property=\"og:image:width\" content=\"2560\" \/>\n\t<meta property=\"og:image:height\" content=\"1920\" \/>\n\t<meta property=\"og:image:type\" content=\"image\/jpeg\" \/>\n<meta name=\"twitter:card\" content=\"summary_large_image\" \/>\n<meta name=\"twitter:label1\" content=\"Est. reading time\" \/>\n\t<meta name=\"twitter:data1\" content=\"2 minutos\" \/>\n<script type=\"application\/ld+json\" class=\"yoast-schema-graph\">{\"@context\":\"https:\/\/schema.org\",\"@graph\":[{\"@type\":\"WebPage\",\"@id\":\"https:\/\/graziamagazine.com\/es\/articles\/irina-shayk-se-une-a-el-corte-ingles-con-summertime\/\",\"url\":\"https:\/\/graziamagazine.com\/es\/articles\/irina-shayk-se-une-a-el-corte-ingles-con-summertime\/\",\"name\":\"Irina Shayk se une a El Corte Ingl\u00e9s con \u201cSummertime\\\"\",\"isPartOf\":{\"@id\":\"https:\/\/graziamagazine.com\/es\/#website\"},\"datePublished\":\"2025-06-02T09:58:24+00:00\",\"dateModified\":\"2025-06-02T12:54:41+00:00\",\"description\":\"Las colecciones de ba\u00f1o para esta temporada apuestan de nuevo por la calidad y los dise\u00f1os m\u00e1s favorecedores.\",\"breadcrumb\":{\"@id\":\"https:\/\/graziamagazine.com\/es\/articles\/irina-shayk-se-une-a-el-corte-ingles-con-summertime\/#breadcrumb\"},\"inLanguage\":\"es\",\"potentialAction\":[{\"@type\":\"ReadAction\",\"target\":[\"https:\/\/graziamagazine.com\/es\/articles\/irina-shayk-se-une-a-el-corte-ingles-con-summertime\/\"]}]},{\"@type\":\"BreadcrumbList\",\"@id\":\"https:\/\/graziamagazine.com\/es\/articles\/irina-shayk-se-une-a-el-corte-ingles-con-summertime\/#breadcrumb\",\"itemListElement\":[{\"@type\":\"ListItem\",\"position\":1,\"name\":\"Portada\",\"item\":\"https:\/\/graziamagazine.com\/es\/\"},{\"@type\":\"ListItem\",\"position\":2,\"name\":\"Irina Shayk se une a El Corte Ingl\u00e9s con \u201cSummertime\u00bb\"}]},{\"@type\":\"WebSite\",\"@id\":\"https:\/\/graziamagazine.com\/es\/#website\",\"url\":\"https:\/\/graziamagazine.com\/es\/\",\"name\":\"Grazia\",\"description\":\"Moda, belleza, celebrities, estilo de vida...\",\"potentialAction\":[{\"@type\":\"SearchAction\",\"target\":{\"@type\":\"EntryPoint\",\"urlTemplate\":\"https:\/\/graziamagazine.com\/es\/?s={search_term_string}\"},\"query-input\":\"required name=search_term_string\"}],\"inLanguage\":\"es\"}]}<\/script>\n<!-- \/ Yoast SEO Premium plugin. -->","yoast_head_json":{"title":"Irina Shayk se une a El Corte Ingl\u00e9s con \u201cSummertime\"","description":"Las colecciones de ba\u00f1o para esta temporada apuestan de nuevo por la calidad y los dise\u00f1os m\u00e1s favorecedores.","robots":{"index":"index","follow":"follow","max-snippet":"max-snippet:-1","max-image-preview":"max-image-preview:large","max-video-preview":"max-video-preview:-1"},"canonical":"https:\/\/graziamagazine.com\/es\/articles\/irina-shayk-se-une-a-el-corte-ingles-con-summertime\/","og_locale":"es_ES","og_type":"article","og_title":"Irina Shayk se une a El Corte Ingl\u00e9s con \u201cSummertime\"","og_description":"Las colecciones de ba\u00f1o para esta temporada apuestan de nuevo por la calidad y los dise\u00f1os m\u00e1s favorecedores.","og_url":"https:\/\/graziamagazine.com\/es\/articles\/irina-shayk-se-une-a-el-corte-ingles-con-summertime\/","og_site_name":"Grazia","article_modified_time":"2025-06-02T12:54:41+00:00","og_image":[{"width":2560,"height":1920,"url":"https:\/\/graziamagazine.com\/es\/wp-content\/uploads\/sites\/12\/2025\/06\/EL-CORTE-INGLE\u0301S_SUMMER-TIME25_IRINA-SHAYK-6-copia-scaled.jpeg","type":"image\/jpeg"}],"twitter_card":"summary_large_image","twitter_misc":{"Est. reading time":"2 minutos"},"schema":{"@context":"https:\/\/schema.org","@graph":[{"@type":"WebPage","@id":"https:\/\/graziamagazine.com\/es\/articles\/irina-shayk-se-une-a-el-corte-ingles-con-summertime\/","url":"https:\/\/graziamagazine.com\/es\/articles\/irina-shayk-se-une-a-el-corte-ingles-con-summertime\/","name":"Irina Shayk se une a El Corte Ingl\u00e9s con \u201cSummertime\"","isPartOf":{"@id":"https:\/\/graziamagazine.com\/es\/#website"},"datePublished":"2025-06-02T09:58:24+00:00","dateModified":"2025-06-02T12:54:41+00:00","description":"Las colecciones de ba\u00f1o para esta temporada apuestan de nuevo por la calidad y los dise\u00f1os m\u00e1s favorecedores.","breadcrumb":{"@id":"https:\/\/graziamagazine.com\/es\/articles\/irina-shayk-se-une-a-el-corte-ingles-con-summertime\/#breadcrumb"},"inLanguage":"es","potentialAction":[{"@type":"ReadAction","target":["https:\/\/graziamagazine.com\/es\/articles\/irina-shayk-se-une-a-el-corte-ingles-con-summertime\/"]}]},{"@type":"BreadcrumbList","@id":"https:\/\/graziamagazine.com\/es\/articles\/irina-shayk-se-une-a-el-corte-ingles-con-summertime\/#breadcrumb","itemListElement":[{"@type":"ListItem","position":1,"name":"Portada","item":"https:\/\/graziamagazine.com\/es\/"},{"@type":"ListItem","position":2,"name":"Irina Shayk se une a El Corte Ingl\u00e9s con \u201cSummertime\u00bb"}]},{"@type":"WebSite","@id":"https:\/\/graziamagazine.com\/es\/#website","url":"https:\/\/graziamagazine.com\/es\/","name":"Grazia","description":"Moda, belleza, celebrities, estilo de vida...","potentialAction":[{"@type":"SearchAction","target":{"@type":"EntryPoint","urlTemplate":"https:\/\/graziamagazine.com\/es\/?s={search_term_string}"},"query-input":"required name=search_term_string"}],"inLanguage":"es"}]}},"jetpack_sharing_enabled":true,"distributor_meta":false,"distributor_terms":false,"distributor_media":false,"distributor_original_site_name":"Grazia","distributor_original_site_url":"https:\/\/graziamagazine.com\/es","push-errors":false,"_links":{"self":[{"href":"https:\/\/graziamagazine.com\/es\/wp-json\/wp\/v2\/articles\/185160"}],"collection":[{"href":"https:\/\/graziamagazine.com\/es\/wp-json\/wp\/v2\/articles"}],"about":[{"href":"https:\/\/graziamagazine.com\/es\/wp-json\/wp\/v2\/types\/articles"}],"author":[{"embeddable":true,"href":"https:\/\/graziamagazine.com\/es\/wp-json\/wp\/v2\/users\/11653"}],"wp:featuredmedia":[{"embeddable":true,"href":"https:\/\/graziamagazine.com\/es\/wp-json\/wp\/v2\/media\/185162"}],"wp:attachment":[{"href":"https:\/\/graziamagazine.com\/es\/wp-json\/wp\/v2\/media?parent=185160"}],"wp:term":[{"taxonomy":"category","embeddable":true,"href":"https:\/\/graziamagazine.com\/es\/wp-json\/wp\/v2\/categories?post=185160"}],"curies":[{"name":"wp","href":"https:\/\/api.w.org\/{rel}","templated":true}]}}