{"id":185074,"date":"2025-05-29T09:05:58","date_gmt":"2025-05-29T07:05:58","guid":{"rendered":"https:\/\/graziamagazine.com\/es\/?post_type=articles&#038;p=185074"},"modified":"2025-05-29T09:05:58","modified_gmt":"2025-05-29T07:05:58","slug":"bimba-y-lola-y-haight-crean-su-primera-coleccion-bano","status":"publish","type":"articles","link":"https:\/\/graziamagazine.com\/es\/articles\/bimba-y-lola-y-haight-crean-su-primera-coleccion-bano\/","title":{"rendered":"Bimba y Lola y Haight crean su primera colecci\u00f3n ba\u00f1o"},"content":{"rendered":"<p><strong><span class=\"markgaulnksvw\" data-markjs=\"true\" data-ogac=\"\" data-ogab=\"\" data-ogsc=\"\" data-ogsb=\"\" data-olk-copy-source=\"MessageBody\">BIMBA<\/span>\u00a0<span class=\"mark7tt0m2a14\" data-markjs=\"true\" data-ogac=\"\" data-ogab=\"\" data-ogsc=\"\" data-ogsb=\"\">Y<\/span>\u00a0<span class=\"markpim4cpvlf\" data-markjs=\"true\" data-ogac=\"\" data-ogab=\"\" data-ogsc=\"\" data-ogsb=\"\">LOLA<\/span><\/strong>\u00a0se une por primera vez a la firma brasile\u00f1a\u00a0<strong>HAIGHT<\/strong>\u00a0para lanzar una colecci\u00f3n c\u00e1psula de ba\u00f1adores\u00a0<span class=\"mark7tt0m2a14\" data-markjs=\"true\" data-ogac=\"\" data-ogab=\"\" data-ogsc=\"\" data-ogsb=\"\">y<\/span>\u00a0bikinis que fusionan el estilo creativo\u00a0<span class=\"mark7tt0m2a14\" data-markjs=\"true\" data-ogac=\"\" data-ogab=\"\" data-ogsc=\"\" data-ogsb=\"\">y<\/span>\u00a0contempor\u00e1neo de la marca espa\u00f1ola con la sofisticaci\u00f3n minimalista del\u00a0<em>beachwear<\/em>\u00a0&#8216;made in Brazil&#8217;.<\/p>\n<p><img decoding=\"async\" src=\"https:\/\/highxtar.com\/wp-content\/uploads\/2025\/05\/highxtar-bimba-y-lola-haight-2.jpeg\" \/><\/p>\n<blockquote><p>Esta colaboraci\u00f3n surge de la conexi\u00f3n entre dos universos complementarios: el esp\u00edritu libre\u00a0<span class=\"mark7tt0m2a14\" data-markjs=\"true\" data-ogac=\"\" data-ogab=\"\" data-ogsc=\"\" data-ogsb=\"\">y<\/span>\u00a0art\u00edstico de\u00a0<span class=\"markgaulnksvw\" data-markjs=\"true\" data-ogac=\"\" data-ogab=\"\" data-ogsc=\"\" data-ogsb=\"\">BIMBA<\/span>\u00a0<span class=\"mark7tt0m2a14\" data-markjs=\"true\" data-ogac=\"\" data-ogab=\"\" data-ogsc=\"\" data-ogsb=\"\">Y<\/span>\u00a0<span class=\"markpim4cpvlf\" data-markjs=\"true\" data-ogac=\"\" data-ogab=\"\" data-ogsc=\"\" data-ogsb=\"\">LOLA<\/span>\u00a0<span class=\"mark7tt0m2a14\" data-markjs=\"true\" data-ogac=\"\" data-ogab=\"\" data-ogsc=\"\" data-ogsb=\"\">y<\/span>\u00a0la visi\u00f3n esencial\u00a0<span class=\"mark7tt0m2a14\" data-markjs=\"true\" data-ogac=\"\" data-ogab=\"\" data-ogsc=\"\" data-ogsb=\"\">y<\/span>\u00a0funcional de HAIGHT, fundada en 2015 por Marcella Franklin en R\u00edo de Janeiro.<\/p><\/blockquote>\n<p><img loading=\"lazy\" decoding=\"async\" class=\"aligncenter size-full wp-image-185075\" src=\"https:\/\/graziamagazine.com\/es\/wp-content\/uploads\/sites\/12\/2025\/05\/BIMBA-Y-LOLA-x-HAIGHT_001-copia-scaled.jpeg\" alt=\"\" width=\"1707\" height=\"2560\" srcset=\"https:\/\/graziamagazine.com\/es\/wp-content\/uploads\/sites\/12\/2025\/05\/BIMBA-Y-LOLA-x-HAIGHT_001-copia-scaled.jpeg 1707w, https:\/\/graziamagazine.com\/es\/wp-content\/uploads\/sites\/12\/2025\/05\/BIMBA-Y-LOLA-x-HAIGHT_001-copia-200x300.jpeg 200w, https:\/\/graziamagazine.com\/es\/wp-content\/uploads\/sites\/12\/2025\/05\/BIMBA-Y-LOLA-x-HAIGHT_001-copia-683x1024.jpeg 683w, https:\/\/graziamagazine.com\/es\/wp-content\/uploads\/sites\/12\/2025\/05\/BIMBA-Y-LOLA-x-HAIGHT_001-copia-768x1152.jpeg 768w, https:\/\/graziamagazine.com\/es\/wp-content\/uploads\/sites\/12\/2025\/05\/BIMBA-Y-LOLA-x-HAIGHT_001-copia-1024x1536.jpeg 1024w, https:\/\/graziamagazine.com\/es\/wp-content\/uploads\/sites\/12\/2025\/05\/BIMBA-Y-LOLA-x-HAIGHT_001-copia-1365x2048.jpeg 1365w, https:\/\/graziamagazine.com\/es\/wp-content\/uploads\/sites\/12\/2025\/05\/BIMBA-Y-LOLA-x-HAIGHT_001-copia-400x600.jpeg 400w, https:\/\/graziamagazine.com\/es\/wp-content\/uploads\/sites\/12\/2025\/05\/BIMBA-Y-LOLA-x-HAIGHT_001-copia-143x215.jpeg 143w\" sizes=\"(max-width: 1707px) 100vw, 1707px\" \/><\/p>\n<p>Con una propuesta est\u00e9tica que busca redefinir la percepci\u00f3n tradicional del ba\u00f1ador, HAIGHT ha conseguido transformar el concepto de moda de playa, integrando cortes innovadores, tejidos tecnol\u00f3gicos\u00a0<span class=\"mark7tt0m2a14\" data-markjs=\"true\" data-ogac=\"\" data-ogab=\"\" data-ogsc=\"\" data-ogsb=\"\">y<\/span>\u00a0un dise\u00f1o pensado para acompa\u00f1ar el cuerpo en movimiento, dentro\u00a0<span class=\"mark7tt0m2a14\" data-markjs=\"true\" data-ogac=\"\" data-ogab=\"\" data-ogsc=\"\" data-ogsb=\"\">y<\/span>\u00a0fuera del agua.<\/p>\n<p><img decoding=\"async\" src=\"https:\/\/highxtar.com\/wp-content\/uploads\/2025\/05\/highxtar-bimba-y-lola-haight-4.jpeg\" \/><\/p>\n<p><span data-olk-copy-source=\"MessageBody\">La colecci\u00f3n<strong>\u00a0<span class=\"markgaulnksvw\" data-markjs=\"true\" data-ogac=\"\" data-ogab=\"\" data-ogsc=\"\" data-ogsb=\"\">BIMBA<\/span>\u00a0<span class=\"mark7tt0m2a14\" data-markjs=\"true\" data-ogac=\"\" data-ogab=\"\" data-ogsc=\"\" data-ogsb=\"\">Y<\/span>\u00a0<span class=\"markpim4cpvlf\" data-markjs=\"true\" data-ogac=\"\" data-ogab=\"\" data-ogsc=\"\" data-ogsb=\"\">LOLA<\/span>\u00a0x HAIGHT<\/strong>\u00a0presenta una serie de piezas que resaltan el poder femenino. Desde ba\u00f1adores que abrazan la silueta hasta prendas h\u00edbridas que se adaptan a distintas ocasiones\u00a0<span class=\"mark7tt0m2a14\" data-markjs=\"true\" data-ogac=\"\" data-ogab=\"\" data-ogsc=\"\" data-ogsb=\"\">y<\/span>\u00a0climas, cada pieza est\u00e1 dise\u00f1ada para ofrecer estilo, versatilidad\u00a0<span class=\"mark7tt0m2a14\" data-markjs=\"true\" data-ogac=\"\" data-ogab=\"\" data-ogsc=\"\" data-ogsb=\"\">y<\/span>\u00a0libertad.<\/span><\/p>\n<p><img decoding=\"async\" src=\"https:\/\/refresh-bee-production.s3.amazonaws.com\/beefree\/images\/b20b4268fb398a09b1e840d8ed91fef285e23cb615f3b45f6fa6d52492b7be22\/editor_images\/2025\/05\/BYL%20X%20HAIGHT%203.png\" \/><\/p>\n<p><span data-olk-copy-source=\"MessageBody\">Disponible ya en tiendas seleccionadas y en<\/span>\u00a0<a href=\"https:\/\/tracking.launchmetrics.com\/?ref=LhQAADjsjUeHxDIbZrCQoAfm-A5c3_OOAQAAALhZmXE-rAWAuIHvZyAkbTXATjsw8q8V-bIj-JNjViWw12ke36ypSvY3Ij70FIlY3fBKUcXLC7ceTqpRFbYvDo0l3XbwyIEfr_hgr-AKdhGb5agPF5l684e-dUfRfkyCzn7irHQhA3j4c3QiKSRh2rt7t9OyAO6q1l05FbGvQpCO4tfYSwIYwr7CalSFaEvUjWfyJFNk8kDrx7uiQJWcCjHEVjzvmcrjLcePqWUJdwHM\"title=\"https:\/\/tracking.launchmetrics.com\/?ref=LhQAADjsjUeHxDIbZrCQoAfm-A5c3_OOAQAAALhZmXE-rAWAuIHvZyAkbTXATjsw8q8V-bIj-JNjViWw12ke36ypSvY3Ij70FIlY3fBKUcXLC7ceTqpRFbYvDo0l3XbwyIEfr_hgr-AKdhGb5agPF5l684e-dUfRfkyCzn7irHQhA3j4c3QiKSRh2rt7t9OyAO6q1l05FbGvQpCO4tfYSwIYwr7CalSFaEvUjWfyJFNk8kDrx7uiQJWcCjHEVjzvmcrjLcePqWUJdwHM\"  target=\"_blank\" rel=\"noopener noreferrer\" data-auth=\"NotApplicable\" data-linkindex=\"0\" target=\"_blank\"><span class=\"markgaulnksvw\" data-markjs=\"true\" data-ogac=\"\" data-ogab=\"\" data-ogsc=\"\" data-ogsb=\"\">bimba<\/span>ylola.com<\/a>.<\/p>\n","protected":false},"author":11653,"featured_media":185076,"template":"","format":"standard","categories":[1],"acf":[],"yoast_head":"<!-- This site is optimized with the Yoast SEO Premium plugin v18.5 (Yoast SEO v20.4) - https:\/\/yoast.com\/wordpress\/plugins\/seo\/ -->\n<title>Bimba y Lola y Haight crean su primera colecci\u00f3n ba\u00f1o<\/title>\n<meta name=\"description\" content=\"La firma espa\u00f1ola y la marca brasile\u00f1a de &#039;beachwear&#039; lanzan la colecci\u00f3n de ba\u00f1adores y prendas h\u00edbridas aptas para cualquier destino.\" \/>\n<meta name=\"robots\" content=\"index, follow, max-snippet:-1, max-image-preview:large, max-video-preview:-1\" \/>\n<link rel=\"canonical\" href=\"https:\/\/graziamagazine.com\/es\/articles\/bimba-y-lola-y-haight-crean-su-primera-coleccion-bano\/\" \/>\n<meta property=\"og:locale\" content=\"es_ES\" \/>\n<meta property=\"og:type\" content=\"article\" \/>\n<meta property=\"og:title\" content=\"Bimba y Lola y Haight crean su primera colecci\u00f3n ba\u00f1o\" \/>\n<meta property=\"og:description\" content=\"La firma espa\u00f1ola y la marca brasile\u00f1a de &#039;beachwear&#039; lanzan la colecci\u00f3n de ba\u00f1adores y prendas h\u00edbridas aptas para cualquier destino.\" \/>\n<meta property=\"og:url\" content=\"https:\/\/graziamagazine.com\/es\/articles\/bimba-y-lola-y-haight-crean-su-primera-coleccion-bano\/\" \/>\n<meta property=\"og:site_name\" content=\"Grazia\" \/>\n<meta property=\"og:image\" content=\"https:\/\/graziamagazine.com\/es\/wp-content\/uploads\/sites\/12\/2025\/05\/thumb-bimba-y-lola-haight-1440x1080-1.jpg\" \/>\n\t<meta property=\"og:image:width\" content=\"1440\" \/>\n\t<meta property=\"og:image:height\" content=\"1080\" \/>\n\t<meta property=\"og:image:type\" content=\"image\/jpeg\" \/>\n<meta name=\"twitter:card\" content=\"summary_large_image\" \/>\n<meta name=\"twitter:label1\" content=\"Est. reading time\" \/>\n\t<meta name=\"twitter:data1\" content=\"2 minutos\" \/>\n<script type=\"application\/ld+json\" class=\"yoast-schema-graph\">{\"@context\":\"https:\/\/schema.org\",\"@graph\":[{\"@type\":\"WebPage\",\"@id\":\"https:\/\/graziamagazine.com\/es\/articles\/bimba-y-lola-y-haight-crean-su-primera-coleccion-bano\/\",\"url\":\"https:\/\/graziamagazine.com\/es\/articles\/bimba-y-lola-y-haight-crean-su-primera-coleccion-bano\/\",\"name\":\"Bimba y Lola y Haight crean su primera colecci\u00f3n ba\u00f1o\",\"isPartOf\":{\"@id\":\"https:\/\/graziamagazine.com\/es\/#website\"},\"datePublished\":\"2025-05-29T07:05:58+00:00\",\"dateModified\":\"2025-05-29T07:05:58+00:00\",\"description\":\"La firma espa\u00f1ola y la marca brasile\u00f1a de 'beachwear' lanzan la colecci\u00f3n de ba\u00f1adores y prendas h\u00edbridas aptas para cualquier destino.\",\"breadcrumb\":{\"@id\":\"https:\/\/graziamagazine.com\/es\/articles\/bimba-y-lola-y-haight-crean-su-primera-coleccion-bano\/#breadcrumb\"},\"inLanguage\":\"es\",\"potentialAction\":[{\"@type\":\"ReadAction\",\"target\":[\"https:\/\/graziamagazine.com\/es\/articles\/bimba-y-lola-y-haight-crean-su-primera-coleccion-bano\/\"]}]},{\"@type\":\"BreadcrumbList\",\"@id\":\"https:\/\/graziamagazine.com\/es\/articles\/bimba-y-lola-y-haight-crean-su-primera-coleccion-bano\/#breadcrumb\",\"itemListElement\":[{\"@type\":\"ListItem\",\"position\":1,\"name\":\"Portada\",\"item\":\"https:\/\/graziamagazine.com\/es\/\"},{\"@type\":\"ListItem\",\"position\":2,\"name\":\"Bimba y Lola y Haight crean su primera colecci\u00f3n ba\u00f1o\"}]},{\"@type\":\"WebSite\",\"@id\":\"https:\/\/graziamagazine.com\/es\/#website\",\"url\":\"https:\/\/graziamagazine.com\/es\/\",\"name\":\"Grazia\",\"description\":\"Moda, belleza, celebrities, estilo de vida...\",\"potentialAction\":[{\"@type\":\"SearchAction\",\"target\":{\"@type\":\"EntryPoint\",\"urlTemplate\":\"https:\/\/graziamagazine.com\/es\/?s={search_term_string}\"},\"query-input\":\"required name=search_term_string\"}],\"inLanguage\":\"es\"}]}<\/script>\n<!-- \/ Yoast SEO Premium plugin. -->","yoast_head_json":{"title":"Bimba y Lola y Haight crean su primera colecci\u00f3n ba\u00f1o","description":"La firma espa\u00f1ola y la marca brasile\u00f1a de 'beachwear' lanzan la colecci\u00f3n de ba\u00f1adores y prendas h\u00edbridas aptas para cualquier destino.","robots":{"index":"index","follow":"follow","max-snippet":"max-snippet:-1","max-image-preview":"max-image-preview:large","max-video-preview":"max-video-preview:-1"},"canonical":"https:\/\/graziamagazine.com\/es\/articles\/bimba-y-lola-y-haight-crean-su-primera-coleccion-bano\/","og_locale":"es_ES","og_type":"article","og_title":"Bimba y Lola y Haight crean su primera colecci\u00f3n ba\u00f1o","og_description":"La firma espa\u00f1ola y la marca brasile\u00f1a de 'beachwear' lanzan la colecci\u00f3n de ba\u00f1adores y prendas h\u00edbridas aptas para cualquier destino.","og_url":"https:\/\/graziamagazine.com\/es\/articles\/bimba-y-lola-y-haight-crean-su-primera-coleccion-bano\/","og_site_name":"Grazia","og_image":[{"width":1440,"height":1080,"url":"https:\/\/graziamagazine.com\/es\/wp-content\/uploads\/sites\/12\/2025\/05\/thumb-bimba-y-lola-haight-1440x1080-1.jpg","type":"image\/jpeg"}],"twitter_card":"summary_large_image","twitter_misc":{"Est. reading time":"2 minutos"},"schema":{"@context":"https:\/\/schema.org","@graph":[{"@type":"WebPage","@id":"https:\/\/graziamagazine.com\/es\/articles\/bimba-y-lola-y-haight-crean-su-primera-coleccion-bano\/","url":"https:\/\/graziamagazine.com\/es\/articles\/bimba-y-lola-y-haight-crean-su-primera-coleccion-bano\/","name":"Bimba y Lola y Haight crean su primera colecci\u00f3n ba\u00f1o","isPartOf":{"@id":"https:\/\/graziamagazine.com\/es\/#website"},"datePublished":"2025-05-29T07:05:58+00:00","dateModified":"2025-05-29T07:05:58+00:00","description":"La firma espa\u00f1ola y la marca brasile\u00f1a de 'beachwear' lanzan la colecci\u00f3n de ba\u00f1adores y prendas h\u00edbridas aptas para cualquier destino.","breadcrumb":{"@id":"https:\/\/graziamagazine.com\/es\/articles\/bimba-y-lola-y-haight-crean-su-primera-coleccion-bano\/#breadcrumb"},"inLanguage":"es","potentialAction":[{"@type":"ReadAction","target":["https:\/\/graziamagazine.com\/es\/articles\/bimba-y-lola-y-haight-crean-su-primera-coleccion-bano\/"]}]},{"@type":"BreadcrumbList","@id":"https:\/\/graziamagazine.com\/es\/articles\/bimba-y-lola-y-haight-crean-su-primera-coleccion-bano\/#breadcrumb","itemListElement":[{"@type":"ListItem","position":1,"name":"Portada","item":"https:\/\/graziamagazine.com\/es\/"},{"@type":"ListItem","position":2,"name":"Bimba y Lola y Haight crean su primera colecci\u00f3n ba\u00f1o"}]},{"@type":"WebSite","@id":"https:\/\/graziamagazine.com\/es\/#website","url":"https:\/\/graziamagazine.com\/es\/","name":"Grazia","description":"Moda, belleza, celebrities, estilo de vida...","potentialAction":[{"@type":"SearchAction","target":{"@type":"EntryPoint","urlTemplate":"https:\/\/graziamagazine.com\/es\/?s={search_term_string}"},"query-input":"required name=search_term_string"}],"inLanguage":"es"}]}},"jetpack_sharing_enabled":true,"distributor_meta":false,"distributor_terms":false,"distributor_media":false,"distributor_original_site_name":"Grazia","distributor_original_site_url":"https:\/\/graziamagazine.com\/es","push-errors":false,"_links":{"self":[{"href":"https:\/\/graziamagazine.com\/es\/wp-json\/wp\/v2\/articles\/185074"}],"collection":[{"href":"https:\/\/graziamagazine.com\/es\/wp-json\/wp\/v2\/articles"}],"about":[{"href":"https:\/\/graziamagazine.com\/es\/wp-json\/wp\/v2\/types\/articles"}],"author":[{"embeddable":true,"href":"https:\/\/graziamagazine.com\/es\/wp-json\/wp\/v2\/users\/11653"}],"wp:featuredmedia":[{"embeddable":true,"href":"https:\/\/graziamagazine.com\/es\/wp-json\/wp\/v2\/media\/185076"}],"wp:attachment":[{"href":"https:\/\/graziamagazine.com\/es\/wp-json\/wp\/v2\/media?parent=185074"}],"wp:term":[{"taxonomy":"category","embeddable":true,"href":"https:\/\/graziamagazine.com\/es\/wp-json\/wp\/v2\/categories?post=185074"}],"curies":[{"name":"wp","href":"https:\/\/api.w.org\/{rel}","templated":true}]}}