{"id":185015,"date":"2025-05-28T08:30:37","date_gmt":"2025-05-28T06:30:37","guid":{"rendered":"https:\/\/graziamagazine.com\/es\/?post_type=articles&#038;p=185015"},"modified":"2025-05-28T11:17:25","modified_gmt":"2025-05-28T09:17:25","slug":"gant-x-chateau-de-theoule-una-exclusiva-escapada-en-la-costa-azul","status":"publish","type":"articles","link":"https:\/\/graziamagazine.com\/es\/articles\/gant-x-chateau-de-theoule-una-exclusiva-escapada-en-la-costa-azul\/","title":{"rendered":"Gant x Ch\u00e2teau de Th\u00e9oule, una escapada en la Costa Azul"},"content":{"rendered":"<p><strong><span class=\"markwd10r0g17\" data-markjs=\"true\" data-ogac=\"\" data-ogab=\"\" data-ogsc=\"\" data-ogsb=\"\" data-olk-copy-source=\"MessageBody\">Gant<\/span><\/strong>, la marca estadounidense de \u2018sportswear\u2019, une sus fuerzas al hotel de cinco estrellas <a href=\"http:\/\/chateau-de-theoule.com\" target=\"_blank\">Ch\u00e2teau de Th\u00e9oule<\/a> y su refugio costero, La Plage Blanche, para dar vida a su campa\u00f1a Primavera\/Verano 2025 en la ic\u00f3nica Riviera Francesa. Esta colaboraci\u00f3n marca el inicio de la propuesta \u2018Summer Getaway\u2019 de <span class=\"markwd10r0g17\" data-markjs=\"true\" data-ogac=\"\" data-ogab=\"\" data-ogsc=\"\" data-ogsb=\"\">Gant<\/span>: una fusi\u00f3n perfecta entre el estilo costero contempor\u00e1neo y la elegancia atemporal, reimaginada como una experiencia inmersiva.<\/p>\n<p>Como parte de la campa\u00f1a Primavera\/Verano 2025 de\u00a0<span class=\"markwd10r0g17\" data-markjs=\"true\" data-ogac=\"\" data-ogab=\"\" data-ogsc=\"\" data-ogsb=\"\">Gant<\/span>,\u00a0<strong>Summer Getaway<\/strong>\u00a0explora la vestimenta destinada a ocasiones especial, la ropa casual y la moda de playa a trav\u00e9s de varias narrativas ambientadas en Montauk. Esta colaboraci\u00f3n con el Ch\u00e2teau de Th\u00e9oule traslada esa narrativa a la Riviera, combinando la est\u00e9tica caracter\u00edstica de\u00a0<span class=\"markwd10r0g17\" data-markjs=\"true\" data-ogac=\"\" data-ogab=\"\" data-ogsc=\"\" data-ogsb=\"\">Gant<\/span> con la comodidad y el esp\u00edritu del estilo de vida costero.<\/p>\n<p><img decoding=\"async\" src=\"https:\/\/uc71ac93600432879f0e31f3ce5e.previews.dropboxusercontent.com\/p\/thumb\/ACojavX6FKNxn2xXmEUYdF0EjLVbbxb2D2pn7AZZIsXXjGEcYRlLpoNAE0VzNfjVW6-ohVaJ-MXWHo2X8rCZYNcS-Nqay_C52UHumfDgrjywgdhUGYueg6bCblOuPS8nj92BK-Ji275bQG95j1fyX1fyK6ZhlrDj5DkQOlWH2fFMquHKJlt4d-9hCcA32XiJngmqbo3W6xr--uvrCfIf3Z3vxYsAqFTeoerNcXvFeV4TLdGS-Sltgg_p_KH1yTTxPW3jS2cC4dlHNlC79xBHCMFqllbNTOgszpuPcWVT9L2u3i2qvLCOVH9KBezldGoH5rlKeNuIhPqxpZDgXTMH6mCIjVnRvXqbAQcp-LygIO8K6oh-4WpLzgAkSV3DhW9wv-nGd-OaY_4cTadbi4BWYwTpzyzKiKcQz0B4k5MEMop5f9M0zmPgNFfaHKukZOKyh6T2JCeRaZZxlvOg5RgfIKnO\/p.jpeg\" alt=\"GANT_La Plage Blanche_Beach_credit Davide Frandi.jpg\" \/><\/p>\n<p>Los visitantes podr\u00e1n explorar y comprar piezas seleccionadas \u2018in situ\u2019: desde ropa veraniega cuidadosamente seleccionada hasta toallas de playa exclusivas.<\/p>\n<p><span data-olk-copy-source=\"MessageBody\"><img decoding=\"async\" src=\"https:\/\/uc3645f25b246aa9a5e46a163d23.previews.dropboxusercontent.com\/p\/thumb\/ACpJt2SVZP7qSMA6MzmFAprX_soJ5BxdENLSpiDx75HVh0pC7UmLbMdST12JBM-1j9Z0xsP7dfRcWvz002tK-oAChf59va6f96MKNpKgqZB743YdA-kwj7VnqePGO6ymwtyO46HQAeUuv_ZarOEqftNgYrzbk_nuhLLKD8lScq8JoWHtMFT_gyeFcJaklPjqwbke9GjK1Aw_2j4AwoVtNZf8nZNFuYkcQgsdXbgxfklplgrqs6cjVyK_1d5w-H_XoGcNw6Cmjw5_O6nMuFY2BpPCcLupZugDqqDIvc52sqGfFd4xbPI14fqr9kuSaFpzgvY8n4Jg0hPHBxPJoCrs2JQ4WP7tOH1iU7ynzjoBAme_GUR0XCkLcm7ObbC5ylY7qZ2avZSv-NQ-7VikaQsIoUrB\/p.jpeg\" alt=\"GANT_La Plage Blanche_Pop-Up Facade_credit Davide Frandi.jpg\" \/><\/span><\/p>\n<p><span data-olk-copy-source=\"MessageBody\">Ubicado a lo largo de la costa virgen de Th\u00e9oule-sur-Mer, con vistas a la bah\u00eda de Cannes,\u00a0<\/span><strong>La Plage Blanche<\/strong>\u00a0representa una nueva era de vida sofisticada junto al mar. Con su entorno id\u00edlico, cocina mediterr\u00e1nea y elegancia despreocupada, ofrece el escenario perfecto para una experiencia de marca que captura el esp\u00edritu del verano.<\/p>\n<p><img decoding=\"async\" src=\"https:\/\/uc9b3352711f2d6d4f6889fa9951.previews.dropboxusercontent.com\/p\/thumb\/ACpXg-T37ORWtK7tUxryh4jGC_G-g7JvzBOu8vHMfEo4-4k8KRYJ6gMrm74I0Zqs0VUK30Kmg900jscfXMSlwo1gJkqvTIaYzx6Wb0fCrBdSXD5HqEh5r1mx4njIsg0CD56NY0f0ptbXfMupoZoGyqcTnkKCSV9Hph-zI8aTHEeRMsYwlNzPMUPAjQO0btac4ybgMsxXfoioqsBbmnWYPMM7e7bFHppVX31nIigtiB8ZjTkEvCBFn009_04V-_iLwaLvGNwazDkG6GvzP8-sh7IaNYvaQzb5LgsXn96NfrQK7eVP8qdFoapdGaiRfNE9EHRe0sIdDuwILnvURGUd29WZaJKzwpyfxvFuBpz9RinqQbOpuFy8ToGVpFr2PhwAhy3yU36vwo-2mK3r1kmyLj3p\/p.jpeg\" alt=\"GANT_La Plage Blanche_Entrance 2_credit Davide Frandi.jpg\" \/><\/p>\n<p>\u201cVemos esta colaboraci\u00f3n como una oportunidad para conectar en profundidad con nuestra audiencia a trav\u00e9s de una experiencia\u201d, comenta Fredrik Malm, vicepresidente ejecutivo de Comercio Global, Marca y Producto en\u00a0<span class=\"markwd10r0g17\" data-markjs=\"true\" data-ogac=\"\" data-ogab=\"\" data-ogsc=\"\" data-ogsb=\"\">Gant<\/span>. \u201cLa Plage Blanche refleja la sofisticaci\u00f3n desenfadada y la naturalidad que definen el estilo de vida veraniego de\u00a0<span class=\"markwd10r0g17\" data-markjs=\"true\" data-ogac=\"\" data-ogab=\"\" data-ogsc=\"\" data-ogsb=\"\">Gant<\/span>\u201d.<\/p>\n<p><span data-olk-copy-source=\"MessageBody\">La experiencia presenta elementos exclusivos de la cultura local, que van desde libros seleccionados y juegos de playa hasta experiencias personalizadas creadas para los veraneantes, ya sea descansando al sol o disfrutando de un aperitivo junto al mar.<\/span><\/p>\n<p><img decoding=\"async\" src=\"https:\/\/uc6d4de20e163f2dce2971661c51.previews.dropboxusercontent.com\/p\/thumb\/ACqpHACpuWb8VD5F09ULUQF7YnJxlqmaTMdK7hWlzNRlqFdAtX_S5bTUudMKHaPBvEPi5GssaaMsslaBzmRSMzylNB0epnvgxQM-DbQEMLGVRuL1Jd34z7amZUVpft13tsdu_Ypz7NWtkoA7zDnUdWr-x501lB8m34Z7tpXLId-tbRO14kFcs0T1nZTHA1cWilHjvkYC1z8FQITH_J-L3lDWNzeCFDKhljyhLuSzInwLy66lE_qrU1TDt0T1HhuiPQbdp4TgCUH7gqRGUQ7O8OfSMGoxXJyGIruisQJ8YDqJBR-_wSDuhHA4y56vwu6tt34LNgleU0xLxxgf0hZd1aXrvy2GRqCEINEPr1zcZZtgLfQjBcZdRScFOgSUEXx25QcoD3zApJ2y2B6RcxqRlXRQjhNxPP9djxp5WQYPOKeziw5At7UL8akGElKEnby9Sv1H0OGEkMyCDb61zVSYw8qj\/p.jpeg\" alt=\"GANT_La Plage Blanche_Mehari_credit Davide Frandi.jpg\" \/><\/p>\n<p>\u201cEsta colaboraci\u00f3n es una celebraci\u00f3n de valores compartidos: estilo atemporal, legado y una vida bien vivida\u201d, afirma un portavoz del Ch\u00e2teau de Th\u00e9oule. \u201cJunto a\u00a0<span class=\"markwd10r0g17\" data-markjs=\"true\" data-ogac=\"\" data-ogab=\"\" data-ogsc=\"\" data-ogsb=\"\">GANT<\/span>, hemos creado una experiencia en La Plage Blanche para quienes valoran la calidad, la sencillez y la elegancia discreta\u201d.<\/p>\n<p>La experiencia de\u00a0<span class=\"markwd10r0g17\" data-markjs=\"true\" data-ogac=\"\" data-ogab=\"\" data-ogsc=\"\" data-ogsb=\"\">Gant<\/span>\u00a0en La Plage Blanche estar\u00e1 abierta al p\u00fablico desde el 22 de mayo hasta octubre de 2025.<\/p>\n<p aria-hidden=\"true\">\u00bfD\u00f3nde?\u00a055 Av. de L\u00e9rins, 06590 Th\u00e9oule-sur-Mer (Francia)<\/p>\n<p aria-hidden=\"true\"><em>*Im\u00e1genes: cortes\u00eda<\/em><\/p>\n<p>&nbsp;<\/p>\n","protected":false},"author":11653,"featured_media":185023,"template":"","format":"standard","categories":[1],"acf":[],"yoast_head":"<!-- This site is optimized with the Yoast SEO Premium plugin v18.5 (Yoast SEO v20.4) - https:\/\/yoast.com\/wordpress\/plugins\/seo\/ -->\n<title>Gant x Ch\u00e2teau de Th\u00e9oule, una escapada en la Costa Azul<\/title>\n<meta name=\"description\" content=\"La experiencia de\u00a0Gant\u00a0en La Plage Blanche estar\u00e1 abierta al p\u00fablico desde el 22 de mayo hasta octubre de 2025.\" \/>\n<meta name=\"robots\" content=\"index, follow, max-snippet:-1, max-image-preview:large, max-video-preview:-1\" \/>\n<link rel=\"canonical\" href=\"https:\/\/graziamagazine.com\/es\/articles\/gant-x-chateau-de-theoule-una-exclusiva-escapada-en-la-costa-azul\/\" \/>\n<meta property=\"og:locale\" content=\"es_ES\" \/>\n<meta property=\"og:type\" content=\"article\" \/>\n<meta property=\"og:title\" content=\"Gant x Ch\u00e2teau de Th\u00e9oule, una escapada en la Costa Azul\" \/>\n<meta property=\"og:description\" content=\"La experiencia de\u00a0Gant\u00a0en La Plage Blanche estar\u00e1 abierta al p\u00fablico desde el 22 de mayo hasta octubre de 2025.\" \/>\n<meta property=\"og:url\" content=\"https:\/\/graziamagazine.com\/es\/articles\/gant-x-chateau-de-theoule-una-exclusiva-escapada-en-la-costa-azul\/\" \/>\n<meta property=\"og:site_name\" content=\"Grazia\" \/>\n<meta property=\"article:modified_time\" content=\"2025-05-28T09:17:25+00:00\" \/>\n<meta property=\"og:image\" content=\"https:\/\/graziamagazine.com\/es\/wp-content\/uploads\/sites\/12\/2025\/05\/GANT_La-Plage-Blanche_Beach-Cha\u0302teau-2_credit-Davide-Frandi.jpg\" \/>\n\t<meta property=\"og:image:width\" content=\"1920\" \/>\n\t<meta property=\"og:image:height\" content=\"1280\" \/>\n\t<meta property=\"og:image:type\" content=\"image\/jpeg\" \/>\n<meta name=\"twitter:card\" content=\"summary_large_image\" \/>\n<meta name=\"twitter:label1\" content=\"Est. reading time\" \/>\n\t<meta name=\"twitter:data1\" content=\"3 minutos\" \/>\n<script type=\"application\/ld+json\" class=\"yoast-schema-graph\">{\"@context\":\"https:\/\/schema.org\",\"@graph\":[{\"@type\":\"WebPage\",\"@id\":\"https:\/\/graziamagazine.com\/es\/articles\/gant-x-chateau-de-theoule-una-exclusiva-escapada-en-la-costa-azul\/\",\"url\":\"https:\/\/graziamagazine.com\/es\/articles\/gant-x-chateau-de-theoule-una-exclusiva-escapada-en-la-costa-azul\/\",\"name\":\"Gant x Ch\u00e2teau de Th\u00e9oule, una escapada en la Costa Azul\",\"isPartOf\":{\"@id\":\"https:\/\/graziamagazine.com\/es\/#website\"},\"datePublished\":\"2025-05-28T06:30:37+00:00\",\"dateModified\":\"2025-05-28T09:17:25+00:00\",\"description\":\"La experiencia de\u00a0Gant\u00a0en La Plage Blanche estar\u00e1 abierta al p\u00fablico desde el 22 de mayo hasta octubre de 2025.\",\"breadcrumb\":{\"@id\":\"https:\/\/graziamagazine.com\/es\/articles\/gant-x-chateau-de-theoule-una-exclusiva-escapada-en-la-costa-azul\/#breadcrumb\"},\"inLanguage\":\"es\",\"potentialAction\":[{\"@type\":\"ReadAction\",\"target\":[\"https:\/\/graziamagazine.com\/es\/articles\/gant-x-chateau-de-theoule-una-exclusiva-escapada-en-la-costa-azul\/\"]}]},{\"@type\":\"BreadcrumbList\",\"@id\":\"https:\/\/graziamagazine.com\/es\/articles\/gant-x-chateau-de-theoule-una-exclusiva-escapada-en-la-costa-azul\/#breadcrumb\",\"itemListElement\":[{\"@type\":\"ListItem\",\"position\":1,\"name\":\"Portada\",\"item\":\"https:\/\/graziamagazine.com\/es\/\"},{\"@type\":\"ListItem\",\"position\":2,\"name\":\"Gant x Ch\u00e2teau de Th\u00e9oule, una escapada en la Costa Azul\"}]},{\"@type\":\"WebSite\",\"@id\":\"https:\/\/graziamagazine.com\/es\/#website\",\"url\":\"https:\/\/graziamagazine.com\/es\/\",\"name\":\"Grazia\",\"description\":\"Moda, belleza, celebrities, estilo de vida...\",\"potentialAction\":[{\"@type\":\"SearchAction\",\"target\":{\"@type\":\"EntryPoint\",\"urlTemplate\":\"https:\/\/graziamagazine.com\/es\/?s={search_term_string}\"},\"query-input\":\"required name=search_term_string\"}],\"inLanguage\":\"es\"}]}<\/script>\n<!-- \/ Yoast SEO Premium plugin. -->","yoast_head_json":{"title":"Gant x Ch\u00e2teau de Th\u00e9oule, una escapada en la Costa Azul","description":"La experiencia de\u00a0Gant\u00a0en La Plage Blanche estar\u00e1 abierta al p\u00fablico desde el 22 de mayo hasta octubre de 2025.","robots":{"index":"index","follow":"follow","max-snippet":"max-snippet:-1","max-image-preview":"max-image-preview:large","max-video-preview":"max-video-preview:-1"},"canonical":"https:\/\/graziamagazine.com\/es\/articles\/gant-x-chateau-de-theoule-una-exclusiva-escapada-en-la-costa-azul\/","og_locale":"es_ES","og_type":"article","og_title":"Gant x Ch\u00e2teau de Th\u00e9oule, una escapada en la Costa Azul","og_description":"La experiencia de\u00a0Gant\u00a0en La Plage Blanche estar\u00e1 abierta al p\u00fablico desde el 22 de mayo hasta octubre de 2025.","og_url":"https:\/\/graziamagazine.com\/es\/articles\/gant-x-chateau-de-theoule-una-exclusiva-escapada-en-la-costa-azul\/","og_site_name":"Grazia","article_modified_time":"2025-05-28T09:17:25+00:00","og_image":[{"width":1920,"height":1280,"url":"https:\/\/graziamagazine.com\/es\/wp-content\/uploads\/sites\/12\/2025\/05\/GANT_La-Plage-Blanche_Beach-Cha\u0302teau-2_credit-Davide-Frandi.jpg","type":"image\/jpeg"}],"twitter_card":"summary_large_image","twitter_misc":{"Est. reading time":"3 minutos"},"schema":{"@context":"https:\/\/schema.org","@graph":[{"@type":"WebPage","@id":"https:\/\/graziamagazine.com\/es\/articles\/gant-x-chateau-de-theoule-una-exclusiva-escapada-en-la-costa-azul\/","url":"https:\/\/graziamagazine.com\/es\/articles\/gant-x-chateau-de-theoule-una-exclusiva-escapada-en-la-costa-azul\/","name":"Gant x Ch\u00e2teau de Th\u00e9oule, una escapada en la Costa Azul","isPartOf":{"@id":"https:\/\/graziamagazine.com\/es\/#website"},"datePublished":"2025-05-28T06:30:37+00:00","dateModified":"2025-05-28T09:17:25+00:00","description":"La experiencia de\u00a0Gant\u00a0en La Plage Blanche estar\u00e1 abierta al p\u00fablico desde el 22 de mayo hasta octubre de 2025.","breadcrumb":{"@id":"https:\/\/graziamagazine.com\/es\/articles\/gant-x-chateau-de-theoule-una-exclusiva-escapada-en-la-costa-azul\/#breadcrumb"},"inLanguage":"es","potentialAction":[{"@type":"ReadAction","target":["https:\/\/graziamagazine.com\/es\/articles\/gant-x-chateau-de-theoule-una-exclusiva-escapada-en-la-costa-azul\/"]}]},{"@type":"BreadcrumbList","@id":"https:\/\/graziamagazine.com\/es\/articles\/gant-x-chateau-de-theoule-una-exclusiva-escapada-en-la-costa-azul\/#breadcrumb","itemListElement":[{"@type":"ListItem","position":1,"name":"Portada","item":"https:\/\/graziamagazine.com\/es\/"},{"@type":"ListItem","position":2,"name":"Gant x Ch\u00e2teau de Th\u00e9oule, una escapada en la Costa Azul"}]},{"@type":"WebSite","@id":"https:\/\/graziamagazine.com\/es\/#website","url":"https:\/\/graziamagazine.com\/es\/","name":"Grazia","description":"Moda, belleza, celebrities, estilo de vida...","potentialAction":[{"@type":"SearchAction","target":{"@type":"EntryPoint","urlTemplate":"https:\/\/graziamagazine.com\/es\/?s={search_term_string}"},"query-input":"required name=search_term_string"}],"inLanguage":"es"}]}},"jetpack_sharing_enabled":true,"distributor_meta":false,"distributor_terms":false,"distributor_media":false,"distributor_original_site_name":"Grazia","distributor_original_site_url":"https:\/\/graziamagazine.com\/es","push-errors":false,"_links":{"self":[{"href":"https:\/\/graziamagazine.com\/es\/wp-json\/wp\/v2\/articles\/185015"}],"collection":[{"href":"https:\/\/graziamagazine.com\/es\/wp-json\/wp\/v2\/articles"}],"about":[{"href":"https:\/\/graziamagazine.com\/es\/wp-json\/wp\/v2\/types\/articles"}],"author":[{"embeddable":true,"href":"https:\/\/graziamagazine.com\/es\/wp-json\/wp\/v2\/users\/11653"}],"wp:featuredmedia":[{"embeddable":true,"href":"https:\/\/graziamagazine.com\/es\/wp-json\/wp\/v2\/media\/185023"}],"wp:attachment":[{"href":"https:\/\/graziamagazine.com\/es\/wp-json\/wp\/v2\/media?parent=185015"}],"wp:term":[{"taxonomy":"category","embeddable":true,"href":"https:\/\/graziamagazine.com\/es\/wp-json\/wp\/v2\/categories?post=185015"}],"curies":[{"name":"wp","href":"https:\/\/api.w.org\/{rel}","templated":true}]}}