{"id":184977,"date":"2025-05-27T08:30:49","date_gmt":"2025-05-27T06:30:49","guid":{"rendered":"https:\/\/graziamagazine.com\/es\/?post_type=articles&#038;p=184977"},"modified":"2025-05-26T23:25:29","modified_gmt":"2025-05-26T21:25:29","slug":"mbfwmadrid-presenta-su-nueva-identidad-digital","status":"publish","type":"articles","link":"https:\/\/graziamagazine.com\/es\/articles\/mbfwmadrid-presenta-su-nueva-identidad-digital\/","title":{"rendered":"MBFWMadrid presenta su nueva identidad digital"},"content":{"rendered":"<p><span class=\"markjrlq7zuta\" data-markjs=\"true\" data-ogac=\"\" data-ogab=\"\" data-ogsc=\"\" data-ogsb=\"\" data-olk-copy-source=\"MessageBody\">Mercedes<\/span>&#8211;<span class=\"markbbdwwb0bv\" data-markjs=\"true\" data-ogac=\"\" data-ogab=\"\" data-ogsc=\"\" data-ogsb=\"\">Benz<\/span>\u00a0<span class=\"markfv2ow2bvw\" data-markjs=\"true\" data-ogac=\"\" data-ogab=\"\" data-ogsc=\"\" data-ogsb=\"\">Fashion<\/span>\u00a0<span class=\"markdt5syssm9\" data-markjs=\"true\" data-ogac=\"\" data-ogab=\"\" data-ogsc=\"\" data-ogsb=\"\">Week<\/span>\u00a0<span class=\"mark5ok9v0k96\" data-markjs=\"true\" data-ogac=\"\" data-ogab=\"\" data-ogsc=\"\" data-ogsb=\"\">Madrid<\/span>\u00a0da un paso adelante en su\u00a0evoluci\u00f3n con el lanzamiento de su nueva web oficial, una plataforma digital completamente renovada que representa\u00a0mucho m\u00e1s que un redise\u00f1o: es el reflejo de una\u00a0nueva etapa, con una\u00a0imagen visual limpia, aspiracional y alineada\u00a0con los\u00a0valores\u00a0que\u00a0definen a la pasarela madrile\u00f1a\u00a0en este momento de transformaci\u00f3n.<\/p>\n<p>Dise\u00f1ada para\u00a0inspirar, conectar y facilitar\u00a0la\u00a0experiencia de usuario, la nueva web apuesta por un lenguaje visual elegante y depurado que pone en el centro lo verdaderamente importante:\u00a0el\u00a0talento, la creatividad y la moda como motor de cultura e innovaci\u00f3n. Es un punto de encuentro para dise\u00f1adores, marcas, prensa y p\u00fablico, desde el que se podr\u00e1 seguir la actualidad del evento, explorar sus contenidos editoriales y acceder a toda la informaci\u00f3n de participaci\u00f3n.<\/p>\n<blockquote><p>La pr\u00f3xima edici\u00f3n de MBFWMadrid, que se celebrar\u00e1 del 17 al 21 de septiembre, presentando las colecciones Primavera\/Verano 26, servir\u00e1 de homenaje al 40 aniversario de la gran pasarela de referencia de la moda en Espa\u00f1a.<\/p><\/blockquote>\n<p><img decoding=\"async\" src=\"https:\/\/www.ifema.es\/mbfw-madrid\/img\/m\/imagen-nueva-web\/web-nueva.webp\" alt=\"imagen nueva web\" \/><\/p>\n<h3>Una nueva etapa, una nueva imagen<\/h3>\n<p>El\u00a0lanzamiento digital acompa\u00f1a la evoluci\u00f3n estrat\u00e9gica de <strong>MBFWMadrid,\u00a0que este a\u00f1o celebra su\u00a040 aniversario<\/strong> y refuerza su compromiso con los pilares que marcar\u00e1n su\u00a0futuro: el\u00a0impulso al talento emergente y consolidado, la\u00a0proyecci\u00f3n internacional, la\u00a0sostenibilidad, la\u00a0artesan\u00eda\u00a0y una\u00a0conexi\u00f3n real con la industria de la moda.<\/p>\n<p>Esta renovaci\u00f3n no solo es est\u00e9tica, sino tambi\u00e9n funcional. <strong><a href=\"https:\/\/www.ifema.es\/mbfw-madrid\" target=\"_blank\">La estructura de la nueva web<\/a><\/strong> ha sido concebida para facilitar el acceso a los distintos p\u00fablicos que forman parte del ecosistema de MBFWMadrid, ofreciendo una experiencia clara, ordenada y pensada para crecer.<\/p>\n<blockquote><p>La pasarela madrile\u00f1a estrena nuevo site con el que simboliza el inicio de una etapa m\u00e1s aspiracional, conectada, internacional y consciente<\/p><\/blockquote>\n<p><img decoding=\"async\" src=\"https:\/\/www.ifema.es\/mbfw-madrid\/img\/m\/modelo-mercedes-benz-fashion-week-madrid\/comite.webp\" alt=\"Modelo en Mercedes-Benz Fashion Week Madrid\" \/><\/p>\n<p>Coincidiendo con este lanzamiento,\u00a0se abre la convocatoria oficial para que los dise\u00f1adores que deseen participar en la pr\u00f3xima edici\u00f3n de MBFWMadrid\u00a0en septiembre de este a\u00f1o, ya puedan presentar candidaturas para formar parte del calendario oficial,<\/p>\n<p><em>*Im\u00e1genes: cortes\u00eda<\/em><\/p>\n<p>&nbsp;<\/p>\n","protected":false},"author":11653,"featured_media":184978,"template":"","format":"standard","categories":[2971],"acf":{"banner":""},"yoast_head":"<!-- This site is optimized with the Yoast SEO Premium plugin v18.5 (Yoast SEO v20.4) - https:\/\/yoast.com\/wordpress\/plugins\/seo\/ -->\n<title>MBFWMadrid presenta su nueva identidad digital<\/title>\n<meta name=\"description\" content=\"La pasarela madrile\u00f1a estrena nuevo site con el que simboliza el inicio de una etapa m\u00e1s aspiracional, conectada, internacional y consciente.\" \/>\n<meta name=\"robots\" content=\"index, follow, max-snippet:-1, max-image-preview:large, max-video-preview:-1\" \/>\n<link rel=\"canonical\" href=\"https:\/\/graziamagazine.com\/es\/articles\/mbfwmadrid-presenta-su-nueva-identidad-digital\/\" \/>\n<meta property=\"og:locale\" content=\"es_ES\" \/>\n<meta property=\"og:type\" content=\"article\" \/>\n<meta property=\"og:title\" content=\"MBFWMadrid presenta su nueva identidad digital\" \/>\n<meta property=\"og:description\" content=\"La pasarela madrile\u00f1a estrena nuevo site con el que simboliza el inicio de una etapa m\u00e1s aspiracional, conectada, internacional y consciente.\" \/>\n<meta property=\"og:url\" content=\"https:\/\/graziamagazine.com\/es\/articles\/mbfwmadrid-presenta-su-nueva-identidad-digital\/\" \/>\n<meta property=\"og:site_name\" content=\"Grazia\" \/>\n<meta property=\"article:modified_time\" content=\"2025-05-26T21:25:29+00:00\" \/>\n<meta property=\"og:image\" content=\"https:\/\/graziamagazine.com\/es\/wp-content\/uploads\/sites\/12\/2025\/05\/Imagen-nueva-web.png\" \/>\n\t<meta property=\"og:image:width\" content=\"2086\" \/>\n\t<meta property=\"og:image:height\" content=\"941\" \/>\n\t<meta property=\"og:image:type\" content=\"image\/png\" \/>\n<meta name=\"twitter:card\" content=\"summary_large_image\" \/>\n<meta name=\"twitter:label1\" content=\"Est. reading time\" \/>\n\t<meta name=\"twitter:data1\" content=\"2 minutos\" \/>\n<script type=\"application\/ld+json\" class=\"yoast-schema-graph\">{\"@context\":\"https:\/\/schema.org\",\"@graph\":[{\"@type\":\"WebPage\",\"@id\":\"https:\/\/graziamagazine.com\/es\/articles\/mbfwmadrid-presenta-su-nueva-identidad-digital\/\",\"url\":\"https:\/\/graziamagazine.com\/es\/articles\/mbfwmadrid-presenta-su-nueva-identidad-digital\/\",\"name\":\"MBFWMadrid presenta su nueva identidad digital\",\"isPartOf\":{\"@id\":\"https:\/\/graziamagazine.com\/es\/#website\"},\"datePublished\":\"2025-05-27T06:30:49+00:00\",\"dateModified\":\"2025-05-26T21:25:29+00:00\",\"description\":\"La pasarela madrile\u00f1a estrena nuevo site con el que simboliza el inicio de una etapa m\u00e1s aspiracional, conectada, internacional y consciente.\",\"breadcrumb\":{\"@id\":\"https:\/\/graziamagazine.com\/es\/articles\/mbfwmadrid-presenta-su-nueva-identidad-digital\/#breadcrumb\"},\"inLanguage\":\"es\",\"potentialAction\":[{\"@type\":\"ReadAction\",\"target\":[\"https:\/\/graziamagazine.com\/es\/articles\/mbfwmadrid-presenta-su-nueva-identidad-digital\/\"]}]},{\"@type\":\"BreadcrumbList\",\"@id\":\"https:\/\/graziamagazine.com\/es\/articles\/mbfwmadrid-presenta-su-nueva-identidad-digital\/#breadcrumb\",\"itemListElement\":[{\"@type\":\"ListItem\",\"position\":1,\"name\":\"Portada\",\"item\":\"https:\/\/graziamagazine.com\/es\/\"},{\"@type\":\"ListItem\",\"position\":2,\"name\":\"MBFWMadrid presenta su nueva identidad digital\"}]},{\"@type\":\"WebSite\",\"@id\":\"https:\/\/graziamagazine.com\/es\/#website\",\"url\":\"https:\/\/graziamagazine.com\/es\/\",\"name\":\"Grazia\",\"description\":\"Moda, belleza, celebrities, estilo de vida...\",\"potentialAction\":[{\"@type\":\"SearchAction\",\"target\":{\"@type\":\"EntryPoint\",\"urlTemplate\":\"https:\/\/graziamagazine.com\/es\/?s={search_term_string}\"},\"query-input\":\"required name=search_term_string\"}],\"inLanguage\":\"es\"}]}<\/script>\n<!-- \/ Yoast SEO Premium plugin. -->","yoast_head_json":{"title":"MBFWMadrid presenta su nueva identidad digital","description":"La pasarela madrile\u00f1a estrena nuevo site con el que simboliza el inicio de una etapa m\u00e1s aspiracional, conectada, internacional y consciente.","robots":{"index":"index","follow":"follow","max-snippet":"max-snippet:-1","max-image-preview":"max-image-preview:large","max-video-preview":"max-video-preview:-1"},"canonical":"https:\/\/graziamagazine.com\/es\/articles\/mbfwmadrid-presenta-su-nueva-identidad-digital\/","og_locale":"es_ES","og_type":"article","og_title":"MBFWMadrid presenta su nueva identidad digital","og_description":"La pasarela madrile\u00f1a estrena nuevo site con el que simboliza el inicio de una etapa m\u00e1s aspiracional, conectada, internacional y consciente.","og_url":"https:\/\/graziamagazine.com\/es\/articles\/mbfwmadrid-presenta-su-nueva-identidad-digital\/","og_site_name":"Grazia","article_modified_time":"2025-05-26T21:25:29+00:00","og_image":[{"width":2086,"height":941,"url":"https:\/\/graziamagazine.com\/es\/wp-content\/uploads\/sites\/12\/2025\/05\/Imagen-nueva-web.png","type":"image\/png"}],"twitter_card":"summary_large_image","twitter_misc":{"Est. reading time":"2 minutos"},"schema":{"@context":"https:\/\/schema.org","@graph":[{"@type":"WebPage","@id":"https:\/\/graziamagazine.com\/es\/articles\/mbfwmadrid-presenta-su-nueva-identidad-digital\/","url":"https:\/\/graziamagazine.com\/es\/articles\/mbfwmadrid-presenta-su-nueva-identidad-digital\/","name":"MBFWMadrid presenta su nueva identidad digital","isPartOf":{"@id":"https:\/\/graziamagazine.com\/es\/#website"},"datePublished":"2025-05-27T06:30:49+00:00","dateModified":"2025-05-26T21:25:29+00:00","description":"La pasarela madrile\u00f1a estrena nuevo site con el que simboliza el inicio de una etapa m\u00e1s aspiracional, conectada, internacional y consciente.","breadcrumb":{"@id":"https:\/\/graziamagazine.com\/es\/articles\/mbfwmadrid-presenta-su-nueva-identidad-digital\/#breadcrumb"},"inLanguage":"es","potentialAction":[{"@type":"ReadAction","target":["https:\/\/graziamagazine.com\/es\/articles\/mbfwmadrid-presenta-su-nueva-identidad-digital\/"]}]},{"@type":"BreadcrumbList","@id":"https:\/\/graziamagazine.com\/es\/articles\/mbfwmadrid-presenta-su-nueva-identidad-digital\/#breadcrumb","itemListElement":[{"@type":"ListItem","position":1,"name":"Portada","item":"https:\/\/graziamagazine.com\/es\/"},{"@type":"ListItem","position":2,"name":"MBFWMadrid presenta su nueva identidad digital"}]},{"@type":"WebSite","@id":"https:\/\/graziamagazine.com\/es\/#website","url":"https:\/\/graziamagazine.com\/es\/","name":"Grazia","description":"Moda, belleza, celebrities, estilo de vida...","potentialAction":[{"@type":"SearchAction","target":{"@type":"EntryPoint","urlTemplate":"https:\/\/graziamagazine.com\/es\/?s={search_term_string}"},"query-input":"required name=search_term_string"}],"inLanguage":"es"}]}},"jetpack_sharing_enabled":true,"distributor_meta":false,"distributor_terms":false,"distributor_media":false,"distributor_original_site_name":"Grazia","distributor_original_site_url":"https:\/\/graziamagazine.com\/es","push-errors":false,"_links":{"self":[{"href":"https:\/\/graziamagazine.com\/es\/wp-json\/wp\/v2\/articles\/184977"}],"collection":[{"href":"https:\/\/graziamagazine.com\/es\/wp-json\/wp\/v2\/articles"}],"about":[{"href":"https:\/\/graziamagazine.com\/es\/wp-json\/wp\/v2\/types\/articles"}],"author":[{"embeddable":true,"href":"https:\/\/graziamagazine.com\/es\/wp-json\/wp\/v2\/users\/11653"}],"wp:featuredmedia":[{"embeddable":true,"href":"https:\/\/graziamagazine.com\/es\/wp-json\/wp\/v2\/media\/184978"}],"wp:attachment":[{"href":"https:\/\/graziamagazine.com\/es\/wp-json\/wp\/v2\/media?parent=184977"}],"wp:term":[{"taxonomy":"category","embeddable":true,"href":"https:\/\/graziamagazine.com\/es\/wp-json\/wp\/v2\/categories?post=184977"}],"curies":[{"name":"wp","href":"https:\/\/api.w.org\/{rel}","templated":true}]}}