{"id":184858,"date":"2025-05-25T21:32:22","date_gmt":"2025-05-25T19:32:22","guid":{"rendered":"https:\/\/graziamagazine.com\/es\/?post_type=articles&#038;p=184858"},"modified":"2025-05-25T21:32:22","modified_gmt":"2025-05-25T19:32:22","slug":"jimmy-choo-recupera-los-zapatos-favoritos-de-carrie-bradshaw","status":"publish","type":"articles","link":"https:\/\/graziamagazine.com\/es\/articles\/jimmy-choo-recupera-los-zapatos-favoritos-de-carrie-bradshaw\/","title":{"rendered":"Jimmy Choo recupera los zapatos favoritos de Carrie Bradshaw"},"content":{"rendered":"<p>\u00a1Atenci\u00f3n, amantes de la moda y fan\u00e1ticos de <strong><em>Sex and the City<\/em><\/strong>! <strong>Jimmy Choo<\/strong> ha decidido abrir su ba\u00fal de los recuerdos y traernos de vuelta ocho de sus dise\u00f1os m\u00e1s emblem\u00e1ticos de <strong>finales de los 90 y principios de los 2000<\/strong>.<\/p>\n<p>Reactivando sus archivos, celebrando la historia de la marca y dando vida a su legado. A medida que Jimmy Choo se acerca a su 30\u00ba Aniversario, la marca reinterpreta una cuidada selecci\u00f3n de modelos ic\u00f3nicos extra\u00eddos de sus primeros cinco a\u00f1os. Representan la esencia de Jimmy Choo, el ADN y la identidad de la marca y la idea de mujeres dise\u00f1ando para mujeres. Esta colecci\u00f3n se siente tan relevante hoy como lo fue entonces. Titulada <strong>\u201cJimmy Choo The Archive: 1997\u20132001\u201d<\/strong>, es una oda a la elegancia y al glamour que definieron una era.<\/p>\n<p><img loading=\"lazy\" decoding=\"async\" class=\"aligncenter size-full wp-image-184937\" src=\"https:\/\/graziamagazine.com\/es\/wp-content\/uploads\/sites\/12\/2025\/05\/grazia_magazin.jpg\" alt=\"\" width=\"1440\" height=\"1785\" srcset=\"https:\/\/graziamagazine.com\/es\/wp-content\/uploads\/sites\/12\/2025\/05\/grazia_magazin.jpg 1440w, https:\/\/graziamagazine.com\/es\/wp-content\/uploads\/sites\/12\/2025\/05\/grazia_magazin-242x300.jpg 242w, https:\/\/graziamagazine.com\/es\/wp-content\/uploads\/sites\/12\/2025\/05\/grazia_magazin-826x1024.jpg 826w, https:\/\/graziamagazine.com\/es\/wp-content\/uploads\/sites\/12\/2025\/05\/grazia_magazin-768x952.jpg 768w, https:\/\/graziamagazine.com\/es\/wp-content\/uploads\/sites\/12\/2025\/05\/grazia_magazin-1239x1536.jpg 1239w, https:\/\/graziamagazine.com\/es\/wp-content\/uploads\/sites\/12\/2025\/05\/grazia_magazin-400x496.jpg 400w, https:\/\/graziamagazine.com\/es\/wp-content\/uploads\/sites\/12\/2025\/05\/grazia_magazin-155x192.jpg 155w\" sizes=\"(max-width: 1440px) 100vw, 1440px\" \/> <img loading=\"lazy\" decoding=\"async\" class=\"aligncenter size-full wp-image-184942\" src=\"https:\/\/graziamagazine.com\/es\/wp-content\/uploads\/sites\/12\/2025\/05\/ARCHIVE-25_SHELF-A_4x5-1-scaled-copia.jpg\" alt=\"\" width=\"1440\" height=\"1800\" srcset=\"https:\/\/graziamagazine.com\/es\/wp-content\/uploads\/sites\/12\/2025\/05\/ARCHIVE-25_SHELF-A_4x5-1-scaled-copia.jpg 1440w, https:\/\/graziamagazine.com\/es\/wp-content\/uploads\/sites\/12\/2025\/05\/ARCHIVE-25_SHELF-A_4x5-1-scaled-copia-240x300.jpg 240w, https:\/\/graziamagazine.com\/es\/wp-content\/uploads\/sites\/12\/2025\/05\/ARCHIVE-25_SHELF-A_4x5-1-scaled-copia-819x1024.jpg 819w, https:\/\/graziamagazine.com\/es\/wp-content\/uploads\/sites\/12\/2025\/05\/ARCHIVE-25_SHELF-A_4x5-1-scaled-copia-768x960.jpg 768w, https:\/\/graziamagazine.com\/es\/wp-content\/uploads\/sites\/12\/2025\/05\/ARCHIVE-25_SHELF-A_4x5-1-scaled-copia-1229x1536.jpg 1229w, https:\/\/graziamagazine.com\/es\/wp-content\/uploads\/sites\/12\/2025\/05\/ARCHIVE-25_SHELF-A_4x5-1-scaled-copia-400x500.jpg 400w, https:\/\/graziamagazine.com\/es\/wp-content\/uploads\/sites\/12\/2025\/05\/ARCHIVE-25_SHELF-A_4x5-1-scaled-copia-155x194.jpg 155w\" sizes=\"(max-width: 1440px) 100vw, 1440px\" \/><\/p>\n<p>Entre los modelos reeditados se encuentra el ic\u00f3nico <strong>slingback lila<\/strong>, conocido como <strong>\u201c72138\u201d,<\/strong> que Carrie Bradshaw inmortaliz\u00f3 en la tercera temporada de la serie. Este zapato no solo es un s\u00edmbolo de estilo, sino tambi\u00e9n una pieza de historia televisiva.<\/p>\n<div class=\"content-gallery\"><div class=\"gallery-placeholder\"><div class=\"spinner\"><\/div><\/div><span class=\"gallery-pagination\"><\/span><div id=\"gallery-1\" class=\"gallery galleryid-184858 gallery-columns- gallery-size-\"><figure class=\"gallery-item\"><div class=\"gallery-icon landscape\"><img loading=\"lazy\" decoding=\"async\" width=\"1440\" height=\"1790\" src=\"https:\/\/graziamagazine.com\/es\/wp-content\/uploads\/sites\/12\/2025\/05\/jimmychoo.jpg\" class=\"lazy\" alt=\"\" srcset=\"https:\/\/graziamagazine.com\/es\/wp-content\/uploads\/sites\/12\/2025\/05\/jimmychoo.jpg 1440w, https:\/\/graziamagazine.com\/es\/wp-content\/uploads\/sites\/12\/2025\/05\/jimmychoo-241x300.jpg 241w, https:\/\/graziamagazine.com\/es\/wp-content\/uploads\/sites\/12\/2025\/05\/jimmychoo-824x1024.jpg 824w, https:\/\/graziamagazine.com\/es\/wp-content\/uploads\/sites\/12\/2025\/05\/jimmychoo-768x955.jpg 768w, https:\/\/graziamagazine.com\/es\/wp-content\/uploads\/sites\/12\/2025\/05\/jimmychoo-1236x1536.jpg 1236w, https:\/\/graziamagazine.com\/es\/wp-content\/uploads\/sites\/12\/2025\/05\/jimmychoo-400x497.jpg 400w, https:\/\/graziamagazine.com\/es\/wp-content\/uploads\/sites\/12\/2025\/05\/jimmychoo-155x193.jpg 155w\" sizes=\"(max-width: 1440px) 100vw, 1440px\" \/><\/div><\/figure><figure class=\"gallery-item\"><div class=\"gallery-icon landscape\"><img loading=\"lazy\" decoding=\"async\" width=\"1440\" height=\"1790\" src=\"https:\/\/graziamagazine.com\/es\/wp-content\/uploads\/sites\/12\/2025\/05\/grazia_magazin-1.jpg\" class=\"lazy\" alt=\"\" srcset=\"https:\/\/graziamagazine.com\/es\/wp-content\/uploads\/sites\/12\/2025\/05\/grazia_magazin-1.jpg 1440w, https:\/\/graziamagazine.com\/es\/wp-content\/uploads\/sites\/12\/2025\/05\/grazia_magazin-1-241x300.jpg 241w, https:\/\/graziamagazine.com\/es\/wp-content\/uploads\/sites\/12\/2025\/05\/grazia_magazin-1-824x1024.jpg 824w, https:\/\/graziamagazine.com\/es\/wp-content\/uploads\/sites\/12\/2025\/05\/grazia_magazin-1-768x955.jpg 768w, https:\/\/graziamagazine.com\/es\/wp-content\/uploads\/sites\/12\/2025\/05\/grazia_magazin-1-1236x1536.jpg 1236w, https:\/\/graziamagazine.com\/es\/wp-content\/uploads\/sites\/12\/2025\/05\/grazia_magazin-1-400x497.jpg 400w, https:\/\/graziamagazine.com\/es\/wp-content\/uploads\/sites\/12\/2025\/05\/grazia_magazin-1-155x193.jpg 155w\" sizes=\"(max-width: 1440px) 100vw, 1440px\" \/><\/div><\/figure><\/div><\/div>\n<p>En uno de los episodios de la serie, Carrie pierde una de sus sandalias en Staten Island cuando dice la ic\u00f3nica frase \u00a0<strong>\u2018Wait! I lost my Choo!\u2019<\/strong> (\u00a1Espera! \u00a1Perd\u00ed mi Choo!).<\/p>\n<p><img loading=\"lazy\" decoding=\"async\" class=\"aligncenter size-full wp-image-184940\" src=\"https:\/\/graziamagazine.com\/es\/wp-content\/uploads\/sites\/12\/2025\/05\/grazia_magazin-4.jpg\" alt=\"\" width=\"736\" height=\"912\" srcset=\"https:\/\/graziamagazine.com\/es\/wp-content\/uploads\/sites\/12\/2025\/05\/grazia_magazin-4.jpg 736w, https:\/\/graziamagazine.com\/es\/wp-content\/uploads\/sites\/12\/2025\/05\/grazia_magazin-4-242x300.jpg 242w, https:\/\/graziamagazine.com\/es\/wp-content\/uploads\/sites\/12\/2025\/05\/grazia_magazin-4-400x496.jpg 400w, https:\/\/graziamagazine.com\/es\/wp-content\/uploads\/sites\/12\/2025\/05\/grazia_magazin-4-155x192.jpg 155w\" sizes=\"(max-width: 736px) 100vw, 736px\" \/><\/p>\n<p><strong>Sandra Choi<\/strong>, directora creativa de la marca y sobrina del fundador Jimmy Choo, colabor\u00f3 con el dise\u00f1ador <strong>Conner Ives<\/strong> y el escritor de moda <strong>Alexander Fury<\/strong> para seleccionar cuidadosamente los modelos que formar\u00edan parte de esta colecci\u00f3n. <em>\u201cHemos revisado tres d\u00e9cadas de trabajo y volvimos a los primeros cinco a\u00f1os. \u00bfPor qu\u00e9? Porque esos a\u00f1os representan verdaderamente el coraz\u00f3n y el alma <img loading=\"lazy\" decoding=\"async\" class=\"aligncenter size-full wp-image-184946\" src=\"https:\/\/graziamagazine.com\/es\/wp-content\/uploads\/sites\/12\/2025\/05\/IMG_6614-e1748201225776.jpg\" alt=\"\" width=\"964\" height=\"597\" srcset=\"https:\/\/graziamagazine.com\/es\/wp-content\/uploads\/sites\/12\/2025\/05\/IMG_6614-e1748201225776.jpg 964w, https:\/\/graziamagazine.com\/es\/wp-content\/uploads\/sites\/12\/2025\/05\/IMG_6614-e1748201225776-300x186.jpg 300w, https:\/\/graziamagazine.com\/es\/wp-content\/uploads\/sites\/12\/2025\/05\/IMG_6614-e1748201225776-768x476.jpg 768w, https:\/\/graziamagazine.com\/es\/wp-content\/uploads\/sites\/12\/2025\/05\/IMG_6614-e1748201225776-400x248.jpg 400w, https:\/\/graziamagazine.com\/es\/wp-content\/uploads\/sites\/12\/2025\/05\/IMG_6614-e1748201225776-155x96.jpg 155w\" sizes=\"(max-width: 964px) 100vw, 964px\" \/>de Jimmy Choo \u2013 son nuestras ra\u00edces, donde todo comenz\u00f3. Y al observar estos modelos, vi ideas que siguen siendo hoy esenciales para Jimmy Choo \u2013 valores eternos de glamour y feminidad, combinados con artesan\u00eda y confecci\u00f3n.\u00a0 Para m\u00ed, fue un ejercicio fascinante \u2013 ver a Jimmy Choo a trav\u00e9s de los ojos de los dem\u00e1s. Esta colecci\u00f3n trata sobre nuestro origen, lo que representamos y hacia d\u00f3nde seguimos avanzando. Es una celebraci\u00f3n, pura y simple \u2013 y Jimmy Choo siempre puede encender una fiesta\u00bb, <\/em>afirma Sandra Choi.<\/p>\n<p><img decoding=\"async\" src=\"https:\/\/ecp.yusercontent.com\/mail?url=https%3A%2F%2Fmcusercontent.com%2F0cf56b6f116a9cb7bc82f81c9%2Fimages%2Ff439ea44-f41d-d1c8-7dc6-76b74b440c14.jpg&amp;t=1748200546&amp;ymreqid=c869b0de-f88c-d284-1c12-0a0039018100&amp;sig=fYf.aaeQOnju.kU0VVS0RA--~D\" \/><\/p>\n<p>La colecci\u00f3n incluye <strong>\u201cThe Strappy\u201d,<\/strong> una sandalia de sat\u00e9n tipo thong de la colecci\u00f3n Primavera\/Verano 1997, <strong>\u201cThe Leo\u201d<\/strong> que Carrie luce en la secuencia de apertura de la serie y <strong>\u201cThe Bow\u201d<\/strong> que adem\u00e1s son modelos que exploran el gusto de Choo por los estampados animales y \u201c72138\u201d, el slingback lila de gamuza que Carrie Bradshaw populariz\u00f3.<\/p>\n<p><img loading=\"lazy\" decoding=\"async\" class=\"aligncenter size-full wp-image-184943\" src=\"https:\/\/graziamagazine.com\/es\/wp-content\/uploads\/sites\/12\/2025\/05\/carrie1-copia.jpg\" alt=\"\" width=\"1440\" height=\"2160\" srcset=\"https:\/\/graziamagazine.com\/es\/wp-content\/uploads\/sites\/12\/2025\/05\/carrie1-copia.jpg 1440w, https:\/\/graziamagazine.com\/es\/wp-content\/uploads\/sites\/12\/2025\/05\/carrie1-copia-200x300.jpg 200w, https:\/\/graziamagazine.com\/es\/wp-content\/uploads\/sites\/12\/2025\/05\/carrie1-copia-683x1024.jpg 683w, https:\/\/graziamagazine.com\/es\/wp-content\/uploads\/sites\/12\/2025\/05\/carrie1-copia-768x1152.jpg 768w, https:\/\/graziamagazine.com\/es\/wp-content\/uploads\/sites\/12\/2025\/05\/carrie1-copia-1024x1536.jpg 1024w, https:\/\/graziamagazine.com\/es\/wp-content\/uploads\/sites\/12\/2025\/05\/carrie1-copia-1365x2048.jpg 1365w, https:\/\/graziamagazine.com\/es\/wp-content\/uploads\/sites\/12\/2025\/05\/carrie1-copia-400x600.jpg 400w, https:\/\/graziamagazine.com\/es\/wp-content\/uploads\/sites\/12\/2025\/05\/carrie1-copia-143x215.jpg 143w\" sizes=\"(max-width: 1440px) 100vw, 1440px\" \/><\/p>\n<p>Adem\u00e1s, la marcar reedit\u00f3 <strong>\u201cThe Boot\u201d<\/strong> (Oto\u00f1o 2000 \u2013 Faro)., la bota alta de pit\u00f3n que Carrie us\u00f3 con un abrigo de piel y una minifalda a cuadros en una ic\u00f3nica escena en la serie.<\/p>\n<div class=\"content-gallery\"><div class=\"gallery-placeholder\"><div class=\"spinner\"><\/div><\/div><span class=\"gallery-pagination\"><\/span><div id=\"gallery-2\" class=\"gallery galleryid-184858 gallery-columns- gallery-size-\"><figure class=\"gallery-item\"><div class=\"gallery-icon landscape\"><img loading=\"lazy\" decoding=\"async\" width=\"1440\" height=\"1790\" src=\"https:\/\/graziamagazine.com\/es\/wp-content\/uploads\/sites\/12\/2025\/05\/grazia_magazin-3.jpg\" class=\"lazy\" alt=\"\" srcset=\"https:\/\/graziamagazine.com\/es\/wp-content\/uploads\/sites\/12\/2025\/05\/grazia_magazin-3.jpg 1440w, https:\/\/graziamagazine.com\/es\/wp-content\/uploads\/sites\/12\/2025\/05\/grazia_magazin-3-241x300.jpg 241w, https:\/\/graziamagazine.com\/es\/wp-content\/uploads\/sites\/12\/2025\/05\/grazia_magazin-3-824x1024.jpg 824w, https:\/\/graziamagazine.com\/es\/wp-content\/uploads\/sites\/12\/2025\/05\/grazia_magazin-3-768x955.jpg 768w, https:\/\/graziamagazine.com\/es\/wp-content\/uploads\/sites\/12\/2025\/05\/grazia_magazin-3-1236x1536.jpg 1236w, https:\/\/graziamagazine.com\/es\/wp-content\/uploads\/sites\/12\/2025\/05\/grazia_magazin-3-400x497.jpg 400w, https:\/\/graziamagazine.com\/es\/wp-content\/uploads\/sites\/12\/2025\/05\/grazia_magazin-3-155x193.jpg 155w\" sizes=\"(max-width: 1440px) 100vw, 1440px\" \/><\/div><\/figure><figure class=\"gallery-item\"><div class=\"gallery-icon landscape\"><img loading=\"lazy\" decoding=\"async\" width=\"1440\" height=\"2160\" src=\"https:\/\/graziamagazine.com\/es\/wp-content\/uploads\/sites\/12\/2025\/05\/carrie-1-copia.jpg\" class=\"lazy\" alt=\"\" srcset=\"https:\/\/graziamagazine.com\/es\/wp-content\/uploads\/sites\/12\/2025\/05\/carrie-1-copia.jpg 1440w, https:\/\/graziamagazine.com\/es\/wp-content\/uploads\/sites\/12\/2025\/05\/carrie-1-copia-200x300.jpg 200w, https:\/\/graziamagazine.com\/es\/wp-content\/uploads\/sites\/12\/2025\/05\/carrie-1-copia-683x1024.jpg 683w, https:\/\/graziamagazine.com\/es\/wp-content\/uploads\/sites\/12\/2025\/05\/carrie-1-copia-768x1152.jpg 768w, https:\/\/graziamagazine.com\/es\/wp-content\/uploads\/sites\/12\/2025\/05\/carrie-1-copia-1024x1536.jpg 1024w, https:\/\/graziamagazine.com\/es\/wp-content\/uploads\/sites\/12\/2025\/05\/carrie-1-copia-1365x2048.jpg 1365w, https:\/\/graziamagazine.com\/es\/wp-content\/uploads\/sites\/12\/2025\/05\/carrie-1-copia-400x600.jpg 400w, https:\/\/graziamagazine.com\/es\/wp-content\/uploads\/sites\/12\/2025\/05\/carrie-1-copia-143x215.jpg 143w\" sizes=\"(max-width: 1440px) 100vw, 1440px\" \/><\/div><\/figure><\/div><\/div>\n<p>Esta colecci\u00f3n no solo es <strong>un homenaje al pasado<\/strong>, sino tambi\u00e9n una invitaci\u00f3n a las nuevas generaciones a descubrir y enamorarse del <strong>estilo atemporal<\/strong> de Jimmy Choo.<\/p>\n<p><img loading=\"lazy\" decoding=\"async\" class=\"aligncenter size-full wp-image-184939\" src=\"https:\/\/graziamagazine.com\/es\/wp-content\/uploads\/sites\/12\/2025\/05\/loewscommunications.jpg\" alt=\"\" width=\"1440\" height=\"1790\" srcset=\"https:\/\/graziamagazine.com\/es\/wp-content\/uploads\/sites\/12\/2025\/05\/loewscommunications.jpg 1440w, https:\/\/graziamagazine.com\/es\/wp-content\/uploads\/sites\/12\/2025\/05\/loewscommunications-241x300.jpg 241w, https:\/\/graziamagazine.com\/es\/wp-content\/uploads\/sites\/12\/2025\/05\/loewscommunications-824x1024.jpg 824w, https:\/\/graziamagazine.com\/es\/wp-content\/uploads\/sites\/12\/2025\/05\/loewscommunications-768x955.jpg 768w, https:\/\/graziamagazine.com\/es\/wp-content\/uploads\/sites\/12\/2025\/05\/loewscommunications-1236x1536.jpg 1236w, https:\/\/graziamagazine.com\/es\/wp-content\/uploads\/sites\/12\/2025\/05\/loewscommunications-400x497.jpg 400w, https:\/\/graziamagazine.com\/es\/wp-content\/uploads\/sites\/12\/2025\/05\/loewscommunications-155x193.jpg 155w\" sizes=\"(max-width: 1440px) 100vw, 1440px\" \/><\/p>\n<p>Estos siete estilos est\u00e1n interconectados y dialogan entre ellos \u2013 definiendo la esencia de Jimmy Choo y expresando sus principios de dise\u00f1os m\u00e1s duraderos. Siete modelos elegidos cuidadosamente que, de manera sutil, reflejan la continuidad infinita y la relevancia atemporal de su est\u00e9tica. Jimmy Choo siempre est\u00e1 en sinton\u00eda con el momento, expresando el esp\u00edritu de la moda y el estado de \u00e1nimo de actual \u2013 sin embargo, estos dise\u00f1os transcienden la moda, convirti\u00e9ndose en parte del estilo de la marca, en su lenguaje de dise\u00f1o y su letra \u00fanica. La primera expresi\u00f3n de una exploraci\u00f3n del legado de Jimmy Choo para conmemorar su 30\u00ba Aniversario; est\u00e1 selecci\u00f3n encapsula su verdadera esencia. Pasado, presente y futuro.<\/p>\n<p>La colecci\u00f3n \u201cJimmy Choo Archive: 1997\u20132001\u201d <strong>est\u00e1 disponible en tiendas seleccionadas<\/strong> y en el sitio web de la marca.<\/p>\n<p>*Im\u00e1genes: cortes\u00eda<\/p>\n<p>&nbsp;<\/p>\n","protected":false},"author":16349,"featured_media":184948,"template":"","format":"standard","categories":[1],"acf":[],"yoast_head":"<!-- This site is optimized with the Yoast SEO Premium plugin v18.5 (Yoast SEO v20.4) - https:\/\/yoast.com\/wordpress\/plugins\/seo\/ -->\n<title>Jimmy Choo recupera los zapatos favoritos de Carrie Bradshaw<\/title>\n<meta name=\"description\" content=\"Despu\u00e9s de casi 30 a\u00f1os, la marca reedita ocho estilos exclusivos en una colecci\u00f3n c\u00e1psula: &quot;Jimmy Choo The Archive: 1997\u20132001&quot;.\" \/>\n<meta name=\"robots\" content=\"index, follow, max-snippet:-1, max-image-preview:large, max-video-preview:-1\" \/>\n<link rel=\"canonical\" href=\"https:\/\/graziamagazine.com\/es\/articles\/jimmy-choo-recupera-los-zapatos-favoritos-de-carrie-bradshaw\/\" \/>\n<meta property=\"og:locale\" content=\"es_ES\" \/>\n<meta property=\"og:type\" content=\"article\" \/>\n<meta property=\"og:title\" content=\"Jimmy Choo recupera los zapatos favoritos de Carrie Bradshaw\" \/>\n<meta property=\"og:description\" content=\"Despu\u00e9s de casi 30 a\u00f1os, la marca reedita ocho estilos exclusivos en una colecci\u00f3n c\u00e1psula: &quot;Jimmy Choo The Archive: 1997\u20132001&quot;.\" \/>\n<meta property=\"og:url\" content=\"https:\/\/graziamagazine.com\/es\/articles\/jimmy-choo-recupera-los-zapatos-favoritos-de-carrie-bradshaw\/\" \/>\n<meta property=\"og:site_name\" content=\"Grazia\" \/>\n<meta property=\"og:image\" content=\"https:\/\/graziamagazine.com\/es\/wp-content\/uploads\/sites\/12\/2025\/05\/A-11-1.jpg\" \/>\n\t<meta property=\"og:image:width\" content=\"1920\" \/>\n\t<meta property=\"og:image:height\" content=\"1080\" \/>\n\t<meta property=\"og:image:type\" content=\"image\/jpeg\" \/>\n<meta name=\"twitter:card\" content=\"summary_large_image\" \/>\n<meta name=\"twitter:label1\" content=\"Est. reading time\" \/>\n\t<meta name=\"twitter:data1\" content=\"5 minutos\" \/>\n<script type=\"application\/ld+json\" class=\"yoast-schema-graph\">{\"@context\":\"https:\/\/schema.org\",\"@graph\":[{\"@type\":\"WebPage\",\"@id\":\"https:\/\/graziamagazine.com\/es\/articles\/jimmy-choo-recupera-los-zapatos-favoritos-de-carrie-bradshaw\/\",\"url\":\"https:\/\/graziamagazine.com\/es\/articles\/jimmy-choo-recupera-los-zapatos-favoritos-de-carrie-bradshaw\/\",\"name\":\"Jimmy Choo recupera los zapatos favoritos de Carrie Bradshaw\",\"isPartOf\":{\"@id\":\"https:\/\/graziamagazine.com\/es\/#website\"},\"datePublished\":\"2025-05-25T19:32:22+00:00\",\"dateModified\":\"2025-05-25T19:32:22+00:00\",\"description\":\"Despu\u00e9s de casi 30 a\u00f1os, la marca reedita ocho estilos exclusivos en una colecci\u00f3n c\u00e1psula: \\\"Jimmy Choo The Archive: 1997\u20132001\\\".\",\"breadcrumb\":{\"@id\":\"https:\/\/graziamagazine.com\/es\/articles\/jimmy-choo-recupera-los-zapatos-favoritos-de-carrie-bradshaw\/#breadcrumb\"},\"inLanguage\":\"es\",\"potentialAction\":[{\"@type\":\"ReadAction\",\"target\":[\"https:\/\/graziamagazine.com\/es\/articles\/jimmy-choo-recupera-los-zapatos-favoritos-de-carrie-bradshaw\/\"]}]},{\"@type\":\"BreadcrumbList\",\"@id\":\"https:\/\/graziamagazine.com\/es\/articles\/jimmy-choo-recupera-los-zapatos-favoritos-de-carrie-bradshaw\/#breadcrumb\",\"itemListElement\":[{\"@type\":\"ListItem\",\"position\":1,\"name\":\"Portada\",\"item\":\"https:\/\/graziamagazine.com\/es\/\"},{\"@type\":\"ListItem\",\"position\":2,\"name\":\"Jimmy Choo recupera los zapatos favoritos de Carrie Bradshaw\"}]},{\"@type\":\"WebSite\",\"@id\":\"https:\/\/graziamagazine.com\/es\/#website\",\"url\":\"https:\/\/graziamagazine.com\/es\/\",\"name\":\"Grazia\",\"description\":\"Moda, belleza, celebrities, estilo de vida...\",\"potentialAction\":[{\"@type\":\"SearchAction\",\"target\":{\"@type\":\"EntryPoint\",\"urlTemplate\":\"https:\/\/graziamagazine.com\/es\/?s={search_term_string}\"},\"query-input\":\"required name=search_term_string\"}],\"inLanguage\":\"es\"}]}<\/script>\n<!-- \/ Yoast SEO Premium plugin. -->","yoast_head_json":{"title":"Jimmy Choo recupera los zapatos favoritos de Carrie Bradshaw","description":"Despu\u00e9s de casi 30 a\u00f1os, la marca reedita ocho estilos exclusivos en una colecci\u00f3n c\u00e1psula: \"Jimmy Choo The Archive: 1997\u20132001\".","robots":{"index":"index","follow":"follow","max-snippet":"max-snippet:-1","max-image-preview":"max-image-preview:large","max-video-preview":"max-video-preview:-1"},"canonical":"https:\/\/graziamagazine.com\/es\/articles\/jimmy-choo-recupera-los-zapatos-favoritos-de-carrie-bradshaw\/","og_locale":"es_ES","og_type":"article","og_title":"Jimmy Choo recupera los zapatos favoritos de Carrie Bradshaw","og_description":"Despu\u00e9s de casi 30 a\u00f1os, la marca reedita ocho estilos exclusivos en una colecci\u00f3n c\u00e1psula: \"Jimmy Choo The Archive: 1997\u20132001\".","og_url":"https:\/\/graziamagazine.com\/es\/articles\/jimmy-choo-recupera-los-zapatos-favoritos-de-carrie-bradshaw\/","og_site_name":"Grazia","og_image":[{"width":1920,"height":1080,"url":"https:\/\/graziamagazine.com\/es\/wp-content\/uploads\/sites\/12\/2025\/05\/A-11-1.jpg","type":"image\/jpeg"}],"twitter_card":"summary_large_image","twitter_misc":{"Est. reading time":"5 minutos"},"schema":{"@context":"https:\/\/schema.org","@graph":[{"@type":"WebPage","@id":"https:\/\/graziamagazine.com\/es\/articles\/jimmy-choo-recupera-los-zapatos-favoritos-de-carrie-bradshaw\/","url":"https:\/\/graziamagazine.com\/es\/articles\/jimmy-choo-recupera-los-zapatos-favoritos-de-carrie-bradshaw\/","name":"Jimmy Choo recupera los zapatos favoritos de Carrie Bradshaw","isPartOf":{"@id":"https:\/\/graziamagazine.com\/es\/#website"},"datePublished":"2025-05-25T19:32:22+00:00","dateModified":"2025-05-25T19:32:22+00:00","description":"Despu\u00e9s de casi 30 a\u00f1os, la marca reedita ocho estilos exclusivos en una colecci\u00f3n c\u00e1psula: \"Jimmy Choo The Archive: 1997\u20132001\".","breadcrumb":{"@id":"https:\/\/graziamagazine.com\/es\/articles\/jimmy-choo-recupera-los-zapatos-favoritos-de-carrie-bradshaw\/#breadcrumb"},"inLanguage":"es","potentialAction":[{"@type":"ReadAction","target":["https:\/\/graziamagazine.com\/es\/articles\/jimmy-choo-recupera-los-zapatos-favoritos-de-carrie-bradshaw\/"]}]},{"@type":"BreadcrumbList","@id":"https:\/\/graziamagazine.com\/es\/articles\/jimmy-choo-recupera-los-zapatos-favoritos-de-carrie-bradshaw\/#breadcrumb","itemListElement":[{"@type":"ListItem","position":1,"name":"Portada","item":"https:\/\/graziamagazine.com\/es\/"},{"@type":"ListItem","position":2,"name":"Jimmy Choo recupera los zapatos favoritos de Carrie Bradshaw"}]},{"@type":"WebSite","@id":"https:\/\/graziamagazine.com\/es\/#website","url":"https:\/\/graziamagazine.com\/es\/","name":"Grazia","description":"Moda, belleza, celebrities, estilo de vida...","potentialAction":[{"@type":"SearchAction","target":{"@type":"EntryPoint","urlTemplate":"https:\/\/graziamagazine.com\/es\/?s={search_term_string}"},"query-input":"required name=search_term_string"}],"inLanguage":"es"}]}},"jetpack_sharing_enabled":true,"distributor_meta":false,"distributor_terms":false,"distributor_media":false,"distributor_original_site_name":"Grazia","distributor_original_site_url":"https:\/\/graziamagazine.com\/es","push-errors":false,"_links":{"self":[{"href":"https:\/\/graziamagazine.com\/es\/wp-json\/wp\/v2\/articles\/184858"}],"collection":[{"href":"https:\/\/graziamagazine.com\/es\/wp-json\/wp\/v2\/articles"}],"about":[{"href":"https:\/\/graziamagazine.com\/es\/wp-json\/wp\/v2\/types\/articles"}],"author":[{"embeddable":true,"href":"https:\/\/graziamagazine.com\/es\/wp-json\/wp\/v2\/users\/16349"}],"wp:featuredmedia":[{"embeddable":true,"href":"https:\/\/graziamagazine.com\/es\/wp-json\/wp\/v2\/media\/184948"}],"wp:attachment":[{"href":"https:\/\/graziamagazine.com\/es\/wp-json\/wp\/v2\/media?parent=184858"}],"wp:term":[{"taxonomy":"category","embeddable":true,"href":"https:\/\/graziamagazine.com\/es\/wp-json\/wp\/v2\/categories?post=184858"}],"curies":[{"name":"wp","href":"https:\/\/api.w.org\/{rel}","templated":true}]}}