{"id":184752,"date":"2025-05-19T12:58:14","date_gmt":"2025-05-19T10:58:14","guid":{"rendered":"https:\/\/graziamagazine.com\/es\/?post_type=articles&#038;p=184752"},"modified":"2025-05-19T12:58:14","modified_gmt":"2025-05-19T10:58:14","slug":"loewe-presentara-en-octubre-la-primera-coleccion-de-jack-mccollough-y-lazaro-hernandez","status":"publish","type":"articles","link":"https:\/\/graziamagazine.com\/es\/articles\/loewe-presentara-en-octubre-la-primera-coleccion-de-jack-mccollough-y-lazaro-hernandez\/","title":{"rendered":"Jack McCollough y L\u00e1zaro Hern\u00e1ndez presentar\u00e1n su colecci\u00f3n LOEWE en octubre"},"content":{"rendered":"<p><span style=\"font-weight: 400\">La casa espa\u00f1ola Loewe ha anunciado la primera colecci\u00f3n de los nuevos directores creativos, Jack McCollough y L\u00e1zaro Hern\u00e1ndez \u2013 la colecci\u00f3n\u00a0 temporada de primavera de 2026 \u2013 que presentar\u00e1n en el mes de octubre.\u00a0<\/span><\/p>\n<p><span style=\"font-weight: 400\"><strong>El gran debut se llevar\u00e1 a cabo en el H\u00f4tel de Maisons de Par\u00eds, durante la Semana de la Moda de Par\u00eds.<\/strong> Este evento representa oficialmente el cierre de una era bajo la direcci\u00f3n creativa de Jonathan Anderson.<\/span><\/p>\n<blockquote><p><span style=\"font-weight: 400\">\u201cMcCollough y Hern\u00e1ndez llevan toda la responsabilidad creativa de todas las colecciones de Loewe, tanto de mujer como de hombre, art\u00edculos de piel y accesorios\u201d, declar\u00f3 la directora ejecutiva de Loewe, Pascale Lepoivre.<\/span><\/p><\/blockquote>\n        <blockquote class=\"instagram-media \" style=\"background: #ffffff;border: 0;margin: 1px;width: 100%;padding: 0;\"  data-instgrm-permalink=\"https:\/\/www.instagram.com\/p\/DHkoXCFNXoe\/\" data-instgrm-version=\"14\"><\/blockquote>\n<p><span style=\"font-weight: 400\">\u201cSu visi\u00f3n y creatividad encajan a la perfecci\u00f3n con los c\u00f3digos de la casa que hemos construido, y estoy entusiasmada de verlos dar forma a su futuro. Son muy creativos y tambi\u00e9n emprendedores, cuya curiosidad y visi\u00f3n van m\u00e1s all\u00e1 de la moda y se extienden a diversos \u00e1mbitos culturales, as\u00ed como a la diversidad de mercados y clientes con los que nos relacionamos\u201d, agreg\u00f3.<\/span><\/p>\n<p><span style=\"font-weight: 400\">Por su parte, McCollough y Hern\u00e1ndez han declarado sentirse \u201cincre\u00edblemente honrados de unirse a Loewe, una casa cuyos valores y misi\u00f3n coinciden estrechamente con los nuestros. Estamos deseando trabajar junto a sus extraordinarios equipos y artesanos, cuyo talento, bajo la excepcional direcci\u00f3n creativa de Jonathan Anderson, ha convertido a Loewe en la fuerza cultural que es hoy\u201d.<\/span><\/p>\n        <blockquote class=\"instagram-media \" style=\"background: #ffffff;border: 0;margin: 1px;width: 100%;padding: 0;\"  data-instgrm-permalink=\"https:\/\/www.instagram.com\/p\/DHlV9BzsyEu\/\" data-instgrm-version=\"14\"><\/blockquote>\n<p><span style=\"font-weight: 400\">Los dise\u00f1adores siguen siendo accionistas de Proenza Schouler y forman parte de su consejo de administraci\u00f3n. Adem\u00e1s, ambos trabajan en colaboraci\u00f3n con Shira Suveyke Snyder, directora ejecutiva de Proenza Schouler, para encontrar un nuevo l\u00edder creativo para la marca. Asimismo, Loewe fue adquirida por LVMH Mo\u00ebt Hennessy Louis Vuitton en 1996, incorporando a Stuart Vevers, Jos\u00e9 Enrique O\u00f1a Selfa y Narciso Rodr\u00edguez como dise\u00f1adores a lo largo de los a\u00f1os.<\/span><\/p>\n<p><em>*Imagen: Getty Images<\/em><\/p>\n<p>&nbsp;<\/p>\n","protected":false},"author":16349,"featured_media":184762,"template":"","format":"standard","categories":[1],"acf":[],"yoast_head":"<!-- This site is optimized with the Yoast SEO Premium plugin v18.5 (Yoast SEO v20.4) - https:\/\/yoast.com\/wordpress\/plugins\/seo\/ -->\n<title>Los nuevos dise\u00f1adores de LOEWE se presentar\u00e1n en octubre<\/title>\n<meta name=\"description\" content=\"El gran debut se llevar\u00e1 a cabo en el H\u00f4tel de Maisons de Par\u00eds, durante la Semana de la Moda de Par\u00eds en octubre.\" \/>\n<meta name=\"robots\" content=\"index, follow, max-snippet:-1, max-image-preview:large, max-video-preview:-1\" \/>\n<link rel=\"canonical\" href=\"https:\/\/graziamagazine.com\/es\/articles\/loewe-presentara-en-octubre-la-primera-coleccion-de-jack-mccollough-y-lazaro-hernandez\/\" \/>\n<meta property=\"og:locale\" content=\"es_ES\" \/>\n<meta property=\"og:type\" content=\"article\" \/>\n<meta property=\"og:title\" content=\"Jack McCollough y L\u00e1zaro Hern\u00e1ndez presentar\u00e1n su colecci\u00f3n LOEWE en octubre\" \/>\n<meta property=\"og:description\" content=\"El gran debut se llevar\u00e1 a cabo en el H\u00f4tel de Maisons de Par\u00eds, durante la Semana de la Moda de Par\u00eds en octubre.\" \/>\n<meta property=\"og:url\" content=\"https:\/\/graziamagazine.com\/es\/articles\/loewe-presentara-en-octubre-la-primera-coleccion-de-jack-mccollough-y-lazaro-hernandez\/\" \/>\n<meta property=\"og:site_name\" content=\"Grazia\" \/>\n<meta property=\"og:image\" content=\"https:\/\/graziamagazine.com\/es\/wp-content\/uploads\/sites\/12\/2025\/05\/Jack-McCollough-and-Lazaro-Hernandez-cover-16525-copia.jpg\" \/>\n\t<meta property=\"og:image:width\" content=\"1120\" \/>\n\t<meta property=\"og:image:height\" content=\"1120\" \/>\n\t<meta property=\"og:image:type\" content=\"image\/jpeg\" \/>\n<meta name=\"twitter:card\" content=\"summary_large_image\" \/>\n<meta name=\"twitter:label1\" content=\"Est. reading time\" \/>\n\t<meta name=\"twitter:data1\" content=\"2 minutos\" \/>\n<script type=\"application\/ld+json\" class=\"yoast-schema-graph\">{\"@context\":\"https:\/\/schema.org\",\"@graph\":[{\"@type\":\"WebPage\",\"@id\":\"https:\/\/graziamagazine.com\/es\/articles\/loewe-presentara-en-octubre-la-primera-coleccion-de-jack-mccollough-y-lazaro-hernandez\/\",\"url\":\"https:\/\/graziamagazine.com\/es\/articles\/loewe-presentara-en-octubre-la-primera-coleccion-de-jack-mccollough-y-lazaro-hernandez\/\",\"name\":\"Los nuevos dise\u00f1adores de LOEWE se presentar\u00e1n en octubre\",\"isPartOf\":{\"@id\":\"https:\/\/graziamagazine.com\/es\/#website\"},\"datePublished\":\"2025-05-19T10:58:14+00:00\",\"dateModified\":\"2025-05-19T10:58:14+00:00\",\"description\":\"El gran debut se llevar\u00e1 a cabo en el H\u00f4tel de Maisons de Par\u00eds, durante la Semana de la Moda de Par\u00eds en octubre.\",\"breadcrumb\":{\"@id\":\"https:\/\/graziamagazine.com\/es\/articles\/loewe-presentara-en-octubre-la-primera-coleccion-de-jack-mccollough-y-lazaro-hernandez\/#breadcrumb\"},\"inLanguage\":\"es\",\"potentialAction\":[{\"@type\":\"ReadAction\",\"target\":[\"https:\/\/graziamagazine.com\/es\/articles\/loewe-presentara-en-octubre-la-primera-coleccion-de-jack-mccollough-y-lazaro-hernandez\/\"]}]},{\"@type\":\"BreadcrumbList\",\"@id\":\"https:\/\/graziamagazine.com\/es\/articles\/loewe-presentara-en-octubre-la-primera-coleccion-de-jack-mccollough-y-lazaro-hernandez\/#breadcrumb\",\"itemListElement\":[{\"@type\":\"ListItem\",\"position\":1,\"name\":\"Portada\",\"item\":\"https:\/\/graziamagazine.com\/es\/\"},{\"@type\":\"ListItem\",\"position\":2,\"name\":\"Jack McCollough y L\u00e1zaro Hern\u00e1ndez presentar\u00e1n su colecci\u00f3n LOEWE en octubre\"}]},{\"@type\":\"WebSite\",\"@id\":\"https:\/\/graziamagazine.com\/es\/#website\",\"url\":\"https:\/\/graziamagazine.com\/es\/\",\"name\":\"Grazia\",\"description\":\"Moda, belleza, celebrities, estilo de vida...\",\"potentialAction\":[{\"@type\":\"SearchAction\",\"target\":{\"@type\":\"EntryPoint\",\"urlTemplate\":\"https:\/\/graziamagazine.com\/es\/?s={search_term_string}\"},\"query-input\":\"required name=search_term_string\"}],\"inLanguage\":\"es\"}]}<\/script>\n<!-- \/ Yoast SEO Premium plugin. -->","yoast_head_json":{"title":"Los nuevos dise\u00f1adores de LOEWE se presentar\u00e1n en octubre","description":"El gran debut se llevar\u00e1 a cabo en el H\u00f4tel de Maisons de Par\u00eds, durante la Semana de la Moda de Par\u00eds en octubre.","robots":{"index":"index","follow":"follow","max-snippet":"max-snippet:-1","max-image-preview":"max-image-preview:large","max-video-preview":"max-video-preview:-1"},"canonical":"https:\/\/graziamagazine.com\/es\/articles\/loewe-presentara-en-octubre-la-primera-coleccion-de-jack-mccollough-y-lazaro-hernandez\/","og_locale":"es_ES","og_type":"article","og_title":"Jack McCollough y L\u00e1zaro Hern\u00e1ndez presentar\u00e1n su colecci\u00f3n LOEWE en octubre","og_description":"El gran debut se llevar\u00e1 a cabo en el H\u00f4tel de Maisons de Par\u00eds, durante la Semana de la Moda de Par\u00eds en octubre.","og_url":"https:\/\/graziamagazine.com\/es\/articles\/loewe-presentara-en-octubre-la-primera-coleccion-de-jack-mccollough-y-lazaro-hernandez\/","og_site_name":"Grazia","og_image":[{"width":1120,"height":1120,"url":"https:\/\/graziamagazine.com\/es\/wp-content\/uploads\/sites\/12\/2025\/05\/Jack-McCollough-and-Lazaro-Hernandez-cover-16525-copia.jpg","type":"image\/jpeg"}],"twitter_card":"summary_large_image","twitter_misc":{"Est. reading time":"2 minutos"},"schema":{"@context":"https:\/\/schema.org","@graph":[{"@type":"WebPage","@id":"https:\/\/graziamagazine.com\/es\/articles\/loewe-presentara-en-octubre-la-primera-coleccion-de-jack-mccollough-y-lazaro-hernandez\/","url":"https:\/\/graziamagazine.com\/es\/articles\/loewe-presentara-en-octubre-la-primera-coleccion-de-jack-mccollough-y-lazaro-hernandez\/","name":"Los nuevos dise\u00f1adores de LOEWE se presentar\u00e1n en octubre","isPartOf":{"@id":"https:\/\/graziamagazine.com\/es\/#website"},"datePublished":"2025-05-19T10:58:14+00:00","dateModified":"2025-05-19T10:58:14+00:00","description":"El gran debut se llevar\u00e1 a cabo en el H\u00f4tel de Maisons de Par\u00eds, durante la Semana de la Moda de Par\u00eds en octubre.","breadcrumb":{"@id":"https:\/\/graziamagazine.com\/es\/articles\/loewe-presentara-en-octubre-la-primera-coleccion-de-jack-mccollough-y-lazaro-hernandez\/#breadcrumb"},"inLanguage":"es","potentialAction":[{"@type":"ReadAction","target":["https:\/\/graziamagazine.com\/es\/articles\/loewe-presentara-en-octubre-la-primera-coleccion-de-jack-mccollough-y-lazaro-hernandez\/"]}]},{"@type":"BreadcrumbList","@id":"https:\/\/graziamagazine.com\/es\/articles\/loewe-presentara-en-octubre-la-primera-coleccion-de-jack-mccollough-y-lazaro-hernandez\/#breadcrumb","itemListElement":[{"@type":"ListItem","position":1,"name":"Portada","item":"https:\/\/graziamagazine.com\/es\/"},{"@type":"ListItem","position":2,"name":"Jack McCollough y L\u00e1zaro Hern\u00e1ndez presentar\u00e1n su colecci\u00f3n LOEWE en octubre"}]},{"@type":"WebSite","@id":"https:\/\/graziamagazine.com\/es\/#website","url":"https:\/\/graziamagazine.com\/es\/","name":"Grazia","description":"Moda, belleza, celebrities, estilo de vida...","potentialAction":[{"@type":"SearchAction","target":{"@type":"EntryPoint","urlTemplate":"https:\/\/graziamagazine.com\/es\/?s={search_term_string}"},"query-input":"required name=search_term_string"}],"inLanguage":"es"}]}},"jetpack_sharing_enabled":true,"distributor_meta":false,"distributor_terms":false,"distributor_media":false,"distributor_original_site_name":"Grazia","distributor_original_site_url":"https:\/\/graziamagazine.com\/es","push-errors":false,"_links":{"self":[{"href":"https:\/\/graziamagazine.com\/es\/wp-json\/wp\/v2\/articles\/184752"}],"collection":[{"href":"https:\/\/graziamagazine.com\/es\/wp-json\/wp\/v2\/articles"}],"about":[{"href":"https:\/\/graziamagazine.com\/es\/wp-json\/wp\/v2\/types\/articles"}],"author":[{"embeddable":true,"href":"https:\/\/graziamagazine.com\/es\/wp-json\/wp\/v2\/users\/16349"}],"wp:featuredmedia":[{"embeddable":true,"href":"https:\/\/graziamagazine.com\/es\/wp-json\/wp\/v2\/media\/184762"}],"wp:attachment":[{"href":"https:\/\/graziamagazine.com\/es\/wp-json\/wp\/v2\/media?parent=184752"}],"wp:term":[{"taxonomy":"category","embeddable":true,"href":"https:\/\/graziamagazine.com\/es\/wp-json\/wp\/v2\/categories?post=184752"}],"curies":[{"name":"wp","href":"https:\/\/api.w.org\/{rel}","templated":true}]}}