{"id":184738,"date":"2025-05-19T08:30:35","date_gmt":"2025-05-19T06:30:35","guid":{"rendered":"https:\/\/graziamagazine.com\/es\/?post_type=articles&#038;p=184738"},"modified":"2025-05-19T10:17:05","modified_gmt":"2025-05-19T08:17:05","slug":"vaqueros-y-camiseta-el-combo-que-no-pasa-de-moda","status":"publish","type":"articles","link":"https:\/\/graziamagazine.com\/es\/articles\/vaqueros-y-camiseta-el-combo-que-no-pasa-de-moda\/","title":{"rendered":"Vaqueros y camiseta, el combo que no pasa de moda"},"content":{"rendered":"<p class=\"\" data-start=\"561\" data-end=\"677\">Es una\u00a0<strong>combinaci\u00f3n que nunca falla<\/strong>\u00a0y, esta temporada, volver\u00e1 a ser tu prenda predilecta cuando tengas un dilema de moda. \u00bfEres fan incondicional de la combinaci\u00f3n de vaqueros y camiseta blanca?<\/p>\n<p class=\"\" data-start=\"865\" data-end=\"1058\">Lo admitimos: no pod\u00edamos usar nada m\u00e1s de la ma\u00f1ana a la noche. Despu\u00e9s de todo, sobre todo en esos d\u00edas\u00a0<strong>en que escasean las ideas y no sabes qu\u00e9 ponerte,<\/strong>\u00a0esta combinaci\u00f3n se convierte en tu mejor aliada.<\/p>\n<p class=\"\" data-start=\"1060\" data-end=\"1203\">En verano, es f\u00e1cil coger la primera camiseta blanca lisa que encuentres, combinarla con tus vaqueros favoritos y unas sandalias, \u00a1y listo! Un conjunto perfecto.<\/p>\n<p class=\"\" data-start=\"1205\" data-end=\"1371\">Pero, \u00bfc\u00f3mo lograr que funcione en esta \u00e9poca del a\u00f1o con un clima tan impredecible? Sencillo: elige la ropa de abrigo adecuada y compl\u00e9tala con accesorios de moda.<\/p>\n<p class=\"\" data-start=\"1373\" data-end=\"1494\">Hemos encontrado 5 ideas de looks urbanos para llevar con vaqueros y camiseta blanca esta primavera. \u00bfLista para descubrirlas?<\/p>\n<h3 data-start=\"1501\" data-end=\"1546\"><strong data-start=\"1505\" data-end=\"1546\">5 maneras de combinar jeans y camiseta blanca<\/strong><\/h3>\n<h4>Con botines<\/h4>\n<p class=\"\" data-start=\"1548\" data-end=\"1866\">Solo faltan unas semanas para que los botines vuelvan a guardarse, as\u00ed que \u00bfpor qu\u00e9 no aprovecharlos al m\u00e1ximo? Para un look s\u00faper cool para diario, apuesta por el blanco: combina tu camiseta blanca con pantalones rectos y una\u00a0<strong>chaqueta vaquera a juego.<\/strong>\u00a0A\u00f1ade unos botines de cuero con tacones anchos y un\u00a0<strong>bolso a juego<\/strong>\u00a0, y lista.<\/p>\n<p data-start=\"1868\" data-end=\"2085\"><img loading=\"lazy\" decoding=\"async\" class=\"aligncenter size-full wp-image-184739\" src=\"https:\/\/graziamagazine.com\/es\/wp-content\/uploads\/sites\/12\/2025\/05\/jeans-t-shirt-with-bag-all-white-outdoor-shot-style-e1747602680382.jpg\" alt=\"\" width=\"636\" height=\"740\" srcset=\"https:\/\/graziamagazine.com\/es\/wp-content\/uploads\/sites\/12\/2025\/05\/jeans-t-shirt-with-bag-all-white-outdoor-shot-style-e1747602680382.jpg 636w, https:\/\/graziamagazine.com\/es\/wp-content\/uploads\/sites\/12\/2025\/05\/jeans-t-shirt-with-bag-all-white-outdoor-shot-style-e1747602680382-258x300.jpg 258w, https:\/\/graziamagazine.com\/es\/wp-content\/uploads\/sites\/12\/2025\/05\/jeans-t-shirt-with-bag-all-white-outdoor-shot-style-e1747602680382-400x465.jpg 400w, https:\/\/graziamagazine.com\/es\/wp-content\/uploads\/sites\/12\/2025\/05\/jeans-t-shirt-with-bag-all-white-outdoor-shot-style-e1747602680382-155x180.jpg 155w\" sizes=\"(max-width: 636px) 100vw, 636px\" \/><\/p>\n<h4 data-start=\"1868\" data-end=\"2085\">Con chaqueta de piel<\/h4>\n<p data-start=\"1868\" data-end=\"2085\">\u00bfNo sabes c\u00f3mo combinar esos jeans rotos con cortes en las rodillas? Aqu\u00ed tienes una idea perfecta para la primavera. Comb\u00ednalos con una camiseta blanca b\u00e1sica de algod\u00f3n, un blazer negro de cuero extragrande y bailarinas negras.<\/p>\n<p data-start=\"1868\" data-end=\"2085\"><img loading=\"lazy\" decoding=\"async\" class=\"aligncenter size-full wp-image-184740\" src=\"https:\/\/graziamagazine.com\/es\/wp-content\/uploads\/sites\/12\/2025\/05\/t-shirt-jeans-combo-model-walking-with-black-coat-e1747602829237.jpg\" alt=\"\" width=\"595\" height=\"740\" srcset=\"https:\/\/graziamagazine.com\/es\/wp-content\/uploads\/sites\/12\/2025\/05\/t-shirt-jeans-combo-model-walking-with-black-coat-e1747602829237.jpg 595w, https:\/\/graziamagazine.com\/es\/wp-content\/uploads\/sites\/12\/2025\/05\/t-shirt-jeans-combo-model-walking-with-black-coat-e1747602829237-241x300.jpg 241w, https:\/\/graziamagazine.com\/es\/wp-content\/uploads\/sites\/12\/2025\/05\/t-shirt-jeans-combo-model-walking-with-black-coat-e1747602829237-400x497.jpg 400w, https:\/\/graziamagazine.com\/es\/wp-content\/uploads\/sites\/12\/2025\/05\/t-shirt-jeans-combo-model-walking-with-black-coat-e1747602829237-155x193.jpg 155w\" sizes=\"(max-width: 595px) 100vw, 595px\" \/><\/p>\n<h4 data-start=\"1868\" data-end=\"2085\">Con un trench de primavera<\/h4>\n<p data-start=\"1868\" data-end=\"2085\">Te encantan los jeans de pierna ancha con un\u00a0<strong>toque minimalista?<\/strong> Incluso con una camiseta blanca y una gabardina en tono neutro (y unos tacones para alargar el look), el look se vuelve s\u00faper chic.<\/p>\n<p data-start=\"1868\" data-end=\"2085\"><img loading=\"lazy\" decoding=\"async\" class=\"aligncenter size-full wp-image-184741\" src=\"https:\/\/graziamagazine.com\/es\/wp-content\/uploads\/sites\/12\/2025\/05\/spring-style-classic-combo-denim-white-top-e1747603015981.jpg\" alt=\"\" width=\"630\" height=\"731\" srcset=\"https:\/\/graziamagazine.com\/es\/wp-content\/uploads\/sites\/12\/2025\/05\/spring-style-classic-combo-denim-white-top-e1747603015981.jpg 630w, https:\/\/graziamagazine.com\/es\/wp-content\/uploads\/sites\/12\/2025\/05\/spring-style-classic-combo-denim-white-top-e1747603015981-259x300.jpg 259w, https:\/\/graziamagazine.com\/es\/wp-content\/uploads\/sites\/12\/2025\/05\/spring-style-classic-combo-denim-white-top-e1747603015981-400x464.jpg 400w, https:\/\/graziamagazine.com\/es\/wp-content\/uploads\/sites\/12\/2025\/05\/spring-style-classic-combo-denim-white-top-e1747603015981-155x180.jpg 155w\" sizes=\"(max-width: 630px) 100vw, 630px\" \/><\/p>\n<h4 data-start=\"1868\" data-end=\"2085\">Con bajo cropped<\/h4>\n<p data-start=\"1868\" data-end=\"2085\">Otra forma elegante de llevar jeans y una camiseta blanca: elige unos jeans cropped, comb\u00ednalos con tu camiseta favorita y remata el conjunto con dos prendas b\u00e1sicas de la temporada:\u00a0una chaqueta de ante y unos mules.<\/p>\n<p data-start=\"1868\" data-end=\"2085\"><img loading=\"lazy\" decoding=\"async\" class=\"aligncenter size-full wp-image-184744\" src=\"https:\/\/graziamagazine.com\/es\/wp-content\/uploads\/sites\/12\/2025\/05\/denim-pants-white-shirt-with-brown-coat-e1747603181381.jpg\" alt=\"\" width=\"566\" height=\"730\" srcset=\"https:\/\/graziamagazine.com\/es\/wp-content\/uploads\/sites\/12\/2025\/05\/denim-pants-white-shirt-with-brown-coat-e1747603181381.jpg 566w, https:\/\/graziamagazine.com\/es\/wp-content\/uploads\/sites\/12\/2025\/05\/denim-pants-white-shirt-with-brown-coat-e1747603181381-233x300.jpg 233w, https:\/\/graziamagazine.com\/es\/wp-content\/uploads\/sites\/12\/2025\/05\/denim-pants-white-shirt-with-brown-coat-e1747603181381-400x516.jpg 400w, https:\/\/graziamagazine.com\/es\/wp-content\/uploads\/sites\/12\/2025\/05\/denim-pants-white-shirt-with-brown-coat-e1747603181381-155x200.jpg 155w\" sizes=\"(max-width: 566px) 100vw, 566px\" \/><\/p>\n<h4 data-start=\"1868\" data-end=\"2085\">Pantal\u00f3n ancho y sneakers<\/h4>\n<p data-start=\"1868\" data-end=\"2085\">Si buscas algo m\u00e1s <strong>relajado y desenfadado<\/strong> puedes combinra tus jeans m\u00e1s c\u00f3modos con una camiseta blanca, zapatillas y una chaqueta utilitaria. Es la combinaci\u00f3n ideal para el tiempo libre o para hacer recados informales el fin de semana.<\/p>\n<p data-start=\"1868\" data-end=\"2085\"><img loading=\"lazy\" decoding=\"async\" class=\"aligncenter size-full wp-image-184743\" src=\"https:\/\/graziamagazine.com\/es\/wp-content\/uploads\/sites\/12\/2025\/05\/classic-combo-never-gets-old-jeans-and-white-plain-shirt-e1747603165183.jpg\" alt=\"\" width=\"575\" height=\"730\" srcset=\"https:\/\/graziamagazine.com\/es\/wp-content\/uploads\/sites\/12\/2025\/05\/classic-combo-never-gets-old-jeans-and-white-plain-shirt-e1747603165183.jpg 575w, https:\/\/graziamagazine.com\/es\/wp-content\/uploads\/sites\/12\/2025\/05\/classic-combo-never-gets-old-jeans-and-white-plain-shirt-e1747603165183-236x300.jpg 236w, https:\/\/graziamagazine.com\/es\/wp-content\/uploads\/sites\/12\/2025\/05\/classic-combo-never-gets-old-jeans-and-white-plain-shirt-e1747603165183-400x508.jpg 400w, https:\/\/graziamagazine.com\/es\/wp-content\/uploads\/sites\/12\/2025\/05\/classic-combo-never-gets-old-jeans-and-white-plain-shirt-e1747603165183-155x197.jpg 155w\" sizes=\"(max-width: 575px) 100vw, 575px\" \/><\/p>\n<p data-start=\"1868\" data-end=\"2085\"><em>*Im\u00e1genes: Getty Images<\/em><\/p>\n<p data-start=\"1868\" data-end=\"2085\">\n","protected":false},"author":11653,"featured_media":184742,"template":"","format":"standard","categories":[1],"acf":[],"yoast_head":"<!-- This site is optimized with the Yoast SEO Premium plugin v18.5 (Yoast SEO v20.4) - https:\/\/yoast.com\/wordpress\/plugins\/seo\/ -->\n<title>Vaqueros y camiseta, el combo que no pasa de moda<\/title>\n<meta name=\"description\" content=\"\u00bfEl secreto para que unos vaqueros y una camiseta blanca no se vean aburridos? Insp\u00edrate con estos 5 looks de street style.\" \/>\n<meta name=\"robots\" content=\"index, follow, max-snippet:-1, max-image-preview:large, max-video-preview:-1\" \/>\n<link rel=\"canonical\" href=\"https:\/\/graziamagazine.com\/es\/articles\/vaqueros-y-camiseta-el-combo-que-no-pasa-de-moda\/\" \/>\n<meta property=\"og:locale\" content=\"es_ES\" \/>\n<meta property=\"og:type\" content=\"article\" \/>\n<meta property=\"og:title\" content=\"Vaqueros y camiseta, el combo que no pasa de moda\" \/>\n<meta property=\"og:description\" content=\"\u00bfEl secreto para que unos vaqueros y una camiseta blanca no se vean aburridos? Insp\u00edrate con estos 5 looks de street style.\" \/>\n<meta property=\"og:url\" content=\"https:\/\/graziamagazine.com\/es\/articles\/vaqueros-y-camiseta-el-combo-que-no-pasa-de-moda\/\" \/>\n<meta property=\"og:site_name\" content=\"Grazia\" \/>\n<meta property=\"article:modified_time\" content=\"2025-05-19T08:17:05+00:00\" \/>\n<meta property=\"og:image\" content=\"https:\/\/graziamagazine.com\/es\/wp-content\/uploads\/sites\/12\/2025\/05\/GettyImages-1253947548-copia-scaled-e1747603075299.jpg\" \/>\n\t<meta property=\"og:image:width\" content=\"1629\" \/>\n\t<meta property=\"og:image:height\" content=\"1561\" \/>\n\t<meta property=\"og:image:type\" content=\"image\/jpeg\" \/>\n<meta name=\"twitter:card\" content=\"summary_large_image\" \/>\n<meta name=\"twitter:label1\" content=\"Est. reading time\" \/>\n\t<meta name=\"twitter:data1\" content=\"3 minutos\" \/>\n<script type=\"application\/ld+json\" class=\"yoast-schema-graph\">{\"@context\":\"https:\/\/schema.org\",\"@graph\":[{\"@type\":\"WebPage\",\"@id\":\"https:\/\/graziamagazine.com\/es\/articles\/vaqueros-y-camiseta-el-combo-que-no-pasa-de-moda\/\",\"url\":\"https:\/\/graziamagazine.com\/es\/articles\/vaqueros-y-camiseta-el-combo-que-no-pasa-de-moda\/\",\"name\":\"Vaqueros y camiseta, el combo que no pasa de moda\",\"isPartOf\":{\"@id\":\"https:\/\/graziamagazine.com\/es\/#website\"},\"datePublished\":\"2025-05-19T06:30:35+00:00\",\"dateModified\":\"2025-05-19T08:17:05+00:00\",\"description\":\"\u00bfEl secreto para que unos vaqueros y una camiseta blanca no se vean aburridos? Insp\u00edrate con estos 5 looks de street style.\",\"breadcrumb\":{\"@id\":\"https:\/\/graziamagazine.com\/es\/articles\/vaqueros-y-camiseta-el-combo-que-no-pasa-de-moda\/#breadcrumb\"},\"inLanguage\":\"es\",\"potentialAction\":[{\"@type\":\"ReadAction\",\"target\":[\"https:\/\/graziamagazine.com\/es\/articles\/vaqueros-y-camiseta-el-combo-que-no-pasa-de-moda\/\"]}]},{\"@type\":\"BreadcrumbList\",\"@id\":\"https:\/\/graziamagazine.com\/es\/articles\/vaqueros-y-camiseta-el-combo-que-no-pasa-de-moda\/#breadcrumb\",\"itemListElement\":[{\"@type\":\"ListItem\",\"position\":1,\"name\":\"Portada\",\"item\":\"https:\/\/graziamagazine.com\/es\/\"},{\"@type\":\"ListItem\",\"position\":2,\"name\":\"Vaqueros y camiseta, el combo que no pasa de moda\"}]},{\"@type\":\"WebSite\",\"@id\":\"https:\/\/graziamagazine.com\/es\/#website\",\"url\":\"https:\/\/graziamagazine.com\/es\/\",\"name\":\"Grazia\",\"description\":\"Moda, belleza, celebrities, estilo de vida...\",\"potentialAction\":[{\"@type\":\"SearchAction\",\"target\":{\"@type\":\"EntryPoint\",\"urlTemplate\":\"https:\/\/graziamagazine.com\/es\/?s={search_term_string}\"},\"query-input\":\"required name=search_term_string\"}],\"inLanguage\":\"es\"}]}<\/script>\n<!-- \/ Yoast SEO Premium plugin. -->","yoast_head_json":{"title":"Vaqueros y camiseta, el combo que no pasa de moda","description":"\u00bfEl secreto para que unos vaqueros y una camiseta blanca no se vean aburridos? Insp\u00edrate con estos 5 looks de street style.","robots":{"index":"index","follow":"follow","max-snippet":"max-snippet:-1","max-image-preview":"max-image-preview:large","max-video-preview":"max-video-preview:-1"},"canonical":"https:\/\/graziamagazine.com\/es\/articles\/vaqueros-y-camiseta-el-combo-que-no-pasa-de-moda\/","og_locale":"es_ES","og_type":"article","og_title":"Vaqueros y camiseta, el combo que no pasa de moda","og_description":"\u00bfEl secreto para que unos vaqueros y una camiseta blanca no se vean aburridos? Insp\u00edrate con estos 5 looks de street style.","og_url":"https:\/\/graziamagazine.com\/es\/articles\/vaqueros-y-camiseta-el-combo-que-no-pasa-de-moda\/","og_site_name":"Grazia","article_modified_time":"2025-05-19T08:17:05+00:00","og_image":[{"width":1629,"height":1561,"url":"https:\/\/graziamagazine.com\/es\/wp-content\/uploads\/sites\/12\/2025\/05\/GettyImages-1253947548-copia-scaled-e1747603075299.jpg","type":"image\/jpeg"}],"twitter_card":"summary_large_image","twitter_misc":{"Est. reading time":"3 minutos"},"schema":{"@context":"https:\/\/schema.org","@graph":[{"@type":"WebPage","@id":"https:\/\/graziamagazine.com\/es\/articles\/vaqueros-y-camiseta-el-combo-que-no-pasa-de-moda\/","url":"https:\/\/graziamagazine.com\/es\/articles\/vaqueros-y-camiseta-el-combo-que-no-pasa-de-moda\/","name":"Vaqueros y camiseta, el combo que no pasa de moda","isPartOf":{"@id":"https:\/\/graziamagazine.com\/es\/#website"},"datePublished":"2025-05-19T06:30:35+00:00","dateModified":"2025-05-19T08:17:05+00:00","description":"\u00bfEl secreto para que unos vaqueros y una camiseta blanca no se vean aburridos? Insp\u00edrate con estos 5 looks de street style.","breadcrumb":{"@id":"https:\/\/graziamagazine.com\/es\/articles\/vaqueros-y-camiseta-el-combo-que-no-pasa-de-moda\/#breadcrumb"},"inLanguage":"es","potentialAction":[{"@type":"ReadAction","target":["https:\/\/graziamagazine.com\/es\/articles\/vaqueros-y-camiseta-el-combo-que-no-pasa-de-moda\/"]}]},{"@type":"BreadcrumbList","@id":"https:\/\/graziamagazine.com\/es\/articles\/vaqueros-y-camiseta-el-combo-que-no-pasa-de-moda\/#breadcrumb","itemListElement":[{"@type":"ListItem","position":1,"name":"Portada","item":"https:\/\/graziamagazine.com\/es\/"},{"@type":"ListItem","position":2,"name":"Vaqueros y camiseta, el combo que no pasa de moda"}]},{"@type":"WebSite","@id":"https:\/\/graziamagazine.com\/es\/#website","url":"https:\/\/graziamagazine.com\/es\/","name":"Grazia","description":"Moda, belleza, celebrities, estilo de vida...","potentialAction":[{"@type":"SearchAction","target":{"@type":"EntryPoint","urlTemplate":"https:\/\/graziamagazine.com\/es\/?s={search_term_string}"},"query-input":"required name=search_term_string"}],"inLanguage":"es"}]}},"jetpack_sharing_enabled":true,"distributor_meta":false,"distributor_terms":false,"distributor_media":false,"distributor_original_site_name":"Grazia","distributor_original_site_url":"https:\/\/graziamagazine.com\/es","push-errors":false,"_links":{"self":[{"href":"https:\/\/graziamagazine.com\/es\/wp-json\/wp\/v2\/articles\/184738"}],"collection":[{"href":"https:\/\/graziamagazine.com\/es\/wp-json\/wp\/v2\/articles"}],"about":[{"href":"https:\/\/graziamagazine.com\/es\/wp-json\/wp\/v2\/types\/articles"}],"author":[{"embeddable":true,"href":"https:\/\/graziamagazine.com\/es\/wp-json\/wp\/v2\/users\/11653"}],"wp:featuredmedia":[{"embeddable":true,"href":"https:\/\/graziamagazine.com\/es\/wp-json\/wp\/v2\/media\/184742"}],"wp:attachment":[{"href":"https:\/\/graziamagazine.com\/es\/wp-json\/wp\/v2\/media?parent=184738"}],"wp:term":[{"taxonomy":"category","embeddable":true,"href":"https:\/\/graziamagazine.com\/es\/wp-json\/wp\/v2\/categories?post=184738"}],"curies":[{"name":"wp","href":"https:\/\/api.w.org\/{rel}","templated":true}]}}