{"id":184535,"date":"2025-05-08T12:54:18","date_gmt":"2025-05-08T10:54:18","guid":{"rendered":"https:\/\/graziamagazine.com\/es\/?post_type=articles&#038;p=184535"},"modified":"2025-05-08T12:54:18","modified_gmt":"2025-05-08T10:54:18","slug":"claudia-schiffer-regresa-a-chloe","status":"publish","type":"articles","link":"https:\/\/graziamagazine.com\/es\/articles\/claudia-schiffer-regresa-a-chloe\/","title":{"rendered":"Claudia Schiffer regresa a Chlo\u00e9 para su colecci\u00f3n c\u00e1psula de verano"},"content":{"rendered":"<p class=\"\" data-start=\"186\" data-end=\"852\">La supermodelo alemana Claudia Schiffer, icono de la moda durante los a\u00f1os 90 y figura esencial en la historia de Chlo\u00e9, vuelve a ser el rostro de la marca en la campa\u00f1a de su nueva colecci\u00f3n c\u00e1psula para el verano 2025, titulada <em data-start=\"416\" data-end=\"434\">Chlo\u00e9 \u00e0 la Plage<\/em>.<\/p>\n<p class=\"\" data-start=\"186\" data-end=\"852\">Esta l\u00ednea, concebida bajo la direcci\u00f3n creativa de Chemena Kamali, ofrece una reinterpretaci\u00f3n moderna de la elegancia atemporal que ha caracterizado a la maison francesa a lo largo de su historia.<\/p>\n<figure id=\"attachment_150312\" class=\"wp-caption alignnone\" style=\"width: 810px\" aria-describedby=\"caption-attachment-150312\"><img loading=\"lazy\" decoding=\"async\" class=\"size-large wp-image-150312\" src=\"https:\/\/graziamagazine.com\/mx\/wp-content\/uploads\/sites\/13\/2025\/05\/Captura-de-Pantalla-2025-05-07-a-las-11.49.24-810x1024.png\" alt=\"Claudia Schiffer regresa a Chlo\u00e9\" width=\"810\" height=\"1024\" \/><\/figure>\n<p class=\"\" data-start=\"186\" data-end=\"852\">La campa\u00f1a captura la esencia de un verano bohemio, con un enfoque cinematogr\u00e1fico que evoca una nostalgia sutil, invitando a los espectadores a sumergirse en la atm\u00f3sfera relajada y libre de las vacaciones perfectas.<\/p>\n<p class=\"\" data-start=\"897\" data-end=\"1573\">El concepto detr\u00e1s de <em data-start=\"919\" data-end=\"937\">Chlo\u00e9 \u00e0 la Plage<\/em> se inspira en la idea de la libertad veraniega, pero con un toque refinado y elegante, algo que ha definido a Chlo\u00e9 desde sus inicios.<\/p>\n<p class=\"\" data-start=\"897\" data-end=\"1573\">Los dise\u00f1os de la colecci\u00f3n encapsulan la ligereza de los d\u00edas soleados, presentando vestidos y blusas fluidas y tejidos naturales que se mueven con gracia y frescura, mientras que los tonos c\u00e1lidos de la paleta de colores evocan la serenidad de la playa al atardecer.<\/p>\n<p class=\"\" data-start=\"1610\" data-end=\"2164\">El regreso de Schiffer como imagen de la campa\u00f1a resalta su legado en el mundo de la moda. Tras d\u00e9cadas de ser una de las modelos m\u00e1s importantes del mundo, la alemana sigue siendo un s\u00edmbolo de belleza cl\u00e1sica, sofisticaci\u00f3n y poder de la moda.<\/p>\n<figure id=\"attachment_150313\" class=\"wp-caption alignnone\" style=\"width: 818px\" aria-describedby=\"caption-attachment-150313\"><img loading=\"lazy\" decoding=\"async\" class=\"size-large wp-image-150313\" src=\"https:\/\/graziamagazine.com\/mx\/wp-content\/uploads\/sites\/13\/2025\/05\/Captura-de-Pantalla-2025-05-07-a-las-11.49.34-818x1024.png\" alt=\"Claudia Schiffer regresa a Chlo\u00e9\" width=\"818\" height=\"1024\" \/><\/figure>\n<p class=\"\" data-start=\"1610\" data-end=\"2164\">En esta campa\u00f1a, Claudia no solo encarna la elegancia de Chlo\u00e9, sino que tambi\u00e9n transmite la sensualidad y libertad que la marca busca proyectar en cada colecci\u00f3n. Su presencia en la campa\u00f1a da un aire de atemporalidad, un toque de nostalgia por una era dorada de la moda que sigue vigente en la actualidad.<\/p>\n<p class=\"\" data-start=\"2209\" data-end=\"2636\">El trabajo de Chemena Kamali como directora creativa ha sido crucial para redefinir el rumbo de Chlo\u00e9 bajo su liderazgo. Su visi\u00f3n moderna, pero con un pie en la tradici\u00f3n, le ha permitido llevar la marca a nuevos horizontes, sin perder de vista sus ra\u00edces.<\/p>\n<p data-start=\"2209\" data-end=\"2636\"><img decoding=\"async\" src=\"https:\/\/wwd.com\/wp-content\/uploads\/2025\/05\/chloe-campaing-summer-2025-csty-01.jpg?w=1000&amp;h=563&amp;crop=1\" alt=\"Claudia Schiffer Stars in Chlo\u00e9 Campaign for Its High Summer Capsule\" \/><\/p>\n<p class=\"\" data-start=\"2209\" data-end=\"2636\">La colecci\u00f3n <em data-start=\"2480\" data-end=\"2498\">Chlo\u00e9 \u00e0 la Plage<\/em> es una muestra clara de esta visi\u00f3n, fusionando la feminidad moderna con el esp\u00edritu de los a\u00f1os 70 y 80, tan representativo de la marca.<\/p>\n<p data-start=\"2209\" data-end=\"2636\"><em>*Im\u00e1genes: cortes\u00eda<\/em><\/p>\n","protected":false},"author":16349,"featured_media":184538,"template":"","format":"standard","categories":[1],"acf":[],"yoast_head":"<!-- This site is optimized with the Yoast SEO Premium plugin v18.5 (Yoast SEO v20.4) - https:\/\/yoast.com\/wordpress\/plugins\/seo\/ -->\n<title>Claudia Schiffer regresa a Chlo\u00e9<\/title>\n<meta name=\"description\" content=\"La supermodelo alemana protagoniza la campa\u00f1a \u201cChlo\u00e9 \u00e0 la Plage\u201d, una oda al verano con dise\u00f1os et\u00e9reos y atemporales.\" \/>\n<meta name=\"robots\" content=\"index, follow, max-snippet:-1, max-image-preview:large, max-video-preview:-1\" \/>\n<link rel=\"canonical\" href=\"https:\/\/graziamagazine.com\/es\/articles\/claudia-schiffer-regresa-a-chloe\/\" \/>\n<meta property=\"og:locale\" content=\"es_ES\" \/>\n<meta property=\"og:type\" content=\"article\" \/>\n<meta property=\"og:title\" content=\"Claudia Schiffer regresa a Chlo\u00e9 para su colecci\u00f3n c\u00e1psula de verano\" \/>\n<meta property=\"og:description\" content=\"La supermodelo alemana protagoniza la campa\u00f1a \u201cChlo\u00e9 \u00e0 la Plage\u201d, una oda al verano con dise\u00f1os et\u00e9reos y atemporales.\" \/>\n<meta property=\"og:url\" content=\"https:\/\/graziamagazine.com\/es\/articles\/claudia-schiffer-regresa-a-chloe\/\" \/>\n<meta property=\"og:site_name\" content=\"Grazia\" \/>\n<meta property=\"og:image\" content=\"https:\/\/graziamagazine.com\/es\/wp-content\/uploads\/sites\/12\/2025\/05\/PQGVAQC7F5DVNGRAMNRRUYW5TU.jpg\" \/>\n\t<meta property=\"og:image:width\" content=\"1280\" \/>\n\t<meta property=\"og:image:height\" content=\"1024\" \/>\n\t<meta property=\"og:image:type\" content=\"image\/jpeg\" \/>\n<meta name=\"twitter:card\" content=\"summary_large_image\" \/>\n<meta name=\"twitter:label1\" content=\"Est. reading time\" \/>\n\t<meta name=\"twitter:data1\" content=\"3 minutos\" \/>\n<script type=\"application\/ld+json\" class=\"yoast-schema-graph\">{\"@context\":\"https:\/\/schema.org\",\"@graph\":[{\"@type\":\"WebPage\",\"@id\":\"https:\/\/graziamagazine.com\/es\/articles\/claudia-schiffer-regresa-a-chloe\/\",\"url\":\"https:\/\/graziamagazine.com\/es\/articles\/claudia-schiffer-regresa-a-chloe\/\",\"name\":\"Claudia Schiffer regresa a Chlo\u00e9\",\"isPartOf\":{\"@id\":\"https:\/\/graziamagazine.com\/es\/#website\"},\"datePublished\":\"2025-05-08T10:54:18+00:00\",\"dateModified\":\"2025-05-08T10:54:18+00:00\",\"description\":\"La supermodelo alemana protagoniza la campa\u00f1a \u201cChlo\u00e9 \u00e0 la Plage\u201d, una oda al verano con dise\u00f1os et\u00e9reos y atemporales.\",\"breadcrumb\":{\"@id\":\"https:\/\/graziamagazine.com\/es\/articles\/claudia-schiffer-regresa-a-chloe\/#breadcrumb\"},\"inLanguage\":\"es\",\"potentialAction\":[{\"@type\":\"ReadAction\",\"target\":[\"https:\/\/graziamagazine.com\/es\/articles\/claudia-schiffer-regresa-a-chloe\/\"]}]},{\"@type\":\"BreadcrumbList\",\"@id\":\"https:\/\/graziamagazine.com\/es\/articles\/claudia-schiffer-regresa-a-chloe\/#breadcrumb\",\"itemListElement\":[{\"@type\":\"ListItem\",\"position\":1,\"name\":\"Portada\",\"item\":\"https:\/\/graziamagazine.com\/es\/\"},{\"@type\":\"ListItem\",\"position\":2,\"name\":\"Claudia Schiffer regresa a Chlo\u00e9 para su colecci\u00f3n c\u00e1psula de verano\"}]},{\"@type\":\"WebSite\",\"@id\":\"https:\/\/graziamagazine.com\/es\/#website\",\"url\":\"https:\/\/graziamagazine.com\/es\/\",\"name\":\"Grazia\",\"description\":\"Moda, belleza, celebrities, estilo de vida...\",\"potentialAction\":[{\"@type\":\"SearchAction\",\"target\":{\"@type\":\"EntryPoint\",\"urlTemplate\":\"https:\/\/graziamagazine.com\/es\/?s={search_term_string}\"},\"query-input\":\"required name=search_term_string\"}],\"inLanguage\":\"es\"}]}<\/script>\n<!-- \/ Yoast SEO Premium plugin. -->","yoast_head_json":{"title":"Claudia Schiffer regresa a Chlo\u00e9","description":"La supermodelo alemana protagoniza la campa\u00f1a \u201cChlo\u00e9 \u00e0 la Plage\u201d, una oda al verano con dise\u00f1os et\u00e9reos y atemporales.","robots":{"index":"index","follow":"follow","max-snippet":"max-snippet:-1","max-image-preview":"max-image-preview:large","max-video-preview":"max-video-preview:-1"},"canonical":"https:\/\/graziamagazine.com\/es\/articles\/claudia-schiffer-regresa-a-chloe\/","og_locale":"es_ES","og_type":"article","og_title":"Claudia Schiffer regresa a Chlo\u00e9 para su colecci\u00f3n c\u00e1psula de verano","og_description":"La supermodelo alemana protagoniza la campa\u00f1a \u201cChlo\u00e9 \u00e0 la Plage\u201d, una oda al verano con dise\u00f1os et\u00e9reos y atemporales.","og_url":"https:\/\/graziamagazine.com\/es\/articles\/claudia-schiffer-regresa-a-chloe\/","og_site_name":"Grazia","og_image":[{"width":1280,"height":1024,"url":"https:\/\/graziamagazine.com\/es\/wp-content\/uploads\/sites\/12\/2025\/05\/PQGVAQC7F5DVNGRAMNRRUYW5TU.jpg","type":"image\/jpeg"}],"twitter_card":"summary_large_image","twitter_misc":{"Est. reading time":"3 minutos"},"schema":{"@context":"https:\/\/schema.org","@graph":[{"@type":"WebPage","@id":"https:\/\/graziamagazine.com\/es\/articles\/claudia-schiffer-regresa-a-chloe\/","url":"https:\/\/graziamagazine.com\/es\/articles\/claudia-schiffer-regresa-a-chloe\/","name":"Claudia Schiffer regresa a Chlo\u00e9","isPartOf":{"@id":"https:\/\/graziamagazine.com\/es\/#website"},"datePublished":"2025-05-08T10:54:18+00:00","dateModified":"2025-05-08T10:54:18+00:00","description":"La supermodelo alemana protagoniza la campa\u00f1a \u201cChlo\u00e9 \u00e0 la Plage\u201d, una oda al verano con dise\u00f1os et\u00e9reos y atemporales.","breadcrumb":{"@id":"https:\/\/graziamagazine.com\/es\/articles\/claudia-schiffer-regresa-a-chloe\/#breadcrumb"},"inLanguage":"es","potentialAction":[{"@type":"ReadAction","target":["https:\/\/graziamagazine.com\/es\/articles\/claudia-schiffer-regresa-a-chloe\/"]}]},{"@type":"BreadcrumbList","@id":"https:\/\/graziamagazine.com\/es\/articles\/claudia-schiffer-regresa-a-chloe\/#breadcrumb","itemListElement":[{"@type":"ListItem","position":1,"name":"Portada","item":"https:\/\/graziamagazine.com\/es\/"},{"@type":"ListItem","position":2,"name":"Claudia Schiffer regresa a Chlo\u00e9 para su colecci\u00f3n c\u00e1psula de verano"}]},{"@type":"WebSite","@id":"https:\/\/graziamagazine.com\/es\/#website","url":"https:\/\/graziamagazine.com\/es\/","name":"Grazia","description":"Moda, belleza, celebrities, estilo de vida...","potentialAction":[{"@type":"SearchAction","target":{"@type":"EntryPoint","urlTemplate":"https:\/\/graziamagazine.com\/es\/?s={search_term_string}"},"query-input":"required name=search_term_string"}],"inLanguage":"es"}]}},"jetpack_sharing_enabled":true,"distributor_meta":false,"distributor_terms":false,"distributor_media":false,"distributor_original_site_name":"Grazia","distributor_original_site_url":"https:\/\/graziamagazine.com\/es","push-errors":false,"_links":{"self":[{"href":"https:\/\/graziamagazine.com\/es\/wp-json\/wp\/v2\/articles\/184535"}],"collection":[{"href":"https:\/\/graziamagazine.com\/es\/wp-json\/wp\/v2\/articles"}],"about":[{"href":"https:\/\/graziamagazine.com\/es\/wp-json\/wp\/v2\/types\/articles"}],"author":[{"embeddable":true,"href":"https:\/\/graziamagazine.com\/es\/wp-json\/wp\/v2\/users\/16349"}],"wp:featuredmedia":[{"embeddable":true,"href":"https:\/\/graziamagazine.com\/es\/wp-json\/wp\/v2\/media\/184538"}],"wp:attachment":[{"href":"https:\/\/graziamagazine.com\/es\/wp-json\/wp\/v2\/media?parent=184535"}],"wp:term":[{"taxonomy":"category","embeddable":true,"href":"https:\/\/graziamagazine.com\/es\/wp-json\/wp\/v2\/categories?post=184535"}],"curies":[{"name":"wp","href":"https:\/\/api.w.org\/{rel}","templated":true}]}}