{"id":184495,"date":"2025-05-07T00:31:37","date_gmt":"2025-05-06T22:31:37","guid":{"rendered":"https:\/\/graziamagazine.com\/es\/?post_type=articles&#038;p=184495"},"modified":"2025-05-07T00:31:37","modified_gmt":"2025-05-06T22:31:37","slug":"el-nuevo-tratamiento-antiedad-con-color-efecto-glow","status":"publish","type":"articles","link":"https:\/\/graziamagazine.com\/es\/articles\/el-nuevo-tratamiento-antiedad-con-color-efecto-glow\/","title":{"rendered":"El nuevo tratamiento antiedad con color efecto glow"},"content":{"rendered":"<div class=\"field field-name-field-quehaydenuevo-teaser field-type-text-long field-label-hidden\">\n<div class=\"field-items\">\n<div class=\"field-item even\">\n<p>Inspirado en la tendencia del\u00a0\u201cno make-up make up\u201d, este tratamiento antiedad con color, que fusiona el poder del maquillaje con la eficacia del cuidado de la piel, ofrece un acabado luminoso y natural.<\/p>\n<\/div>\n<\/div>\n<\/div>\n<div class=\"field field-name-field-foto-principal field-type-image field-label-hidden\">\n<div class=\"field-items\">\n<div class=\"field field-name-body field-type-text-with-summary field-label-hidden\">\n<div class=\"field-items\">\n<div class=\"field-item even\">\n<p>Clarins, marca pionera en cosm\u00e9tica vegetal y tratamientos de belleza, presenta su \u00faltima innovaci\u00f3n:\u00a0Skin Illusion Tinted Moisturizer. Inspirado en la tendencia del\u00a0<em>\u201cno make-up make up\u201d<\/em>, este nuevo producto ofrece un acabado luminoso y natural, al tiempo que mejora visiblemente la calidad de la piel con cada aplicaci\u00f3n.<\/p>\n<p><strong>Skin Illusion Tinted Moisturizer\u00a0<\/strong>proporciona un\u00a0<strong>efecto buena cara inmediato<\/strong>, con cobertura ligera y textura imperceptible. Su f\u00f3rmula de nueva generaci\u00f3n est\u00e1 compuesta por un\u00a0<strong>94% de ingredientes tratantes<\/strong>, con un\u00a0<strong>90% de origen natural<\/strong>, y ha sido dise\u00f1ada para dejar respirar la piel mientras hidrata intensamente durante 24 horas. Adem\u00e1s, incluye protecci\u00f3n solar SPF 25 y el complejo anticontaminaci\u00f3n exclusivo de Clarins, que protege la piel de las agresiones urbanas y medioambientales.<\/p>\n<p><img loading=\"lazy\" decoding=\"async\" class=\"aligncenter wp-image-184497 size-full\" src=\"https:\/\/graziamagazine.com\/es\/wp-content\/uploads\/sites\/12\/2025\/05\/Skin-Illusion-Tinted-Moisturizer-SPF25-40ml-05-e1746570033463.jpg\" alt=\"\" width=\"1261\" height=\"1379\" srcset=\"https:\/\/graziamagazine.com\/es\/wp-content\/uploads\/sites\/12\/2025\/05\/Skin-Illusion-Tinted-Moisturizer-SPF25-40ml-05-e1746570033463.jpg 1261w, https:\/\/graziamagazine.com\/es\/wp-content\/uploads\/sites\/12\/2025\/05\/Skin-Illusion-Tinted-Moisturizer-SPF25-40ml-05-e1746570033463-274x300.jpg 274w, https:\/\/graziamagazine.com\/es\/wp-content\/uploads\/sites\/12\/2025\/05\/Skin-Illusion-Tinted-Moisturizer-SPF25-40ml-05-e1746570033463-936x1024.jpg 936w, https:\/\/graziamagazine.com\/es\/wp-content\/uploads\/sites\/12\/2025\/05\/Skin-Illusion-Tinted-Moisturizer-SPF25-40ml-05-e1746570033463-768x840.jpg 768w, https:\/\/graziamagazine.com\/es\/wp-content\/uploads\/sites\/12\/2025\/05\/Skin-Illusion-Tinted-Moisturizer-SPF25-40ml-05-e1746570033463-400x437.jpg 400w, https:\/\/graziamagazine.com\/es\/wp-content\/uploads\/sites\/12\/2025\/05\/Skin-Illusion-Tinted-Moisturizer-SPF25-40ml-05-e1746570033463-155x170.jpg 155w\" sizes=\"(max-width: 1261px) 100vw, 1261px\" \/><\/p>\n<p>Este tratamiento incorpora activos vegetales altamente eficaces:\u00a0<strong>\u00e1cido hialur\u00f3nico<\/strong>\u00a0para hidratar y rellenar,\u00a0<strong>extracto de kiwi b\u00cdo<\/strong>\u00a0que revitaliza la piel y potencia su luminosidad,\u00a0<strong>extracto de madro\u00f1o b\u00cdo<\/strong>\u00a0que reduce el aspecto de los poros y brillos, y\u00a0<strong>achicoria<\/strong>, que contribuye a mejorar la firmeza y el reflejo de la luz sobre la piel. Tambi\u00e9n contiene\u00a0<strong>az\u00facares de avena b\u00cdo<\/strong>, que crean una malla tensora para alisar y prolongar la duraci\u00f3n del maquillaje hasta ocho horas.<\/p>\n<p>Los resultados son visibles desde los primeros d\u00edas de uso: +63% de luminosidad en piel desnuda, -32% en la apariencia de los poros, -24% en arrugas y l\u00edneas de expresi\u00f3n, y +42% de piel m\u00e1s rellena.<\/p>\n<p>Comprometida con una\u00a0<strong>belleza responsable y sostenible<\/strong>, Clarins ha desarrollado Skin Illusion Tinted Moisturizer con m\u00e1s del 80% de ingredientes bio certificados y de origen trazable. Su packaging, reciclable y fabricado en Francia, ha sido dise\u00f1ado bajo criterios de ecodise\u00f1o, utilizando cart\u00f3n proveniente de bosques gestionados de forma sostenible. Adem\u00e1s, a trav\u00e9s de su innovador sistema de trazabilidad\u00a0<strong>Clarins T.R.U.S.T.<\/strong>, los consumidores pueden acceder a informaci\u00f3n transparente sobre el origen de los ingredientes, su modo de cultivo, y el proceso de fabricaci\u00f3n de cada producto.<\/p>\n<p>Skin Illusion Tinted Moisturizer est\u00e1 disponible en\u00a0<strong>11 tonalidades<\/strong>\u00a0adaptables a todos los tonos de piel y en dos formatos pr\u00e1cticos, incluyendo una versi\u00f3n de 15 ml perfecta para llevar a todas partes.<\/p>\n<p><img decoding=\"async\" src=\"https:\/\/quehayarchivos.com\/files\/clarins2.jpg\" \/><\/p>\n<p>Con esta nueva propuesta, Clarins reafirma su misi\u00f3n: ofrecer productos eficaces, sensoriales y responsables, que respetan tanto la piel como el planeta.<\/p>\n<p>Su precio recomendado es de 24 euros (15ml) o 46 euros (40ml)<\/p>\n<p><em>*Im\u00e1genes: cortes\u00eda<\/em><\/p>\n<\/div>\n<\/div>\n<\/div>\n<div class=\"galeria-node\"><\/div>\n<\/div>\n<\/div>\n","protected":false},"author":11653,"featured_media":184496,"template":"","format":"standard","categories":[7],"acf":[],"yoast_head":"<!-- This site is optimized with the Yoast SEO Premium plugin v18.5 (Yoast SEO v20.4) - https:\/\/yoast.com\/wordpress\/plugins\/seo\/ -->\n<title>El nuevo tratamiento antiedad con color efecto glow<\/title>\n<meta name=\"description\" content=\"Inspirado en la tendencia del\u00a0\u201cno make-up make up\u201d, este tratamiento antiedad con color, que fusiona el poder del maquillaje con la eficacia del cuidado\" \/>\n<meta name=\"robots\" content=\"index, follow, max-snippet:-1, max-image-preview:large, max-video-preview:-1\" \/>\n<link rel=\"canonical\" href=\"https:\/\/graziamagazine.com\/es\/articles\/el-nuevo-tratamiento-antiedad-con-color-efecto-glow\/\" \/>\n<meta property=\"og:locale\" content=\"es_ES\" \/>\n<meta property=\"og:type\" content=\"article\" \/>\n<meta property=\"og:title\" content=\"El nuevo tratamiento antiedad con color efecto glow\" \/>\n<meta property=\"og:description\" content=\"Inspirado en la tendencia del\u00a0\u201cno make-up make up\u201d, este tratamiento antiedad con color, que fusiona el poder del maquillaje con la eficacia del cuidado\" \/>\n<meta property=\"og:url\" content=\"https:\/\/graziamagazine.com\/es\/articles\/el-nuevo-tratamiento-antiedad-con-color-efecto-glow\/\" \/>\n<meta property=\"og:site_name\" content=\"Grazia\" \/>\n<meta property=\"og:image\" content=\"https:\/\/graziamagazine.com\/es\/wp-content\/uploads\/sites\/12\/2025\/05\/glow250506sccn.jpg\" \/>\n\t<meta property=\"og:image:width\" content=\"1024\" \/>\n\t<meta property=\"og:image:height\" content=\"768\" \/>\n\t<meta property=\"og:image:type\" content=\"image\/jpeg\" \/>\n<meta name=\"twitter:card\" content=\"summary_large_image\" \/>\n<meta name=\"twitter:label1\" content=\"Est. reading time\" \/>\n\t<meta name=\"twitter:data1\" content=\"3 minutos\" \/>\n<script type=\"application\/ld+json\" class=\"yoast-schema-graph\">{\"@context\":\"https:\/\/schema.org\",\"@graph\":[{\"@type\":\"WebPage\",\"@id\":\"https:\/\/graziamagazine.com\/es\/articles\/el-nuevo-tratamiento-antiedad-con-color-efecto-glow\/\",\"url\":\"https:\/\/graziamagazine.com\/es\/articles\/el-nuevo-tratamiento-antiedad-con-color-efecto-glow\/\",\"name\":\"El nuevo tratamiento antiedad con color efecto glow\",\"isPartOf\":{\"@id\":\"https:\/\/graziamagazine.com\/es\/#website\"},\"datePublished\":\"2025-05-06T22:31:37+00:00\",\"dateModified\":\"2025-05-06T22:31:37+00:00\",\"description\":\"Inspirado en la tendencia del\u00a0\u201cno make-up make up\u201d, este tratamiento antiedad con color, que fusiona el poder del maquillaje con la eficacia del cuidado\",\"breadcrumb\":{\"@id\":\"https:\/\/graziamagazine.com\/es\/articles\/el-nuevo-tratamiento-antiedad-con-color-efecto-glow\/#breadcrumb\"},\"inLanguage\":\"es\",\"potentialAction\":[{\"@type\":\"ReadAction\",\"target\":[\"https:\/\/graziamagazine.com\/es\/articles\/el-nuevo-tratamiento-antiedad-con-color-efecto-glow\/\"]}]},{\"@type\":\"BreadcrumbList\",\"@id\":\"https:\/\/graziamagazine.com\/es\/articles\/el-nuevo-tratamiento-antiedad-con-color-efecto-glow\/#breadcrumb\",\"itemListElement\":[{\"@type\":\"ListItem\",\"position\":1,\"name\":\"Portada\",\"item\":\"https:\/\/graziamagazine.com\/es\/\"},{\"@type\":\"ListItem\",\"position\":2,\"name\":\"El nuevo tratamiento antiedad con color efecto glow\"}]},{\"@type\":\"WebSite\",\"@id\":\"https:\/\/graziamagazine.com\/es\/#website\",\"url\":\"https:\/\/graziamagazine.com\/es\/\",\"name\":\"Grazia\",\"description\":\"Moda, belleza, celebrities, estilo de vida...\",\"potentialAction\":[{\"@type\":\"SearchAction\",\"target\":{\"@type\":\"EntryPoint\",\"urlTemplate\":\"https:\/\/graziamagazine.com\/es\/?s={search_term_string}\"},\"query-input\":\"required name=search_term_string\"}],\"inLanguage\":\"es\"}]}<\/script>\n<!-- \/ Yoast SEO Premium plugin. -->","yoast_head_json":{"title":"El nuevo tratamiento antiedad con color efecto glow","description":"Inspirado en la tendencia del\u00a0\u201cno make-up make up\u201d, este tratamiento antiedad con color, que fusiona el poder del maquillaje con la eficacia del cuidado","robots":{"index":"index","follow":"follow","max-snippet":"max-snippet:-1","max-image-preview":"max-image-preview:large","max-video-preview":"max-video-preview:-1"},"canonical":"https:\/\/graziamagazine.com\/es\/articles\/el-nuevo-tratamiento-antiedad-con-color-efecto-glow\/","og_locale":"es_ES","og_type":"article","og_title":"El nuevo tratamiento antiedad con color efecto glow","og_description":"Inspirado en la tendencia del\u00a0\u201cno make-up make up\u201d, este tratamiento antiedad con color, que fusiona el poder del maquillaje con la eficacia del cuidado","og_url":"https:\/\/graziamagazine.com\/es\/articles\/el-nuevo-tratamiento-antiedad-con-color-efecto-glow\/","og_site_name":"Grazia","og_image":[{"width":1024,"height":768,"url":"https:\/\/graziamagazine.com\/es\/wp-content\/uploads\/sites\/12\/2025\/05\/glow250506sccn.jpg","type":"image\/jpeg"}],"twitter_card":"summary_large_image","twitter_misc":{"Est. reading time":"3 minutos"},"schema":{"@context":"https:\/\/schema.org","@graph":[{"@type":"WebPage","@id":"https:\/\/graziamagazine.com\/es\/articles\/el-nuevo-tratamiento-antiedad-con-color-efecto-glow\/","url":"https:\/\/graziamagazine.com\/es\/articles\/el-nuevo-tratamiento-antiedad-con-color-efecto-glow\/","name":"El nuevo tratamiento antiedad con color efecto glow","isPartOf":{"@id":"https:\/\/graziamagazine.com\/es\/#website"},"datePublished":"2025-05-06T22:31:37+00:00","dateModified":"2025-05-06T22:31:37+00:00","description":"Inspirado en la tendencia del\u00a0\u201cno make-up make up\u201d, este tratamiento antiedad con color, que fusiona el poder del maquillaje con la eficacia del cuidado","breadcrumb":{"@id":"https:\/\/graziamagazine.com\/es\/articles\/el-nuevo-tratamiento-antiedad-con-color-efecto-glow\/#breadcrumb"},"inLanguage":"es","potentialAction":[{"@type":"ReadAction","target":["https:\/\/graziamagazine.com\/es\/articles\/el-nuevo-tratamiento-antiedad-con-color-efecto-glow\/"]}]},{"@type":"BreadcrumbList","@id":"https:\/\/graziamagazine.com\/es\/articles\/el-nuevo-tratamiento-antiedad-con-color-efecto-glow\/#breadcrumb","itemListElement":[{"@type":"ListItem","position":1,"name":"Portada","item":"https:\/\/graziamagazine.com\/es\/"},{"@type":"ListItem","position":2,"name":"El nuevo tratamiento antiedad con color efecto glow"}]},{"@type":"WebSite","@id":"https:\/\/graziamagazine.com\/es\/#website","url":"https:\/\/graziamagazine.com\/es\/","name":"Grazia","description":"Moda, belleza, celebrities, estilo de vida...","potentialAction":[{"@type":"SearchAction","target":{"@type":"EntryPoint","urlTemplate":"https:\/\/graziamagazine.com\/es\/?s={search_term_string}"},"query-input":"required name=search_term_string"}],"inLanguage":"es"}]}},"jetpack_sharing_enabled":true,"distributor_meta":false,"distributor_terms":false,"distributor_media":false,"distributor_original_site_name":"Grazia","distributor_original_site_url":"https:\/\/graziamagazine.com\/es","push-errors":false,"_links":{"self":[{"href":"https:\/\/graziamagazine.com\/es\/wp-json\/wp\/v2\/articles\/184495"}],"collection":[{"href":"https:\/\/graziamagazine.com\/es\/wp-json\/wp\/v2\/articles"}],"about":[{"href":"https:\/\/graziamagazine.com\/es\/wp-json\/wp\/v2\/types\/articles"}],"author":[{"embeddable":true,"href":"https:\/\/graziamagazine.com\/es\/wp-json\/wp\/v2\/users\/11653"}],"wp:featuredmedia":[{"embeddable":true,"href":"https:\/\/graziamagazine.com\/es\/wp-json\/wp\/v2\/media\/184496"}],"wp:attachment":[{"href":"https:\/\/graziamagazine.com\/es\/wp-json\/wp\/v2\/media?parent=184495"}],"wp:term":[{"taxonomy":"category","embeddable":true,"href":"https:\/\/graziamagazine.com\/es\/wp-json\/wp\/v2\/categories?post=184495"}],"curies":[{"name":"wp","href":"https:\/\/api.w.org\/{rel}","templated":true}]}}