{"id":184460,"date":"2025-05-06T13:08:05","date_gmt":"2025-05-06T11:08:05","guid":{"rendered":"https:\/\/graziamagazine.com\/es\/?post_type=articles&#038;p=184460"},"modified":"2025-05-06T13:08:05","modified_gmt":"2025-05-06T11:08:05","slug":"el-jelly-hair-arrasa-en-la-gala-met","status":"publish","type":"articles","link":"https:\/\/graziamagazine.com\/es\/articles\/el-jelly-hair-arrasa-en-la-gala-met\/","title":{"rendered":"El &#8216;jelly hair&#8217; arrasa en la Gala MET"},"content":{"rendered":"<p><span data-olk-copy-source=\"MessageBody\">M\u00e1s o menos sofisticado, suelto o recogido, en versi\u00f3n bob o en melenas XL\u2026 el \u2018jelly hair\u2019 es hermano del \u2018wet look\u2019 pero a\u00f1ade una dosis extra de brillo y una textura ligeramente gelatinosa que permite crear peinados m\u00e1s sofisticados. \u00a0<\/span><\/p>\n<p>Sydney Sweeney, Rosal\u00eda, Dua Lipa, Georgina Rodr\u00edguez, Kylie Jenner o Miley Cyrus se han rendido a la versi\u00f3n \u2018glowy\u2019 del \u2018wet hair\u2019<\/p>\n<p>Caroline Greyl, presidenta de Leonor Greyl, nos recuerda las 6 claves para recrear este look y nos dice cu\u00e1l es el producto m\u00e1s adecuado.<\/p>\n<p><img loading=\"lazy\" decoding=\"async\" class=\"aligncenter size-full wp-image-184463\" src=\"https:\/\/graziamagazine.com\/es\/wp-content\/uploads\/sites\/12\/2025\/05\/metmuseum-6.jpg\" alt=\"\" width=\"1440\" height=\"1800\" srcset=\"https:\/\/graziamagazine.com\/es\/wp-content\/uploads\/sites\/12\/2025\/05\/metmuseum-6.jpg 1440w, https:\/\/graziamagazine.com\/es\/wp-content\/uploads\/sites\/12\/2025\/05\/metmuseum-6-240x300.jpg 240w, https:\/\/graziamagazine.com\/es\/wp-content\/uploads\/sites\/12\/2025\/05\/metmuseum-6-819x1024.jpg 819w, https:\/\/graziamagazine.com\/es\/wp-content\/uploads\/sites\/12\/2025\/05\/metmuseum-6-768x960.jpg 768w, https:\/\/graziamagazine.com\/es\/wp-content\/uploads\/sites\/12\/2025\/05\/metmuseum-6-1229x1536.jpg 1229w, https:\/\/graziamagazine.com\/es\/wp-content\/uploads\/sites\/12\/2025\/05\/metmuseum-6-400x500.jpg 400w, https:\/\/graziamagazine.com\/es\/wp-content\/uploads\/sites\/12\/2025\/05\/metmuseum-6-155x194.jpg 155w\" sizes=\"(max-width: 1440px) 100vw, 1440px\" \/><\/p>\n<h3><strong>No secar del todo el cabello <\/strong><\/h3>\n<p>Lo ideal es dejar un 20% de humedad. Ese es el momento perfecto para extender el producto de fijaci\u00f3n.<\/p>\n<h3><strong>Menos es ma\u0301s<\/strong><\/h3>\n<p>Es mejor aplicar una pequen\u0303a cantidad de producto (un guisante en el caso del pelo corto y una avellana en los largos) y repetir la operacio\u0301n si no fuera suficiente.<\/p>\n<h3><strong>Fuerza media<\/strong><\/h3>\n<p>No utilices productos con demasiada fuerza de fijacio\u0301n ya que no te permitira\u0301n moldear el cabello a tu antojo.<\/p>\n<p><img loading=\"lazy\" decoding=\"async\" class=\"aligncenter size-full wp-image-184464\" src=\"https:\/\/graziamagazine.com\/es\/wp-content\/uploads\/sites\/12\/2025\/05\/sydney_sweeney-1.jpg\" alt=\"\" width=\"1440\" height=\"1800\" srcset=\"https:\/\/graziamagazine.com\/es\/wp-content\/uploads\/sites\/12\/2025\/05\/sydney_sweeney-1.jpg 1440w, https:\/\/graziamagazine.com\/es\/wp-content\/uploads\/sites\/12\/2025\/05\/sydney_sweeney-1-240x300.jpg 240w, https:\/\/graziamagazine.com\/es\/wp-content\/uploads\/sites\/12\/2025\/05\/sydney_sweeney-1-819x1024.jpg 819w, https:\/\/graziamagazine.com\/es\/wp-content\/uploads\/sites\/12\/2025\/05\/sydney_sweeney-1-768x960.jpg 768w, https:\/\/graziamagazine.com\/es\/wp-content\/uploads\/sites\/12\/2025\/05\/sydney_sweeney-1-1229x1536.jpg 1229w, https:\/\/graziamagazine.com\/es\/wp-content\/uploads\/sites\/12\/2025\/05\/sydney_sweeney-1-400x500.jpg 400w, https:\/\/graziamagazine.com\/es\/wp-content\/uploads\/sites\/12\/2025\/05\/sydney_sweeney-1-155x194.jpg 155w\" sizes=\"(max-width: 1440px) 100vw, 1440px\" \/><\/p>\n<h3><strong>Repartir el producto de forma homog\u00e9nea<\/strong><\/h3>\n<p>En el caso del \u2018jelly hair\u2019 es muy importante extenderlo mecho\u0301n a mecho\u0301n para que la estructura del peinado sea armo\u0301nica. Puedes repartirlo con ayuda de los dedos o con un peine de p\u00edan anchas.<\/p>\n<h3><strong>\u00bfLo quieres secar?<\/strong><\/h3>\n<p>Que sea con difusor, a 30 cent\u00ed<span class=\"mark047qvvf5q\" data-markjs=\"true\" data-ogac=\"\" data-ogab=\"\" data-ogsc=\"\" data-ogsb=\"\">met<\/span>ros del pelo y a temperatura media o fr\u00eda.<\/p>\n<h3><strong>No lo toques<\/strong><\/h3>\n<p>Aunque hayas aplicado un producto de fijacio\u0301n moldeable podri\u0301an quedar las marcas de tus gestos.<\/p>\n<p><img loading=\"lazy\" decoding=\"async\" class=\"aligncenter size-full wp-image-184465\" src=\"https:\/\/graziamagazine.com\/es\/wp-content\/uploads\/sites\/12\/2025\/05\/voguespain-7.jpg\" alt=\"\" width=\"1439\" height=\"1799\" srcset=\"https:\/\/graziamagazine.com\/es\/wp-content\/uploads\/sites\/12\/2025\/05\/voguespain-7.jpg 1439w, https:\/\/graziamagazine.com\/es\/wp-content\/uploads\/sites\/12\/2025\/05\/voguespain-7-240x300.jpg 240w, https:\/\/graziamagazine.com\/es\/wp-content\/uploads\/sites\/12\/2025\/05\/voguespain-7-819x1024.jpg 819w, https:\/\/graziamagazine.com\/es\/wp-content\/uploads\/sites\/12\/2025\/05\/voguespain-7-768x960.jpg 768w, https:\/\/graziamagazine.com\/es\/wp-content\/uploads\/sites\/12\/2025\/05\/voguespain-7-1229x1536.jpg 1229w, https:\/\/graziamagazine.com\/es\/wp-content\/uploads\/sites\/12\/2025\/05\/voguespain-7-400x500.jpg 400w, https:\/\/graziamagazine.com\/es\/wp-content\/uploads\/sites\/12\/2025\/05\/voguespain-7-155x194.jpg 155w\" sizes=\"(max-width: 1439px) 100vw, 1439px\" \/><\/p>\n<h3>El \u00fanico producto que necesitas&#8230;<\/h3>\n<p>Se llama Gel a\u0300 l \u0301Hibiscus y es de Leonor Greyl, un\u00a0producto indispensable para dominar el wet look y todos sus derivados. No contiene alcohol, aporta una fijacio\u0301n media y se adapta a todo tipo de cabello sin secarlo. Al tratarse de un gel de peinado, el efecto es ultrabrillante.<\/p>\n<p>Entre sus ingredientes destacan el extracto de hibisco, las prote\u00ednas de moringa y las prote\u00ednas de almendra.<\/p>\n<p><img loading=\"lazy\" decoding=\"async\" class=\"aligncenter wp-image-184461 size-full\" src=\"https:\/\/graziamagazine.com\/es\/wp-content\/uploads\/sites\/12\/2025\/05\/Gel-a\u0300-lHibiscus-scaled-e1746529235773.jpg\" alt=\"\" width=\"1591\" height=\"2261\" srcset=\"https:\/\/graziamagazine.com\/es\/wp-content\/uploads\/sites\/12\/2025\/05\/Gel-a\u0300-lHibiscus-scaled-e1746529235773.jpg 1591w, https:\/\/graziamagazine.com\/es\/wp-content\/uploads\/sites\/12\/2025\/05\/Gel-a\u0300-lHibiscus-scaled-e1746529235773-211x300.jpg 211w, https:\/\/graziamagazine.com\/es\/wp-content\/uploads\/sites\/12\/2025\/05\/Gel-a\u0300-lHibiscus-scaled-e1746529235773-721x1024.jpg 721w, https:\/\/graziamagazine.com\/es\/wp-content\/uploads\/sites\/12\/2025\/05\/Gel-a\u0300-lHibiscus-scaled-e1746529235773-768x1091.jpg 768w, https:\/\/graziamagazine.com\/es\/wp-content\/uploads\/sites\/12\/2025\/05\/Gel-a\u0300-lHibiscus-scaled-e1746529235773-1081x1536.jpg 1081w, https:\/\/graziamagazine.com\/es\/wp-content\/uploads\/sites\/12\/2025\/05\/Gel-a\u0300-lHibiscus-scaled-e1746529235773-1441x2048.jpg 1441w, https:\/\/graziamagazine.com\/es\/wp-content\/uploads\/sites\/12\/2025\/05\/Gel-a\u0300-lHibiscus-scaled-e1746529235773-400x568.jpg 400w, https:\/\/graziamagazine.com\/es\/wp-content\/uploads\/sites\/12\/2025\/05\/Gel-a\u0300-lHibiscus-scaled-e1746529235773-151x215.jpg 151w\" sizes=\"(max-width: 1591px) 100vw, 1591px\" \/><\/p>\n<p><a href=\"https:\/\/www.leonorgreyl.com\/collections\/les-soins-coiffants\/products\/gel-a-l-hibiscus\" target=\"_blank\">Su precio es de 21.50 euros en la web de Leonor Greyl<\/a><\/p>\n<p>*Im\u00e1genes: Getty Images y cortes\u00eda<\/p>\n<p>&nbsp;<\/p>\n","protected":false},"author":11653,"featured_media":184462,"template":"","format":"standard","categories":[7],"acf":[],"yoast_head":"<!-- This site is optimized with the Yoast SEO Premium plugin v18.5 (Yoast SEO v20.4) - https:\/\/yoast.com\/wordpress\/plugins\/seo\/ -->\n<title>El &#039;jelly hair&#039; arrasa en la Gala MET<\/title>\n<meta name=\"description\" content=\"Sydney Sweeney, Rosal\u00eda, Dua Lipa, Georgina Rodr\u00edguez, Kylie Jenner o Miley Cyrus se han rendido a la versi\u00f3n \u2018glowy\u2019 del \u2018wet hair\u2019\" \/>\n<meta name=\"robots\" content=\"index, follow, max-snippet:-1, max-image-preview:large, max-video-preview:-1\" \/>\n<link rel=\"canonical\" href=\"https:\/\/graziamagazine.com\/es\/articles\/el-jelly-hair-arrasa-en-la-gala-met\/\" \/>\n<meta property=\"og:locale\" content=\"es_ES\" \/>\n<meta property=\"og:type\" content=\"article\" \/>\n<meta property=\"og:title\" content=\"El &#039;jelly hair&#039; arrasa en la Gala MET\" \/>\n<meta property=\"og:description\" content=\"Sydney Sweeney, Rosal\u00eda, Dua Lipa, Georgina Rodr\u00edguez, Kylie Jenner o Miley Cyrus se han rendido a la versi\u00f3n \u2018glowy\u2019 del \u2018wet hair\u2019\" \/>\n<meta property=\"og:url\" content=\"https:\/\/graziamagazine.com\/es\/articles\/el-jelly-hair-arrasa-en-la-gala-met\/\" \/>\n<meta property=\"og:site_name\" content=\"Grazia\" \/>\n<meta property=\"og:image\" content=\"https:\/\/graziamagazine.com\/es\/wp-content\/uploads\/sites\/12\/2025\/05\/patrickschwarzenegger-e1746529406783.jpg\" \/>\n\t<meta property=\"og:image:width\" content=\"1401\" \/>\n\t<meta property=\"og:image:height\" content=\"1176\" \/>\n\t<meta property=\"og:image:type\" content=\"image\/jpeg\" \/>\n<meta name=\"twitter:card\" content=\"summary_large_image\" \/>\n<meta name=\"twitter:label1\" content=\"Est. reading time\" \/>\n\t<meta name=\"twitter:data1\" content=\"3 minutos\" \/>\n<script type=\"application\/ld+json\" class=\"yoast-schema-graph\">{\"@context\":\"https:\/\/schema.org\",\"@graph\":[{\"@type\":\"WebPage\",\"@id\":\"https:\/\/graziamagazine.com\/es\/articles\/el-jelly-hair-arrasa-en-la-gala-met\/\",\"url\":\"https:\/\/graziamagazine.com\/es\/articles\/el-jelly-hair-arrasa-en-la-gala-met\/\",\"name\":\"El 'jelly hair' arrasa en la Gala MET\",\"isPartOf\":{\"@id\":\"https:\/\/graziamagazine.com\/es\/#website\"},\"datePublished\":\"2025-05-06T11:08:05+00:00\",\"dateModified\":\"2025-05-06T11:08:05+00:00\",\"description\":\"Sydney Sweeney, Rosal\u00eda, Dua Lipa, Georgina Rodr\u00edguez, Kylie Jenner o Miley Cyrus se han rendido a la versi\u00f3n \u2018glowy\u2019 del \u2018wet hair\u2019\",\"breadcrumb\":{\"@id\":\"https:\/\/graziamagazine.com\/es\/articles\/el-jelly-hair-arrasa-en-la-gala-met\/#breadcrumb\"},\"inLanguage\":\"es\",\"potentialAction\":[{\"@type\":\"ReadAction\",\"target\":[\"https:\/\/graziamagazine.com\/es\/articles\/el-jelly-hair-arrasa-en-la-gala-met\/\"]}]},{\"@type\":\"BreadcrumbList\",\"@id\":\"https:\/\/graziamagazine.com\/es\/articles\/el-jelly-hair-arrasa-en-la-gala-met\/#breadcrumb\",\"itemListElement\":[{\"@type\":\"ListItem\",\"position\":1,\"name\":\"Portada\",\"item\":\"https:\/\/graziamagazine.com\/es\/\"},{\"@type\":\"ListItem\",\"position\":2,\"name\":\"El &#8216;jelly hair&#8217; arrasa en la Gala MET\"}]},{\"@type\":\"WebSite\",\"@id\":\"https:\/\/graziamagazine.com\/es\/#website\",\"url\":\"https:\/\/graziamagazine.com\/es\/\",\"name\":\"Grazia\",\"description\":\"Moda, belleza, celebrities, estilo de vida...\",\"potentialAction\":[{\"@type\":\"SearchAction\",\"target\":{\"@type\":\"EntryPoint\",\"urlTemplate\":\"https:\/\/graziamagazine.com\/es\/?s={search_term_string}\"},\"query-input\":\"required name=search_term_string\"}],\"inLanguage\":\"es\"}]}<\/script>\n<!-- \/ Yoast SEO Premium plugin. -->","yoast_head_json":{"title":"El 'jelly hair' arrasa en la Gala MET","description":"Sydney Sweeney, Rosal\u00eda, Dua Lipa, Georgina Rodr\u00edguez, Kylie Jenner o Miley Cyrus se han rendido a la versi\u00f3n \u2018glowy\u2019 del \u2018wet hair\u2019","robots":{"index":"index","follow":"follow","max-snippet":"max-snippet:-1","max-image-preview":"max-image-preview:large","max-video-preview":"max-video-preview:-1"},"canonical":"https:\/\/graziamagazine.com\/es\/articles\/el-jelly-hair-arrasa-en-la-gala-met\/","og_locale":"es_ES","og_type":"article","og_title":"El 'jelly hair' arrasa en la Gala MET","og_description":"Sydney Sweeney, Rosal\u00eda, Dua Lipa, Georgina Rodr\u00edguez, Kylie Jenner o Miley Cyrus se han rendido a la versi\u00f3n \u2018glowy\u2019 del \u2018wet hair\u2019","og_url":"https:\/\/graziamagazine.com\/es\/articles\/el-jelly-hair-arrasa-en-la-gala-met\/","og_site_name":"Grazia","og_image":[{"width":1401,"height":1176,"url":"https:\/\/graziamagazine.com\/es\/wp-content\/uploads\/sites\/12\/2025\/05\/patrickschwarzenegger-e1746529406783.jpg","type":"image\/jpeg"}],"twitter_card":"summary_large_image","twitter_misc":{"Est. reading time":"3 minutos"},"schema":{"@context":"https:\/\/schema.org","@graph":[{"@type":"WebPage","@id":"https:\/\/graziamagazine.com\/es\/articles\/el-jelly-hair-arrasa-en-la-gala-met\/","url":"https:\/\/graziamagazine.com\/es\/articles\/el-jelly-hair-arrasa-en-la-gala-met\/","name":"El 'jelly hair' arrasa en la Gala MET","isPartOf":{"@id":"https:\/\/graziamagazine.com\/es\/#website"},"datePublished":"2025-05-06T11:08:05+00:00","dateModified":"2025-05-06T11:08:05+00:00","description":"Sydney Sweeney, Rosal\u00eda, Dua Lipa, Georgina Rodr\u00edguez, Kylie Jenner o Miley Cyrus se han rendido a la versi\u00f3n \u2018glowy\u2019 del \u2018wet hair\u2019","breadcrumb":{"@id":"https:\/\/graziamagazine.com\/es\/articles\/el-jelly-hair-arrasa-en-la-gala-met\/#breadcrumb"},"inLanguage":"es","potentialAction":[{"@type":"ReadAction","target":["https:\/\/graziamagazine.com\/es\/articles\/el-jelly-hair-arrasa-en-la-gala-met\/"]}]},{"@type":"BreadcrumbList","@id":"https:\/\/graziamagazine.com\/es\/articles\/el-jelly-hair-arrasa-en-la-gala-met\/#breadcrumb","itemListElement":[{"@type":"ListItem","position":1,"name":"Portada","item":"https:\/\/graziamagazine.com\/es\/"},{"@type":"ListItem","position":2,"name":"El &#8216;jelly hair&#8217; arrasa en la Gala MET"}]},{"@type":"WebSite","@id":"https:\/\/graziamagazine.com\/es\/#website","url":"https:\/\/graziamagazine.com\/es\/","name":"Grazia","description":"Moda, belleza, celebrities, estilo de vida...","potentialAction":[{"@type":"SearchAction","target":{"@type":"EntryPoint","urlTemplate":"https:\/\/graziamagazine.com\/es\/?s={search_term_string}"},"query-input":"required name=search_term_string"}],"inLanguage":"es"}]}},"jetpack_sharing_enabled":true,"distributor_meta":false,"distributor_terms":false,"distributor_media":false,"distributor_original_site_name":"Grazia","distributor_original_site_url":"https:\/\/graziamagazine.com\/es","push-errors":false,"_links":{"self":[{"href":"https:\/\/graziamagazine.com\/es\/wp-json\/wp\/v2\/articles\/184460"}],"collection":[{"href":"https:\/\/graziamagazine.com\/es\/wp-json\/wp\/v2\/articles"}],"about":[{"href":"https:\/\/graziamagazine.com\/es\/wp-json\/wp\/v2\/types\/articles"}],"author":[{"embeddable":true,"href":"https:\/\/graziamagazine.com\/es\/wp-json\/wp\/v2\/users\/11653"}],"wp:featuredmedia":[{"embeddable":true,"href":"https:\/\/graziamagazine.com\/es\/wp-json\/wp\/v2\/media\/184462"}],"wp:attachment":[{"href":"https:\/\/graziamagazine.com\/es\/wp-json\/wp\/v2\/media?parent=184460"}],"wp:term":[{"taxonomy":"category","embeddable":true,"href":"https:\/\/graziamagazine.com\/es\/wp-json\/wp\/v2\/categories?post=184460"}],"curies":[{"name":"wp","href":"https:\/\/api.w.org\/{rel}","templated":true}]}}