{"id":184455,"date":"2025-05-06T13:58:31","date_gmt":"2025-05-06T11:58:31","guid":{"rendered":"https:\/\/graziamagazine.com\/es\/?post_type=articles&#038;p=184455"},"modified":"2025-05-06T13:58:31","modified_gmt":"2025-05-06T11:58:31","slug":"bad-bunny-anuncia-gira-mundial-y-estas-son-las-fechas-en-espana","status":"publish","type":"articles","link":"https:\/\/graziamagazine.com\/es\/articles\/bad-bunny-anuncia-gira-mundial-y-estas-son-las-fechas-en-espana\/","title":{"rendered":"Bad Bunny anuncia gira mundial y estas son las fechas en Espa\u00f1a"},"content":{"rendered":"<p>Despu\u00e9s de d\u00edas de especulaciones, por fin es oficial: <strong>Bad Bunny actuar\u00e1 en Espa\u00f1a en 2026<\/strong>. Las ciudades afortunadas ser\u00e1n <strong>Madrid y Barcelona<\/strong>, y el anuncio no ha sido precisamente convencional. El artista ha jugado al misterio, dejando pistas por varias capitales europeas que ten\u00edan a sus fans completamente entregadas a la teor\u00eda del tour europeo.<\/p>\n<p>Todo comenz\u00f3 el pasado <strong>4 de mayo<\/strong>, cuando aparecieron en diferentes puntos de Europa dos ic\u00f3nicas sillas de pl\u00e1stico, id\u00e9nticas a las de la portada de su \u00faltimo \u00e1lbum <em>Deb\u00ed tirar m\u00e1s fotos<\/em>. Este gesto fue interpretado como una se\u00f1al clara de que algo grande se ven\u00eda. Y no est\u00e1bamos equivocadas: poco despu\u00e9s lleg\u00f3 la confirmaci\u00f3n oficial de su <strong>nueva gira mundial: <\/strong>DeB\u00cd TiRAR M\u00e1S FOToS World Tour.<\/p>\n<p><img loading=\"lazy\" decoding=\"async\" class=\"aligncenter size-full wp-image-184473\" src=\"https:\/\/graziamagazine.com\/es\/wp-content\/uploads\/sites\/12\/2025\/05\/badbunnytb.jpg\" alt=\"\" width=\"1032\" height=\"1156\" srcset=\"https:\/\/graziamagazine.com\/es\/wp-content\/uploads\/sites\/12\/2025\/05\/badbunnytb.jpg 1032w, https:\/\/graziamagazine.com\/es\/wp-content\/uploads\/sites\/12\/2025\/05\/badbunnytb-268x300.jpg 268w, https:\/\/graziamagazine.com\/es\/wp-content\/uploads\/sites\/12\/2025\/05\/badbunnytb-914x1024.jpg 914w, https:\/\/graziamagazine.com\/es\/wp-content\/uploads\/sites\/12\/2025\/05\/badbunnytb-768x860.jpg 768w, https:\/\/graziamagazine.com\/es\/wp-content\/uploads\/sites\/12\/2025\/05\/badbunnytb-400x448.jpg 400w, https:\/\/graziamagazine.com\/es\/wp-content\/uploads\/sites\/12\/2025\/05\/badbunnytb-155x174.jpg 155w\" sizes=\"(max-width: 1032px) 100vw, 1032px\" \/><\/p>\n<p>El primer indicio lleg\u00f3 d\u00edas antes, el <strong>29 de abril<\/strong>, cuando Bad Bunny actualiz\u00f3 su tema <em>Europa \ud83d\ude41<\/em> \u2014incluido en su disco m\u00e1s reciente\u2014. La canci\u00f3n cambi\u00f3 el t\u00edtulo triste por una carita sonriente y a\u00f1adi\u00f3 un mensaje que no pas\u00f3 desapercibido: <em>\u00abAtenci\u00f3n, por favor. Queremos informarles que ya hay vuelos disponibles con destino Europa. Gracias por su espera\u00bb<\/em>. Una frase que emocion\u00f3 a sus fans y encendi\u00f3 todas las alarmas.<\/p>\n<p>La estrategia de marketing ha sido tan misteriosa como efectiva. Primero los cambios en la canci\u00f3n, luego las sillas como gui\u00f1o visual a su \u00e1lbum, y finalmente el mensaje que todas esper\u00e1bamos: <strong>\u201cPolfin\u201d<\/strong>, escribi\u00f3 en sus redes, confirmando su visita a nuestro pa\u00eds.<\/p>\n        <blockquote class=\"instagram-media \" style=\"background: #ffffff;border: 0;margin: 1px;width: 100%;padding: 0;\"  data-instgrm-permalink=\"https:\/\/www.instagram.com\/p\/DJR_ZX6p1iC\/\" data-instgrm-version=\"14\"><\/blockquote>\n<p>Con <em>Deb\u00ed tirar m\u00e1s fotos<\/em>, Bad Bunny ha mostrado su lado m\u00e1s introspectivo y art\u00edstico, y todo apunta a que esta gira mundial ser\u00e1 una experiencia mucho m\u00e1s \u00edntima, emocional y cuidada que las anteriores. Si la m\u00fasica te mueve, y su estilo te ha conquistado, 2026 es tu a\u00f1o.<\/p>\n<p><img loading=\"lazy\" decoding=\"async\" class=\"aligncenter size-full wp-image-184472\" src=\"https:\/\/graziamagazine.com\/es\/wp-content\/uploads\/sites\/12\/2025\/05\/osmarliin17.jpg\" alt=\"\" width=\"1440\" height=\"1800\" srcset=\"https:\/\/graziamagazine.com\/es\/wp-content\/uploads\/sites\/12\/2025\/05\/osmarliin17.jpg 1440w, https:\/\/graziamagazine.com\/es\/wp-content\/uploads\/sites\/12\/2025\/05\/osmarliin17-240x300.jpg 240w, https:\/\/graziamagazine.com\/es\/wp-content\/uploads\/sites\/12\/2025\/05\/osmarliin17-819x1024.jpg 819w, https:\/\/graziamagazine.com\/es\/wp-content\/uploads\/sites\/12\/2025\/05\/osmarliin17-768x960.jpg 768w, https:\/\/graziamagazine.com\/es\/wp-content\/uploads\/sites\/12\/2025\/05\/osmarliin17-1229x1536.jpg 1229w, https:\/\/graziamagazine.com\/es\/wp-content\/uploads\/sites\/12\/2025\/05\/osmarliin17-400x500.jpg 400w, https:\/\/graziamagazine.com\/es\/wp-content\/uploads\/sites\/12\/2025\/05\/osmarliin17-155x194.jpg 155w\" sizes=\"(max-width: 1440px) 100vw, 1440px\" \/><\/p>\n<h3>Todas las fechas de la nueva gira<\/h3>\n<div class=\"cnt-txt\">\n<ul>\n<li>Santo Domingo, Rep\u00fablica dominicana: 21 de noviembre de 2025<\/li>\n<li>San Jos\u00e9, Costa Rica: 5 de diciembre de 2025<\/li>\n<li>M\u00e9xico City, Mexico: 10 de diciembre de 2025<\/li>\n<li>Mexico City, Mexico: 11 de diciembre de 2025<\/li>\n<li>Medell\u00edn, Colombia: 23 de enero de 2026<\/li>\n<li>Lima, Per\u00fa: 30 de enero de 2026<\/li>\n<li>Santiago, Chile: 5 de febrero de 2026<\/li>\n<li>Buenos Aires, Argentina: 13 de febrero de 2026<\/li>\n<li>Sao Paulo, Brasil: 20 de febrero de 2026<\/li>\n<li>Sydney, Australia: 28 de febrero de 2026<\/li>\n<li>Tokyo, Jap\u00f3n: Marzo de 2026<\/li>\n<li><b>Barcelona, Espa\u00f1a: 22 de mayo de 2026<\/b><\/li>\n<li>Lisboa, Portugal: 26 de mayo de 2026<\/li>\n<li><b>Madrid, Espa\u00f1a: 30 de mayo de 2026<\/b><\/li>\n<li><b>Madrid, Espa\u00f1a: 31 de mayo de 2026<\/b><\/li>\n<li>Dusserdorf, Alemania: 20 de junio de 2026<\/li>\n<li>Arnhem, Pa\u00edses Bajos, 23 de junio de 2026<\/li>\n<li>Londres: 27 de junio de 2026<\/li>\n<li>Marsella, Francia: 1 de julio de 2026<\/li>\n<li>Paris, Francia: 4 de julio de 2026<\/li>\n<li>Estocolmo, Suecia: 10 de julio de 2026<\/li>\n<li>Warsaw, Polonia: 14 de julio de 2026<\/li>\n<li>Milan, Italia: 17 de julio de 2026<\/li>\n<li>Bruselas, B\u00e9lgica: 22 de julio de 2026<\/li>\n<\/ul>\n<h3>Cu\u00e1ndo salen\u00a0las entradas<\/h3>\n<p>Ser\u00e1\u00a0<b>el pr\u00f3ximo 9 de mayo\u00a0<\/b>cuando salgan a la venta las entradas generales para los conciertos en Barcelona el 22 de mayo de 2026 y el 30 y 31 de mayo de 2026 para Madrid. Anota la hora para que no te quedes sin tu entrada, estar\u00e1 disponibles a partir de las 12:00 horas pero,\u00a0aquellos que est\u00e9n registrados en <a href=\"https:\/\/www.livenation.es\/event\/bad-bunny-deb%C3%AD-tirar-m%C3%A1s-fotos-world-tour-madrid-tickets-edp1595875\" target=\"_blank\">LiveNation.es, podr\u00e1n conseguir sus entradas<b>\u00a0en preventa el 8 de mayo<\/b> a partir de las 13:00 horas<\/a>.<\/p>\n<p><img decoding=\"async\" src=\"https:\/\/dynamicmedia.livenationinternational.com\/l\/e\/n\/0f4152a7-9281-424a-8521-51469d4e2f90.jpg?format=webp&amp;width=1920&amp;quality=75\" alt=\"BAD BUNNY\" \/><\/p>\n<h3 class=\"article-title-1\">Los precios de Bad Bunny en Madrid y Barcelona<\/h3>\n<p>As\u00ed<b>\u00a0los precios de las entradas generales<\/b>\u00a0de los conciertos de Bad Bunny en Espa\u00f1a ser\u00edan los siguientes:<\/p>\n<ul class=\"texto-noticia-list\">\n<li>PL1 GOLD CIRCLE 143,30 euros + 19 euros gastos<\/li>\n<li>PL1 GRADA 143,30 euros + 19 euros gastos<\/li>\n<li>PL2 GRADA 123,30 euros + 16,50 euros gastos<\/li>\n<li>PL2 PMR 123,30 euros + 16,50 euros gastos<\/li>\n<li>PL3 PISTA 108,30 euros + 14,50 euros gastos<\/li>\n<li>PL4 GRADA 93,30 euros + 12,50 euros gastos<\/li>\n<li>PL5 GRADA 83,30 euros + 11 euros gastos<\/li>\n<li>PL6 GRADA 73,30 euros + 10 euros gastos<\/li>\n<\/ul>\n<p>Y los precios de los pases VIP<\/p>\n<ul class=\"texto-noticia-list\">\n<li>VIP 1 &#8211; ULTIMATE BAD BUNNY VIP LOUNGE EXPERIENCE 543,30 euros + 72,50 euros gastos<\/li>\n<li>VIP 2 &#8211; PREMIUM EARLY ENTRY PACKAGE 348,30 euros + 46,50 euros gastos<\/li>\n<li>VIP 3 &#8211; GOLD PREMIUM TICKET PACKAGE 348,30 euros + 46,50 euros gastos<\/li>\n<li>VIP 4 &#8211; EARLY ENTRY PACKAGE 258,30 euros + 34,50 euros gastos<\/li>\n<li>VIP 5 &#8211; SILVER PREMIUM TICKET PACKAGE 273,30 euros + 36,50 euros gastos<\/li>\n<\/ul>\n<p><em>*Im\u00e1genes: Getty Images e Instagram<\/em><\/p>\n<p>&nbsp;<\/p>\n<\/div>\n","protected":false},"author":11653,"featured_media":184474,"template":"","format":"standard","categories":[2971],"acf":{"banner":""},"yoast_head":"<!-- This site is optimized with the Yoast SEO Premium plugin v18.5 (Yoast SEO v20.4) - https:\/\/yoast.com\/wordpress\/plugins\/seo\/ -->\n<title>Bad Bunny anuncia gira mundial y estas son las fechas en Espa\u00f1a | Grazia<\/title>\n<meta name=\"description\" content=\"El Metropolitano en Madrid y al Estadi Ol\u00edmpic de Barcelona formar\u00e1n parte de sus shows con tres conciertos en total.\" \/>\n<meta name=\"robots\" content=\"index, follow, max-snippet:-1, max-image-preview:large, max-video-preview:-1\" \/>\n<link rel=\"canonical\" href=\"https:\/\/graziamagazine.com\/es\/articles\/bad-bunny-anuncia-gira-mundial-y-estas-son-las-fechas-en-espana\/\" \/>\n<meta property=\"og:locale\" content=\"es_ES\" \/>\n<meta property=\"og:type\" content=\"article\" \/>\n<meta property=\"og:title\" content=\"Bad Bunny anuncia gira mundial y estas son las fechas en Espa\u00f1a\" \/>\n<meta property=\"og:description\" content=\"El Metropolitano en Madrid y al Estadi Ol\u00edmpic de Barcelona formar\u00e1n parte de sus shows con tres conciertos en total.\" \/>\n<meta property=\"og:url\" content=\"https:\/\/graziamagazine.com\/es\/articles\/bad-bunny-anuncia-gira-mundial-y-estas-son-las-fechas-en-espana\/\" \/>\n<meta property=\"og:site_name\" content=\"Grazia\" \/>\n<meta property=\"og:image\" content=\"https:\/\/graziamagazine.com\/es\/wp-content\/uploads\/sites\/12\/2025\/05\/badbunny-2-kWDB-U2301672842124tMH-1200x840@Diario-Sur-copia.jpg\" \/>\n\t<meta property=\"og:image:width\" content=\"1200\" \/>\n\t<meta property=\"og:image:height\" content=\"840\" \/>\n\t<meta property=\"og:image:type\" content=\"image\/jpeg\" \/>\n<meta name=\"twitter:card\" content=\"summary_large_image\" \/>\n<meta name=\"twitter:label1\" content=\"Est. reading time\" \/>\n\t<meta name=\"twitter:data1\" content=\"4 minutos\" \/>\n<script type=\"application\/ld+json\" class=\"yoast-schema-graph\">{\"@context\":\"https:\/\/schema.org\",\"@graph\":[{\"@type\":\"WebPage\",\"@id\":\"https:\/\/graziamagazine.com\/es\/articles\/bad-bunny-anuncia-gira-mundial-y-estas-son-las-fechas-en-espana\/\",\"url\":\"https:\/\/graziamagazine.com\/es\/articles\/bad-bunny-anuncia-gira-mundial-y-estas-son-las-fechas-en-espana\/\",\"name\":\"Bad Bunny anuncia gira mundial y estas son las fechas en Espa\u00f1a | Grazia\",\"isPartOf\":{\"@id\":\"https:\/\/graziamagazine.com\/es\/#website\"},\"datePublished\":\"2025-05-06T11:58:31+00:00\",\"dateModified\":\"2025-05-06T11:58:31+00:00\",\"description\":\"El Metropolitano en Madrid y al Estadi Ol\u00edmpic de Barcelona formar\u00e1n parte de sus shows con tres conciertos en total.\",\"breadcrumb\":{\"@id\":\"https:\/\/graziamagazine.com\/es\/articles\/bad-bunny-anuncia-gira-mundial-y-estas-son-las-fechas-en-espana\/#breadcrumb\"},\"inLanguage\":\"es\",\"potentialAction\":[{\"@type\":\"ReadAction\",\"target\":[\"https:\/\/graziamagazine.com\/es\/articles\/bad-bunny-anuncia-gira-mundial-y-estas-son-las-fechas-en-espana\/\"]}]},{\"@type\":\"BreadcrumbList\",\"@id\":\"https:\/\/graziamagazine.com\/es\/articles\/bad-bunny-anuncia-gira-mundial-y-estas-son-las-fechas-en-espana\/#breadcrumb\",\"itemListElement\":[{\"@type\":\"ListItem\",\"position\":1,\"name\":\"Portada\",\"item\":\"https:\/\/graziamagazine.com\/es\/\"},{\"@type\":\"ListItem\",\"position\":2,\"name\":\"Bad Bunny anuncia gira mundial y estas son las fechas en Espa\u00f1a\"}]},{\"@type\":\"WebSite\",\"@id\":\"https:\/\/graziamagazine.com\/es\/#website\",\"url\":\"https:\/\/graziamagazine.com\/es\/\",\"name\":\"Grazia\",\"description\":\"Moda, belleza, celebrities, estilo de vida...\",\"potentialAction\":[{\"@type\":\"SearchAction\",\"target\":{\"@type\":\"EntryPoint\",\"urlTemplate\":\"https:\/\/graziamagazine.com\/es\/?s={search_term_string}\"},\"query-input\":\"required name=search_term_string\"}],\"inLanguage\":\"es\"}]}<\/script>\n<!-- \/ Yoast SEO Premium plugin. -->","yoast_head_json":{"title":"Bad Bunny anuncia gira mundial y estas son las fechas en Espa\u00f1a | Grazia","description":"El Metropolitano en Madrid y al Estadi Ol\u00edmpic de Barcelona formar\u00e1n parte de sus shows con tres conciertos en total.","robots":{"index":"index","follow":"follow","max-snippet":"max-snippet:-1","max-image-preview":"max-image-preview:large","max-video-preview":"max-video-preview:-1"},"canonical":"https:\/\/graziamagazine.com\/es\/articles\/bad-bunny-anuncia-gira-mundial-y-estas-son-las-fechas-en-espana\/","og_locale":"es_ES","og_type":"article","og_title":"Bad Bunny anuncia gira mundial y estas son las fechas en Espa\u00f1a","og_description":"El Metropolitano en Madrid y al Estadi Ol\u00edmpic de Barcelona formar\u00e1n parte de sus shows con tres conciertos en total.","og_url":"https:\/\/graziamagazine.com\/es\/articles\/bad-bunny-anuncia-gira-mundial-y-estas-son-las-fechas-en-espana\/","og_site_name":"Grazia","og_image":[{"width":1200,"height":840,"url":"https:\/\/graziamagazine.com\/es\/wp-content\/uploads\/sites\/12\/2025\/05\/badbunny-2-kWDB-U2301672842124tMH-1200x840@Diario-Sur-copia.jpg","type":"image\/jpeg"}],"twitter_card":"summary_large_image","twitter_misc":{"Est. reading time":"4 minutos"},"schema":{"@context":"https:\/\/schema.org","@graph":[{"@type":"WebPage","@id":"https:\/\/graziamagazine.com\/es\/articles\/bad-bunny-anuncia-gira-mundial-y-estas-son-las-fechas-en-espana\/","url":"https:\/\/graziamagazine.com\/es\/articles\/bad-bunny-anuncia-gira-mundial-y-estas-son-las-fechas-en-espana\/","name":"Bad Bunny anuncia gira mundial y estas son las fechas en Espa\u00f1a | Grazia","isPartOf":{"@id":"https:\/\/graziamagazine.com\/es\/#website"},"datePublished":"2025-05-06T11:58:31+00:00","dateModified":"2025-05-06T11:58:31+00:00","description":"El Metropolitano en Madrid y al Estadi Ol\u00edmpic de Barcelona formar\u00e1n parte de sus shows con tres conciertos en total.","breadcrumb":{"@id":"https:\/\/graziamagazine.com\/es\/articles\/bad-bunny-anuncia-gira-mundial-y-estas-son-las-fechas-en-espana\/#breadcrumb"},"inLanguage":"es","potentialAction":[{"@type":"ReadAction","target":["https:\/\/graziamagazine.com\/es\/articles\/bad-bunny-anuncia-gira-mundial-y-estas-son-las-fechas-en-espana\/"]}]},{"@type":"BreadcrumbList","@id":"https:\/\/graziamagazine.com\/es\/articles\/bad-bunny-anuncia-gira-mundial-y-estas-son-las-fechas-en-espana\/#breadcrumb","itemListElement":[{"@type":"ListItem","position":1,"name":"Portada","item":"https:\/\/graziamagazine.com\/es\/"},{"@type":"ListItem","position":2,"name":"Bad Bunny anuncia gira mundial y estas son las fechas en Espa\u00f1a"}]},{"@type":"WebSite","@id":"https:\/\/graziamagazine.com\/es\/#website","url":"https:\/\/graziamagazine.com\/es\/","name":"Grazia","description":"Moda, belleza, celebrities, estilo de vida...","potentialAction":[{"@type":"SearchAction","target":{"@type":"EntryPoint","urlTemplate":"https:\/\/graziamagazine.com\/es\/?s={search_term_string}"},"query-input":"required name=search_term_string"}],"inLanguage":"es"}]}},"jetpack_sharing_enabled":true,"distributor_meta":false,"distributor_terms":false,"distributor_media":false,"distributor_original_site_name":"Grazia","distributor_original_site_url":"https:\/\/graziamagazine.com\/es","push-errors":false,"_links":{"self":[{"href":"https:\/\/graziamagazine.com\/es\/wp-json\/wp\/v2\/articles\/184455"}],"collection":[{"href":"https:\/\/graziamagazine.com\/es\/wp-json\/wp\/v2\/articles"}],"about":[{"href":"https:\/\/graziamagazine.com\/es\/wp-json\/wp\/v2\/types\/articles"}],"author":[{"embeddable":true,"href":"https:\/\/graziamagazine.com\/es\/wp-json\/wp\/v2\/users\/11653"}],"wp:featuredmedia":[{"embeddable":true,"href":"https:\/\/graziamagazine.com\/es\/wp-json\/wp\/v2\/media\/184474"}],"wp:attachment":[{"href":"https:\/\/graziamagazine.com\/es\/wp-json\/wp\/v2\/media?parent=184455"}],"wp:term":[{"taxonomy":"category","embeddable":true,"href":"https:\/\/graziamagazine.com\/es\/wp-json\/wp\/v2\/categories?post=184455"}],"curies":[{"name":"wp","href":"https:\/\/api.w.org\/{rel}","templated":true}]}}