{"id":184432,"date":"2025-05-05T22:58:08","date_gmt":"2025-05-05T20:58:08","guid":{"rendered":"https:\/\/graziamagazine.com\/es\/?post_type=articles&#038;p=184432"},"modified":"2025-05-06T11:58:42","modified_gmt":"2025-05-06T09:58:42","slug":"met-gala-2025-los-mejores-looks-de-la-alfombra-roja","status":"publish","type":"articles","link":"https:\/\/graziamagazine.com\/es\/articles\/met-gala-2025-los-mejores-looks-de-la-alfombra-roja\/","title":{"rendered":"MET Gala 2025, los mejores looks de la alfombra roja"},"content":{"rendered":"<p>Como cada primer lunes de mayo, el Museo Metropolitano de Arte de Nueva York acoge una nueva edici\u00f3n de los llamados Oscar de la Moda, la MET Gala 2025, una excusa para inaugurar la nueva exposici\u00f3n del Costume Institute.<\/p>\n<p>Este a\u00f1o la exposici\u00f3n llega por nombre<em><strong>\u00a0Impecable: la confecci\u00f3n del estilo negro\u00a0<\/strong><\/em>y explora la figura del dandi negro. \u00bfEsto qu\u00e9 quiere decir? Es una revisi\u00f3n de c\u00f3mo la moda ha sido clave en la creaci\u00f3n de las identidades dentro de la di\u00e1spora atl\u00e1ntica. Basado en el libro de Monica Miller titulado\u00a0<em>Esclavos de la moda: Dandismo negro y el estilo de la identidad de la di\u00e1spora negra\u00a0<\/em>(2009), en unas horas descubriremos c\u00f3mo los asistentes han reinterpretado este c\u00f3digo de vestimenta, siguiendo la estela que negros -tanto esclavos como libres- hicieron en su momento con la sastrer\u00eda como una manera de conquistar derechos e imaginar nuevas v\u00edas de autoexpresi\u00f3n.<\/p>\n<p>Por la alfombra roja desfilan numerosos rostros conocidos y aqu\u00ed te dejamos todos los looks.<\/p>\n<h3>Monica Barbaro, de Dior<\/h3>\n<p>Monica Barbaro luci\u00f3 una reinterpretaci\u00f3n de la Bar Jacket en seda color marfil, una camisa de popelina blanca y una falda de tul negra. Tambi\u00e9n luci\u00f3 una corbata de seda negra, guantes de cuero negros y zapatos de tac\u00f3n negros. Adem\u00e1s, luci\u00f3 un sombrero canotier blanco de Dior con cinta de seda negra y el maquillaje tambi\u00e9n fue de Dior Beauty.<\/p>\n<p><img decoding=\"async\" src=\"https:\/\/refresh-bee-production.s3.amazonaws.com\/beefree\/images\/e05f16a6042bbd86604bb1af5a712c26f726d542447c51c9c162aa5001223fac\/editor_images\/2025\/05\/MONICA%20BARBARO_MET%20GALA_DIOR.jpg\" \/><\/p>\n<h3 class=\"BaseWrap-sc-gjQpdd BaseText-ewhhUZ GallerySlideCaptionHed-fiZQOl iUEiRd hdOUAv cxByqC\"><span class=\"GallerySlideCaptionHedText-iqjOmM jwPuvZ\">Nicole Kidman, de Balenciaga<\/span><\/h3>\n<p><img decoding=\"async\" src=\"https:\/\/media.glamour.es\/photos\/6819553336500bf2c9297c20\/master\/w_2580%2Cc_limit\/GettyImages-2213615521.jpg\" \/><\/p>\n<h3>Jenna Ortega, de Balmain<\/h3>\n<p><img loading=\"lazy\" decoding=\"async\" class=\"aligncenter size-full wp-image-184454\" src=\"https:\/\/graziamagazine.com\/es\/wp-content\/uploads\/sites\/12\/2025\/05\/metmuseum-5-e1746494781626.jpg\" alt=\"\" width=\"1236\" height=\"1773\" srcset=\"https:\/\/graziamagazine.com\/es\/wp-content\/uploads\/sites\/12\/2025\/05\/metmuseum-5-e1746494781626.jpg 1236w, https:\/\/graziamagazine.com\/es\/wp-content\/uploads\/sites\/12\/2025\/05\/metmuseum-5-e1746494781626-209x300.jpg 209w, https:\/\/graziamagazine.com\/es\/wp-content\/uploads\/sites\/12\/2025\/05\/metmuseum-5-e1746494781626-714x1024.jpg 714w, https:\/\/graziamagazine.com\/es\/wp-content\/uploads\/sites\/12\/2025\/05\/metmuseum-5-e1746494781626-768x1102.jpg 768w, https:\/\/graziamagazine.com\/es\/wp-content\/uploads\/sites\/12\/2025\/05\/metmuseum-5-e1746494781626-1071x1536.jpg 1071w, https:\/\/graziamagazine.com\/es\/wp-content\/uploads\/sites\/12\/2025\/05\/metmuseum-5-e1746494781626-400x574.jpg 400w, https:\/\/graziamagazine.com\/es\/wp-content\/uploads\/sites\/12\/2025\/05\/metmuseum-5-e1746494781626-150x215.jpg 150w\" sizes=\"(max-width: 1236px) 100vw, 1236px\" \/><\/p>\n<h3>Kylie Jenner, de Ferragamo<\/h3>\n<p><img loading=\"lazy\" decoding=\"async\" class=\"aligncenter size-full wp-image-184453\" src=\"https:\/\/graziamagazine.com\/es\/wp-content\/uploads\/sites\/12\/2025\/05\/ferragamo-1.jpg\" alt=\"\" width=\"1440\" height=\"1920\" srcset=\"https:\/\/graziamagazine.com\/es\/wp-content\/uploads\/sites\/12\/2025\/05\/ferragamo-1.jpg 1440w, https:\/\/graziamagazine.com\/es\/wp-content\/uploads\/sites\/12\/2025\/05\/ferragamo-1-225x300.jpg 225w, https:\/\/graziamagazine.com\/es\/wp-content\/uploads\/sites\/12\/2025\/05\/ferragamo-1-768x1024.jpg 768w, https:\/\/graziamagazine.com\/es\/wp-content\/uploads\/sites\/12\/2025\/05\/ferragamo-1-1152x1536.jpg 1152w, https:\/\/graziamagazine.com\/es\/wp-content\/uploads\/sites\/12\/2025\/05\/ferragamo-1-400x533.jpg 400w, https:\/\/graziamagazine.com\/es\/wp-content\/uploads\/sites\/12\/2025\/05\/ferragamo-1-155x207.jpg 155w\" sizes=\"(max-width: 1440px) 100vw, 1440px\" \/><\/p>\n<h3>Hailey Bieber, de ysl<\/h3>\n<p><img decoding=\"async\" src=\"https:\/\/media.vogue.es\/photos\/68195d5a08702d63fd5099de\/master\/w_2580%2Cc_limit\/2213619805\" \/><\/p>\n<h3><span data-olk-copy-source=\"MessageBody\">Anna Sawai, de Dior<\/span><\/h3>\n<p>Anna Sawai luci\u00f3 una chaqueta, pantal\u00f3n y corbata blancos de lana y seda de Dior, con una camisa blanca de popelina, gafas de sol Dior y guantes de cuero blancos. Tambi\u00e9n luci\u00f3 un sombrero blanco de ala ancha de Dior. Maquillaje de Dior Beauty.<\/p>\n<p><img decoding=\"async\" src=\"https:\/\/refresh-bee-production.s3.amazonaws.com\/beefree\/images\/e05f16a6042bbd86604bb1af5a712c26f726d542447c51c9c162aa5001223fac\/editor_images\/2025\/05\/ANNA%20SAWAI_MET%20GALA_DIOR.jpg\" \/><\/p>\n<div class=\"GallerySlideWrapper-yxPsh mpwLO\" data-event-boundary=\"click\" data-in-view=\"{&quot;pattern&quot;:&quot;GallerySlide&quot;}\" data-event-click=\"{&quot;pattern&quot;:&quot;GallerySlide&quot;}\" data-item=\"{&quot;dangerousHed&quot;:&quot;Kim Kardashian&quot;,&quot;brand&quot;:{&quot;name&quot;:&quot;&quot;},&quot;id&quot;:&quot;68195d5a08702d63fd5099d7&quot;,&quot;index&quot;:2,&quot;contentType&quot;:&quot;photo&quot;,&quot;offers&quot;:[],&quot;component&quot;:&quot;gallery_slide_component&quot;}\" data-testid=\"GallerySlideWrapper\" data-include-experiments=\"true\">\n<figure class=\"GallerySlideFigure-jhDfjI bGQGmP\"><figcaption class=\"GallerySlideFigCaptionWrapper-QgqEb jqOVHf GallerySlideCaptionWrapper-cVIrXn gmZcZa\">\n<div class=\"GallerySlideFigCaption-dOeyTg dJsBXf\">\n<h3 class=\"BaseWrap-sc-gjQpdd BaseText-ewhhUZ GallerySlideCaptionHed-fiZQOl iUEiRd bIqiJH grNYxq\"><span class=\"GallerySlideCaptionHedText-iqjOmM jwPuvZ\">Kim Kardashian, de\u00a0<\/span><\/h3>\n<\/div>\n<div class=\"GallerySlideFigCaption-dOeyTg dJsBXf\">\n<p><img decoding=\"async\" src=\"https:\/\/media.vogue.es\/photos\/68195d5a08702d63fd5099d7\/master\/w_2580%2Cc_limit\/2213620112\" \/><\/p>\n<div class=\"GallerySlideWrapper-yxPsh mpwLO\" data-event-boundary=\"click\" data-in-view=\"{&quot;pattern&quot;:&quot;GallerySlide&quot;}\" data-event-click=\"{&quot;pattern&quot;:&quot;GallerySlide&quot;}\" data-item=\"{&quot;dangerousHed&quot;:&quot;Chappell Roan&quot;,&quot;brand&quot;:{&quot;name&quot;:&quot;&quot;},&quot;id&quot;:&quot;68195d5a08702d63fd5099da&quot;,&quot;index&quot;:5,&quot;contentType&quot;:&quot;photo&quot;,&quot;offers&quot;:[],&quot;component&quot;:&quot;gallery_slide_component&quot;}\" data-testid=\"GallerySlideWrapper\" data-include-experiments=\"true\">\n<figure class=\"GallerySlideFigure-jhDfjI bGQGmP\"><figcaption class=\"GallerySlideFigCaptionWrapper-QgqEb jqOVHf GallerySlideCaptionWrapper-cVIrXn gmZcZa\">\n<div class=\"GallerySlideFigCaption-dOeyTg dJsBXf\">\n<h3 class=\"BaseWrap-sc-gjQpdd BaseText-ewhhUZ GallerySlideCaptionHed-fiZQOl iUEiRd bIqiJH grNYxq\"><span class=\"GallerySlideCaptionHedText-iqjOmM jwPuvZ\">Chappell Roan<\/span><\/h3>\n<p><img decoding=\"async\" src=\"https:\/\/media.vogue.es\/photos\/68195d5a08702d63fd5099da\/master\/w_2580%2Cc_limit\/2213619974\" \/><\/p>\n<div class=\"GallerySlideWrapper-yxPsh mpwLO\" data-event-boundary=\"click\" data-in-view=\"{&quot;pattern&quot;:&quot;GallerySlide&quot;}\" data-event-click=\"{&quot;pattern&quot;:&quot;GallerySlide&quot;}\" data-item=\"{&quot;dangerousHed&quot;:&quot;Janelle Mon\u00e1e&quot;,&quot;brand&quot;:{&quot;name&quot;:&quot;&quot;},&quot;id&quot;:&quot;68195d5a08702d63fd5099db&quot;,&quot;index&quot;:6,&quot;contentType&quot;:&quot;photo&quot;,&quot;offers&quot;:[],&quot;component&quot;:&quot;gallery_slide_component&quot;}\" data-testid=\"GallerySlideWrapper\" data-include-experiments=\"true\">\n<figure class=\"GallerySlideFigure-jhDfjI bGQGmP\"><figcaption class=\"GallerySlideFigCaptionWrapper-QgqEb jqOVHf GallerySlideCaptionWrapper-cVIrXn gmZcZa\">\n<div class=\"GallerySlideFigCaption-dOeyTg dJsBXf\">\n<h3 class=\"BaseWrap-sc-gjQpdd BaseText-ewhhUZ GallerySlideCaptionHed-fiZQOl iUEiRd bIqiJH grNYxq\"><span class=\"GallerySlideCaptionHedText-iqjOmM jwPuvZ\">Janelle Mon\u00e1e, de Thom Browne<\/span><\/h3>\n<p><img decoding=\"async\" src=\"https:\/\/media.vogue.es\/photos\/68195d5a08702d63fd5099db\/master\/w_2580%2Cc_limit\/2213619922\" \/><\/p>\n<\/div>\n<\/figcaption><\/figure>\n<\/div>\n<\/div>\n<\/figcaption><\/figure>\n<\/div>\n<\/div>\n<\/figcaption><\/figure>\n<\/div>\n<h3>Kendall Jenner, de custom Torisheju Dumi<\/h3>\n<p><img loading=\"lazy\" decoding=\"async\" class=\"aligncenter size-full wp-image-184452\" src=\"https:\/\/graziamagazine.com\/es\/wp-content\/uploads\/sites\/12\/2025\/05\/kendalljenner.jpg\" alt=\"\" width=\"1440\" height=\"1800\" srcset=\"https:\/\/graziamagazine.com\/es\/wp-content\/uploads\/sites\/12\/2025\/05\/kendalljenner.jpg 1440w, https:\/\/graziamagazine.com\/es\/wp-content\/uploads\/sites\/12\/2025\/05\/kendalljenner-240x300.jpg 240w, https:\/\/graziamagazine.com\/es\/wp-content\/uploads\/sites\/12\/2025\/05\/kendalljenner-819x1024.jpg 819w, https:\/\/graziamagazine.com\/es\/wp-content\/uploads\/sites\/12\/2025\/05\/kendalljenner-768x960.jpg 768w, https:\/\/graziamagazine.com\/es\/wp-content\/uploads\/sites\/12\/2025\/05\/kendalljenner-1229x1536.jpg 1229w, https:\/\/graziamagazine.com\/es\/wp-content\/uploads\/sites\/12\/2025\/05\/kendalljenner-400x500.jpg 400w, https:\/\/graziamagazine.com\/es\/wp-content\/uploads\/sites\/12\/2025\/05\/kendalljenner-155x194.jpg 155w\" sizes=\"(max-width: 1440px) 100vw, 1440px\" \/><\/p>\n<h3>Madonna, de Haider Ackermann<\/h3>\n<p><img loading=\"lazy\" decoding=\"async\" class=\"aligncenter size-full wp-image-184451\" src=\"https:\/\/graziamagazine.com\/es\/wp-content\/uploads\/sites\/12\/2025\/05\/madonna-3.jpg\" alt=\"\" width=\"1440\" height=\"1800\" srcset=\"https:\/\/graziamagazine.com\/es\/wp-content\/uploads\/sites\/12\/2025\/05\/madonna-3.jpg 1440w, https:\/\/graziamagazine.com\/es\/wp-content\/uploads\/sites\/12\/2025\/05\/madonna-3-240x300.jpg 240w, https:\/\/graziamagazine.com\/es\/wp-content\/uploads\/sites\/12\/2025\/05\/madonna-3-819x1024.jpg 819w, https:\/\/graziamagazine.com\/es\/wp-content\/uploads\/sites\/12\/2025\/05\/madonna-3-768x960.jpg 768w, https:\/\/graziamagazine.com\/es\/wp-content\/uploads\/sites\/12\/2025\/05\/madonna-3-1229x1536.jpg 1229w, https:\/\/graziamagazine.com\/es\/wp-content\/uploads\/sites\/12\/2025\/05\/madonna-3-400x500.jpg 400w, https:\/\/graziamagazine.com\/es\/wp-content\/uploads\/sites\/12\/2025\/05\/madonna-3-155x194.jpg 155w\" sizes=\"(max-width: 1440px) 100vw, 1440px\" \/><\/p>\n<h3>Rosal\u00eda, de custom Balmain<\/h3>\n<p><img decoding=\"async\" src=\"https:\/\/media.vogue.es\/photos\/68195abd529ad01efa296b44\/master\/w_2580%2Cc_limit\/2213619077\" \/><\/p>\n<h3>shakira, de Prabal Gurung<\/h3>\n<p><img loading=\"lazy\" decoding=\"async\" class=\"aligncenter size-full wp-image-184450\" src=\"https:\/\/graziamagazine.com\/es\/wp-content\/uploads\/sites\/12\/2025\/05\/voguespain-4.jpg\" alt=\"\" width=\"1440\" height=\"1800\" srcset=\"https:\/\/graziamagazine.com\/es\/wp-content\/uploads\/sites\/12\/2025\/05\/voguespain-4.jpg 1440w, https:\/\/graziamagazine.com\/es\/wp-content\/uploads\/sites\/12\/2025\/05\/voguespain-4-240x300.jpg 240w, https:\/\/graziamagazine.com\/es\/wp-content\/uploads\/sites\/12\/2025\/05\/voguespain-4-819x1024.jpg 819w, https:\/\/graziamagazine.com\/es\/wp-content\/uploads\/sites\/12\/2025\/05\/voguespain-4-768x960.jpg 768w, https:\/\/graziamagazine.com\/es\/wp-content\/uploads\/sites\/12\/2025\/05\/voguespain-4-1229x1536.jpg 1229w, https:\/\/graziamagazine.com\/es\/wp-content\/uploads\/sites\/12\/2025\/05\/voguespain-4-400x500.jpg 400w, https:\/\/graziamagazine.com\/es\/wp-content\/uploads\/sites\/12\/2025\/05\/voguespain-4-155x194.jpg 155w\" sizes=\"(max-width: 1440px) 100vw, 1440px\" \/><\/p>\n<h3>Miranda Kerr, de Dior<\/h3>\n<p>La actriz luci\u00f3 un vestido negro de terciopelo y seda con una estola de sat\u00e9n negra. Tambi\u00e9n luci\u00f3 guantes de seda negros, un velo negro y sandalias negras de Dior.<\/p>\n<p><img decoding=\"async\" src=\"https:\/\/refresh-bee-production.s3.amazonaws.com\/beefree\/images\/e05f16a6042bbd86604bb1af5a712c26f726d542447c51c9c162aa5001223fac\/editor_images\/2025\/05\/MIRANDA%20KERR_MET%20GALA_DIOR.jpg\" \/><\/p>\n<div class=\"GallerySlideWrapper-yxPsh mpwLO\" data-event-boundary=\"click\" data-in-view=\"{&quot;pattern&quot;:&quot;GallerySlide&quot;}\" data-event-click=\"{&quot;pattern&quot;:&quot;GallerySlide&quot;}\" data-item=\"{&quot;dangerousHed&quot;:&quot;Georgina Rodr\u00edguez, de Vetements&quot;,&quot;brand&quot;:{&quot;name&quot;:&quot;&quot;},&quot;id&quot;:&quot;68194e6637b3adc42423cc7e&quot;,&quot;index&quot;:15,&quot;contentType&quot;:&quot;photo&quot;,&quot;offers&quot;:[],&quot;component&quot;:&quot;gallery_slide_component&quot;}\" data-testid=\"GallerySlideWrapper\" data-include-experiments=\"true\">\n<figure class=\"GallerySlideFigure-jhDfjI bGQGmP\"><figcaption class=\"GallerySlideFigCaptionWrapper-QgqEb jqOVHf GallerySlideCaptionWrapper-cVIrXn gmZcZa\">\n<div class=\"GallerySlideFigCaption-dOeyTg dJsBXf\">\n<h3 class=\"BaseWrap-sc-gjQpdd BaseText-ewhhUZ GallerySlideCaptionHed-fiZQOl iUEiRd bIqiJH grNYxq\"><span class=\"GallerySlideCaptionHedText-iqjOmM jwPuvZ\">Georgina Rodr\u00edguez, de Vetements<\/span><\/h3>\n<p><img decoding=\"async\" src=\"https:\/\/media.vogue.es\/photos\/68194e6637b3adc42423cc7e\/master\/w_2580%2Cc_limit\/2213611522\" \/><\/p>\n<div class=\"GallerySlideWrapper-yxPsh mpwLO\" data-event-boundary=\"click\" data-in-view=\"{&quot;pattern&quot;:&quot;GallerySlide&quot;}\" data-event-click=\"{&quot;pattern&quot;:&quot;GallerySlide&quot;}\" data-item=\"{&quot;dangerousHed&quot;:&quot;Cynthia Erivo&quot;,&quot;brand&quot;:{&quot;name&quot;:&quot;&quot;},&quot;id&quot;:&quot;68194a1d9ff774eb2fec8d97&quot;,&quot;index&quot;:47,&quot;contentType&quot;:&quot;photo&quot;,&quot;offers&quot;:[],&quot;component&quot;:&quot;gallery_slide_component&quot;}\" data-testid=\"GallerySlideWrapper\" data-include-experiments=\"true\">\n<figure class=\"GallerySlideFigure-jhDfjI bGQGmP\"><figcaption class=\"GallerySlideFigCaptionWrapper-QgqEb jqOVHf GallerySlideCaptionWrapper-cVIrXn gmZcZa\">\n<div class=\"GallerySlideFigCaption-dOeyTg dJsBXf\">\n<h3 class=\"BaseWrap-sc-gjQpdd BaseText-ewhhUZ GallerySlideCaptionHed-fiZQOl iUEiRd bIqiJH grNYxq\"><span class=\"GallerySlideCaptionHedText-iqjOmM jwPuvZ\">Cynthia Erivo, de custom givenchy<\/span><\/h3>\n<p><img decoding=\"async\" src=\"https:\/\/media.vogue.es\/photos\/68194a1d9ff774eb2fec8d97\/master\/w_2580%2Cc_limit\/2213609801\" \/><\/p>\n<\/div>\n<div class=\"GallerySlideFigCaption-dOeyTg dJsBXf\">\n<div class=\"GallerySlideWrapper-yxPsh mpwLO\" data-event-boundary=\"click\" data-in-view=\"{&quot;pattern&quot;:&quot;GallerySlide&quot;}\" data-event-click=\"{&quot;pattern&quot;:&quot;GallerySlide&quot;}\" data-item=\"{&quot;dangerousHed&quot;:&quot;Stella McCartney y Mary J. Blige&quot;,&quot;brand&quot;:{&quot;name&quot;:&quot;&quot;},&quot;id&quot;:&quot;68195abd529ad01efa296b48&quot;,&quot;index&quot;:14,&quot;contentType&quot;:&quot;photo&quot;,&quot;offers&quot;:[],&quot;component&quot;:&quot;gallery_slide_component&quot;}\" data-testid=\"GallerySlideWrapper\" data-include-experiments=\"true\">\n<figure class=\"GallerySlideFigure-jhDfjI bGQGmP\"><figcaption class=\"GallerySlideFigCaptionWrapper-QgqEb jqOVHf GallerySlideCaptionWrapper-cVIrXn gmZcZa\">\n<div class=\"GallerySlideFigCaption-dOeyTg dJsBXf\">\n<h3 class=\"BaseWrap-sc-gjQpdd BaseText-ewhhUZ GallerySlideCaptionHed-fiZQOl iUEiRd bIqiJH grNYxq\"><span class=\"GallerySlideCaptionHedText-iqjOmM jwPuvZ\">Stella McCartney y Mary J. Blige<\/span><\/h3>\n<p><img decoding=\"async\" src=\"https:\/\/media.vogue.es\/photos\/68195abd529ad01efa296b48\/master\/w_2580%2Cc_limit\/2213618968\" \/><\/p>\n<\/div>\n<\/figcaption><\/figure>\n<\/div>\n<div class=\"GalleryVotingSlideWrapper-ERrMk eVeWAC\" data-event-boundary=\"click\" data-event-click=\"{&quot;pattern&quot;:&quot;GalleryVotingSlide&quot;}\" data-in-view=\"{&quot;pattern&quot;:&quot;GalleryVotingSlide&quot;}\" data-include-experiments=\"true\">\n<div class=\"VotingWrapper-khmsAf oxmNr\" data-testid=\"voting\"><\/div>\n<\/div>\n<div class=\"GallerySlideWrapper-yxPsh mpwLO\" data-event-boundary=\"click\" data-in-view=\"{&quot;pattern&quot;:&quot;GallerySlide&quot;}\" data-event-click=\"{&quot;pattern&quot;:&quot;GallerySlide&quot;}\" data-item=\"{&quot;dangerousHed&quot;:&quot;Suki Waterhouse&quot;,&quot;brand&quot;:{&quot;name&quot;:&quot;&quot;},&quot;id&quot;:&quot;6819459fa62fc3a8cad7ad12&quot;,&quot;index&quot;:53,&quot;contentType&quot;:&quot;photo&quot;,&quot;offers&quot;:[],&quot;component&quot;:&quot;gallery_slide_component&quot;}\" data-testid=\"GallerySlideWrapper\" data-include-experiments=\"true\">\n<figure class=\"GallerySlideFigure-jhDfjI bGQGmP\"><figcaption class=\"GallerySlideFigCaptionWrapper-QgqEb jqOVHf GallerySlideCaptionWrapper-cVIrXn gmZcZa\">\n<div class=\"GallerySlideFigCaption-dOeyTg dJsBXf\">\n<h3 class=\"BaseWrap-sc-gjQpdd BaseText-ewhhUZ GallerySlideCaptionHed-fiZQOl iUEiRd bIqiJH grNYxq\"><span class=\"GallerySlideCaptionHedText-iqjOmM jwPuvZ\">Suki Waterhouse<\/span><\/h3>\n<p><img decoding=\"async\" src=\"https:\/\/media.vogue.es\/photos\/6819459fa62fc3a8cad7ad12\/master\/w_2580%2Cc_limit\/2213608279\" \/><\/p>\n<div class=\"GallerySlideWrapper-yxPsh mpwLO\" data-event-boundary=\"click\" data-in-view=\"{&quot;pattern&quot;:&quot;GallerySlide&quot;}\" data-event-click=\"{&quot;pattern&quot;:&quot;GallerySlide&quot;}\" data-item=\"{&quot;dangerousHed&quot;:&quot;A$AP Rocky, coanfitri\u00f3n del evento este a\u00f1o&quot;,&quot;brand&quot;:{&quot;name&quot;:&quot;&quot;},&quot;id&quot;:&quot;6819459fa62fc3a8cad7ad28&quot;,&quot;index&quot;:52,&quot;contentType&quot;:&quot;photo&quot;,&quot;offers&quot;:[],&quot;component&quot;:&quot;gallery_slide_component&quot;}\" data-testid=\"GallerySlideWrapper\" data-include-experiments=\"true\">\n<figure class=\"GallerySlideFigure-jhDfjI bGQGmP\"><figcaption class=\"GallerySlideFigCaptionWrapper-QgqEb jqOVHf GallerySlideCaptionWrapper-cVIrXn gmZcZa\">\n<div class=\"GallerySlideFigCaption-dOeyTg dJsBXf\">\n<h3 class=\"BaseWrap-sc-gjQpdd BaseText-ewhhUZ GallerySlideCaptionHed-fiZQOl iUEiRd bIqiJH grNYxq\"><span class=\"GallerySlideCaptionHedText-iqjOmM jwPuvZ\">A$AP Rocky, coanfitri\u00f3n del evento este a\u00f1o<\/span><\/h3>\n<p><img decoding=\"async\" src=\"https:\/\/media.vogue.es\/photos\/6819459fa62fc3a8cad7ad28\/master\/w_2580%2Cc_limit\/2213606722\" \/><\/p>\n<\/div>\n<\/figcaption><\/figure>\n<\/div>\n<\/div>\n<\/figcaption><\/figure>\n<\/div>\n<\/div>\n<\/figcaption><\/figure>\n<\/div>\n<div class=\"GallerySlideWrapper-yxPsh mpwLO\" data-event-boundary=\"click\" data-in-view=\"{&quot;pattern&quot;:&quot;GallerySlide&quot;}\" data-event-click=\"{&quot;pattern&quot;:&quot;GallerySlide&quot;}\" data-item=\"{&quot;dangerousHed&quot;:&quot;Nick Jonas y Priyanka Chopra&quot;,&quot;brand&quot;:{&quot;name&quot;:&quot;&quot;},&quot;id&quot;:&quot;68194e6637b3adc42423cc7f&quot;,&quot;index&quot;:16,&quot;contentType&quot;:&quot;photo&quot;,&quot;offers&quot;:[],&quot;component&quot;:&quot;gallery_slide_component&quot;}\" data-testid=\"GallerySlideWrapper\" data-include-experiments=\"true\">\n<figure class=\"GallerySlideFigure-jhDfjI bGQGmP\"><figcaption class=\"GallerySlideFigCaptionWrapper-QgqEb jqOVHf GallerySlideCaptionWrapper-cVIrXn gmZcZa\">\n<div class=\"GallerySlideFigCaption-dOeyTg dJsBXf\">\n<h3 class=\"BaseWrap-sc-gjQpdd BaseText-ewhhUZ GallerySlideCaptionHed-fiZQOl iUEiRd bIqiJH grNYxq\"><span class=\"GallerySlideCaptionHedText-iqjOmM jwPuvZ\">Nick Jonas y Priyanka Chopra<\/span><\/h3>\n<p><img decoding=\"async\" src=\"https:\/\/media.vogue.es\/photos\/68194e6637b3adc42423cc7f\/master\/w_2580%2Cc_limit\/2213612380\" \/><\/p>\n<h3><span style=\"font-family: inherit;font-size: 21px;font-weight: bold;letter-spacing: 2px\">Lana Del Rey, de Valentino<\/span><\/h3>\n<p><img decoding=\"async\" src=\"https:\/\/media.vogue.es\/photos\/68194e6637b3adc42423cc83\/master\/w_2580%2Cc_limit\/2213612446\" \/><\/p>\n<div class=\"GalleryVotingSlideWrapper-ERrMk eVeWAC\" data-event-boundary=\"click\" data-event-click=\"{&quot;pattern&quot;:&quot;GalleryVotingSlide&quot;}\" data-in-view=\"{&quot;pattern&quot;:&quot;GalleryVotingSlide&quot;}\" data-include-experiments=\"true\">\n<div class=\"VotingWrapper-khmsAf oxmNr\" data-testid=\"voting\"><\/div>\n<\/div>\n<\/div>\n<\/figcaption><\/figure>\n<\/div>\n<\/div>\n<\/figcaption><\/figure>\n<\/div>\n<div class=\"GallerySlideWrapper-yxPsh mpwLO\" data-event-boundary=\"click\" data-in-view=\"{&quot;pattern&quot;:&quot;GallerySlide&quot;}\" data-event-click=\"{&quot;pattern&quot;:&quot;GallerySlide&quot;}\" data-item=\"{&quot;dangerousHed&quot;:&quot;Aimee Lou Wood&quot;,&quot;brand&quot;:{&quot;name&quot;:&quot;&quot;},&quot;id&quot;:&quot;68194e6637b3adc42423cc79&quot;,&quot;index&quot;:10,&quot;contentType&quot;:&quot;photo&quot;,&quot;offers&quot;:[],&quot;component&quot;:&quot;gallery_slide_component&quot;}\" data-testid=\"GallerySlideWrapper\" data-include-experiments=\"true\">\n<figure class=\"GallerySlideFigure-jhDfjI bGQGmP\"><figcaption class=\"GallerySlideFigCaptionWrapper-QgqEb jqOVHf GallerySlideCaptionWrapper-cVIrXn gmZcZa\">\n<div class=\"GallerySlideFigCaption-dOeyTg dJsBXf\">\n<h3 class=\"BaseWrap-sc-gjQpdd BaseText-ewhhUZ GallerySlideCaptionHed-fiZQOl iUEiRd bIqiJH grNYxq\"><span class=\"GallerySlideCaptionHedText-iqjOmM jwPuvZ\">Aimee Lou Wood<\/span><\/h3>\n<p><img loading=\"lazy\" decoding=\"async\" class=\"aligncenter size-full wp-image-184449\" src=\"https:\/\/graziamagazine.com\/es\/wp-content\/uploads\/sites\/12\/2025\/05\/graziamexico-18.jpg\" alt=\"\" width=\"1440\" height=\"1800\" srcset=\"https:\/\/graziamagazine.com\/es\/wp-content\/uploads\/sites\/12\/2025\/05\/graziamexico-18.jpg 1440w, https:\/\/graziamagazine.com\/es\/wp-content\/uploads\/sites\/12\/2025\/05\/graziamexico-18-240x300.jpg 240w, https:\/\/graziamagazine.com\/es\/wp-content\/uploads\/sites\/12\/2025\/05\/graziamexico-18-819x1024.jpg 819w, https:\/\/graziamagazine.com\/es\/wp-content\/uploads\/sites\/12\/2025\/05\/graziamexico-18-768x960.jpg 768w, https:\/\/graziamagazine.com\/es\/wp-content\/uploads\/sites\/12\/2025\/05\/graziamexico-18-1229x1536.jpg 1229w, https:\/\/graziamagazine.com\/es\/wp-content\/uploads\/sites\/12\/2025\/05\/graziamexico-18-400x500.jpg 400w, https:\/\/graziamagazine.com\/es\/wp-content\/uploads\/sites\/12\/2025\/05\/graziamexico-18-155x194.jpg 155w\" sizes=\"(max-width: 1440px) 100vw, 1440px\" \/><\/p>\n<div class=\"GallerySlideWrapper-yxPsh mpwLO\" data-event-boundary=\"click\" data-in-view=\"{&quot;pattern&quot;:&quot;GallerySlide&quot;}\" data-event-click=\"{&quot;pattern&quot;:&quot;GallerySlide&quot;}\" data-item=\"{&quot;dangerousHed&quot;:&quot;Alicia Keys and Swizz Beatz&quot;,&quot;brand&quot;:{&quot;name&quot;:&quot;&quot;},&quot;id&quot;:&quot;68194e6637b3adc42423cc88&quot;,&quot;index&quot;:25,&quot;contentType&quot;:&quot;photo&quot;,&quot;offers&quot;:[],&quot;component&quot;:&quot;gallery_slide_component&quot;}\" data-testid=\"GallerySlideWrapper\" data-include-experiments=\"true\">\n<figure class=\"GallerySlideFigure-jhDfjI bGQGmP\"><figcaption class=\"GallerySlideFigCaptionWrapper-QgqEb jqOVHf GallerySlideCaptionWrapper-cVIrXn gmZcZa\">\n<div class=\"GallerySlideFigCaption-dOeyTg dJsBXf\">\n<h3 class=\"BaseWrap-sc-gjQpdd BaseText-ewhhUZ GallerySlideCaptionHed-fiZQOl iUEiRd bIqiJH grNYxq\"><span class=\"GallerySlideCaptionHedText-iqjOmM jwPuvZ\">Alicia Keys and Swizz Beatz<\/span><\/h3>\n<p><img decoding=\"async\" src=\"https:\/\/media.vogue.es\/photos\/68194e6637b3adc42423cc88\/master\/w_2580%2Cc_limit\/2213611011\" \/><\/p>\n<div class=\"GallerySlideWrapper-yxPsh mpwLO\" data-event-boundary=\"click\" data-in-view=\"{&quot;pattern&quot;:&quot;GallerySlide&quot;}\" data-event-click=\"{&quot;pattern&quot;:&quot;GallerySlide&quot;}\" data-item=\"{&quot;dangerousHed&quot;:&quot;Edward Enninful y Serena Williams&quot;,&quot;brand&quot;:{&quot;name&quot;:&quot;&quot;},&quot;id&quot;:&quot;68194e6637b3adc42423cc8d&quot;,&quot;index&quot;:30,&quot;contentType&quot;:&quot;photo&quot;,&quot;offers&quot;:[],&quot;component&quot;:&quot;gallery_slide_component&quot;}\" data-testid=\"GallerySlideWrapper\" data-include-experiments=\"true\">\n<figure class=\"GallerySlideFigure-jhDfjI bGQGmP\"><figcaption class=\"GallerySlideFigCaptionWrapper-QgqEb jqOVHf GallerySlideCaptionWrapper-cVIrXn gmZcZa\">\n<div class=\"GallerySlideFigCaption-dOeyTg dJsBXf\">\n<h3 class=\"BaseWrap-sc-gjQpdd BaseText-ewhhUZ GallerySlideCaptionHed-fiZQOl iUEiRd bIqiJH grNYxq\"><span class=\"GallerySlideCaptionHedText-iqjOmM jwPuvZ\">Edward Enninful y Serena Williams<\/span><\/h3>\n<p><img decoding=\"async\" src=\"https:\/\/media.vogue.es\/photos\/68194e6637b3adc42423cc8d\/master\/w_2580%2Cc_limit\/2213610719\" \/><\/p>\n<\/div>\n<\/figcaption><\/figure>\n<\/div>\n<\/div>\n<\/figcaption><\/figure>\n<\/div>\n<div class=\"GallerySlideWrapper-yxPsh mpwLO\" data-event-boundary=\"click\" data-in-view=\"{&quot;pattern&quot;:&quot;GallerySlide&quot;}\" data-event-click=\"{&quot;pattern&quot;:&quot;GallerySlide&quot;}\" data-item=\"{&quot;dangerousHed&quot;:&quot;Jeremy Allen White&quot;,&quot;brand&quot;:{&quot;name&quot;:&quot;&quot;},&quot;id&quot;:&quot;68194e6637b3adc42423cc7a&quot;,&quot;index&quot;:11,&quot;contentType&quot;:&quot;photo&quot;,&quot;offers&quot;:[],&quot;component&quot;:&quot;gallery_slide_component&quot;}\" data-testid=\"GallerySlideWrapper\" data-include-experiments=\"true\">\n<figure class=\"GallerySlideFigure-jhDfjI bGQGmP\"><figcaption class=\"GallerySlideFigCaptionWrapper-QgqEb jqOVHf GallerySlideCaptionWrapper-cVIrXn gmZcZa\">\n<div class=\"GallerySlideFigCaption-dOeyTg dJsBXf\">\n<h3 class=\"BaseWrap-sc-gjQpdd BaseText-ewhhUZ GallerySlideCaptionHed-fiZQOl iUEiRd bIqiJH grNYxq\"><span class=\"GallerySlideCaptionHedText-iqjOmM jwPuvZ\">Jeremy Allen White<\/span><\/h3>\n<p><img decoding=\"async\" src=\"https:\/\/media.vogue.es\/photos\/68194e6637b3adc42423cc7a\/master\/w_2580%2Cc_limit\/2213611696\" \/><\/p>\n<div class=\"GallerySlideWrapper-yxPsh mpwLO\" data-event-boundary=\"click\" data-in-view=\"{&quot;pattern&quot;:&quot;GallerySlide&quot;}\" data-event-click=\"{&quot;pattern&quot;:&quot;GallerySlide&quot;}\" data-item=\"{&quot;dangerousHed&quot;:&quot;Ayo Edebiri, de Ferragamo&quot;,&quot;brand&quot;:{&quot;name&quot;:&quot;&quot;},&quot;id&quot;:&quot;68194e6637b3adc42423cc7b&quot;,&quot;index&quot;:12,&quot;contentType&quot;:&quot;photo&quot;,&quot;offers&quot;:[],&quot;component&quot;:&quot;gallery_slide_component&quot;}\" data-testid=\"GallerySlideWrapper\" data-include-experiments=\"true\">\n<figure class=\"GallerySlideFigure-jhDfjI bGQGmP\"><figcaption class=\"GallerySlideFigCaptionWrapper-QgqEb jqOVHf GallerySlideCaptionWrapper-cVIrXn gmZcZa\">\n<div class=\"GallerySlideFigCaption-dOeyTg dJsBXf\">\n<h3 class=\"BaseWrap-sc-gjQpdd BaseText-ewhhUZ GallerySlideCaptionHed-fiZQOl iUEiRd bIqiJH grNYxq\"><span class=\"GallerySlideCaptionHedText-iqjOmM jwPuvZ\">Ayo Edebiri, de Ferragamo<\/span><\/h3>\n<p><img decoding=\"async\" src=\"https:\/\/media.vogue.es\/photos\/68194e6637b3adc42423cc7b\/master\/w_2580%2Cc_limit\/2213611616\" \/><\/p>\n<\/div>\n<\/figcaption><\/figure>\n<\/div>\n<\/div>\n<\/figcaption><\/figure>\n<\/div>\n<\/div>\n<\/figcaption><\/figure>\n<\/div>\n<div class=\"GallerySlideWrapper-yxPsh mpwLO\" data-event-boundary=\"click\" data-in-view=\"{&quot;pattern&quot;:&quot;GallerySlide&quot;}\" data-event-click=\"{&quot;pattern&quot;:&quot;GallerySlide&quot;}\" data-item=\"{&quot;dangerousHed&quot;:&quot;Patrick Schwarzenegger&quot;,&quot;brand&quot;:{&quot;name&quot;:&quot;&quot;},&quot;id&quot;:&quot;68194e6637b3adc42423cc78&quot;,&quot;index&quot;:9,&quot;contentType&quot;:&quot;photo&quot;,&quot;offers&quot;:[],&quot;component&quot;:&quot;gallery_slide_component&quot;}\" data-testid=\"GallerySlideWrapper\" data-include-experiments=\"true\">\n<figure class=\"GallerySlideFigure-jhDfjI bGQGmP\"><figcaption class=\"GallerySlideFigCaptionWrapper-QgqEb jqOVHf GallerySlideCaptionWrapper-cVIrXn gmZcZa\">\n<div class=\"GallerySlideFigCaption-dOeyTg dJsBXf\">\n<h3 class=\"BaseWrap-sc-gjQpdd BaseText-ewhhUZ GallerySlideCaptionHed-fiZQOl iUEiRd bIqiJH grNYxq\"><span class=\"GallerySlideCaptionHedText-iqjOmM jwPuvZ\">Patrick Schwarzenegger<\/span><\/h3>\n<p><img decoding=\"async\" src=\"https:\/\/media.vogue.es\/photos\/68194e6637b3adc42423cc78\/master\/w_2580%2Cc_limit\/2213612541\" \/><\/p>\n<div class=\"GallerySlideWrapper-yxPsh mpwLO\" data-event-boundary=\"click\" data-in-view=\"{&quot;pattern&quot;:&quot;GallerySlide&quot;}\" data-event-click=\"{&quot;pattern&quot;:&quot;GallerySlide&quot;}\" data-item=\"{&quot;dangerousHed&quot;:&quot;Hunter Schafer&quot;,&quot;brand&quot;:{&quot;name&quot;:&quot;&quot;},&quot;id&quot;:&quot;68194a1d9ff774eb2fec8d8a&quot;,&quot;index&quot;:39,&quot;contentType&quot;:&quot;photo&quot;,&quot;offers&quot;:[],&quot;component&quot;:&quot;gallery_slide_component&quot;}\" data-testid=\"GallerySlideWrapper\" data-include-experiments=\"true\">\n<figure class=\"GallerySlideFigure-jhDfjI bGQGmP\"><figcaption class=\"GallerySlideFigCaptionWrapper-QgqEb jqOVHf GallerySlideCaptionWrapper-cVIrXn gmZcZa\">\n<div class=\"GallerySlideFigCaption-dOeyTg dJsBXf\">\n<h3 class=\"BaseWrap-sc-gjQpdd BaseText-ewhhUZ GallerySlideCaptionHed-fiZQOl iUEiRd bIqiJH grNYxq\"><span class=\"GallerySlideCaptionHedText-iqjOmM jwPuvZ\">Hunter Schafer, de prada\u00a0<\/span><\/h3>\n<p><img decoding=\"async\" src=\"https:\/\/media.vogue.es\/photos\/68194a1d9ff774eb2fec8d8a\/master\/w_2580%2Cc_limit\/2213610551\" \/><\/p>\n<\/div>\n<\/figcaption><\/figure>\n<\/div>\n<h3><span style=\"font-family: inherit;font-size: 21px;font-weight: bold;letter-spacing: 2px\">Valentina Ferrer y J Balvin<\/span><\/h3>\n<p><img decoding=\"async\" src=\"https:\/\/media.vogue.es\/photos\/68194e6637b3adc42423cc7d\/master\/w_2580%2Cc_limit\/2213611554\" \/><\/p>\n<\/div>\n<\/figcaption><\/figure>\n<\/div>\n<div class=\"GallerySlideWrapper-yxPsh mpwLO\" data-event-boundary=\"click\" data-in-view=\"{&quot;pattern&quot;:&quot;GallerySlide&quot;}\" data-event-click=\"{&quot;pattern&quot;:&quot;GallerySlide&quot;}\" data-item=\"{&quot;dangerousHed&quot;:&quot;Adrien Brody y Georgina Chapman&quot;,&quot;brand&quot;:{&quot;name&quot;:&quot;&quot;},&quot;id&quot;:&quot;6819511b21752a5db4e37ac5&quot;,&quot;index&quot;:5,&quot;contentType&quot;:&quot;photo&quot;,&quot;offers&quot;:[],&quot;component&quot;:&quot;gallery_slide_component&quot;}\" data-testid=\"GallerySlideWrapper\" data-include-experiments=\"true\">\n<figure class=\"GallerySlideFigure-jhDfjI bGQGmP\"><figcaption class=\"GallerySlideFigCaptionWrapper-QgqEb jqOVHf GallerySlideCaptionWrapper-cVIrXn gmZcZa\">\n<div class=\"GallerySlideFigCaption-dOeyTg dJsBXf\">\n<h3 class=\"BaseWrap-sc-gjQpdd BaseText-ewhhUZ GallerySlideCaptionHed-fiZQOl iUEiRd bIqiJH grNYxq\"><span class=\"GallerySlideCaptionHedText-iqjOmM jwPuvZ\">Adrien Brody y Georgina Chapman<\/span><\/h3>\n<p><img decoding=\"async\" src=\"https:\/\/media.vogue.es\/photos\/6819511b21752a5db4e37ac5\/master\/w_2580%2Cc_limit\/2213613070\" \/><\/p>\n<\/div>\n<\/figcaption><\/figure>\n<\/div>\n<h3>Demi Moore, de Thome Browne<\/h3>\n<p><img loading=\"lazy\" decoding=\"async\" class=\"aligncenter size-full wp-image-184447\" src=\"https:\/\/graziamagazine.com\/es\/wp-content\/uploads\/sites\/12\/2025\/05\/graziamexico-15.jpg\" alt=\"\" width=\"1440\" height=\"1800\" srcset=\"https:\/\/graziamagazine.com\/es\/wp-content\/uploads\/sites\/12\/2025\/05\/graziamexico-15.jpg 1440w, https:\/\/graziamagazine.com\/es\/wp-content\/uploads\/sites\/12\/2025\/05\/graziamexico-15-240x300.jpg 240w, https:\/\/graziamagazine.com\/es\/wp-content\/uploads\/sites\/12\/2025\/05\/graziamexico-15-819x1024.jpg 819w, https:\/\/graziamagazine.com\/es\/wp-content\/uploads\/sites\/12\/2025\/05\/graziamexico-15-768x960.jpg 768w, https:\/\/graziamagazine.com\/es\/wp-content\/uploads\/sites\/12\/2025\/05\/graziamexico-15-1229x1536.jpg 1229w, https:\/\/graziamagazine.com\/es\/wp-content\/uploads\/sites\/12\/2025\/05\/graziamexico-15-400x500.jpg 400w, https:\/\/graziamagazine.com\/es\/wp-content\/uploads\/sites\/12\/2025\/05\/graziamexico-15-155x194.jpg 155w\" sizes=\"(max-width: 1440px) 100vw, 1440px\" \/><\/p>\n<div class=\"GallerySlideWrapper-yxPsh mpwLO\" data-event-boundary=\"click\" data-in-view=\"{&quot;pattern&quot;:&quot;GallerySlide&quot;}\" data-event-click=\"{&quot;pattern&quot;:&quot;GallerySlide&quot;}\" data-item=\"{&quot;dangerousHed&quot;:&quot;Doja Cat, de Marc Jacobs&quot;,&quot;brand&quot;:{&quot;name&quot;:&quot;&quot;},&quot;id&quot;:&quot;6819511b21752a5db4e37ac1&quot;,&quot;index&quot;:1,&quot;contentType&quot;:&quot;photo&quot;,&quot;offers&quot;:[],&quot;component&quot;:&quot;gallery_slide_component&quot;}\" data-testid=\"GallerySlideWrapper\" data-include-experiments=\"true\">\n<figure class=\"GallerySlideFigure-jhDfjI bGQGmP\"><figcaption class=\"GallerySlideFigCaptionWrapper-QgqEb jqOVHf GallerySlideCaptionWrapper-cVIrXn gmZcZa\">\n<div class=\"GallerySlideFigCaption-dOeyTg dJsBXf\">\n<h3 class=\"BaseWrap-sc-gjQpdd BaseText-ewhhUZ GallerySlideCaptionHed-fiZQOl iUEiRd bIqiJH grNYxq\"><span class=\"GallerySlideCaptionHedText-iqjOmM jwPuvZ\">Doja Cat, de Marc Jacobs<\/span><\/h3>\n<p><img decoding=\"async\" src=\"https:\/\/media.vogue.es\/photos\/6819511b21752a5db4e37ac1\/master\/w_2580%2Cc_limit\/2213613619\" \/><\/p>\n<\/div>\n<\/figcaption><\/figure>\n<\/div>\n<h3>Sabrina Carpenter, de louis vuitton<\/h3>\n<p><img loading=\"lazy\" decoding=\"async\" class=\"aligncenter size-full wp-image-184446\" src=\"https:\/\/graziamagazine.com\/es\/wp-content\/uploads\/sites\/12\/2025\/05\/sabrinacarpenter.jpg\" alt=\"\" width=\"1440\" height=\"1800\" srcset=\"https:\/\/graziamagazine.com\/es\/wp-content\/uploads\/sites\/12\/2025\/05\/sabrinacarpenter.jpg 1440w, https:\/\/graziamagazine.com\/es\/wp-content\/uploads\/sites\/12\/2025\/05\/sabrinacarpenter-240x300.jpg 240w, https:\/\/graziamagazine.com\/es\/wp-content\/uploads\/sites\/12\/2025\/05\/sabrinacarpenter-819x1024.jpg 819w, https:\/\/graziamagazine.com\/es\/wp-content\/uploads\/sites\/12\/2025\/05\/sabrinacarpenter-768x960.jpg 768w, https:\/\/graziamagazine.com\/es\/wp-content\/uploads\/sites\/12\/2025\/05\/sabrinacarpenter-1229x1536.jpg 1229w, https:\/\/graziamagazine.com\/es\/wp-content\/uploads\/sites\/12\/2025\/05\/sabrinacarpenter-400x500.jpg 400w, https:\/\/graziamagazine.com\/es\/wp-content\/uploads\/sites\/12\/2025\/05\/sabrinacarpenter-155x194.jpg 155w\" sizes=\"(max-width: 1440px) 100vw, 1440px\" \/><\/p>\n<h3>Dua lipa, de Chanel, y Callum Turner de Louis Vuitton<\/h3>\n<p><img loading=\"lazy\" decoding=\"async\" class=\"aligncenter size-full wp-image-184448\" src=\"https:\/\/graziamagazine.com\/es\/wp-content\/uploads\/sites\/12\/2025\/05\/dualipa.jpg\" alt=\"\" width=\"1440\" height=\"1800\" srcset=\"https:\/\/graziamagazine.com\/es\/wp-content\/uploads\/sites\/12\/2025\/05\/dualipa.jpg 1440w, https:\/\/graziamagazine.com\/es\/wp-content\/uploads\/sites\/12\/2025\/05\/dualipa-240x300.jpg 240w, https:\/\/graziamagazine.com\/es\/wp-content\/uploads\/sites\/12\/2025\/05\/dualipa-819x1024.jpg 819w, https:\/\/graziamagazine.com\/es\/wp-content\/uploads\/sites\/12\/2025\/05\/dualipa-768x960.jpg 768w, https:\/\/graziamagazine.com\/es\/wp-content\/uploads\/sites\/12\/2025\/05\/dualipa-1229x1536.jpg 1229w, https:\/\/graziamagazine.com\/es\/wp-content\/uploads\/sites\/12\/2025\/05\/dualipa-400x500.jpg 400w, https:\/\/graziamagazine.com\/es\/wp-content\/uploads\/sites\/12\/2025\/05\/dualipa-155x194.jpg 155w\" sizes=\"(max-width: 1440px) 100vw, 1440px\" \/><\/p>\n<div class=\"GallerySlideWrapper-yxPsh mpwLO\" data-event-boundary=\"click\" data-in-view=\"{&quot;pattern&quot;:&quot;GallerySlide&quot;}\" data-event-click=\"{&quot;pattern&quot;:&quot;GallerySlide&quot;}\" data-item=\"{&quot;dangerousHed&quot;:&quot;Tommy Hilfiger y Dee Ocleppo Hilfiger&quot;,&quot;brand&quot;:{&quot;name&quot;:&quot;&quot;},&quot;id&quot;:&quot;6819511b21752a5db4e37ac3&quot;,&quot;index&quot;:3,&quot;contentType&quot;:&quot;photo&quot;,&quot;offers&quot;:[],&quot;component&quot;:&quot;gallery_slide_component&quot;}\" data-testid=\"GallerySlideWrapper\" data-include-experiments=\"true\">\n<figure class=\"GallerySlideFigure-jhDfjI bGQGmP\"><figcaption class=\"GallerySlideFigCaptionWrapper-QgqEb jqOVHf GallerySlideCaptionWrapper-cVIrXn gmZcZa\">\n<div class=\"GallerySlideFigCaption-dOeyTg dJsBXf\">\n<h3 class=\"BaseWrap-sc-gjQpdd BaseText-ewhhUZ GallerySlideCaptionHed-fiZQOl iUEiRd bIqiJH grNYxq\"><span class=\"GallerySlideCaptionHedText-iqjOmM jwPuvZ\">Tommy Hilfiger y Dee Ocleppo Hilfiger<\/span><\/h3>\n<p><img decoding=\"async\" src=\"https:\/\/media.vogue.es\/photos\/6819511b21752a5db4e37ac3\/master\/w_2580%2Cc_limit\/2213613476\" \/><\/p>\n<div class=\"GallerySlideWrapper-yxPsh mpwLO\" data-event-boundary=\"click\" data-in-view=\"{&quot;pattern&quot;:&quot;GallerySlide&quot;}\" data-event-click=\"{&quot;pattern&quot;:&quot;GallerySlide&quot;}\" data-item=\"{&quot;dangerousHed&quot;:&quot;Sofia Richie Grainge, de Tommy Hilfiger&quot;,&quot;brand&quot;:{&quot;name&quot;:&quot;&quot;},&quot;id&quot;:&quot;6819511b21752a5db4e37ac4&quot;,&quot;index&quot;:4,&quot;contentType&quot;:&quot;photo&quot;,&quot;offers&quot;:[],&quot;component&quot;:&quot;gallery_slide_component&quot;}\" data-testid=\"GallerySlideWrapper\" data-include-experiments=\"true\">\n<figure class=\"GallerySlideFigure-jhDfjI bGQGmP\"><figcaption class=\"GallerySlideFigCaptionWrapper-QgqEb jqOVHf GallerySlideCaptionWrapper-cVIrXn gmZcZa\">\n<div class=\"GallerySlideFigCaption-dOeyTg dJsBXf\">\n<h3 class=\"BaseWrap-sc-gjQpdd BaseText-ewhhUZ GallerySlideCaptionHed-fiZQOl iUEiRd bIqiJH grNYxq\"><span class=\"GallerySlideCaptionHedText-iqjOmM jwPuvZ\">Sofia Richie Grainge, de Tommy Hilfiger<\/span><\/h3>\n<p><img decoding=\"async\" src=\"https:\/\/media.vogue.es\/photos\/6819511b21752a5db4e37ac4\/master\/w_2580%2Cc_limit\/2213613359\" \/><\/p>\n<\/div>\n<\/figcaption><\/figure>\n<\/div>\n<\/div>\n<\/figcaption><\/figure>\n<\/div>\n<h3>Miley Cyrus, de custom alaia<\/h3>\n<p><img loading=\"lazy\" decoding=\"async\" class=\"aligncenter size-full wp-image-184445\" src=\"https:\/\/graziamagazine.com\/es\/wp-content\/uploads\/sites\/12\/2025\/05\/metmuseum-4.jpg\" alt=\"\" width=\"1440\" height=\"1800\" srcset=\"https:\/\/graziamagazine.com\/es\/wp-content\/uploads\/sites\/12\/2025\/05\/metmuseum-4.jpg 1440w, https:\/\/graziamagazine.com\/es\/wp-content\/uploads\/sites\/12\/2025\/05\/metmuseum-4-240x300.jpg 240w, https:\/\/graziamagazine.com\/es\/wp-content\/uploads\/sites\/12\/2025\/05\/metmuseum-4-819x1024.jpg 819w, https:\/\/graziamagazine.com\/es\/wp-content\/uploads\/sites\/12\/2025\/05\/metmuseum-4-768x960.jpg 768w, https:\/\/graziamagazine.com\/es\/wp-content\/uploads\/sites\/12\/2025\/05\/metmuseum-4-1229x1536.jpg 1229w, https:\/\/graziamagazine.com\/es\/wp-content\/uploads\/sites\/12\/2025\/05\/metmuseum-4-400x500.jpg 400w, https:\/\/graziamagazine.com\/es\/wp-content\/uploads\/sites\/12\/2025\/05\/metmuseum-4-155x194.jpg 155w\" sizes=\"(max-width: 1440px) 100vw, 1440px\" \/><\/p>\n<h3>Zendaya, con look custom de Louis Vuitton by Pharrell Williams<\/h3>\n<p><img loading=\"lazy\" decoding=\"async\" class=\"aligncenter size-full wp-image-184444\" src=\"https:\/\/graziamagazine.com\/es\/wp-content\/uploads\/sites\/12\/2025\/05\/whowhatwear_1746485606_3626106539981125051_27879728.jpg\" alt=\"\" width=\"1440\" height=\"1800\" srcset=\"https:\/\/graziamagazine.com\/es\/wp-content\/uploads\/sites\/12\/2025\/05\/whowhatwear_1746485606_3626106539981125051_27879728.jpg 1440w, https:\/\/graziamagazine.com\/es\/wp-content\/uploads\/sites\/12\/2025\/05\/whowhatwear_1746485606_3626106539981125051_27879728-240x300.jpg 240w, https:\/\/graziamagazine.com\/es\/wp-content\/uploads\/sites\/12\/2025\/05\/whowhatwear_1746485606_3626106539981125051_27879728-819x1024.jpg 819w, https:\/\/graziamagazine.com\/es\/wp-content\/uploads\/sites\/12\/2025\/05\/whowhatwear_1746485606_3626106539981125051_27879728-768x960.jpg 768w, https:\/\/graziamagazine.com\/es\/wp-content\/uploads\/sites\/12\/2025\/05\/whowhatwear_1746485606_3626106539981125051_27879728-1229x1536.jpg 1229w, https:\/\/graziamagazine.com\/es\/wp-content\/uploads\/sites\/12\/2025\/05\/whowhatwear_1746485606_3626106539981125051_27879728-400x500.jpg 400w, https:\/\/graziamagazine.com\/es\/wp-content\/uploads\/sites\/12\/2025\/05\/whowhatwear_1746485606_3626106539981125051_27879728-155x194.jpg 155w\" sizes=\"(max-width: 1440px) 100vw, 1440px\" \/><\/p>\n<div class=\"GallerySlideWrapper-yxPsh mpwLO\" data-event-boundary=\"click\" data-in-view=\"{&quot;pattern&quot;:&quot;GallerySlide&quot;}\" data-event-click=\"{&quot;pattern&quot;:&quot;GallerySlide&quot;}\" data-item=\"{&quot;dangerousHed&quot;:&quot;Lupita Nyong'o, de Chanel&quot;,&quot;brand&quot;:{&quot;name&quot;:&quot;&quot;},&quot;id&quot;:&quot;681940da72312950c1774d5d&quot;,&quot;index&quot;:12,&quot;contentType&quot;:&quot;photo&quot;,&quot;offers&quot;:[],&quot;component&quot;:&quot;gallery_slide_component&quot;}\" data-testid=\"GallerySlideWrapper\" data-include-experiments=\"true\">\n<figure class=\"GallerySlideFigure-jhDfjI bGQGmP\"><figcaption class=\"GallerySlideFigCaptionWrapper-QgqEb jqOVHf GallerySlideCaptionWrapper-cVIrXn gmZcZa\">\n<div class=\"GallerySlideFigCaption-dOeyTg dJsBXf\">\n<h3 class=\"BaseWrap-sc-gjQpdd BaseText-ewhhUZ GallerySlideCaptionHed-fiZQOl iUEiRd bIqiJH grNYxq\"><span class=\"GallerySlideCaptionHedText-iqjOmM jwPuvZ\">Lupita Nyong&#8217;o, de Chanel<\/span><\/h3>\n<p><img decoding=\"async\" src=\"https:\/\/media.vogue.es\/photos\/681940da72312950c1774d5d\/master\/w_2580%2Cc_limit\/2213604875\" \/><\/p>\n<\/div>\n<\/figcaption><\/figure>\n<\/div>\n<h3>Bad Bunny, de Prada<\/h3>\n<p><img decoding=\"async\" src=\"https:\/\/media.vogue.es\/photos\/681940da72312950c1774d59\/master\/w_2580%2Cc_limit\/2213605580\" \/><\/p>\n<h3>Joe King, de Miu Miu<\/h3>\n<p><img decoding=\"async\" src=\"https:\/\/media.vogue.es\/photos\/681940da72312950c1774d5c\/master\/w_2580%2Cc_limit\/2213605824\" \/><\/p>\n<h3>Diana Ross, con cola XXL<\/h3>\n<p><img decoding=\"async\" src=\"https:\/\/media.vogue.es\/photos\/68193dd44e13d6d49e9419e0\/master\/w_2580%2Cc_limit\/2213603720\" \/><\/p>\n<h3>Anne hathaway, de carolina herrera<\/h3>\n<p><img loading=\"lazy\" decoding=\"async\" class=\"aligncenter size-full wp-image-184442\" src=\"https:\/\/graziamagazine.com\/es\/wp-content\/uploads\/sites\/12\/2025\/05\/zoesaldana-1.jpg\" alt=\"\" width=\"1440\" height=\"1800\" srcset=\"https:\/\/graziamagazine.com\/es\/wp-content\/uploads\/sites\/12\/2025\/05\/zoesaldana-1.jpg 1440w, https:\/\/graziamagazine.com\/es\/wp-content\/uploads\/sites\/12\/2025\/05\/zoesaldana-1-240x300.jpg 240w, https:\/\/graziamagazine.com\/es\/wp-content\/uploads\/sites\/12\/2025\/05\/zoesaldana-1-819x1024.jpg 819w, https:\/\/graziamagazine.com\/es\/wp-content\/uploads\/sites\/12\/2025\/05\/zoesaldana-1-768x960.jpg 768w, https:\/\/graziamagazine.com\/es\/wp-content\/uploads\/sites\/12\/2025\/05\/zoesaldana-1-1229x1536.jpg 1229w, https:\/\/graziamagazine.com\/es\/wp-content\/uploads\/sites\/12\/2025\/05\/zoesaldana-1-400x500.jpg 400w, https:\/\/graziamagazine.com\/es\/wp-content\/uploads\/sites\/12\/2025\/05\/zoesaldana-1-155x194.jpg 155w\" sizes=\"(max-width: 1440px) 100vw, 1440px\" \/><\/p>\n<div class=\"GallerySlideWrapper-yxPsh mpwLO\" data-event-boundary=\"click\" data-in-view=\"{&quot;pattern&quot;:&quot;GallerySlide&quot;}\" data-event-click=\"{&quot;pattern&quot;:&quot;GallerySlide&quot;}\" data-item=\"{&quot;dangerousHed&quot;:&quot;Sadie Sink&quot;,&quot;brand&quot;:{&quot;name&quot;:&quot;&quot;},&quot;id&quot;:&quot;68193924f614f9972e5c8364&quot;,&quot;index&quot;:3,&quot;contentType&quot;:&quot;photo&quot;,&quot;offers&quot;:[],&quot;component&quot;:&quot;gallery_slide_component&quot;}\" data-testid=\"GallerySlideWrapper\" data-include-experiments=\"true\">\n<figure class=\"GallerySlideFigure-jhDfjI bGQGmP\"><figcaption class=\"GallerySlideFigCaptionWrapper-QgqEb jqOVHf GallerySlideCaptionWrapper-cVIrXn gmZcZa\">\n<div class=\"GallerySlideFigCaption-dOeyTg dJsBXf\">\n<h3 class=\"BaseWrap-sc-gjQpdd BaseText-ewhhUZ GallerySlideCaptionHed-fiZQOl iUEiRd bIqiJH grNYxq\"><span class=\"GallerySlideCaptionHedText-iqjOmM jwPuvZ\">Sadie Sink, de prada<\/span><\/h3>\n<p><img decoding=\"async\" src=\"https:\/\/media.vogue.es\/photos\/68193924f614f9972e5c8364\/master\/w_2580%2Cc_limit\/2213601895\" \/><\/p>\n<\/div>\n<h3><strong>Maya Hawke, de prada\u00a0<\/strong><\/h3>\n<div class=\"GallerySlideFigCaption-dOeyTg dJsBXf\">\n<p><img loading=\"lazy\" decoding=\"async\" class=\"aligncenter size-full wp-image-184441\" src=\"https:\/\/graziamagazine.com\/es\/wp-content\/uploads\/sites\/12\/2025\/05\/vanityfairspain-16.jpg\" alt=\"\" width=\"1440\" height=\"1800\" srcset=\"https:\/\/graziamagazine.com\/es\/wp-content\/uploads\/sites\/12\/2025\/05\/vanityfairspain-16.jpg 1440w, https:\/\/graziamagazine.com\/es\/wp-content\/uploads\/sites\/12\/2025\/05\/vanityfairspain-16-240x300.jpg 240w, https:\/\/graziamagazine.com\/es\/wp-content\/uploads\/sites\/12\/2025\/05\/vanityfairspain-16-819x1024.jpg 819w, https:\/\/graziamagazine.com\/es\/wp-content\/uploads\/sites\/12\/2025\/05\/vanityfairspain-16-768x960.jpg 768w, https:\/\/graziamagazine.com\/es\/wp-content\/uploads\/sites\/12\/2025\/05\/vanityfairspain-16-1229x1536.jpg 1229w, https:\/\/graziamagazine.com\/es\/wp-content\/uploads\/sites\/12\/2025\/05\/vanityfairspain-16-400x500.jpg 400w, https:\/\/graziamagazine.com\/es\/wp-content\/uploads\/sites\/12\/2025\/05\/vanityfairspain-16-155x194.jpg 155w\" sizes=\"(max-width: 1440px) 100vw, 1440px\" \/><\/p>\n<\/div>\n<\/figcaption><\/figure>\n<\/div>\n<h3>zoe salda\u00f1a, de Thom Browne<\/h3>\n<p><img decoding=\"async\" src=\"https:\/\/media.vogue.es\/photos\/68193bc7780c666e5f439ced\/master\/w_2580%2Cc_limit\/2213602930\" \/><\/p>\n<h3 class=\"BaseWrap-sc-gjQpdd BaseText-ewhhUZ GallerySlideCaptionHed-fiZQOl iUEiRd bIqiJH grNYxq\"><span class=\"GallerySlideCaptionHedText-iqjOmM jwPuvZ\">Pharrell Williams y Helen Lasichanh, de Louis Vuitton<\/span><\/h3>\n<p><img decoding=\"async\" src=\"https:\/\/media.vogue.es\/photos\/68192dbe1e145896fa1c9fc0\/master\/w_2580%2Cc_limit\/2213597816\" \/><\/p>\n<div class=\"GallerySlideWrapper-yxPsh mpwLO\" data-event-boundary=\"click\" data-in-view=\"{&quot;pattern&quot;:&quot;GallerySlide&quot;}\" data-event-click=\"{&quot;pattern&quot;:&quot;GallerySlide&quot;}\" data-item=\"{&quot;dangerousHed&quot;:&quot;Jennie, de Chanel&quot;,&quot;brand&quot;:{&quot;name&quot;:&quot;&quot;},&quot;id&quot;:&quot;68193dd44e13d6d49e9419dc&quot;,&quot;index&quot;:4,&quot;contentType&quot;:&quot;photo&quot;,&quot;offers&quot;:[],&quot;component&quot;:&quot;gallery_slide_component&quot;}\" data-testid=\"GallerySlideWrapper\" data-include-experiments=\"true\">\n<figure class=\"GallerySlideFigure-jhDfjI bGQGmP\"><figcaption class=\"GallerySlideFigCaptionWrapper-QgqEb jqOVHf GallerySlideCaptionWrapper-cVIrXn gmZcZa\">\n<div class=\"GallerySlideFigCaption-dOeyTg dJsBXf\">\n<h3 class=\"BaseWrap-sc-gjQpdd BaseText-ewhhUZ GallerySlideCaptionHed-fiZQOl iUEiRd bIqiJH grNYxq\"><span class=\"GallerySlideCaptionHedText-iqjOmM jwPuvZ\">Jennie, de Chanel<\/span><\/h3>\n<p><img decoding=\"async\" src=\"https:\/\/media.vogue.es\/photos\/68193dd44e13d6d49e9419dc\/master\/w_2580%2Cc_limit\/2213604042\" \/><\/p>\n<\/div>\n<\/figcaption><\/figure>\n<\/div>\n<h3>Pamela anderson, en plata<\/h3>\n<p><img decoding=\"async\" src=\"https:\/\/media.vogue.es\/photos\/68193bc7780c666e5f439cf1\/master\/w_2580%2Cc_limit\/2213602721\" \/><\/p>\n<h3>Venus Williams, en un look muy &#8216;tenniscore&#8217;<\/h3>\n<p><img decoding=\"async\" src=\"https:\/\/media.vogue.es\/photos\/68193924f614f9972e5c835c\/master\/w_2580%2Cc_limit\/2213602476\" \/><\/p>\n<h3>gigi hadid, de miu miu<\/h3>\n<p><img loading=\"lazy\" decoding=\"async\" class=\"aligncenter size-full wp-image-184440\" src=\"https:\/\/graziamagazine.com\/es\/wp-content\/uploads\/sites\/12\/2025\/05\/thecut-1.jpg\" alt=\"\" width=\"1440\" height=\"1800\" srcset=\"https:\/\/graziamagazine.com\/es\/wp-content\/uploads\/sites\/12\/2025\/05\/thecut-1.jpg 1440w, https:\/\/graziamagazine.com\/es\/wp-content\/uploads\/sites\/12\/2025\/05\/thecut-1-240x300.jpg 240w, https:\/\/graziamagazine.com\/es\/wp-content\/uploads\/sites\/12\/2025\/05\/thecut-1-819x1024.jpg 819w, https:\/\/graziamagazine.com\/es\/wp-content\/uploads\/sites\/12\/2025\/05\/thecut-1-768x960.jpg 768w, https:\/\/graziamagazine.com\/es\/wp-content\/uploads\/sites\/12\/2025\/05\/thecut-1-1229x1536.jpg 1229w, https:\/\/graziamagazine.com\/es\/wp-content\/uploads\/sites\/12\/2025\/05\/thecut-1-400x500.jpg 400w, https:\/\/graziamagazine.com\/es\/wp-content\/uploads\/sites\/12\/2025\/05\/thecut-1-155x194.jpg 155w\" sizes=\"(max-width: 1440px) 100vw, 1440px\" \/><\/p>\n<h3>Sydney Sweeney, con look a\u00f1os 30 de miu miu<\/h3>\n<p><img loading=\"lazy\" decoding=\"async\" class=\"aligncenter size-full wp-image-184439\" src=\"https:\/\/graziamagazine.com\/es\/wp-content\/uploads\/sites\/12\/2025\/05\/sydney_sweeney.jpg\" alt=\"\" width=\"1440\" height=\"1800\" srcset=\"https:\/\/graziamagazine.com\/es\/wp-content\/uploads\/sites\/12\/2025\/05\/sydney_sweeney.jpg 1440w, https:\/\/graziamagazine.com\/es\/wp-content\/uploads\/sites\/12\/2025\/05\/sydney_sweeney-240x300.jpg 240w, https:\/\/graziamagazine.com\/es\/wp-content\/uploads\/sites\/12\/2025\/05\/sydney_sweeney-819x1024.jpg 819w, https:\/\/graziamagazine.com\/es\/wp-content\/uploads\/sites\/12\/2025\/05\/sydney_sweeney-768x960.jpg 768w, https:\/\/graziamagazine.com\/es\/wp-content\/uploads\/sites\/12\/2025\/05\/sydney_sweeney-1229x1536.jpg 1229w, https:\/\/graziamagazine.com\/es\/wp-content\/uploads\/sites\/12\/2025\/05\/sydney_sweeney-400x500.jpg 400w, https:\/\/graziamagazine.com\/es\/wp-content\/uploads\/sites\/12\/2025\/05\/sydney_sweeney-155x194.jpg 155w\" sizes=\"(max-width: 1440px) 100vw, 1440px\" \/><\/p>\n<h3>Anna Wintour, de azul beb\u00e9<\/h3>\n<p><img loading=\"lazy\" decoding=\"async\" class=\"aligncenter size-full wp-image-184438\" src=\"https:\/\/graziamagazine.com\/es\/wp-content\/uploads\/sites\/12\/2025\/05\/thecut.jpg\" alt=\"\" width=\"1440\" height=\"1800\" srcset=\"https:\/\/graziamagazine.com\/es\/wp-content\/uploads\/sites\/12\/2025\/05\/thecut.jpg 1440w, https:\/\/graziamagazine.com\/es\/wp-content\/uploads\/sites\/12\/2025\/05\/thecut-240x300.jpg 240w, https:\/\/graziamagazine.com\/es\/wp-content\/uploads\/sites\/12\/2025\/05\/thecut-819x1024.jpg 819w, https:\/\/graziamagazine.com\/es\/wp-content\/uploads\/sites\/12\/2025\/05\/thecut-768x960.jpg 768w, https:\/\/graziamagazine.com\/es\/wp-content\/uploads\/sites\/12\/2025\/05\/thecut-1229x1536.jpg 1229w, https:\/\/graziamagazine.com\/es\/wp-content\/uploads\/sites\/12\/2025\/05\/thecut-400x500.jpg 400w, https:\/\/graziamagazine.com\/es\/wp-content\/uploads\/sites\/12\/2025\/05\/thecut-155x194.jpg 155w\" sizes=\"(max-width: 1440px) 100vw, 1440px\" \/><\/p>\n<h3>Tory Burch, con vestido joya<\/h3>\n<p><img decoding=\"async\" src=\"https:\/\/media.vogue.es\/photos\/68193bc7780c666e5f439cf3\/master\/w_2580%2Cc_limit\/2213602753\" \/><\/p>\n<h3>Colman Domingo, de Valentino, y Lewis Hamilton de wales bonner<\/h3>\n<p><img loading=\"lazy\" decoding=\"async\" class=\"aligncenter size-full wp-image-184437\" src=\"https:\/\/graziamagazine.com\/es\/wp-content\/uploads\/sites\/12\/2025\/05\/vanityfairspain-14.jpg\" alt=\"\" width=\"1439\" height=\"1799\" srcset=\"https:\/\/graziamagazine.com\/es\/wp-content\/uploads\/sites\/12\/2025\/05\/vanityfairspain-14.jpg 1439w, https:\/\/graziamagazine.com\/es\/wp-content\/uploads\/sites\/12\/2025\/05\/vanityfairspain-14-240x300.jpg 240w, https:\/\/graziamagazine.com\/es\/wp-content\/uploads\/sites\/12\/2025\/05\/vanityfairspain-14-819x1024.jpg 819w, https:\/\/graziamagazine.com\/es\/wp-content\/uploads\/sites\/12\/2025\/05\/vanityfairspain-14-768x960.jpg 768w, https:\/\/graziamagazine.com\/es\/wp-content\/uploads\/sites\/12\/2025\/05\/vanityfairspain-14-1229x1536.jpg 1229w, https:\/\/graziamagazine.com\/es\/wp-content\/uploads\/sites\/12\/2025\/05\/vanityfairspain-14-400x500.jpg 400w, https:\/\/graziamagazine.com\/es\/wp-content\/uploads\/sites\/12\/2025\/05\/vanityfairspain-14-155x194.jpg 155w\" sizes=\"(max-width: 1439px) 100vw, 1439px\" \/><\/p>\n<h3>emma chamberlain con tuxedo abierto, de courreges<\/h3>\n<p><img loading=\"lazy\" decoding=\"async\" class=\"aligncenter size-full wp-image-184435\" src=\"https:\/\/graziamagazine.com\/es\/wp-content\/uploads\/sites\/12\/2025\/05\/ebay.jpg\" alt=\"\" width=\"1440\" height=\"1801\" srcset=\"https:\/\/graziamagazine.com\/es\/wp-content\/uploads\/sites\/12\/2025\/05\/ebay.jpg 1440w, https:\/\/graziamagazine.com\/es\/wp-content\/uploads\/sites\/12\/2025\/05\/ebay-240x300.jpg 240w, https:\/\/graziamagazine.com\/es\/wp-content\/uploads\/sites\/12\/2025\/05\/ebay-819x1024.jpg 819w, https:\/\/graziamagazine.com\/es\/wp-content\/uploads\/sites\/12\/2025\/05\/ebay-768x961.jpg 768w, https:\/\/graziamagazine.com\/es\/wp-content\/uploads\/sites\/12\/2025\/05\/ebay-1228x1536.jpg 1228w, https:\/\/graziamagazine.com\/es\/wp-content\/uploads\/sites\/12\/2025\/05\/ebay-400x500.jpg 400w, https:\/\/graziamagazine.com\/es\/wp-content\/uploads\/sites\/12\/2025\/05\/ebay-155x194.jpg 155w\" sizes=\"(max-width: 1440px) 100vw, 1440px\" \/><\/p>\n<div class=\"GallerySlideWrapper-yxPsh mpwLO\" data-event-boundary=\"click\" data-in-view=\"{&quot;pattern&quot;:&quot;GallerySlide&quot;}\" data-event-click=\"{&quot;pattern&quot;:&quot;GallerySlide&quot;}\" data-item=\"{&quot;dangerousHed&quot;:&quot;La La Anthony, con un vestido de archivo de Virgil Abloh&quot;,&quot;brand&quot;:{&quot;name&quot;:&quot;&quot;},&quot;id&quot;:&quot;6819264b17849b86109151aa&quot;,&quot;index&quot;:3,&quot;contentType&quot;:&quot;photo&quot;,&quot;offers&quot;:[],&quot;component&quot;:&quot;gallery_slide_component&quot;}\" data-testid=\"GallerySlideWrapper\" data-include-experiments=\"true\">\n<figure class=\"GallerySlideFigure-jhDfjI bGQGmP\"><figcaption class=\"GallerySlideFigCaptionWrapper-QgqEb jqOVHf GallerySlideCaptionWrapper-cVIrXn gmZcZa\">\n<div class=\"GallerySlideFigCaption-dOeyTg dJsBXf\">\n<h3 class=\"BaseWrap-sc-gjQpdd BaseText-ewhhUZ GallerySlideCaptionHed-fiZQOl iUEiRd bIqiJH grNYxq\"><span class=\"GallerySlideCaptionHedText-iqjOmM jwPuvZ\">La La Anthony, con vestido de archivo de Virgil Abloh<\/span><\/h3>\n<p><img decoding=\"async\" src=\"https:\/\/media.vogue.es\/photos\/6819264b17849b86109151aa\/master\/w_2580%2Cc_limit\/2213595195\" \/><\/p>\n<h3>Heidi Klum, en palabra de honor<\/h3>\n<p><img decoding=\"async\" src=\"https:\/\/media.vogue.es\/photos\/68193bc7780c666e5f439cf0\/master\/w_2580%2Cc_limit\/2213603011\" \/><\/p>\n<div class=\"GallerySlideWrapper-yxPsh mpwLO\" data-event-boundary=\"click\" data-in-view=\"{&quot;pattern&quot;:&quot;GallerySlide&quot;}\" data-event-click=\"{&quot;pattern&quot;:&quot;GallerySlide&quot;}\" data-item=\"{&quot;dangerousHed&quot;:&quot;Eaddy Kiernan Bunzel&quot;,&quot;brand&quot;:{&quot;name&quot;:&quot;&quot;},&quot;id&quot;:&quot;6819291c0c401f094b733b1b&quot;,&quot;index&quot;:6,&quot;contentType&quot;:&quot;photo&quot;,&quot;offers&quot;:[],&quot;component&quot;:&quot;gallery_slide_component&quot;}\" data-testid=\"GallerySlideWrapper\" data-include-experiments=\"true\">\n<figure class=\"GallerySlideFigure-jhDfjI bGQGmP\"><figcaption class=\"GallerySlideFigCaptionWrapper-QgqEb jqOVHf GallerySlideCaptionWrapper-cVIrXn gmZcZa\">\n<div class=\"GallerySlideFigCaption-dOeyTg dJsBXf\">\n<h3 class=\"BaseWrap-sc-gjQpdd BaseText-ewhhUZ GallerySlideCaptionHed-fiZQOl iUEiRd bIqiJH grNYxq\"><span class=\"GallerySlideCaptionHedText-iqjOmM jwPuvZ\">Eaddy Kiernan Bunzel, con gran escote esmoquin<\/span><\/h3>\n<p><img decoding=\"async\" src=\"https:\/\/media.vogue.es\/photos\/6819291c0c401f094b733b1b\/master\/w_2580%2Cc_limit\/2213595810\" \/><\/p>\n<\/div>\n<\/figcaption><\/figure>\n<\/div>\n<\/div>\n<\/figcaption><\/figure>\n<\/div>\n<div class=\"GalleryVotingSlideWrapper-ERrMk eVeWAC\" data-event-boundary=\"click\" data-event-click=\"{&quot;pattern&quot;:&quot;GalleryVotingSlide&quot;}\" data-in-view=\"{&quot;pattern&quot;:&quot;GalleryVotingSlide&quot;}\" data-include-experiments=\"true\">\n<div class=\"VotingWrapper-khmsAf oxmNr\" data-testid=\"voting\"><\/div>\n<\/div>\n<div class=\"GallerySlideWrapper-yxPsh mpwLO\" data-event-boundary=\"click\" data-in-view=\"{&quot;pattern&quot;:&quot;GallerySlide&quot;}\" data-event-click=\"{&quot;pattern&quot;:&quot;GallerySlide&quot;}\" data-item=\"{&quot;dangerousHed&quot;:&quot;Teyana Taylor&quot;,&quot;brand&quot;:{&quot;name&quot;:&quot;&quot;},&quot;id&quot;:&quot;68192229cfe7e6ef84ada6bc&quot;,&quot;index&quot;:0,&quot;contentType&quot;:&quot;photo&quot;,&quot;offers&quot;:[],&quot;component&quot;:&quot;gallery_slide_component&quot;}\" data-testid=\"GallerySlideWrapper\" data-include-experiments=\"true\">\n<figure class=\"GallerySlideFigure-jhDfjI bGQGmP\"><figcaption class=\"GallerySlideFigCaptionWrapper-QgqEb jqOVHf GallerySlideCaptionWrapper-cVIrXn gmZcZa\">\n<div class=\"GallerySlideFigCaption-dOeyTg dJsBXf\">\n<h3 class=\"BaseWrap-sc-gjQpdd BaseText-ewhhUZ GallerySlideCaptionHed-fiZQOl iUEiRd bIqiJH grNYxq\"><span class=\"GallerySlideCaptionHedText-iqjOmM jwPuvZ\">Teyana Taylor, con grandes vol\u00famenes<\/span><\/h3>\n<p><img decoding=\"async\" src=\"https:\/\/media.vogue.es\/photos\/68192229cfe7e6ef84ada6bc\/master\/w_2580%2Cc_limit\/2213593203\" \/><\/p>\n<\/div>\n<\/figcaption><\/figure>\n<\/div>\n<h3>Lisa Love, con esmoquin con falda<\/h3>\n<p><img decoding=\"async\" src=\"https:\/\/media.vogue.es\/photos\/68192229cfe7e6ef84ada6bd\/master\/w_2580%2Cc_limit\/2213592536\" \/><\/p>\n<div class=\"GallerySlideWrapper-yxPsh mpwLO\" data-event-boundary=\"click\" data-in-view=\"{&quot;pattern&quot;:&quot;GallerySlide&quot;}\" data-event-click=\"{&quot;pattern&quot;:&quot;GallerySlide&quot;}\" data-item=\"{&quot;dangerousHed&quot;:&quot;Zuri Hall&quot;,&quot;brand&quot;:{&quot;name&quot;:&quot;&quot;},&quot;id&quot;:&quot;68191c9ecfe7e6ef84ada6ba&quot;,&quot;index&quot;:2,&quot;contentType&quot;:&quot;photo&quot;,&quot;offers&quot;:[],&quot;component&quot;:&quot;gallery_slide_component&quot;}\" data-testid=\"GallerySlideWrapper\" data-include-experiments=\"true\">\n<figure class=\"GallerySlideFigure-jhDfjI bGQGmP\"><figcaption class=\"GallerySlideFigCaptionWrapper-QgqEb jqOVHf GallerySlideCaptionWrapper-cVIrXn gmZcZa\">\n<div class=\"GallerySlideFigCaption-dOeyTg dJsBXf\">\n<h3 class=\"BaseWrap-sc-gjQpdd BaseText-ewhhUZ GallerySlideCaptionHed-fiZQOl iUEiRd bIqiJH grNYxq\"><span class=\"GallerySlideCaptionHedText-iqjOmM jwPuvZ\">Zuri Hall, <strong>De Bishme Cromartie<\/strong><\/span><\/h3>\n<p><img decoding=\"async\" src=\"https:\/\/media.vogue.es\/photos\/68191c9ecfe7e6ef84ada6ba\/master\/w_2580%2Cc_limit\/2213590672\" \/><\/p>\n<h3 class=\"BaseWrap-sc-gjQpdd BaseText-ewhhUZ GallerySlideCaptionHed-fiZQOl iUEiRd bIqiJH grNYxq\"><span class=\"GallerySlideCaptionHedText-iqjOmM jwPuvZ\">Ego Nwodim, con chaqueta peplum<\/span><\/h3>\n<p><img decoding=\"async\" src=\"https:\/\/media.vogue.es\/photos\/6819264b17849b86109151ab\/master\/w_2580%2Cc_limit\/2213595068\" \/><\/p>\n<\/div>\n<\/figcaption><\/figure>\n<\/div>\n<div class=\"GalleryVotingSlideWrapper-ERrMk eVeWAC\" data-event-boundary=\"click\" data-event-click=\"{&quot;pattern&quot;:&quot;GalleryVotingSlide&quot;}\" data-in-view=\"{&quot;pattern&quot;:&quot;GalleryVotingSlide&quot;}\" data-include-experiments=\"true\">\n<div class=\"VotingWrapper-khmsAf oxmNr\" data-testid=\"voting\"><\/div>\n<\/div>\n<div class=\"GallerySlideWrapper-yxPsh mpwLO\" data-event-boundary=\"click\" data-in-view=\"{&quot;pattern&quot;:&quot;GallerySlide&quot;}\" data-event-click=\"{&quot;pattern&quot;:&quot;GallerySlide&quot;}\" data-item=\"{&quot;dangerousHed&quot;:&quot;Mona Kosar Abdi&quot;,&quot;brand&quot;:{&quot;name&quot;:&quot;&quot;},&quot;id&quot;:&quot;68191c9ecfe7e6ef84ada6bb&quot;,&quot;index&quot;:3,&quot;contentType&quot;:&quot;photo&quot;,&quot;offers&quot;:[],&quot;component&quot;:&quot;gallery_slide_component&quot;}\" data-testid=\"GallerySlideWrapper\" data-include-experiments=\"true\">\n<figure class=\"GallerySlideFigure-jhDfjI bGQGmP\"><figcaption class=\"GallerySlideFigCaptionWrapper-QgqEb jqOVHf GallerySlideCaptionWrapper-cVIrXn gmZcZa\">\n<div class=\"GallerySlideFigCaption-dOeyTg dJsBXf\">\n<h3 class=\"BaseWrap-sc-gjQpdd BaseText-ewhhUZ GallerySlideCaptionHed-fiZQOl iUEiRd bIqiJH grNYxq\"><span class=\"GallerySlideCaptionHedText-iqjOmM jwPuvZ\">Mona Kosar Abdi, en rojo pasi\u00f3n<\/span><\/h3>\n<p><img decoding=\"async\" src=\"https:\/\/media.vogue.es\/photos\/68191c9ecfe7e6ef84ada6bb\/master\/w_2580%2Cc_limit\/2213590432\" \/><\/p>\n<\/div>\n<\/figcaption><\/figure>\n<\/div>\n<h3>Rachel Smith, con aire retro<\/h3>\n<p><img decoding=\"async\" src=\"https:\/\/media.vogue.es\/photos\/68191b65529ad01efa296b3e\/master\/w_2580%2Cc_limit\/2213589118\" \/><\/p>\n<h3>Deborah Roberts, de Mark Ingram Atelier<\/h3>\n<p><img decoding=\"async\" src=\"https:\/\/media.vogue.es\/photos\/68191ad921cfdeeb85ca1039\/master\/w_2580%2Cc_limit\/2213589776\" \/><\/p>\n<p><em>**Art\u00edculo en actualizaci\u00f3n\u00a0<\/em><\/p>\n<p><em>*Im\u00e1genes: Getty Images<\/em><\/p>\n","protected":false},"author":11653,"featured_media":184443,"template":"","format":"standard","categories":[2971,1],"acf":{"banner":""},"yoast_head":"<!-- This site is optimized with the Yoast SEO Premium plugin v18.5 (Yoast SEO v20.4) - https:\/\/yoast.com\/wordpress\/plugins\/seo\/ -->\n<title>MET Gala 2025, los mejores looks de la alfombra roja<\/title>\n<meta name=\"description\" content=\"La velada m\u00e1s esperada del Museo Metropolitano de Nueva York ya est\u00e1 aqu\u00ed y repasamos los mejores looks de la alfombra roja.\" \/>\n<meta name=\"robots\" content=\"index, follow, max-snippet:-1, max-image-preview:large, max-video-preview:-1\" \/>\n<link rel=\"canonical\" href=\"https:\/\/graziamagazine.com\/es\/articles\/met-gala-2025-los-mejores-looks-de-la-alfombra-roja\/\" \/>\n<meta property=\"og:locale\" content=\"es_ES\" \/>\n<meta property=\"og:type\" content=\"article\" \/>\n<meta property=\"og:title\" content=\"MET Gala 2025, los mejores looks de la alfombra roja\" \/>\n<meta property=\"og:description\" content=\"La velada m\u00e1s esperada del Museo Metropolitano de Nueva York ya est\u00e1 aqu\u00ed y repasamos los mejores looks de la alfombra roja.\" \/>\n<meta property=\"og:url\" content=\"https:\/\/graziamagazine.com\/es\/articles\/met-gala-2025-los-mejores-looks-de-la-alfombra-roja\/\" \/>\n<meta property=\"og:site_name\" content=\"Grazia\" \/>\n<meta property=\"article:modified_time\" content=\"2025-05-06T09:58:42+00:00\" \/>\n<meta property=\"og:image\" content=\"https:\/\/graziamagazine.com\/es\/wp-content\/uploads\/sites\/12\/2025\/05\/enews-e1746485596315.jpg\" \/>\n\t<meta property=\"og:image:width\" content=\"1401\" \/>\n\t<meta property=\"og:image:height\" content=\"1152\" \/>\n\t<meta property=\"og:image:type\" content=\"image\/jpeg\" \/>\n<meta name=\"twitter:card\" content=\"summary_large_image\" \/>\n<meta name=\"twitter:label1\" content=\"Est. reading time\" \/>\n\t<meta name=\"twitter:data1\" content=\"17 minutos\" \/>\n<script type=\"application\/ld+json\" class=\"yoast-schema-graph\">{\"@context\":\"https:\/\/schema.org\",\"@graph\":[{\"@type\":\"WebPage\",\"@id\":\"https:\/\/graziamagazine.com\/es\/articles\/met-gala-2025-los-mejores-looks-de-la-alfombra-roja\/\",\"url\":\"https:\/\/graziamagazine.com\/es\/articles\/met-gala-2025-los-mejores-looks-de-la-alfombra-roja\/\",\"name\":\"MET Gala 2025, los mejores looks de la alfombra roja\",\"isPartOf\":{\"@id\":\"https:\/\/graziamagazine.com\/es\/#website\"},\"datePublished\":\"2025-05-05T20:58:08+00:00\",\"dateModified\":\"2025-05-06T09:58:42+00:00\",\"description\":\"La velada m\u00e1s esperada del Museo Metropolitano de Nueva York ya est\u00e1 aqu\u00ed y repasamos los mejores looks de la alfombra roja.\",\"breadcrumb\":{\"@id\":\"https:\/\/graziamagazine.com\/es\/articles\/met-gala-2025-los-mejores-looks-de-la-alfombra-roja\/#breadcrumb\"},\"inLanguage\":\"es\",\"potentialAction\":[{\"@type\":\"ReadAction\",\"target\":[\"https:\/\/graziamagazine.com\/es\/articles\/met-gala-2025-los-mejores-looks-de-la-alfombra-roja\/\"]}]},{\"@type\":\"BreadcrumbList\",\"@id\":\"https:\/\/graziamagazine.com\/es\/articles\/met-gala-2025-los-mejores-looks-de-la-alfombra-roja\/#breadcrumb\",\"itemListElement\":[{\"@type\":\"ListItem\",\"position\":1,\"name\":\"Portada\",\"item\":\"https:\/\/graziamagazine.com\/es\/\"},{\"@type\":\"ListItem\",\"position\":2,\"name\":\"MET Gala 2025, los mejores looks de la alfombra roja\"}]},{\"@type\":\"WebSite\",\"@id\":\"https:\/\/graziamagazine.com\/es\/#website\",\"url\":\"https:\/\/graziamagazine.com\/es\/\",\"name\":\"Grazia\",\"description\":\"Moda, belleza, celebrities, estilo de vida...\",\"potentialAction\":[{\"@type\":\"SearchAction\",\"target\":{\"@type\":\"EntryPoint\",\"urlTemplate\":\"https:\/\/graziamagazine.com\/es\/?s={search_term_string}\"},\"query-input\":\"required name=search_term_string\"}],\"inLanguage\":\"es\"}]}<\/script>\n<!-- \/ Yoast SEO Premium plugin. -->","yoast_head_json":{"title":"MET Gala 2025, los mejores looks de la alfombra roja","description":"La velada m\u00e1s esperada del Museo Metropolitano de Nueva York ya est\u00e1 aqu\u00ed y repasamos los mejores looks de la alfombra roja.","robots":{"index":"index","follow":"follow","max-snippet":"max-snippet:-1","max-image-preview":"max-image-preview:large","max-video-preview":"max-video-preview:-1"},"canonical":"https:\/\/graziamagazine.com\/es\/articles\/met-gala-2025-los-mejores-looks-de-la-alfombra-roja\/","og_locale":"es_ES","og_type":"article","og_title":"MET Gala 2025, los mejores looks de la alfombra roja","og_description":"La velada m\u00e1s esperada del Museo Metropolitano de Nueva York ya est\u00e1 aqu\u00ed y repasamos los mejores looks de la alfombra roja.","og_url":"https:\/\/graziamagazine.com\/es\/articles\/met-gala-2025-los-mejores-looks-de-la-alfombra-roja\/","og_site_name":"Grazia","article_modified_time":"2025-05-06T09:58:42+00:00","og_image":[{"width":1401,"height":1152,"url":"https:\/\/graziamagazine.com\/es\/wp-content\/uploads\/sites\/12\/2025\/05\/enews-e1746485596315.jpg","type":"image\/jpeg"}],"twitter_card":"summary_large_image","twitter_misc":{"Est. reading time":"17 minutos"},"schema":{"@context":"https:\/\/schema.org","@graph":[{"@type":"WebPage","@id":"https:\/\/graziamagazine.com\/es\/articles\/met-gala-2025-los-mejores-looks-de-la-alfombra-roja\/","url":"https:\/\/graziamagazine.com\/es\/articles\/met-gala-2025-los-mejores-looks-de-la-alfombra-roja\/","name":"MET Gala 2025, los mejores looks de la alfombra roja","isPartOf":{"@id":"https:\/\/graziamagazine.com\/es\/#website"},"datePublished":"2025-05-05T20:58:08+00:00","dateModified":"2025-05-06T09:58:42+00:00","description":"La velada m\u00e1s esperada del Museo Metropolitano de Nueva York ya est\u00e1 aqu\u00ed y repasamos los mejores looks de la alfombra roja.","breadcrumb":{"@id":"https:\/\/graziamagazine.com\/es\/articles\/met-gala-2025-los-mejores-looks-de-la-alfombra-roja\/#breadcrumb"},"inLanguage":"es","potentialAction":[{"@type":"ReadAction","target":["https:\/\/graziamagazine.com\/es\/articles\/met-gala-2025-los-mejores-looks-de-la-alfombra-roja\/"]}]},{"@type":"BreadcrumbList","@id":"https:\/\/graziamagazine.com\/es\/articles\/met-gala-2025-los-mejores-looks-de-la-alfombra-roja\/#breadcrumb","itemListElement":[{"@type":"ListItem","position":1,"name":"Portada","item":"https:\/\/graziamagazine.com\/es\/"},{"@type":"ListItem","position":2,"name":"MET Gala 2025, los mejores looks de la alfombra roja"}]},{"@type":"WebSite","@id":"https:\/\/graziamagazine.com\/es\/#website","url":"https:\/\/graziamagazine.com\/es\/","name":"Grazia","description":"Moda, belleza, celebrities, estilo de vida...","potentialAction":[{"@type":"SearchAction","target":{"@type":"EntryPoint","urlTemplate":"https:\/\/graziamagazine.com\/es\/?s={search_term_string}"},"query-input":"required name=search_term_string"}],"inLanguage":"es"}]}},"jetpack_sharing_enabled":true,"distributor_meta":false,"distributor_terms":false,"distributor_media":false,"distributor_original_site_name":"Grazia","distributor_original_site_url":"https:\/\/graziamagazine.com\/es","push-errors":false,"_links":{"self":[{"href":"https:\/\/graziamagazine.com\/es\/wp-json\/wp\/v2\/articles\/184432"}],"collection":[{"href":"https:\/\/graziamagazine.com\/es\/wp-json\/wp\/v2\/articles"}],"about":[{"href":"https:\/\/graziamagazine.com\/es\/wp-json\/wp\/v2\/types\/articles"}],"author":[{"embeddable":true,"href":"https:\/\/graziamagazine.com\/es\/wp-json\/wp\/v2\/users\/11653"}],"wp:featuredmedia":[{"embeddable":true,"href":"https:\/\/graziamagazine.com\/es\/wp-json\/wp\/v2\/media\/184443"}],"wp:attachment":[{"href":"https:\/\/graziamagazine.com\/es\/wp-json\/wp\/v2\/media?parent=184432"}],"wp:term":[{"taxonomy":"category","embeddable":true,"href":"https:\/\/graziamagazine.com\/es\/wp-json\/wp\/v2\/categories?post=184432"}],"curies":[{"name":"wp","href":"https:\/\/api.w.org\/{rel}","templated":true}]}}