{"id":184323,"date":"2025-04-29T12:29:53","date_gmt":"2025-04-29T10:29:53","guid":{"rendered":"https:\/\/graziamagazine.com\/es\/?post_type=articles&#038;p=184323"},"modified":"2025-04-29T12:29:53","modified_gmt":"2025-04-29T10:29:53","slug":"metallic-eyes-la-tendencia-de-eyeliners-perfecta-para-la-temporada-estival","status":"publish","type":"articles","link":"https:\/\/graziamagazine.com\/es\/articles\/metallic-eyes-la-tendencia-de-eyeliners-perfecta-para-la-temporada-estival\/","title":{"rendered":"Metallic eyes, la tendencia de eyeliners perfecta para la temporada estival"},"content":{"rendered":"<p dir=\"ltr\">La temporada de festivales est\u00e1 cada vez m\u00e1s cerca, as\u00ed que se va acercando la hora de dejar atr\u00e1s los looks discretos y abrazar todo lo que brille, deslumbre y capture todas las miradas. La firma You Are The Princess lo tiene muy claro, y por eso ha lanzado su nueva l\u00ednea de <span class=\"mark3p43nl71u\" data-markjs=\"true\" data-ogac=\"\" data-ogab=\"\" data-ogsc=\"\" data-ogsb=\"\">eyeliner<\/span>s MET by You Are The Princess, pensada para quienes no temen jugar con el color y quieren experimentar con acabados met\u00e1licos para acaparar la atenci\u00f3n all\u00e1 por donde vaya.<\/p>\n<p dir=\"ltr\">Inspirados en la est\u00e9tica gal\u00e1ctica m\u00e1s festivalera y con un toque glam muy dosmilero, estos delineadores son el aliado perfecto para transformar tu maquillaje en cuesti\u00f3n de segundos. Ya sea para un cat-eye plateado, detalles gr\u00e1ficos en tonos azul el\u00e9ctrico o un toque de luz en la l\u00ednea del agua, esta colecci\u00f3n promete llevar tu mirada al siguiente nivel. Prep\u00e1rate para brillar, porque los metallic eyes han llegado para quedarse y tienen mucho que aportar.<\/p>\n<p dir=\"ltr\">Si lo que est\u00e1s buscando es un delineado ic\u00f3nico que marque tendencia y te convierta en la reina de los eventos musicales, The Iconic Eyeliner (de MET by You Are The Princess) es el ideal. Este <span class=\"mark3p43nl71u\" data-markjs=\"true\" data-ogac=\"\" data-ogab=\"\" data-ogsc=\"\" data-ogsb=\"\">eyeliner<\/span> de larga duraci\u00f3n y waterproof es perfecto para trazar tus delineados con m\u00e1xima precisi\u00f3n gracias a una punta mucho m\u00e1s suave y fina. La f\u00f3rmula es ligera, de secado r\u00e1pido y de alta pigmentaci\u00f3n, lo que permite crear trazos definidos y con mucho impacto visual sin necesidad de repasar mil veces.<\/p>\n<p dir=\"ltr\"><img loading=\"lazy\" decoding=\"async\" class=\"aligncenter size-full wp-image-184324\" src=\"https:\/\/graziamagazine.com\/es\/wp-content\/uploads\/sites\/12\/2025\/04\/MET_The_Iconic_Eyeliner_Deep_Dive_1.50E-copia-scaled.jpg\" alt=\"\" width=\"2560\" height=\"2560\" srcset=\"https:\/\/graziamagazine.com\/es\/wp-content\/uploads\/sites\/12\/2025\/04\/MET_The_Iconic_Eyeliner_Deep_Dive_1.50E-copia-scaled.jpg 2560w, https:\/\/graziamagazine.com\/es\/wp-content\/uploads\/sites\/12\/2025\/04\/MET_The_Iconic_Eyeliner_Deep_Dive_1.50E-copia-300x300.jpg 300w, https:\/\/graziamagazine.com\/es\/wp-content\/uploads\/sites\/12\/2025\/04\/MET_The_Iconic_Eyeliner_Deep_Dive_1.50E-copia-1024x1024.jpg 1024w, https:\/\/graziamagazine.com\/es\/wp-content\/uploads\/sites\/12\/2025\/04\/MET_The_Iconic_Eyeliner_Deep_Dive_1.50E-copia-150x150.jpg 150w, https:\/\/graziamagazine.com\/es\/wp-content\/uploads\/sites\/12\/2025\/04\/MET_The_Iconic_Eyeliner_Deep_Dive_1.50E-copia-768x768.jpg 768w, https:\/\/graziamagazine.com\/es\/wp-content\/uploads\/sites\/12\/2025\/04\/MET_The_Iconic_Eyeliner_Deep_Dive_1.50E-copia-1536x1536.jpg 1536w, https:\/\/graziamagazine.com\/es\/wp-content\/uploads\/sites\/12\/2025\/04\/MET_The_Iconic_Eyeliner_Deep_Dive_1.50E-copia-2048x2048.jpg 2048w, https:\/\/graziamagazine.com\/es\/wp-content\/uploads\/sites\/12\/2025\/04\/MET_The_Iconic_Eyeliner_Deep_Dive_1.50E-copia-400x400.jpg 400w, https:\/\/graziamagazine.com\/es\/wp-content\/uploads\/sites\/12\/2025\/04\/MET_The_Iconic_Eyeliner_Deep_Dive_1.50E-copia-155x155.jpg 155w\" sizes=\"(max-width: 2560px) 100vw, 2560px\" \/><\/p>\n<p dir=\"ltr\"><a href=\"https:\/\/youaretheprincess.com\/products\/met-the-iconic-eyeliner-copy?srsltid=AfmBOopwFNTWncgmYeaNBDk1uGNINt-P5zCO-b7RfhHwciFPZl18Lk5d&amp;variant=50494371004757\"title=\"https:\/\/youaretheprincess.com\/products\/met-the-iconic-eyeliner-copy?srsltid=AfmBOopwFNTWncgmYeaNBDk1uGNINt-P5zCO-b7RfhHwciFPZl18Lk5d&amp;variant=50494371004757\"  target=\"_blank\" rel=\"noopener noreferrer\" data-auth=\"NotApplicable\" data-linkindex=\"5\" data-olk-copy-source=\"MessageBody\" target=\"_blank\">The Iconic\u00a0<span class=\"mark3p43nl71u\" data-markjs=\"true\" data-ogac=\"\" data-ogab=\"\" data-ogsc=\"\" data-ogsb=\"\">Eyeliner<\/span>\u00a0Deep Dive de MET by You Are The Princess. PVP: 1,50\u20ac<\/a><\/p>\n<p dir=\"ltr\">Esta nueva gama est\u00e1 perfectamente pensada para jugar con la luz, el color y la textura, y para convertir as\u00ed un look en apariencia sencillo en algo totalmente magn\u00e9tico y cautivador. Tienen un acabado met\u00e1lico intenso, pero no glitteroso, por lo que es un brillo l\u00edquido que refleja la luz de forma elegante y futurista.<\/p>\n<p dir=\"ltr\">Adem\u00e1s, son muy f\u00e1ciles de aplicar y est\u00e1n pensados para experimentar y divertirte, sin complicaciones.<\/p>\n<p dir=\"ltr\"><em>*Im\u00e1genes: cortes\u00eda\u00a0<\/em><\/p>\n","protected":false},"author":11653,"featured_media":184325,"template":"","format":"standard","categories":[7],"acf":[],"yoast_head":"<!-- This site is optimized with the Yoast SEO Premium plugin v18.5 (Yoast SEO v20.4) - https:\/\/yoast.com\/wordpress\/plugins\/seo\/ -->\n<title>Metallic eyes, la tendencia de eyeliners para la temporada estival<\/title>\n<meta name=\"description\" content=\"Colores vibrantes como el plateado y el azul el\u00e9ctrico con acabados met\u00e1licos, se convertir\u00e1n en tu arma secreta.\" \/>\n<meta name=\"robots\" content=\"index, follow, max-snippet:-1, max-image-preview:large, max-video-preview:-1\" \/>\n<link rel=\"canonical\" href=\"https:\/\/graziamagazine.com\/es\/articles\/metallic-eyes-la-tendencia-de-eyeliners-perfecta-para-la-temporada-estival\/\" \/>\n<meta property=\"og:locale\" content=\"es_ES\" \/>\n<meta property=\"og:type\" content=\"article\" \/>\n<meta property=\"og:title\" content=\"Metallic eyes, la tendencia de eyeliners perfecta para la temporada estival\" \/>\n<meta property=\"og:description\" content=\"Colores vibrantes como el plateado y el azul el\u00e9ctrico con acabados met\u00e1licos, se convertir\u00e1n en tu arma secreta.\" \/>\n<meta property=\"og:url\" content=\"https:\/\/graziamagazine.com\/es\/articles\/metallic-eyes-la-tendencia-de-eyeliners-perfecta-para-la-temporada-estival\/\" \/>\n<meta property=\"og:site_name\" content=\"Grazia\" \/>\n<meta property=\"og:image\" content=\"https:\/\/graziamagazine.com\/es\/wp-content\/uploads\/sites\/12\/2025\/04\/NdP_IMAGEN_PORTADA_15.png\" \/>\n\t<meta property=\"og:image:width\" content=\"1500\" \/>\n\t<meta property=\"og:image:height\" content=\"1000\" \/>\n\t<meta property=\"og:image:type\" content=\"image\/png\" \/>\n<meta name=\"twitter:card\" content=\"summary_large_image\" \/>\n<meta name=\"twitter:label1\" content=\"Est. reading time\" \/>\n\t<meta name=\"twitter:data1\" content=\"2 minutos\" \/>\n<script type=\"application\/ld+json\" class=\"yoast-schema-graph\">{\"@context\":\"https:\/\/schema.org\",\"@graph\":[{\"@type\":\"WebPage\",\"@id\":\"https:\/\/graziamagazine.com\/es\/articles\/metallic-eyes-la-tendencia-de-eyeliners-perfecta-para-la-temporada-estival\/\",\"url\":\"https:\/\/graziamagazine.com\/es\/articles\/metallic-eyes-la-tendencia-de-eyeliners-perfecta-para-la-temporada-estival\/\",\"name\":\"Metallic eyes, la tendencia de eyeliners para la temporada estival\",\"isPartOf\":{\"@id\":\"https:\/\/graziamagazine.com\/es\/#website\"},\"datePublished\":\"2025-04-29T10:29:53+00:00\",\"dateModified\":\"2025-04-29T10:29:53+00:00\",\"description\":\"Colores vibrantes como el plateado y el azul el\u00e9ctrico con acabados met\u00e1licos, se convertir\u00e1n en tu arma secreta.\",\"breadcrumb\":{\"@id\":\"https:\/\/graziamagazine.com\/es\/articles\/metallic-eyes-la-tendencia-de-eyeliners-perfecta-para-la-temporada-estival\/#breadcrumb\"},\"inLanguage\":\"es\",\"potentialAction\":[{\"@type\":\"ReadAction\",\"target\":[\"https:\/\/graziamagazine.com\/es\/articles\/metallic-eyes-la-tendencia-de-eyeliners-perfecta-para-la-temporada-estival\/\"]}]},{\"@type\":\"BreadcrumbList\",\"@id\":\"https:\/\/graziamagazine.com\/es\/articles\/metallic-eyes-la-tendencia-de-eyeliners-perfecta-para-la-temporada-estival\/#breadcrumb\",\"itemListElement\":[{\"@type\":\"ListItem\",\"position\":1,\"name\":\"Portada\",\"item\":\"https:\/\/graziamagazine.com\/es\/\"},{\"@type\":\"ListItem\",\"position\":2,\"name\":\"Metallic eyes, la tendencia de eyeliners perfecta para la temporada estival\"}]},{\"@type\":\"WebSite\",\"@id\":\"https:\/\/graziamagazine.com\/es\/#website\",\"url\":\"https:\/\/graziamagazine.com\/es\/\",\"name\":\"Grazia\",\"description\":\"Moda, belleza, celebrities, estilo de vida...\",\"potentialAction\":[{\"@type\":\"SearchAction\",\"target\":{\"@type\":\"EntryPoint\",\"urlTemplate\":\"https:\/\/graziamagazine.com\/es\/?s={search_term_string}\"},\"query-input\":\"required name=search_term_string\"}],\"inLanguage\":\"es\"}]}<\/script>\n<!-- \/ Yoast SEO Premium plugin. -->","yoast_head_json":{"title":"Metallic eyes, la tendencia de eyeliners para la temporada estival","description":"Colores vibrantes como el plateado y el azul el\u00e9ctrico con acabados met\u00e1licos, se convertir\u00e1n en tu arma secreta.","robots":{"index":"index","follow":"follow","max-snippet":"max-snippet:-1","max-image-preview":"max-image-preview:large","max-video-preview":"max-video-preview:-1"},"canonical":"https:\/\/graziamagazine.com\/es\/articles\/metallic-eyes-la-tendencia-de-eyeliners-perfecta-para-la-temporada-estival\/","og_locale":"es_ES","og_type":"article","og_title":"Metallic eyes, la tendencia de eyeliners perfecta para la temporada estival","og_description":"Colores vibrantes como el plateado y el azul el\u00e9ctrico con acabados met\u00e1licos, se convertir\u00e1n en tu arma secreta.","og_url":"https:\/\/graziamagazine.com\/es\/articles\/metallic-eyes-la-tendencia-de-eyeliners-perfecta-para-la-temporada-estival\/","og_site_name":"Grazia","og_image":[{"width":1500,"height":1000,"url":"https:\/\/graziamagazine.com\/es\/wp-content\/uploads\/sites\/12\/2025\/04\/NdP_IMAGEN_PORTADA_15.png","type":"image\/png"}],"twitter_card":"summary_large_image","twitter_misc":{"Est. reading time":"2 minutos"},"schema":{"@context":"https:\/\/schema.org","@graph":[{"@type":"WebPage","@id":"https:\/\/graziamagazine.com\/es\/articles\/metallic-eyes-la-tendencia-de-eyeliners-perfecta-para-la-temporada-estival\/","url":"https:\/\/graziamagazine.com\/es\/articles\/metallic-eyes-la-tendencia-de-eyeliners-perfecta-para-la-temporada-estival\/","name":"Metallic eyes, la tendencia de eyeliners para la temporada estival","isPartOf":{"@id":"https:\/\/graziamagazine.com\/es\/#website"},"datePublished":"2025-04-29T10:29:53+00:00","dateModified":"2025-04-29T10:29:53+00:00","description":"Colores vibrantes como el plateado y el azul el\u00e9ctrico con acabados met\u00e1licos, se convertir\u00e1n en tu arma secreta.","breadcrumb":{"@id":"https:\/\/graziamagazine.com\/es\/articles\/metallic-eyes-la-tendencia-de-eyeliners-perfecta-para-la-temporada-estival\/#breadcrumb"},"inLanguage":"es","potentialAction":[{"@type":"ReadAction","target":["https:\/\/graziamagazine.com\/es\/articles\/metallic-eyes-la-tendencia-de-eyeliners-perfecta-para-la-temporada-estival\/"]}]},{"@type":"BreadcrumbList","@id":"https:\/\/graziamagazine.com\/es\/articles\/metallic-eyes-la-tendencia-de-eyeliners-perfecta-para-la-temporada-estival\/#breadcrumb","itemListElement":[{"@type":"ListItem","position":1,"name":"Portada","item":"https:\/\/graziamagazine.com\/es\/"},{"@type":"ListItem","position":2,"name":"Metallic eyes, la tendencia de eyeliners perfecta para la temporada estival"}]},{"@type":"WebSite","@id":"https:\/\/graziamagazine.com\/es\/#website","url":"https:\/\/graziamagazine.com\/es\/","name":"Grazia","description":"Moda, belleza, celebrities, estilo de vida...","potentialAction":[{"@type":"SearchAction","target":{"@type":"EntryPoint","urlTemplate":"https:\/\/graziamagazine.com\/es\/?s={search_term_string}"},"query-input":"required name=search_term_string"}],"inLanguage":"es"}]}},"jetpack_sharing_enabled":true,"distributor_meta":false,"distributor_terms":false,"distributor_media":false,"distributor_original_site_name":"Grazia","distributor_original_site_url":"https:\/\/graziamagazine.com\/es","push-errors":false,"_links":{"self":[{"href":"https:\/\/graziamagazine.com\/es\/wp-json\/wp\/v2\/articles\/184323"}],"collection":[{"href":"https:\/\/graziamagazine.com\/es\/wp-json\/wp\/v2\/articles"}],"about":[{"href":"https:\/\/graziamagazine.com\/es\/wp-json\/wp\/v2\/types\/articles"}],"author":[{"embeddable":true,"href":"https:\/\/graziamagazine.com\/es\/wp-json\/wp\/v2\/users\/11653"}],"wp:featuredmedia":[{"embeddable":true,"href":"https:\/\/graziamagazine.com\/es\/wp-json\/wp\/v2\/media\/184325"}],"wp:attachment":[{"href":"https:\/\/graziamagazine.com\/es\/wp-json\/wp\/v2\/media?parent=184323"}],"wp:term":[{"taxonomy":"category","embeddable":true,"href":"https:\/\/graziamagazine.com\/es\/wp-json\/wp\/v2\/categories?post=184323"}],"curies":[{"name":"wp","href":"https:\/\/api.w.org\/{rel}","templated":true}]}}