{"id":184281,"date":"2025-04-28T09:00:29","date_gmt":"2025-04-28T07:00:29","guid":{"rendered":"https:\/\/graziamagazine.com\/es\/?post_type=articles&#038;p=184281"},"modified":"2025-04-27T21:33:00","modified_gmt":"2025-04-27T19:33:00","slug":"la-nueva-herramienta-de-peinado-para-ondas-surferas-perfectas","status":"publish","type":"articles","link":"https:\/\/graziamagazine.com\/es\/articles\/la-nueva-herramienta-de-peinado-para-ondas-surferas-perfectas\/","title":{"rendered":"La nueva herramienta de peinado para ondas surferas perfectas"},"content":{"rendered":"<p>Las ondas surferas se han consolidado como uno de los peinados m\u00e1s deseados por su estilo desenfadado, natural y favorecedor. Lo que empez\u00f3 como un look veraniego se ha convertido en una tendencia atemporal que arrasa en cualquier estaci\u00f3n.<\/p>\n<p class=\"\" data-start=\"633\" data-end=\"916\">Tambi\u00e9n conocidas como <strong data-start=\"676\" data-end=\"691\">beach waves<\/strong>, imitan el movimiento natural del cabello tras un d\u00eda de playa. Se caracterizan por su <strong data-start=\"779\" data-end=\"796\">textura suave<\/strong>, su <strong data-start=\"801\" data-end=\"821\">volumen relajado<\/strong> y su aspecto ligeramente despeinado, que aporta frescura y un toque muy chic a cualquier look. Si te encanta esta tendencia pero te da mucha pereza ponerte a ello, tranquila porque GHD tiene la soluci\u00f3n ya que ha vuelto a revolucionar\u00a0una vez m\u00e1s el mundo del peinado con el lanzamiento de <strong><span class=\"mark1rjdazus8\" data-markjs=\"true\" data-ogac=\"\" data-ogab=\"\" data-ogsc=\"\" data-ogsb=\"\">ghd<\/span> wave, su primera tenacilla de triple barril profesional,<\/strong> dise\u00f1ada para lograr las codiciadas ondas de sirena con un acabado impecable y sin comprometer la salud del cabello.<\/p>\n<p data-start=\"633\" data-end=\"916\"><img loading=\"lazy\" decoding=\"async\" class=\"aligncenter size-full wp-image-184285\" src=\"https:\/\/graziamagazine.com\/es\/wp-content\/uploads\/sites\/12\/2025\/04\/NdP_IMAGEN_PORTADA_14-copia.jpg\" alt=\"\" width=\"1500\" height=\"1000\" srcset=\"https:\/\/graziamagazine.com\/es\/wp-content\/uploads\/sites\/12\/2025\/04\/NdP_IMAGEN_PORTADA_14-copia.jpg 1500w, https:\/\/graziamagazine.com\/es\/wp-content\/uploads\/sites\/12\/2025\/04\/NdP_IMAGEN_PORTADA_14-copia-300x200.jpg 300w, https:\/\/graziamagazine.com\/es\/wp-content\/uploads\/sites\/12\/2025\/04\/NdP_IMAGEN_PORTADA_14-copia-1024x683.jpg 1024w, https:\/\/graziamagazine.com\/es\/wp-content\/uploads\/sites\/12\/2025\/04\/NdP_IMAGEN_PORTADA_14-copia-768x512.jpg 768w, https:\/\/graziamagazine.com\/es\/wp-content\/uploads\/sites\/12\/2025\/04\/NdP_IMAGEN_PORTADA_14-copia-400x267.jpg 400w, https:\/\/graziamagazine.com\/es\/wp-content\/uploads\/sites\/12\/2025\/04\/NdP_IMAGEN_PORTADA_14-copia-155x103.jpg 155w\" sizes=\"(max-width: 1500px) 100vw, 1500px\" \/><\/p>\n<p>Con un dise\u00f1o innovador y modulable, <span class=\"mark1rjdazus8\" data-markjs=\"true\" data-ogac=\"\" data-ogab=\"\" data-ogsc=\"\" data-ogsb=\"\">ghd<\/span> wave se adapta a cada mech\u00f3n para crear ondas surferas de forma r\u00e1pida, sin marcas ni cortes, y con un resultado tan natural como glamuroso. Gracias a su avanzada tecnolog\u00eda de calor con triple barril, mantiene de forma constante la temperatura \u00f3ptima de 185\u202f\u00b0C, lo que permite conseguir un peinado duradero y sin da\u00f1o por calor extremo.<\/p>\n<p>Dise\u00f1ada para obtener resultados duraderos y sin marcas, la nueva ghd wave utiliza la tecnolog\u00eda de calor PTC para asegurar que se mantenga la temperatura \u00f3ptima de peinado de 185\u00ba en los tres barriles, as\u00ed puedes crear instant\u00e1neamente ondas definidas y voluminosas con un acabado profesional, sin da\u00f1os por calor extremo3y con un esfuerzo m\u00ednimo&#8230; ya no necesitas un viaje a la playa ni agua salada para conseguir estas ondas surferas.<\/p>\n<p><img loading=\"lazy\" decoding=\"async\" class=\"aligncenter size-full wp-image-184284\" src=\"https:\/\/graziamagazine.com\/es\/wp-content\/uploads\/sites\/12\/2025\/04\/NdP_IMAGEN_INTERIOR_14-copia.jpg\" alt=\"\" width=\"900\" height=\"1350\" srcset=\"https:\/\/graziamagazine.com\/es\/wp-content\/uploads\/sites\/12\/2025\/04\/NdP_IMAGEN_INTERIOR_14-copia.jpg 900w, https:\/\/graziamagazine.com\/es\/wp-content\/uploads\/sites\/12\/2025\/04\/NdP_IMAGEN_INTERIOR_14-copia-200x300.jpg 200w, https:\/\/graziamagazine.com\/es\/wp-content\/uploads\/sites\/12\/2025\/04\/NdP_IMAGEN_INTERIOR_14-copia-683x1024.jpg 683w, https:\/\/graziamagazine.com\/es\/wp-content\/uploads\/sites\/12\/2025\/04\/NdP_IMAGEN_INTERIOR_14-copia-768x1152.jpg 768w, https:\/\/graziamagazine.com\/es\/wp-content\/uploads\/sites\/12\/2025\/04\/NdP_IMAGEN_INTERIOR_14-copia-400x600.jpg 400w, https:\/\/graziamagazine.com\/es\/wp-content\/uploads\/sites\/12\/2025\/04\/NdP_IMAGEN_INTERIOR_14-copia-143x215.jpg 143w\" sizes=\"(max-width: 900px) 100vw, 900px\" \/><\/p>\n<h3>\u00bfEl resultado?<\/h3>\n<p>Un cabello con hasta un 30% m\u00e1s de brillo, 2x menos frizz y ondas perfectamente definidas que duran todo el d\u00eda. Todo ello con la garant\u00eda de calidad y tecnolog\u00eda que distingue a <span class=\"mark1rjdazus8\" data-markjs=\"true\" data-ogac=\"\" data-ogab=\"\" data-ogsc=\"\" data-ogsb=\"\">ghd<\/span> como l\u00edder indiscutible en el sector.<\/p>\n<p>\u201cEl nuevo <span class=\"mark1rjdazus8\" data-markjs=\"true\" data-ogac=\"\" data-ogab=\"\" data-ogsc=\"\" data-ogsb=\"\">ghd<\/span> wave ha sido pensado para quienes desean ese look effortless chic que solo parece posible despu\u00e9s de un d\u00eda en la playa\u201d, declara el equipo creativo de <span class=\"mark1rjdazus8\" data-markjs=\"true\" data-ogac=\"\" data-ogab=\"\" data-ogsc=\"\" data-ogsb=\"\">ghd<\/span>. \u201cAhora, puedes llevar esas ondas so\u00f1adas sin moverte de casa y con resultados profesionales\u201d.<\/p>\n<p class=\"\" data-start=\"2090\" data-end=\"2331\">Numerosas celebrities e influencers han hecho de las ondas surferas su sello personal. Desde alfombras rojas hasta eventos casual, este peinado se adapta a cualquier ocasi\u00f3n, aportando un aire juvenil, moderno y sofisticado a partes iguales. Y ahora t\u00fa tambi\u00e9n puedes hacerlo.<\/p>\n<p data-start=\"2090\" data-end=\"2331\"><img loading=\"lazy\" decoding=\"async\" class=\"aligncenter size-full wp-image-184286\" src=\"https:\/\/graziamagazine.com\/es\/wp-content\/uploads\/sites\/12\/2025\/04\/ghd_wave_199E-e1745782004809.png\" alt=\"\" width=\"1001\" height=\"595\" srcset=\"https:\/\/graziamagazine.com\/es\/wp-content\/uploads\/sites\/12\/2025\/04\/ghd_wave_199E-e1745782004809.png 1001w, https:\/\/graziamagazine.com\/es\/wp-content\/uploads\/sites\/12\/2025\/04\/ghd_wave_199E-e1745782004809-300x178.png 300w, https:\/\/graziamagazine.com\/es\/wp-content\/uploads\/sites\/12\/2025\/04\/ghd_wave_199E-e1745782004809-768x457.png 768w, https:\/\/graziamagazine.com\/es\/wp-content\/uploads\/sites\/12\/2025\/04\/ghd_wave_199E-e1745782004809-400x238.png 400w, https:\/\/graziamagazine.com\/es\/wp-content\/uploads\/sites\/12\/2025\/04\/ghd_wave_199E-e1745782004809-155x92.png 155w\" sizes=\"(max-width: 1001px) 100vw, 1001px\" \/><\/p>\n<p>Disponible a partir del 28 de abril en salones de peluquer\u00eda autorizados, stands de El Corte Ingl\u00e9s y en la web <a href=\"http:\/\/ghdhair.com\/es\" target=\"_blank\">oficial<\/a>, la nueva <span class=\"mark1rjdazus8\" data-markjs=\"true\" data-ogac=\"\" data-ogab=\"\" data-ogsc=\"\" data-ogsb=\"\">ghd<\/span> wave estar\u00e1 disponible por <a href=\"https:\/\/www.ghdhair.com\/es\/tenacillas-de-pelo\/tenacilla-triple-ghd-wave-p-700\" target=\"_blank\">un precio recomendado de 199 euros<\/a>.<\/p>\n<p>*Im\u00e1genes:<\/p>\n","protected":false},"author":11653,"featured_media":184287,"template":"","format":"standard","categories":[7],"acf":[],"yoast_head":"<!-- This site is optimized with the Yoast SEO Premium plugin v18.5 (Yoast SEO v20.4) - https:\/\/yoast.com\/wordpress\/plugins\/seo\/ -->\n<title>La nueva herramienta de peinado para ondas surferas perfectas<\/title>\n<meta name=\"description\" content=\"Consigue el estilo veraniego en tendencia con hasta un 30% m\u00e1s de brillo y un 2x menos de frizz sin pisar la playa.\" \/>\n<meta name=\"robots\" content=\"index, follow, max-snippet:-1, max-image-preview:large, max-video-preview:-1\" \/>\n<link rel=\"canonical\" href=\"https:\/\/graziamagazine.com\/es\/articles\/la-nueva-herramienta-de-peinado-para-ondas-surferas-perfectas\/\" \/>\n<meta property=\"og:locale\" content=\"es_ES\" \/>\n<meta property=\"og:type\" content=\"article\" \/>\n<meta property=\"og:title\" content=\"La nueva herramienta de peinado para ondas surferas perfectas\" \/>\n<meta property=\"og:description\" content=\"Consigue el estilo veraniego en tendencia con hasta un 30% m\u00e1s de brillo y un 2x menos de frizz sin pisar la playa.\" \/>\n<meta property=\"og:url\" content=\"https:\/\/graziamagazine.com\/es\/articles\/la-nueva-herramienta-de-peinado-para-ondas-surferas-perfectas\/\" \/>\n<meta property=\"og:site_name\" content=\"Grazia\" \/>\n<meta property=\"article:modified_time\" content=\"2025-04-27T19:33:00+00:00\" \/>\n<meta property=\"og:image\" content=\"https:\/\/graziamagazine.com\/es\/wp-content\/uploads\/sites\/12\/2025\/04\/41c28550-000f-477b-bfe3-ca9d2539db51_source-aspect-ratio_1600w_0.jpg\" \/>\n\t<meta property=\"og:image:width\" content=\"1600\" \/>\n\t<meta property=\"og:image:height\" content=\"1201\" \/>\n\t<meta property=\"og:image:type\" content=\"image\/jpeg\" \/>\n<meta name=\"twitter:card\" content=\"summary_large_image\" \/>\n<meta name=\"twitter:label1\" content=\"Est. reading time\" \/>\n\t<meta name=\"twitter:data1\" content=\"3 minutos\" \/>\n<script type=\"application\/ld+json\" class=\"yoast-schema-graph\">{\"@context\":\"https:\/\/schema.org\",\"@graph\":[{\"@type\":\"WebPage\",\"@id\":\"https:\/\/graziamagazine.com\/es\/articles\/la-nueva-herramienta-de-peinado-para-ondas-surferas-perfectas\/\",\"url\":\"https:\/\/graziamagazine.com\/es\/articles\/la-nueva-herramienta-de-peinado-para-ondas-surferas-perfectas\/\",\"name\":\"La nueva herramienta de peinado para ondas surferas perfectas\",\"isPartOf\":{\"@id\":\"https:\/\/graziamagazine.com\/es\/#website\"},\"datePublished\":\"2025-04-28T07:00:29+00:00\",\"dateModified\":\"2025-04-27T19:33:00+00:00\",\"description\":\"Consigue el estilo veraniego en tendencia con hasta un 30% m\u00e1s de brillo y un 2x menos de frizz sin pisar la playa.\",\"breadcrumb\":{\"@id\":\"https:\/\/graziamagazine.com\/es\/articles\/la-nueva-herramienta-de-peinado-para-ondas-surferas-perfectas\/#breadcrumb\"},\"inLanguage\":\"es\",\"potentialAction\":[{\"@type\":\"ReadAction\",\"target\":[\"https:\/\/graziamagazine.com\/es\/articles\/la-nueva-herramienta-de-peinado-para-ondas-surferas-perfectas\/\"]}]},{\"@type\":\"BreadcrumbList\",\"@id\":\"https:\/\/graziamagazine.com\/es\/articles\/la-nueva-herramienta-de-peinado-para-ondas-surferas-perfectas\/#breadcrumb\",\"itemListElement\":[{\"@type\":\"ListItem\",\"position\":1,\"name\":\"Portada\",\"item\":\"https:\/\/graziamagazine.com\/es\/\"},{\"@type\":\"ListItem\",\"position\":2,\"name\":\"La nueva herramienta de peinado para ondas surferas perfectas\"}]},{\"@type\":\"WebSite\",\"@id\":\"https:\/\/graziamagazine.com\/es\/#website\",\"url\":\"https:\/\/graziamagazine.com\/es\/\",\"name\":\"Grazia\",\"description\":\"Moda, belleza, celebrities, estilo de vida...\",\"potentialAction\":[{\"@type\":\"SearchAction\",\"target\":{\"@type\":\"EntryPoint\",\"urlTemplate\":\"https:\/\/graziamagazine.com\/es\/?s={search_term_string}\"},\"query-input\":\"required name=search_term_string\"}],\"inLanguage\":\"es\"}]}<\/script>\n<!-- \/ Yoast SEO Premium plugin. -->","yoast_head_json":{"title":"La nueva herramienta de peinado para ondas surferas perfectas","description":"Consigue el estilo veraniego en tendencia con hasta un 30% m\u00e1s de brillo y un 2x menos de frizz sin pisar la playa.","robots":{"index":"index","follow":"follow","max-snippet":"max-snippet:-1","max-image-preview":"max-image-preview:large","max-video-preview":"max-video-preview:-1"},"canonical":"https:\/\/graziamagazine.com\/es\/articles\/la-nueva-herramienta-de-peinado-para-ondas-surferas-perfectas\/","og_locale":"es_ES","og_type":"article","og_title":"La nueva herramienta de peinado para ondas surferas perfectas","og_description":"Consigue el estilo veraniego en tendencia con hasta un 30% m\u00e1s de brillo y un 2x menos de frizz sin pisar la playa.","og_url":"https:\/\/graziamagazine.com\/es\/articles\/la-nueva-herramienta-de-peinado-para-ondas-surferas-perfectas\/","og_site_name":"Grazia","article_modified_time":"2025-04-27T19:33:00+00:00","og_image":[{"width":1600,"height":1201,"url":"https:\/\/graziamagazine.com\/es\/wp-content\/uploads\/sites\/12\/2025\/04\/41c28550-000f-477b-bfe3-ca9d2539db51_source-aspect-ratio_1600w_0.jpg","type":"image\/jpeg"}],"twitter_card":"summary_large_image","twitter_misc":{"Est. reading time":"3 minutos"},"schema":{"@context":"https:\/\/schema.org","@graph":[{"@type":"WebPage","@id":"https:\/\/graziamagazine.com\/es\/articles\/la-nueva-herramienta-de-peinado-para-ondas-surferas-perfectas\/","url":"https:\/\/graziamagazine.com\/es\/articles\/la-nueva-herramienta-de-peinado-para-ondas-surferas-perfectas\/","name":"La nueva herramienta de peinado para ondas surferas perfectas","isPartOf":{"@id":"https:\/\/graziamagazine.com\/es\/#website"},"datePublished":"2025-04-28T07:00:29+00:00","dateModified":"2025-04-27T19:33:00+00:00","description":"Consigue el estilo veraniego en tendencia con hasta un 30% m\u00e1s de brillo y un 2x menos de frizz sin pisar la playa.","breadcrumb":{"@id":"https:\/\/graziamagazine.com\/es\/articles\/la-nueva-herramienta-de-peinado-para-ondas-surferas-perfectas\/#breadcrumb"},"inLanguage":"es","potentialAction":[{"@type":"ReadAction","target":["https:\/\/graziamagazine.com\/es\/articles\/la-nueva-herramienta-de-peinado-para-ondas-surferas-perfectas\/"]}]},{"@type":"BreadcrumbList","@id":"https:\/\/graziamagazine.com\/es\/articles\/la-nueva-herramienta-de-peinado-para-ondas-surferas-perfectas\/#breadcrumb","itemListElement":[{"@type":"ListItem","position":1,"name":"Portada","item":"https:\/\/graziamagazine.com\/es\/"},{"@type":"ListItem","position":2,"name":"La nueva herramienta de peinado para ondas surferas perfectas"}]},{"@type":"WebSite","@id":"https:\/\/graziamagazine.com\/es\/#website","url":"https:\/\/graziamagazine.com\/es\/","name":"Grazia","description":"Moda, belleza, celebrities, estilo de vida...","potentialAction":[{"@type":"SearchAction","target":{"@type":"EntryPoint","urlTemplate":"https:\/\/graziamagazine.com\/es\/?s={search_term_string}"},"query-input":"required name=search_term_string"}],"inLanguage":"es"}]}},"jetpack_sharing_enabled":true,"distributor_meta":false,"distributor_terms":false,"distributor_media":false,"distributor_original_site_name":"Grazia","distributor_original_site_url":"https:\/\/graziamagazine.com\/es","push-errors":false,"_links":{"self":[{"href":"https:\/\/graziamagazine.com\/es\/wp-json\/wp\/v2\/articles\/184281"}],"collection":[{"href":"https:\/\/graziamagazine.com\/es\/wp-json\/wp\/v2\/articles"}],"about":[{"href":"https:\/\/graziamagazine.com\/es\/wp-json\/wp\/v2\/types\/articles"}],"author":[{"embeddable":true,"href":"https:\/\/graziamagazine.com\/es\/wp-json\/wp\/v2\/users\/11653"}],"wp:featuredmedia":[{"embeddable":true,"href":"https:\/\/graziamagazine.com\/es\/wp-json\/wp\/v2\/media\/184287"}],"wp:attachment":[{"href":"https:\/\/graziamagazine.com\/es\/wp-json\/wp\/v2\/media?parent=184281"}],"wp:term":[{"taxonomy":"category","embeddable":true,"href":"https:\/\/graziamagazine.com\/es\/wp-json\/wp\/v2\/categories?post=184281"}],"curies":[{"name":"wp","href":"https:\/\/api.w.org\/{rel}","templated":true}]}}