{"id":184068,"date":"2025-04-15T00:08:25","date_gmt":"2025-04-14T22:08:25","guid":{"rendered":"https:\/\/graziamagazine.com\/es\/?post_type=articles&#038;p=184068"},"modified":"2025-04-15T00:08:25","modified_gmt":"2025-04-14T22:08:25","slug":"elisabetta-franchi-abre-su-boutique-insignia-en-milan","status":"publish","type":"articles","link":"https:\/\/graziamagazine.com\/es\/articles\/elisabetta-franchi-abre-su-boutique-insignia-en-milan\/","title":{"rendered":"Elisabetta Franchi abre su boutique insignia en Mil\u00e1n"},"content":{"rendered":"<p>Elisabetta Franchi\u00a0marca un nuevo cap\u00edtulo en la evoluci\u00f3n de su marca con la apertura de una nueva boutique insignia en Mil\u00e1n, un espacio donde se fusionan el modernismo industrial y un refinado estilo femenino.<\/p>\n<p>Situada en la prestigiosa intersecci\u00f3n de Via Manzoni y Via della Spiga, la boutique de 450 metros cuadrados, ubicada en un edificio Art Nouveau del siglo XIX bajo la tutela de la oficina de Patrimonio Cultural, traza una narrativa de dise\u00f1o que da forma a un nuevo concepto de tienda que redefine la presencia de\u00a0Elisabetta Franchi\u00a0en el coraz\u00f3n del distrito comercial de lujo de la ciudad.<\/p>\n<p>\u00ab<em>Con gran emoci\u00f3n y orgullo, inauguramos este nuevo espacio en el coraz\u00f3n de Mil\u00e1n, una ciudad que siempre ha encarnado la elegancia, la innovaci\u00f3n y la belleza. Esta tienda es algo m\u00e1s que un lugar de creaci\u00f3n, es tambi\u00e9n un homenaje a la mujer moderna: fuerte, sofisticada y en constante evoluci\u00f3n. Cada detalle ha sido dise\u00f1ado para reflejar su esencia, ofreciendo no s\u00f3lo un producto, sino una experiencia que la acompa\u00f1a en la vida cotidiana. Mil\u00e1n es el escenario perfecto para celebrar su estilo, su personalidad y su extraordinaria belleza<\/em>\u00ab, afirma\u00a0Elisabetta Franchi.<\/p>\n<p><img loading=\"lazy\" decoding=\"async\" class=\"aligncenter size-full wp-image-184071\" src=\"https:\/\/graziamagazine.com\/es\/wp-content\/uploads\/sites\/12\/2025\/04\/EF_new-flagship-store-Milan_2.jpg\" alt=\"\" width=\"2000\" height=\"1333\" srcset=\"https:\/\/graziamagazine.com\/es\/wp-content\/uploads\/sites\/12\/2025\/04\/EF_new-flagship-store-Milan_2.jpg 2000w, https:\/\/graziamagazine.com\/es\/wp-content\/uploads\/sites\/12\/2025\/04\/EF_new-flagship-store-Milan_2-300x200.jpg 300w, https:\/\/graziamagazine.com\/es\/wp-content\/uploads\/sites\/12\/2025\/04\/EF_new-flagship-store-Milan_2-1024x682.jpg 1024w, https:\/\/graziamagazine.com\/es\/wp-content\/uploads\/sites\/12\/2025\/04\/EF_new-flagship-store-Milan_2-768x512.jpg 768w, https:\/\/graziamagazine.com\/es\/wp-content\/uploads\/sites\/12\/2025\/04\/EF_new-flagship-store-Milan_2-1536x1024.jpg 1536w, https:\/\/graziamagazine.com\/es\/wp-content\/uploads\/sites\/12\/2025\/04\/EF_new-flagship-store-Milan_2-400x267.jpg 400w, https:\/\/graziamagazine.com\/es\/wp-content\/uploads\/sites\/12\/2025\/04\/EF_new-flagship-store-Milan_2-155x103.jpg 155w\" sizes=\"(max-width: 2000px) 100vw, 2000px\" \/><\/p>\n<p>El espacio ofrece una experiencia envolvente a trav\u00e9s de la interacci\u00f3n entre la pureza y el rigor estructural de las formas y la atrevida sensualidad de materiales sofisticados, logrando un equilibrio perfecto entre simplicidad estructural y opulencia material. El espacio con vistas a la Via della Spiga se desarrolla en dos niveles perfectamente conectados. La planta baja establece un ambiente similar al de una galer\u00eda, donde se presentan prendas de pr\u00eat-\u00e0-porter y accesorios en un interior de estilo industrial decorado con paneles estriados.<\/p>\n<p><img loading=\"lazy\" decoding=\"async\" class=\"aligncenter size-full wp-image-184073\" src=\"https:\/\/graziamagazine.com\/es\/wp-content\/uploads\/sites\/12\/2025\/04\/EF_new-flagship-store-Milan_3.jpg\" alt=\"\" width=\"1333\" height=\"2000\" srcset=\"https:\/\/graziamagazine.com\/es\/wp-content\/uploads\/sites\/12\/2025\/04\/EF_new-flagship-store-Milan_3.jpg 1333w, https:\/\/graziamagazine.com\/es\/wp-content\/uploads\/sites\/12\/2025\/04\/EF_new-flagship-store-Milan_3-200x300.jpg 200w, https:\/\/graziamagazine.com\/es\/wp-content\/uploads\/sites\/12\/2025\/04\/EF_new-flagship-store-Milan_3-682x1024.jpg 682w, https:\/\/graziamagazine.com\/es\/wp-content\/uploads\/sites\/12\/2025\/04\/EF_new-flagship-store-Milan_3-768x1152.jpg 768w, https:\/\/graziamagazine.com\/es\/wp-content\/uploads\/sites\/12\/2025\/04\/EF_new-flagship-store-Milan_3-1024x1536.jpg 1024w, https:\/\/graziamagazine.com\/es\/wp-content\/uploads\/sites\/12\/2025\/04\/EF_new-flagship-store-Milan_3-400x600.jpg 400w, https:\/\/graziamagazine.com\/es\/wp-content\/uploads\/sites\/12\/2025\/04\/EF_new-flagship-store-Milan_3-143x215.jpg 143w\" sizes=\"(max-width: 1333px) 100vw, 1333px\" \/><\/p>\n<p>Un llamativo portal con un marco met\u00e1lico establece la transici\u00f3n a la escalera, donde el techo transl\u00facido de Barrisol difunde una luz c\u00e1lida y envolvente que gu\u00eda a los visitantes hasta la primera planta. Aqu\u00ed, la tienda revela su esencia de dise\u00f1o, meticulosamente concebida para ofrecer una seductora yuxtaposici\u00f3n de moda y decoraci\u00f3n.<\/p>\n<p>Los espacios de Via Manzoni revelan una instalaci\u00f3n arquitect\u00f3nica en la que los materiales y la luz dan forma al espacio. Altas columnas circulares revestidas de plexigl\u00e1s estriado emergen como faros luminosos, creando un llamativo contraste esc\u00e9nico con la estructura brutalista del techo, caracterizada por una secuencia irregular de vigas de acero a la vista.<\/p>\n<p>\u00ab<em>Estamos inmensamente orgullosos de inaugurar este nuevo cap\u00edtulo en el coraz\u00f3n de Mil\u00e1n, una ciudad que encarna la innovaci\u00f3n, la cultura y el estilo. La apertura de esta tienda no es s\u00f3lo un hito significativo en el crecimiento de nuestra marca, sino tambi\u00e9n un testimonio de nuestro firme compromiso con la excelencia y la continua evoluci\u00f3n de Elisabetta Franchi. Cada detalle de este espacio ha sido meticulosamente dise\u00f1ado para ofrecer a nuestros clientes una experiencia exclusiva en la que se entrelazan calidad, dise\u00f1o y pasi\u00f3n<\/em>\u00ab, afirma Gabriele Maggio, consejero delegado de\u00a0Elisabetta Franchi.<\/p>\n<p><img loading=\"lazy\" decoding=\"async\" class=\"aligncenter size-full wp-image-184072\" src=\"https:\/\/graziamagazine.com\/es\/wp-content\/uploads\/sites\/12\/2025\/04\/EF_new-flagship-store-Milan_5.jpg\" alt=\"\" width=\"1500\" height=\"2000\" srcset=\"https:\/\/graziamagazine.com\/es\/wp-content\/uploads\/sites\/12\/2025\/04\/EF_new-flagship-store-Milan_5.jpg 1500w, https:\/\/graziamagazine.com\/es\/wp-content\/uploads\/sites\/12\/2025\/04\/EF_new-flagship-store-Milan_5-225x300.jpg 225w, https:\/\/graziamagazine.com\/es\/wp-content\/uploads\/sites\/12\/2025\/04\/EF_new-flagship-store-Milan_5-768x1024.jpg 768w, https:\/\/graziamagazine.com\/es\/wp-content\/uploads\/sites\/12\/2025\/04\/EF_new-flagship-store-Milan_5-1152x1536.jpg 1152w, https:\/\/graziamagazine.com\/es\/wp-content\/uploads\/sites\/12\/2025\/04\/EF_new-flagship-store-Milan_5-400x533.jpg 400w, https:\/\/graziamagazine.com\/es\/wp-content\/uploads\/sites\/12\/2025\/04\/EF_new-flagship-store-Milan_5-155x207.jpg 155w\" sizes=\"(max-width: 1500px) 100vw, 1500px\" \/><\/p>\n<p>La nueva tienda insignia de Mil\u00e1n redefine la experiencia de compra, transform\u00e1ndola en un viaje inmersivo a trav\u00e9s del universo\u00a0Elisabetta Franchi.<\/p>\n<p>El proyecto representa el nuevo concepto de tienda de la marca que dar\u00e1 forma a las nuevas aperturas de la marca en las capitales de la moda de todo el mundo.<\/p>\n<p>\u00bfD\u00f3nde? Via Alessandro Manzoni, 46 (Mil\u00e1n)<\/p>\n<p><em>*Im\u00e1genes: cortes\u00eda<\/em><\/p>\n","protected":false},"author":11653,"featured_media":184074,"template":"","format":"standard","categories":[2971],"acf":{"banner":""},"yoast_head":"<!-- This site is optimized with the Yoast SEO Premium plugin v18.5 (Yoast SEO v20.4) - https:\/\/yoast.com\/wordpress\/plugins\/seo\/ -->\n<title>Elisabetta Franchi abre su boutique insignia en Mil\u00e1n<\/title>\n<meta name=\"description\" content=\"Situada en la prestigiosa intersecci\u00f3n de Via Manzoni y Via della Spiga, la boutique cuenta con 450 metros cuadrados.\" \/>\n<meta name=\"robots\" content=\"index, follow, max-snippet:-1, max-image-preview:large, max-video-preview:-1\" \/>\n<link rel=\"canonical\" href=\"https:\/\/graziamagazine.com\/es\/articles\/elisabetta-franchi-abre-su-boutique-insignia-en-milan\/\" \/>\n<meta property=\"og:locale\" content=\"es_ES\" \/>\n<meta property=\"og:type\" content=\"article\" \/>\n<meta property=\"og:title\" content=\"Elisabetta Franchi abre su boutique insignia en Mil\u00e1n\" \/>\n<meta property=\"og:description\" content=\"Situada en la prestigiosa intersecci\u00f3n de Via Manzoni y Via della Spiga, la boutique cuenta con 450 metros cuadrados.\" \/>\n<meta property=\"og:url\" content=\"https:\/\/graziamagazine.com\/es\/articles\/elisabetta-franchi-abre-su-boutique-insignia-en-milan\/\" \/>\n<meta property=\"og:site_name\" content=\"Grazia\" \/>\n<meta property=\"og:image\" content=\"https:\/\/graziamagazine.com\/es\/wp-content\/uploads\/sites\/12\/2025\/04\/EF_new-flagship-store-Milan.jpg\" \/>\n\t<meta property=\"og:image:width\" content=\"2000\" \/>\n\t<meta property=\"og:image:height\" content=\"1333\" \/>\n\t<meta property=\"og:image:type\" content=\"image\/jpeg\" \/>\n<meta name=\"twitter:card\" content=\"summary_large_image\" \/>\n<meta name=\"twitter:label1\" content=\"Est. reading time\" \/>\n\t<meta name=\"twitter:data1\" content=\"4 minutos\" \/>\n<script type=\"application\/ld+json\" class=\"yoast-schema-graph\">{\"@context\":\"https:\/\/schema.org\",\"@graph\":[{\"@type\":\"WebPage\",\"@id\":\"https:\/\/graziamagazine.com\/es\/articles\/elisabetta-franchi-abre-su-boutique-insignia-en-milan\/\",\"url\":\"https:\/\/graziamagazine.com\/es\/articles\/elisabetta-franchi-abre-su-boutique-insignia-en-milan\/\",\"name\":\"Elisabetta Franchi abre su boutique insignia en Mil\u00e1n\",\"isPartOf\":{\"@id\":\"https:\/\/graziamagazine.com\/es\/#website\"},\"datePublished\":\"2025-04-14T22:08:25+00:00\",\"dateModified\":\"2025-04-14T22:08:25+00:00\",\"description\":\"Situada en la prestigiosa intersecci\u00f3n de Via Manzoni y Via della Spiga, la boutique cuenta con 450 metros cuadrados.\",\"breadcrumb\":{\"@id\":\"https:\/\/graziamagazine.com\/es\/articles\/elisabetta-franchi-abre-su-boutique-insignia-en-milan\/#breadcrumb\"},\"inLanguage\":\"es\",\"potentialAction\":[{\"@type\":\"ReadAction\",\"target\":[\"https:\/\/graziamagazine.com\/es\/articles\/elisabetta-franchi-abre-su-boutique-insignia-en-milan\/\"]}]},{\"@type\":\"BreadcrumbList\",\"@id\":\"https:\/\/graziamagazine.com\/es\/articles\/elisabetta-franchi-abre-su-boutique-insignia-en-milan\/#breadcrumb\",\"itemListElement\":[{\"@type\":\"ListItem\",\"position\":1,\"name\":\"Portada\",\"item\":\"https:\/\/graziamagazine.com\/es\/\"},{\"@type\":\"ListItem\",\"position\":2,\"name\":\"Elisabetta Franchi abre su boutique insignia en Mil\u00e1n\"}]},{\"@type\":\"WebSite\",\"@id\":\"https:\/\/graziamagazine.com\/es\/#website\",\"url\":\"https:\/\/graziamagazine.com\/es\/\",\"name\":\"Grazia\",\"description\":\"Moda, belleza, celebrities, estilo de vida...\",\"potentialAction\":[{\"@type\":\"SearchAction\",\"target\":{\"@type\":\"EntryPoint\",\"urlTemplate\":\"https:\/\/graziamagazine.com\/es\/?s={search_term_string}\"},\"query-input\":\"required name=search_term_string\"}],\"inLanguage\":\"es\"}]}<\/script>\n<!-- \/ Yoast SEO Premium plugin. -->","yoast_head_json":{"title":"Elisabetta Franchi abre su boutique insignia en Mil\u00e1n","description":"Situada en la prestigiosa intersecci\u00f3n de Via Manzoni y Via della Spiga, la boutique cuenta con 450 metros cuadrados.","robots":{"index":"index","follow":"follow","max-snippet":"max-snippet:-1","max-image-preview":"max-image-preview:large","max-video-preview":"max-video-preview:-1"},"canonical":"https:\/\/graziamagazine.com\/es\/articles\/elisabetta-franchi-abre-su-boutique-insignia-en-milan\/","og_locale":"es_ES","og_type":"article","og_title":"Elisabetta Franchi abre su boutique insignia en Mil\u00e1n","og_description":"Situada en la prestigiosa intersecci\u00f3n de Via Manzoni y Via della Spiga, la boutique cuenta con 450 metros cuadrados.","og_url":"https:\/\/graziamagazine.com\/es\/articles\/elisabetta-franchi-abre-su-boutique-insignia-en-milan\/","og_site_name":"Grazia","og_image":[{"width":2000,"height":1333,"url":"https:\/\/graziamagazine.com\/es\/wp-content\/uploads\/sites\/12\/2025\/04\/EF_new-flagship-store-Milan.jpg","type":"image\/jpeg"}],"twitter_card":"summary_large_image","twitter_misc":{"Est. reading time":"4 minutos"},"schema":{"@context":"https:\/\/schema.org","@graph":[{"@type":"WebPage","@id":"https:\/\/graziamagazine.com\/es\/articles\/elisabetta-franchi-abre-su-boutique-insignia-en-milan\/","url":"https:\/\/graziamagazine.com\/es\/articles\/elisabetta-franchi-abre-su-boutique-insignia-en-milan\/","name":"Elisabetta Franchi abre su boutique insignia en Mil\u00e1n","isPartOf":{"@id":"https:\/\/graziamagazine.com\/es\/#website"},"datePublished":"2025-04-14T22:08:25+00:00","dateModified":"2025-04-14T22:08:25+00:00","description":"Situada en la prestigiosa intersecci\u00f3n de Via Manzoni y Via della Spiga, la boutique cuenta con 450 metros cuadrados.","breadcrumb":{"@id":"https:\/\/graziamagazine.com\/es\/articles\/elisabetta-franchi-abre-su-boutique-insignia-en-milan\/#breadcrumb"},"inLanguage":"es","potentialAction":[{"@type":"ReadAction","target":["https:\/\/graziamagazine.com\/es\/articles\/elisabetta-franchi-abre-su-boutique-insignia-en-milan\/"]}]},{"@type":"BreadcrumbList","@id":"https:\/\/graziamagazine.com\/es\/articles\/elisabetta-franchi-abre-su-boutique-insignia-en-milan\/#breadcrumb","itemListElement":[{"@type":"ListItem","position":1,"name":"Portada","item":"https:\/\/graziamagazine.com\/es\/"},{"@type":"ListItem","position":2,"name":"Elisabetta Franchi abre su boutique insignia en Mil\u00e1n"}]},{"@type":"WebSite","@id":"https:\/\/graziamagazine.com\/es\/#website","url":"https:\/\/graziamagazine.com\/es\/","name":"Grazia","description":"Moda, belleza, celebrities, estilo de vida...","potentialAction":[{"@type":"SearchAction","target":{"@type":"EntryPoint","urlTemplate":"https:\/\/graziamagazine.com\/es\/?s={search_term_string}"},"query-input":"required name=search_term_string"}],"inLanguage":"es"}]}},"jetpack_sharing_enabled":true,"distributor_meta":false,"distributor_terms":false,"distributor_media":false,"distributor_original_site_name":"Grazia","distributor_original_site_url":"https:\/\/graziamagazine.com\/es","push-errors":false,"_links":{"self":[{"href":"https:\/\/graziamagazine.com\/es\/wp-json\/wp\/v2\/articles\/184068"}],"collection":[{"href":"https:\/\/graziamagazine.com\/es\/wp-json\/wp\/v2\/articles"}],"about":[{"href":"https:\/\/graziamagazine.com\/es\/wp-json\/wp\/v2\/types\/articles"}],"author":[{"embeddable":true,"href":"https:\/\/graziamagazine.com\/es\/wp-json\/wp\/v2\/users\/11653"}],"wp:featuredmedia":[{"embeddable":true,"href":"https:\/\/graziamagazine.com\/es\/wp-json\/wp\/v2\/media\/184074"}],"wp:attachment":[{"href":"https:\/\/graziamagazine.com\/es\/wp-json\/wp\/v2\/media?parent=184068"}],"wp:term":[{"taxonomy":"category","embeddable":true,"href":"https:\/\/graziamagazine.com\/es\/wp-json\/wp\/v2\/categories?post=184068"}],"curies":[{"name":"wp","href":"https:\/\/api.w.org\/{rel}","templated":true}]}}