{"id":184045,"date":"2025-04-14T14:32:42","date_gmt":"2025-04-14T12:32:42","guid":{"rendered":"https:\/\/graziamagazine.com\/es\/?post_type=articles&#038;p=184045"},"modified":"2025-04-14T14:32:42","modified_gmt":"2025-04-14T12:32:42","slug":"dolcegabbana-presenta-las-novedades-de-casa-collection","status":"publish","type":"articles","link":"https:\/\/graziamagazine.com\/es\/articles\/dolcegabbana-presenta-las-novedades-de-casa-collection\/","title":{"rendered":"Dolce&amp;Gabbana presenta las novedades de Casa Collection"},"content":{"rendered":"<p><span style=\"font-weight: 400\">En el marco de Mil\u00e1n Design Week 2025, Dolce&amp;Gabbana revela las \u00faltimas incorporaciones de Casa Collection: la nueva l\u00ednea de art\u00edculos para el hogar Verde Maiolica \u2013 su primera colecci\u00f3n de ropa de cama \u2013 junto con la nueva colecci\u00f3n de muebles Gotham y el debut de la nueva colecci\u00f3n de exteriores Saint Jean, en colaboraci\u00f3n con Luxury Living Group.\u00a0<\/span><\/p>\n<p><img loading=\"lazy\" decoding=\"async\" class=\"alignnone wp-image-149381 size-full\" src=\"https:\/\/graziamagazine.com\/mx\/wp-content\/uploads\/sites\/13\/2025\/04\/DGCasa_tessile_letto_carretto_MDW2025_phMattiaAquila_03-scaled.jpg\" alt=\"\" width=\"1707\" height=\"2560\" \/><\/p>\n<p><span style=\"font-weight: 400\">El patr\u00f3n Verde Maiolica, que combina el blanco puro con la intensidad del verde, evocando la naturaleza de los bosques mediterr\u00e1neos, envuelve las nuevas piezas de art\u00edculos para el hogar, otorgando un toque delicado y vibrante a cada habitaci\u00f3n, mientras celebra las grandes tradiciones cer\u00e1micas del sur de Italia.<\/span><\/p>\n<p><img loading=\"lazy\" decoding=\"async\" class=\"alignnone wp-image-149383 size-full\" src=\"https:\/\/graziamagazine.com\/mx\/wp-content\/uploads\/sites\/13\/2025\/04\/Broggi_SaloneDelMobile_2025_phPaolaPansini_03.jpg\" alt=\"\" width=\"5504\" height=\"8256\" \/><\/p>\n<p><span style=\"font-weight: 400\">La oferta de accesorios de Dolce&amp;Gabbana Casa se expande con su primera colecci\u00f3n de ropa de cama: fundas n\u00f3rdicas, fundas de almohada y s\u00e1banas que se impregnan de la sensualidad audaz del motivo Leopardo, el contraste llamativo del estampado Zebra en blanco y negro, el vibrante folklore del Carretto Siciliano y los ic\u00f3nicos dise\u00f1os inspirados en la mai\u00f3lica, reinterpretados en los tonos de Blu Mediterraneo y Verde Maiolica.<\/span><\/p>\n<p><img loading=\"lazy\" decoding=\"async\" class=\"alignnone wp-image-149386 size-full\" src=\"https:\/\/graziamagazine.com\/mx\/wp-content\/uploads\/sites\/13\/2025\/04\/24_Maiolica_Verde_DG_Casa_Mise_en_place_ph_Valentin_Abad_1_1-scaled.jpg\" alt=\"\" width=\"2560\" height=\"2560\" \/><\/p>\n<p><span style=\"font-weight: 400\">El atractivo de la noche cautiva los muebles de la nueva colecci\u00f3n Gotham, con sus l\u00edneas suaves y geometr\u00edas sinuosas que rememoran el estilo atemporal de las d\u00e9cadas de 1920 y 1930. Esta colecci\u00f3n fusiona el encanto vintage con el poder esc\u00e9nico del dise\u00f1o contempor\u00e1neo. Con acabados ricamente texturizados, logra efectos audaces, inconfundibles y matices crom\u00e1ticos \u00fanicos, alcanzando una perfecta armon\u00eda entre la maestr\u00eda artesanal y la refinada elegancia.<\/span><\/p>\n<p><img loading=\"lazy\" decoding=\"async\" class=\"alignnone wp-image-149387 size-full\" src=\"https:\/\/graziamagazine.com\/mx\/wp-content\/uploads\/sites\/13\/2025\/04\/21_Maiolica_Verde_DG_Casa_Mise_en_place_ph_Valentin_Abad_O.jpg\" alt=\"\" width=\"1500\" height=\"1200\" \/><\/p>\n<p><span style=\"font-weight: 400\">Sof\u00e1s, c\u00f3modos sillones, camastros y mesas de comedor: la nueva colecci\u00f3n de muebles para exteriores Saint Jean combina armoniosamente el estilo inconfundible de los ic\u00f3nicos estampados de Dolce&amp;Gabbana con acabados refinados, materiales de la m\u00e1s alta calidad y un rendimiento t\u00e9cnico elevado, haciendo de los espacios exteriores un lugar \u00fanico y acogedor.<\/span><\/p>\n<p><img loading=\"lazy\" decoding=\"async\" class=\"alignnone wp-image-149384 size-full\" src=\"https:\/\/graziamagazine.com\/mx\/wp-content\/uploads\/sites\/13\/2025\/04\/DGCasa_DuriniShowroom_Gotham_SetUp-1-scaled.jpg\" alt=\"\" width=\"2241\" height=\"2560\" \/><\/p>\n<p><span style=\"font-weight: 400\">Las \u00faltimas incorporaciones a Casa Collection se presentar\u00e1n en la boutique Dolce&amp;Gabbana Casa en Corso Venezia 7 y en el showroom en Via Durini 23 en Mil\u00e1n, ambos abiertos del 7 al 13 de abril, de 10 AM a 9 PM, en celebraci\u00f3n de la Mil\u00e1n Design Week.<\/span><\/p>\n<p><img loading=\"lazy\" decoding=\"async\" class=\"alignnone wp-image-149389 size-full\" src=\"https:\/\/graziamagazine.com\/mx\/wp-content\/uploads\/sites\/13\/2025\/04\/DGCasa_MDW_VerdeMaiolica_StillLife-10-scaled.jpg\" alt=\"\" width=\"2008\" height=\"2560\" \/><\/p>\n<p><em>*Im\u00e1genes: cortes\u00eda<\/em><\/p>\n","protected":false},"author":16349,"featured_media":184057,"template":"","format":"standard","categories":[6051,18],"acf":[],"yoast_head":"<!-- This site is optimized with the Yoast SEO Premium plugin v18.5 (Yoast SEO v20.4) - https:\/\/yoast.com\/wordpress\/plugins\/seo\/ -->\n<title>Dolce&amp;Gabbana presenta las novedades de Casa Collection<\/title>\n<meta name=\"description\" content=\"En el marco de Mil\u00e1n Design Week 2025 la firma revel\u00f3 su primera colecci\u00f3n de ropa de cama: Verde Maiolica.\" \/>\n<meta name=\"robots\" content=\"index, follow, max-snippet:-1, max-image-preview:large, max-video-preview:-1\" \/>\n<link rel=\"canonical\" href=\"https:\/\/graziamagazine.com\/es\/articles\/dolcegabbana-presenta-las-novedades-de-casa-collection\/\" \/>\n<meta property=\"og:locale\" content=\"es_ES\" \/>\n<meta property=\"og:type\" content=\"article\" \/>\n<meta property=\"og:title\" content=\"Dolce&amp;Gabbana presenta las novedades de Casa Collection\" \/>\n<meta property=\"og:description\" content=\"En el marco de Mil\u00e1n Design Week 2025 la firma revel\u00f3 su primera colecci\u00f3n de ropa de cama: Verde Maiolica.\" \/>\n<meta property=\"og:url\" content=\"https:\/\/graziamagazine.com\/es\/articles\/dolcegabbana-presenta-las-novedades-de-casa-collection\/\" \/>\n<meta property=\"og:site_name\" content=\"Grazia\" \/>\n<meta property=\"og:image\" content=\"https:\/\/graziamagazine.com\/es\/wp-content\/uploads\/sites\/12\/2025\/04\/Broggi_SaloneDelMobile_2025_phPaolaPansini_01-1024x683.jpg\" \/>\n\t<meta property=\"og:image:width\" content=\"1024\" \/>\n\t<meta property=\"og:image:height\" content=\"683\" \/>\n\t<meta property=\"og:image:type\" content=\"image\/jpeg\" \/>\n<meta name=\"twitter:card\" content=\"summary_large_image\" \/>\n<meta name=\"twitter:label1\" content=\"Est. reading time\" \/>\n\t<meta name=\"twitter:data1\" content=\"3 minutos\" \/>\n<script type=\"application\/ld+json\" class=\"yoast-schema-graph\">{\"@context\":\"https:\/\/schema.org\",\"@graph\":[{\"@type\":\"WebPage\",\"@id\":\"https:\/\/graziamagazine.com\/es\/articles\/dolcegabbana-presenta-las-novedades-de-casa-collection\/\",\"url\":\"https:\/\/graziamagazine.com\/es\/articles\/dolcegabbana-presenta-las-novedades-de-casa-collection\/\",\"name\":\"Dolce&amp;Gabbana presenta las novedades de Casa Collection\",\"isPartOf\":{\"@id\":\"https:\/\/graziamagazine.com\/es\/#website\"},\"datePublished\":\"2025-04-14T12:32:42+00:00\",\"dateModified\":\"2025-04-14T12:32:42+00:00\",\"description\":\"En el marco de Mil\u00e1n Design Week 2025 la firma revel\u00f3 su primera colecci\u00f3n de ropa de cama: Verde Maiolica.\",\"breadcrumb\":{\"@id\":\"https:\/\/graziamagazine.com\/es\/articles\/dolcegabbana-presenta-las-novedades-de-casa-collection\/#breadcrumb\"},\"inLanguage\":\"es\",\"potentialAction\":[{\"@type\":\"ReadAction\",\"target\":[\"https:\/\/graziamagazine.com\/es\/articles\/dolcegabbana-presenta-las-novedades-de-casa-collection\/\"]}]},{\"@type\":\"BreadcrumbList\",\"@id\":\"https:\/\/graziamagazine.com\/es\/articles\/dolcegabbana-presenta-las-novedades-de-casa-collection\/#breadcrumb\",\"itemListElement\":[{\"@type\":\"ListItem\",\"position\":1,\"name\":\"Portada\",\"item\":\"https:\/\/graziamagazine.com\/es\/\"},{\"@type\":\"ListItem\",\"position\":2,\"name\":\"Dolce&amp;Gabbana presenta las novedades de Casa Collection\"}]},{\"@type\":\"WebSite\",\"@id\":\"https:\/\/graziamagazine.com\/es\/#website\",\"url\":\"https:\/\/graziamagazine.com\/es\/\",\"name\":\"Grazia\",\"description\":\"Moda, belleza, celebrities, estilo de vida...\",\"potentialAction\":[{\"@type\":\"SearchAction\",\"target\":{\"@type\":\"EntryPoint\",\"urlTemplate\":\"https:\/\/graziamagazine.com\/es\/?s={search_term_string}\"},\"query-input\":\"required name=search_term_string\"}],\"inLanguage\":\"es\"}]}<\/script>\n<!-- \/ Yoast SEO Premium plugin. -->","yoast_head_json":{"title":"Dolce&amp;Gabbana presenta las novedades de Casa Collection","description":"En el marco de Mil\u00e1n Design Week 2025 la firma revel\u00f3 su primera colecci\u00f3n de ropa de cama: Verde Maiolica.","robots":{"index":"index","follow":"follow","max-snippet":"max-snippet:-1","max-image-preview":"max-image-preview:large","max-video-preview":"max-video-preview:-1"},"canonical":"https:\/\/graziamagazine.com\/es\/articles\/dolcegabbana-presenta-las-novedades-de-casa-collection\/","og_locale":"es_ES","og_type":"article","og_title":"Dolce&amp;Gabbana presenta las novedades de Casa Collection","og_description":"En el marco de Mil\u00e1n Design Week 2025 la firma revel\u00f3 su primera colecci\u00f3n de ropa de cama: Verde Maiolica.","og_url":"https:\/\/graziamagazine.com\/es\/articles\/dolcegabbana-presenta-las-novedades-de-casa-collection\/","og_site_name":"Grazia","og_image":[{"width":1024,"height":683,"url":"https:\/\/graziamagazine.com\/es\/wp-content\/uploads\/sites\/12\/2025\/04\/Broggi_SaloneDelMobile_2025_phPaolaPansini_01-1024x683.jpg","type":"image\/jpeg"}],"twitter_card":"summary_large_image","twitter_misc":{"Est. reading time":"3 minutos"},"schema":{"@context":"https:\/\/schema.org","@graph":[{"@type":"WebPage","@id":"https:\/\/graziamagazine.com\/es\/articles\/dolcegabbana-presenta-las-novedades-de-casa-collection\/","url":"https:\/\/graziamagazine.com\/es\/articles\/dolcegabbana-presenta-las-novedades-de-casa-collection\/","name":"Dolce&amp;Gabbana presenta las novedades de Casa Collection","isPartOf":{"@id":"https:\/\/graziamagazine.com\/es\/#website"},"datePublished":"2025-04-14T12:32:42+00:00","dateModified":"2025-04-14T12:32:42+00:00","description":"En el marco de Mil\u00e1n Design Week 2025 la firma revel\u00f3 su primera colecci\u00f3n de ropa de cama: Verde Maiolica.","breadcrumb":{"@id":"https:\/\/graziamagazine.com\/es\/articles\/dolcegabbana-presenta-las-novedades-de-casa-collection\/#breadcrumb"},"inLanguage":"es","potentialAction":[{"@type":"ReadAction","target":["https:\/\/graziamagazine.com\/es\/articles\/dolcegabbana-presenta-las-novedades-de-casa-collection\/"]}]},{"@type":"BreadcrumbList","@id":"https:\/\/graziamagazine.com\/es\/articles\/dolcegabbana-presenta-las-novedades-de-casa-collection\/#breadcrumb","itemListElement":[{"@type":"ListItem","position":1,"name":"Portada","item":"https:\/\/graziamagazine.com\/es\/"},{"@type":"ListItem","position":2,"name":"Dolce&amp;Gabbana presenta las novedades de Casa Collection"}]},{"@type":"WebSite","@id":"https:\/\/graziamagazine.com\/es\/#website","url":"https:\/\/graziamagazine.com\/es\/","name":"Grazia","description":"Moda, belleza, celebrities, estilo de vida...","potentialAction":[{"@type":"SearchAction","target":{"@type":"EntryPoint","urlTemplate":"https:\/\/graziamagazine.com\/es\/?s={search_term_string}"},"query-input":"required name=search_term_string"}],"inLanguage":"es"}]}},"jetpack_sharing_enabled":true,"distributor_meta":false,"distributor_terms":false,"distributor_media":false,"distributor_original_site_name":"Grazia","distributor_original_site_url":"https:\/\/graziamagazine.com\/es","push-errors":false,"_links":{"self":[{"href":"https:\/\/graziamagazine.com\/es\/wp-json\/wp\/v2\/articles\/184045"}],"collection":[{"href":"https:\/\/graziamagazine.com\/es\/wp-json\/wp\/v2\/articles"}],"about":[{"href":"https:\/\/graziamagazine.com\/es\/wp-json\/wp\/v2\/types\/articles"}],"author":[{"embeddable":true,"href":"https:\/\/graziamagazine.com\/es\/wp-json\/wp\/v2\/users\/16349"}],"wp:featuredmedia":[{"embeddable":true,"href":"https:\/\/graziamagazine.com\/es\/wp-json\/wp\/v2\/media\/184057"}],"wp:attachment":[{"href":"https:\/\/graziamagazine.com\/es\/wp-json\/wp\/v2\/media?parent=184045"}],"wp:term":[{"taxonomy":"category","embeddable":true,"href":"https:\/\/graziamagazine.com\/es\/wp-json\/wp\/v2\/categories?post=184045"}],"curies":[{"name":"wp","href":"https:\/\/api.w.org\/{rel}","templated":true}]}}