{"id":184023,"date":"2025-04-14T14:45:12","date_gmt":"2025-04-14T12:45:12","guid":{"rendered":"https:\/\/graziamagazine.com\/es\/?post_type=articles&#038;p=184023"},"modified":"2025-05-22T09:21:03","modified_gmt":"2025-05-22T07:21:03","slug":"bolsos-made-in-spain-para-viajar-esta-semana-santa","status":"publish","type":"articles","link":"https:\/\/graziamagazine.com\/es\/articles\/bolsos-made-in-spain-para-viajar-esta-semana-santa\/","title":{"rendered":"Bolsos &#8216;made in Spain&#8217; para viajar esta Semana Santa"},"content":{"rendered":"<p>Con la llegada de la Semana Santa, las calles se llenan de tradici\u00f3n, color y estilo. Y si hay un accesorio capaz de elevar cualquier look \u2014ya sea para una escapada al sur, una procesi\u00f3n o una comida familiar\u2014 ese es el bolso. Pero esta temporada, m\u00e1s que nunca, apostamos por la moda con alma: dise\u00f1os artesanales, materiales de calidad y sello local.<\/p>\n<p>\u00bfLo mejor? Todos est\u00e1n hechos en Espa\u00f1a. Y es que Espa\u00f1a puede presumir de una artesan\u00eda con denominaci\u00f3n de origen, desde los talleres m\u00edticos de piel en Ubrique hasta estudios creativos en Madrid o Valencia,\u00a0los bolsos espa\u00f1oles viven un gran momento. Firmas que combinan la tradici\u00f3n marroquinera con dise\u00f1o contempor\u00e1neo y un compromiso claro con la sostenibilidad.<\/p>\n<p><img decoding=\"async\" src=\"https:\/\/mailrelay.fabracomunicacion.com\/data\/086a7ede5bab0502f4e6cb63de9443071c2b9748\/media_files\/28745\/original\/7.jpg\" alt=\"7.jpg\" \/><\/p>\n<p>Las vacaciones de Semana Santa son un buen momento para estrenar alguna de estas piezas de colecci\u00f3n que combinan siempre a la perfecci\u00f3n con los outfits m\u00e1s relajados hasta los m\u00e1s formales. Ya sea que te escapas a la costa, visitas tu ciudad natal o te quedas en la ciudad para disfrutar de las procesiones, un buen bolso hecho en Espa\u00f1a es el aliado perfecto. Te acompa\u00f1a con elegancia, cuenta una historia y adem\u00e1s respalda el talento local.<\/p>\n<p>Mini bags para paseos con estilo sin perder comodidad, bolsos tipo cesta en rafia o cuero, perfectos para el d\u00eda o shopper estructurados para combinar con looks m\u00e1s urbanos y formales.<\/p>\n<p>Aqu\u00ed te dejamos una selecci\u00f3n de favorirtos para que estrenes estas vacaciones y entres de lleno en la \u00e9poca estival.<\/p>\n<h4>Un capazo diferente, de Loewe<\/h4>\n<p>Se llama Paseo y es una versi\u00f3n veraniega del bolso en piel tradicional, con los caracter\u00edsticos nudos en los laterales y un Anagram Pebble. Esta versi\u00f3n grande est\u00e1 confeccionada en rafia tejida a mano y piel napa de ternera, y est\u00e1 pensado para llevarlo al hombro o en la mano gracias a sus grandes asas. Cuenta con un bolsillo interior y se cierra con cremallera para que todo lo que lleves permanezca en la m\u00e1s absoluta intimidad.<\/p>\n<p><img loading=\"lazy\" decoding=\"async\" class=\"aligncenter size-full wp-image-184029\" src=\"https:\/\/graziamagazine.com\/es\/wp-content\/uploads\/sites\/12\/2025\/04\/A709G41X06_2165_1Q-copia-e1744570204787.jpg\" alt=\"\" width=\"818\" height=\"795\" srcset=\"https:\/\/graziamagazine.com\/es\/wp-content\/uploads\/sites\/12\/2025\/04\/A709G41X06_2165_1Q-copia-e1744570204787.jpg 818w, https:\/\/graziamagazine.com\/es\/wp-content\/uploads\/sites\/12\/2025\/04\/A709G41X06_2165_1Q-copia-e1744570204787-300x292.jpg 300w, https:\/\/graziamagazine.com\/es\/wp-content\/uploads\/sites\/12\/2025\/04\/A709G41X06_2165_1Q-copia-e1744570204787-768x746.jpg 768w, https:\/\/graziamagazine.com\/es\/wp-content\/uploads\/sites\/12\/2025\/04\/A709G41X06_2165_1Q-copia-e1744570204787-400x389.jpg 400w, https:\/\/graziamagazine.com\/es\/wp-content\/uploads\/sites\/12\/2025\/04\/A709G41X06_2165_1Q-copia-e1744570204787-155x151.jpg 155w\" sizes=\"(max-width: 818px) 100vw, 818px\" \/><\/p>\n<h4>Al estilo The White Lotus, Heimat Atl\u00e1ntica<\/h4>\n<p>Ahora que est\u00e1 tan de moda la tercera temporada de esta serie, esta marca espa\u00f1ola tiene los bolsos artesanales ideales para disfrutar de destinos ex\u00f3ticos, pero tambi\u00e9n combinarlos con los looks de ciudad. El Shella Medium Valentine&#8217;s es un bolso cesta fabricado en ca\u00f1a con piel de becerro y conchas bordadas a mano s\u00faper estiloso.<\/p>\n<p><img loading=\"lazy\" decoding=\"async\" class=\"aligncenter size-full wp-image-184027\" src=\"https:\/\/graziamagazine.com\/es\/wp-content\/uploads\/sites\/12\/2025\/04\/25005Product2_D_copia_1_1500x-copia-e1744569437904.jpg\" alt=\"\" width=\"1450\" height=\"1080\" srcset=\"https:\/\/graziamagazine.com\/es\/wp-content\/uploads\/sites\/12\/2025\/04\/25005Product2_D_copia_1_1500x-copia-e1744569437904.jpg 1450w, https:\/\/graziamagazine.com\/es\/wp-content\/uploads\/sites\/12\/2025\/04\/25005Product2_D_copia_1_1500x-copia-e1744569437904-300x223.jpg 300w, https:\/\/graziamagazine.com\/es\/wp-content\/uploads\/sites\/12\/2025\/04\/25005Product2_D_copia_1_1500x-copia-e1744569437904-1024x763.jpg 1024w, https:\/\/graziamagazine.com\/es\/wp-content\/uploads\/sites\/12\/2025\/04\/25005Product2_D_copia_1_1500x-copia-e1744569437904-768x572.jpg 768w, https:\/\/graziamagazine.com\/es\/wp-content\/uploads\/sites\/12\/2025\/04\/25005Product2_D_copia_1_1500x-copia-e1744569437904-400x298.jpg 400w, https:\/\/graziamagazine.com\/es\/wp-content\/uploads\/sites\/12\/2025\/04\/25005Product2_D_copia_1_1500x-copia-e1744569437904-155x115.jpg 155w\" sizes=\"(max-width: 1450px) 100vw, 1450px\" \/><\/p>\n<p><a href=\"https:\/\/heimat-atlantica.com\/products\/shella-medium-valentine-s-edition\" target=\"_blank\">Su precio con correas es de 430 euros en la web de la marca.\u00a0<\/a><\/p>\n<h4>Todoterreno con dise\u00f1o renovado, de Mercules<\/h4>\n<p>Si buscan un bolso mediano, que tenga un dise\u00f1o atractivo y con el que puedas darle un <em>twist<\/em> a tus looks, el Wasp Large es tu bolso, y m\u00e1s si eras fan de uno de los bestseller de la marca espa\u00f1ola: el Wasp. Este modelo es uno de nuestros favoritos porque es m\u00e1s grande, lo que te permite llevar contigo tus objetos personales y m\u00e1s cosas como un libro o un Kindle por ejemplo. Est\u00e1 fabricado en forma de globo y piel, y cuenta con un asa larga para poder llev\u00e1rlo al hombro o como bandolera y un asa corta para llevarlo en la mano. Puedes elegirlo en un negro que va con todo, pero por qu\u00e9 no apostar por colores m\u00e1s primaverales como el coral, el \u00e1mbar, el orqu\u00eddea, teja o terracota.<\/p>\n<p><img decoding=\"async\" src=\"https:\/\/mercules.es\/cdn\/shop\/files\/2025_05_Mercules36382.jpg?v=1740487049&amp;width=1280\" alt=\"Wasp Large Coral\" \/><\/p>\n<p><a href=\"https:\/\/mercules.es\/products\/wasp-large-ambar\" target=\"_blank\">Su precio es de 215 euros en la web de la marca.\u00a0\u00a0<\/a><\/p>\n<h4>Multicolor para la piscina, de Celia B<\/h4>\n<p>Bolso Bornita, un tote bag en crochet con bolitas y algod\u00f3n en colores intensos perfecto para poner la nota de color a tus looks de playa, piscina y los m\u00e1s relajados.<\/p>\n<p><img loading=\"lazy\" decoding=\"async\" class=\"aligncenter size-full wp-image-184026\" src=\"https:\/\/graziamagazine.com\/es\/wp-content\/uploads\/sites\/12\/2025\/04\/bornite-bag-484110-copia-e1744568224487.jpg\" alt=\"\" width=\"1241\" height=\"1433\" srcset=\"https:\/\/graziamagazine.com\/es\/wp-content\/uploads\/sites\/12\/2025\/04\/bornite-bag-484110-copia-e1744568224487.jpg 1241w, https:\/\/graziamagazine.com\/es\/wp-content\/uploads\/sites\/12\/2025\/04\/bornite-bag-484110-copia-e1744568224487-260x300.jpg 260w, https:\/\/graziamagazine.com\/es\/wp-content\/uploads\/sites\/12\/2025\/04\/bornite-bag-484110-copia-e1744568224487-887x1024.jpg 887w, https:\/\/graziamagazine.com\/es\/wp-content\/uploads\/sites\/12\/2025\/04\/bornite-bag-484110-copia-e1744568224487-768x887.jpg 768w, https:\/\/graziamagazine.com\/es\/wp-content\/uploads\/sites\/12\/2025\/04\/bornite-bag-484110-copia-e1744568224487-400x462.jpg 400w, https:\/\/graziamagazine.com\/es\/wp-content\/uploads\/sites\/12\/2025\/04\/bornite-bag-484110-copia-e1744568224487-155x179.jpg 155w\" sizes=\"(max-width: 1241px) 100vw, 1241px\" \/><\/p>\n<p><a href=\"https:\/\/celiab.com\/es\/products\/bornite-bag?_pos=3&amp;_psq=bolso&amp;_ss=e&amp;_v=1.0\" target=\"_blank\">Su precio ahora es 107,95 euros en la web de la marca.\u00a0<\/a><\/p>\n<h4>Un toque lujoso, de Lonbali<\/h4>\n<p>Si buscas un bolso elegante, de tama\u00f1o peque\u00f1o que te combine con todo y que puedas usar de la ma\u00f1ana a la noche sin que te pese llevarlo todo el d\u00eda, el Chelsea Crossbody Bag Gold es una gran opci\u00f3n.\u00a0Su dise\u00f1o estructurado y minimalista, con forma semicircular, lo convierte en el complemento perfecto para cualquier ocasi\u00f3n y destaca su cierre met\u00e1lico dorado con forma org\u00e1nica, que aporta un aire exclusivo y moderno, y su correa ajustable.<\/p>\n<p><img loading=\"lazy\" decoding=\"async\" class=\"aligncenter size-full wp-image-184028\" src=\"https:\/\/graziamagazine.com\/es\/wp-content\/uploads\/sites\/12\/2025\/04\/Dorado-2_1000x1250-copia-e1744570026630.jpg\" alt=\"\" width=\"964\" height=\"589\" srcset=\"https:\/\/graziamagazine.com\/es\/wp-content\/uploads\/sites\/12\/2025\/04\/Dorado-2_1000x1250-copia-e1744570026630.jpg 964w, https:\/\/graziamagazine.com\/es\/wp-content\/uploads\/sites\/12\/2025\/04\/Dorado-2_1000x1250-copia-e1744570026630-300x183.jpg 300w, https:\/\/graziamagazine.com\/es\/wp-content\/uploads\/sites\/12\/2025\/04\/Dorado-2_1000x1250-copia-e1744570026630-768x469.jpg 768w, https:\/\/graziamagazine.com\/es\/wp-content\/uploads\/sites\/12\/2025\/04\/Dorado-2_1000x1250-copia-e1744570026630-400x244.jpg 400w, https:\/\/graziamagazine.com\/es\/wp-content\/uploads\/sites\/12\/2025\/04\/Dorado-2_1000x1250-copia-e1744570026630-155x95.jpg 155w\" sizes=\"(max-width: 964px) 100vw, 964px\" \/><\/p>\n<p><a href=\"https:\/\/lonbali.com\/products\/bolso-dakota-negro-copia\" target=\"_blank\">Su precio es de 100 euros en la web de la marca.\u00a0<\/a><\/p>\n<h4>En cuero trenzado, de Toni Pons<\/h4>\n<p>Si eres fan de los capazos, \u00e9ste te va a encantar porque es un modelo perfecto que por sus materiales te va a dar muchas alegr\u00edas y te va a durar muchas temporadas. Se trata del modelo SIMONA, un capazo tipo shopper elaborado en cuero trenzado y con un pr\u00e1ctico bolsillo interior con cremallera met\u00e1lica. Sus asas en cuero trenzado est\u00e1n dise\u00f1adas para llevarlo al hombro.<\/p>\n<p><img decoding=\"async\" src=\"https:\/\/tonipons.com\/cdn\/shop\/files\/SIMONA_CUIRO__4.webp?v=1740763909&amp;width=1445\" alt=\"Bolso shopper en cuero trenzado con bolsillo interior | SIMONA\" \/><\/p>\n<p><a href=\"https:\/\/tonipons.com\/products\/complementos-simona-cuiro\" target=\"_blank\">Su precio es de 95 euros en la web de la marca.\u00a0<\/a><\/p>\n<h4>En versi\u00f3n mochila, de Fun &amp; Basics<\/h4>\n<p>Una mochila nunca viene mal y m\u00e1s cuando se va de vacaciones, porque es la manera m\u00e1s c\u00f3moda de meter de todo para aguantar desde la ma\u00f1ana a la noche. Con efecto acolchado y bandolera ajustable, dispone de tres bolsillos interiores y dos en el exterior. Puedes elegirla en beige y en negro.<\/p>\n<p><img loading=\"lazy\" decoding=\"async\" class=\"aligncenter wp-image-184025 size-full\" src=\"https:\/\/graziamagazine.com\/es\/wp-content\/uploads\/sites\/12\/2025\/04\/FC5B502W-e1744567892428.jpg\" alt=\"\" width=\"940\" height=\"1008\" srcset=\"https:\/\/graziamagazine.com\/es\/wp-content\/uploads\/sites\/12\/2025\/04\/FC5B502W-e1744567892428.jpg 940w, https:\/\/graziamagazine.com\/es\/wp-content\/uploads\/sites\/12\/2025\/04\/FC5B502W-e1744567892428-280x300.jpg 280w, https:\/\/graziamagazine.com\/es\/wp-content\/uploads\/sites\/12\/2025\/04\/FC5B502W-e1744567892428-768x824.jpg 768w, https:\/\/graziamagazine.com\/es\/wp-content\/uploads\/sites\/12\/2025\/04\/FC5B502W-e1744567892428-400x429.jpg 400w, https:\/\/graziamagazine.com\/es\/wp-content\/uploads\/sites\/12\/2025\/04\/FC5B502W-e1744567892428-155x166.jpg 155w\" sizes=\"(max-width: 940px) 100vw, 940px\" \/><\/p>\n<p><a href=\"https:\/\/funandbasics.com\/producto\/mochila-beige-vita-con-efecto-acolchado-y-bandolera\/\" target=\"_blank\">Su precio es de 59,99 euros en la web de la firma<\/a><\/p>\n<p>Invertir en moda nacional no solo es un gesto de estilo, tambi\u00e9n es una declaraci\u00f3n de intenciones: apostar por lo nuestro, por lo bien hecho y por piezas que duran m\u00e1s all\u00e1 de una temporada. Esta Semana Santa, camina con paso firme, mirada alta y un bolso espa\u00f1ol al hombro. Porque la moda con alma siempre es tendencia.<\/p>\n<p><em>*Im\u00e1genes: cortes\u00eda<\/em><\/p>\n","protected":false},"author":11653,"featured_media":184024,"template":"","format":"standard","categories":[11738,11781,1],"acf":[],"yoast_head":"<!-- This site is optimized with the Yoast SEO Premium plugin v18.5 (Yoast SEO v20.4) - https:\/\/yoast.com\/wordpress\/plugins\/seo\/ -->\n<title>Bolsos &#039;made in Spain&#039; para viajar esta Semana Santa<\/title>\n<meta name=\"description\" content=\"Invertir en moda nacional no solo es un gesto de estilo, tambi\u00e9n es una declaraci\u00f3n de intenciones: apostar por lo nuestro.\" \/>\n<meta name=\"robots\" content=\"index, follow, max-snippet:-1, max-image-preview:large, max-video-preview:-1\" \/>\n<link rel=\"canonical\" href=\"https:\/\/graziamagazine.com\/es\/articles\/bolsos-made-in-spain-para-viajar-esta-semana-santa\/\" \/>\n<meta property=\"og:locale\" content=\"es_ES\" \/>\n<meta property=\"og:type\" content=\"article\" \/>\n<meta property=\"og:title\" content=\"Bolsos &#039;made in Spain&#039; para viajar esta Semana Santa\" \/>\n<meta property=\"og:description\" content=\"Invertir en moda nacional no solo es un gesto de estilo, tambi\u00e9n es una declaraci\u00f3n de intenciones: apostar por lo nuestro.\" \/>\n<meta property=\"og:url\" content=\"https:\/\/graziamagazine.com\/es\/articles\/bolsos-made-in-spain-para-viajar-esta-semana-santa\/\" \/>\n<meta property=\"og:site_name\" content=\"Grazia\" \/>\n<meta property=\"article:modified_time\" content=\"2025-05-22T07:21:03+00:00\" \/>\n<meta property=\"og:image\" content=\"https:\/\/graziamagazine.com\/es\/wp-content\/uploads\/sites\/12\/2025\/04\/Wasp-large-teja-copia-e1744567081703.jpg\" \/>\n\t<meta property=\"og:image:width\" content=\"1132\" \/>\n\t<meta property=\"og:image:height\" content=\"678\" \/>\n\t<meta property=\"og:image:type\" content=\"image\/jpeg\" \/>\n<meta name=\"twitter:card\" content=\"summary_large_image\" \/>\n<meta name=\"twitter:label1\" content=\"Est. reading time\" \/>\n\t<meta name=\"twitter:data1\" content=\"6 minutos\" \/>\n<script type=\"application\/ld+json\" class=\"yoast-schema-graph\">{\"@context\":\"https:\/\/schema.org\",\"@graph\":[{\"@type\":\"WebPage\",\"@id\":\"https:\/\/graziamagazine.com\/es\/articles\/bolsos-made-in-spain-para-viajar-esta-semana-santa\/\",\"url\":\"https:\/\/graziamagazine.com\/es\/articles\/bolsos-made-in-spain-para-viajar-esta-semana-santa\/\",\"name\":\"Bolsos 'made in Spain' para viajar esta Semana Santa\",\"isPartOf\":{\"@id\":\"https:\/\/graziamagazine.com\/es\/#website\"},\"datePublished\":\"2025-04-14T12:45:12+00:00\",\"dateModified\":\"2025-05-22T07:21:03+00:00\",\"description\":\"Invertir en moda nacional no solo es un gesto de estilo, tambi\u00e9n es una declaraci\u00f3n de intenciones: apostar por lo nuestro.\",\"breadcrumb\":{\"@id\":\"https:\/\/graziamagazine.com\/es\/articles\/bolsos-made-in-spain-para-viajar-esta-semana-santa\/#breadcrumb\"},\"inLanguage\":\"es\",\"potentialAction\":[{\"@type\":\"ReadAction\",\"target\":[\"https:\/\/graziamagazine.com\/es\/articles\/bolsos-made-in-spain-para-viajar-esta-semana-santa\/\"]}]},{\"@type\":\"BreadcrumbList\",\"@id\":\"https:\/\/graziamagazine.com\/es\/articles\/bolsos-made-in-spain-para-viajar-esta-semana-santa\/#breadcrumb\",\"itemListElement\":[{\"@type\":\"ListItem\",\"position\":1,\"name\":\"Portada\",\"item\":\"https:\/\/graziamagazine.com\/es\/\"},{\"@type\":\"ListItem\",\"position\":2,\"name\":\"Bolsos &#8216;made in Spain&#8217; para viajar esta Semana Santa\"}]},{\"@type\":\"WebSite\",\"@id\":\"https:\/\/graziamagazine.com\/es\/#website\",\"url\":\"https:\/\/graziamagazine.com\/es\/\",\"name\":\"Grazia\",\"description\":\"Moda, belleza, celebrities, estilo de vida...\",\"potentialAction\":[{\"@type\":\"SearchAction\",\"target\":{\"@type\":\"EntryPoint\",\"urlTemplate\":\"https:\/\/graziamagazine.com\/es\/?s={search_term_string}\"},\"query-input\":\"required name=search_term_string\"}],\"inLanguage\":\"es\"}]}<\/script>\n<!-- \/ Yoast SEO Premium plugin. -->","yoast_head_json":{"title":"Bolsos 'made in Spain' para viajar esta Semana Santa","description":"Invertir en moda nacional no solo es un gesto de estilo, tambi\u00e9n es una declaraci\u00f3n de intenciones: apostar por lo nuestro.","robots":{"index":"index","follow":"follow","max-snippet":"max-snippet:-1","max-image-preview":"max-image-preview:large","max-video-preview":"max-video-preview:-1"},"canonical":"https:\/\/graziamagazine.com\/es\/articles\/bolsos-made-in-spain-para-viajar-esta-semana-santa\/","og_locale":"es_ES","og_type":"article","og_title":"Bolsos 'made in Spain' para viajar esta Semana Santa","og_description":"Invertir en moda nacional no solo es un gesto de estilo, tambi\u00e9n es una declaraci\u00f3n de intenciones: apostar por lo nuestro.","og_url":"https:\/\/graziamagazine.com\/es\/articles\/bolsos-made-in-spain-para-viajar-esta-semana-santa\/","og_site_name":"Grazia","article_modified_time":"2025-05-22T07:21:03+00:00","og_image":[{"width":1132,"height":678,"url":"https:\/\/graziamagazine.com\/es\/wp-content\/uploads\/sites\/12\/2025\/04\/Wasp-large-teja-copia-e1744567081703.jpg","type":"image\/jpeg"}],"twitter_card":"summary_large_image","twitter_misc":{"Est. reading time":"6 minutos"},"schema":{"@context":"https:\/\/schema.org","@graph":[{"@type":"WebPage","@id":"https:\/\/graziamagazine.com\/es\/articles\/bolsos-made-in-spain-para-viajar-esta-semana-santa\/","url":"https:\/\/graziamagazine.com\/es\/articles\/bolsos-made-in-spain-para-viajar-esta-semana-santa\/","name":"Bolsos 'made in Spain' para viajar esta Semana Santa","isPartOf":{"@id":"https:\/\/graziamagazine.com\/es\/#website"},"datePublished":"2025-04-14T12:45:12+00:00","dateModified":"2025-05-22T07:21:03+00:00","description":"Invertir en moda nacional no solo es un gesto de estilo, tambi\u00e9n es una declaraci\u00f3n de intenciones: apostar por lo nuestro.","breadcrumb":{"@id":"https:\/\/graziamagazine.com\/es\/articles\/bolsos-made-in-spain-para-viajar-esta-semana-santa\/#breadcrumb"},"inLanguage":"es","potentialAction":[{"@type":"ReadAction","target":["https:\/\/graziamagazine.com\/es\/articles\/bolsos-made-in-spain-para-viajar-esta-semana-santa\/"]}]},{"@type":"BreadcrumbList","@id":"https:\/\/graziamagazine.com\/es\/articles\/bolsos-made-in-spain-para-viajar-esta-semana-santa\/#breadcrumb","itemListElement":[{"@type":"ListItem","position":1,"name":"Portada","item":"https:\/\/graziamagazine.com\/es\/"},{"@type":"ListItem","position":2,"name":"Bolsos &#8216;made in Spain&#8217; para viajar esta Semana Santa"}]},{"@type":"WebSite","@id":"https:\/\/graziamagazine.com\/es\/#website","url":"https:\/\/graziamagazine.com\/es\/","name":"Grazia","description":"Moda, belleza, celebrities, estilo de vida...","potentialAction":[{"@type":"SearchAction","target":{"@type":"EntryPoint","urlTemplate":"https:\/\/graziamagazine.com\/es\/?s={search_term_string}"},"query-input":"required name=search_term_string"}],"inLanguage":"es"}]}},"jetpack_sharing_enabled":true,"distributor_meta":false,"distributor_terms":false,"distributor_media":false,"distributor_original_site_name":"Grazia","distributor_original_site_url":"https:\/\/graziamagazine.com\/es","push-errors":false,"_links":{"self":[{"href":"https:\/\/graziamagazine.com\/es\/wp-json\/wp\/v2\/articles\/184023"}],"collection":[{"href":"https:\/\/graziamagazine.com\/es\/wp-json\/wp\/v2\/articles"}],"about":[{"href":"https:\/\/graziamagazine.com\/es\/wp-json\/wp\/v2\/types\/articles"}],"author":[{"embeddable":true,"href":"https:\/\/graziamagazine.com\/es\/wp-json\/wp\/v2\/users\/11653"}],"wp:featuredmedia":[{"embeddable":true,"href":"https:\/\/graziamagazine.com\/es\/wp-json\/wp\/v2\/media\/184024"}],"wp:attachment":[{"href":"https:\/\/graziamagazine.com\/es\/wp-json\/wp\/v2\/media?parent=184023"}],"wp:term":[{"taxonomy":"category","embeddable":true,"href":"https:\/\/graziamagazine.com\/es\/wp-json\/wp\/v2\/categories?post=184023"}],"curies":[{"name":"wp","href":"https:\/\/api.w.org\/{rel}","templated":true}]}}