{"id":183951,"date":"2025-04-10T09:02:58","date_gmt":"2025-04-10T07:02:58","guid":{"rendered":"https:\/\/graziamagazine.com\/es\/?post_type=articles&#038;p=183951"},"modified":"2025-04-10T09:02:58","modified_gmt":"2025-04-10T07:02:58","slug":"el-bernabeu-acogera-el-starbucks-mas-grande-de-espana","status":"publish","type":"articles","link":"https:\/\/graziamagazine.com\/es\/articles\/el-bernabeu-acogera-el-starbucks-mas-grande-de-espana\/","title":{"rendered":"El Bernab\u00e9u acoger\u00e1 el Starbucks m\u00e1s grande de Espa\u00f1a"},"content":{"rendered":"<p><span data-olk-copy-source=\"MessageBody\">La ciudad de Madrid disfrutar\u00e1 en pr\u00f3ximas fechas, de una combinaci\u00f3n \u00fanica entre su cultura local y una experiencia en torno a la cultura del caf\u00e9 que dejar\u00e1 huella. <\/span><a href=\"https:\/\/urldefense.com\/v3\/__https:\/www.starbucks.es\/__;!!IHJ3XrWN4X8!L9esTFXBq8kGJCEkMW-KgI-e0Vl2t_zrQddTj-hwOnXNG3BAqd7uhLpOTMZVBrj8d68oOMZsd-ii_Y18X153z-ORIg$\"title=\"https:\/\/urldefense.com\/v3\/__https:\/www.starbucks.es\/__;!!IHJ3XrWN4X8!L9esTFXBq8kGJCEkMW-KgI-e0Vl2t_zrQddTj-hwOnXNG3BAqd7uhLpOTMZVBrj8d68oOMZsd-ii_Y18X153z-ORIg$\"  target=\"_blank\" rel=\"noopener noreferrer\" data-auth=\"NotApplicable\" data-linkindex=\"3\" target=\"_blank\"><span class=\"mark1124mrs8d\" data-markjs=\"true\" data-ogac=\"\" data-ogab=\"\" data-ogsc=\"\" data-ogsb=\"\">Starbucks<\/span><sup>\u00ae<\/sup><\/a>, primer distribuidor y tostador de caf\u00e9 del mundo y marca operada por\u00a0Alsea\u00a0en Espa\u00f1a desde 2018, ha firmado un acuerdo de colaboraci\u00f3n para abrir su primera \u201cflagship\u201d en el estadio Bernab\u00e9u. De esta forma, <strong>la marca ampl\u00eda su oferta en la capital de Espa\u00f1a con un establecimiento que contar\u00e1 con productos y experiencias exclusivas no disponibles en ninguna otra tienda del pa\u00eds.<\/strong> Adem\u00e1s de por su tama\u00f1o, ser\u00e1 \u00fanica por su emplazamiento en uno de los estadios m\u00e1s ic\u00f3nicos del mundo. De esta forma, se convierte en el primer\u00a0<span class=\"mark1124mrs8d\" data-markjs=\"true\" data-ogac=\"\" data-ogab=\"\" data-ogsc=\"\" data-ogsb=\"\">Starbucks<\/span>\u00ae ubicado en un estadio deportivo en la regi\u00f3n Iberia (Espa\u00f1a y Portugal).<\/p>\n<p><span data-olk-copy-source=\"MessageBody\">Dise\u00f1ada para estimular los sentidos, especialmente a trav\u00e9s del caf\u00e9 y la artesan\u00eda, crear\u00e1 una atm\u00f3sfera con mil sensaciones. <strong>Dispondr\u00e1 de una barra \u201cReserve\u201d<\/strong> con todo lo necesario para la observaci\u00f3n y el disfrute de m\u00e9todos de elaboraci\u00f3n de caf\u00e9 c\u00f3mo sus baristas, expertos en la elaboraci\u00f3n y conocimiento del caf\u00e9, mostrar\u00e1n los diferentes m\u00e9todos m\u00e1s sofisticados que usan para sacar el m\u00e1ximo partido a cada grano de caf\u00e9.\u00a0<\/span><\/p>\n<p>\u201c<em><span class=\"mark1124mrs8d\" data-markjs=\"true\" data-ogac=\"\" data-ogab=\"\" data-ogsc=\"\" data-ogsb=\"\">Starbucks<\/span>\u00a0Bernab\u00e9u ser\u00e1 la tienda m\u00e1s grande del pa\u00eds y actuar\u00e1 como un escaparate de la identidad de marca: una representaci\u00f3n ic\u00f3nica de la experiencia\u00a0<span class=\"mark1124mrs8d\" data-markjs=\"true\" data-ogac=\"\" data-ogab=\"\" data-ogsc=\"\" data-ogsb=\"\">Starbucks<\/span>\u00a0en Espa\u00f1a; con dise\u00f1o y oferta \u00fanica de productos que no se encontrar\u00e1n en ninguna otra tienda<\/em>\u201d, explica Antonio Romero, director general de Starbucks Iberia.<\/p>\n        <blockquote class=\"instagram-media \" style=\"background: #ffffff;border: 0;margin: 1px;width: 100%;padding: 0;\"  data-instgrm-permalink=\"https:\/\/www.instagram.com\/p\/DIOXjYUtpgn\/\" data-instgrm-version=\"14\"><\/blockquote>\n<p><a href=\"https:\/\/urldefense.com\/v3\/__https:\/www.starbucks.es\/__;!!IHJ3XrWN4X8!L9esTFXBq8kGJCEkMW-KgI-e0Vl2t_zrQddTj-hwOnXNG3BAqd7uhLpOTMZVBrj8d68oOMZsd-ii_Y18X153z-ORIg$\"title=\"https:\/\/urldefense.com\/v3\/__https:\/www.starbucks.es\/__;!!IHJ3XrWN4X8!L9esTFXBq8kGJCEkMW-KgI-e0Vl2t_zrQddTj-hwOnXNG3BAqd7uhLpOTMZVBrj8d68oOMZsd-ii_Y18X153z-ORIg$\"  target=\"_blank\" rel=\"noopener noreferrer\" data-auth=\"NotApplicable\" data-linkindex=\"6\" target=\"_blank\"><span class=\"mark1124mrs8d\" data-markjs=\"true\" data-ogac=\"\" data-ogab=\"\" data-ogsc=\"\" data-ogsb=\"\" data-olk-copy-source=\"MessageBody\">Starbucks<\/span><sup>\u00ae<\/sup><\/a>\u00a0Bernab\u00e9u <strong>dispondr\u00e1 de 900 m<sup>2<\/sup>\u00a0que permitir\u00e1 a los clientes vivir una mayor conexi\u00f3n con la marca<\/strong>. Durante su estancia, podr\u00e1n elevar la experiencia cafetera gracias a la organizaci\u00f3n de sesiones personalizadas, pensadas para fomentar la participaci\u00f3n de los clientes y generar comunidad. Estas experiencias estar\u00e1n lideradas por baristas para ofrecer catas de caf\u00e9. Adem\u00e1s, el local contar\u00e1 con una amplia oferta de bebidas para todo tipo de paladares. Como novedad, tendr\u00e1 un espacio destinado a la mixolog\u00eda: el arte y la ciencia de crear c\u00f3cteles \u00fanicos, mezclando el caf\u00e9 con diferentes bebidas para llegar a combinaciones inimaginables.<\/p>\n<blockquote><p>El establecimiento tendr\u00e1 900 m<sup>2\u00a0<\/sup>distribuidos en dos plantas y se\u00a0convierte en la primera \u201cflagship\u201d en un estadio en Espa\u00f1a y Portugal.<\/p><\/blockquote>\n<h3><img decoding=\"async\" style=\"color: #444444;font-family: Garamond, 'EB Garamond', Baskerville, 'Baskerville Old Face', 'Hoefler Text', 'Times New Roman', serif;font-size: 16px;font-weight: normal\" src=\"https:\/\/www.7canibales.com\/wp-content\/uploads\/sites\/2\/2024\/06\/60__OBRAS_ESTADIO_1VC8299_.jpeg\" alt=\"El Bernab\u00e9u tendr\u00e1 un mercado gastron\u00f3mico de 25 locales - 7 Can\u00edbales\" \/><\/h3>\n<h3>Una ubicaci\u00f3n privilegiada<\/h3>\n<p><span data-olk-copy-source=\"MessageBody\">El nuevo local se ubicar\u00e1 en el estadio Bernab\u00e9u, hogar del Real Madrid, C. F. y emblema de la ciudad y de Espa\u00f1a. Visitado por miles de personas cada d\u00eda, el Bernab\u00e9u se ha reinventado para posicionarse a la vanguardia de los recintos multifuncionales y en el aspecto gastron\u00f3mico lo hace con Bernab\u00e9u Market.\u00a0<\/span><\/p>\n<p>En su nueva propuesta conviven el deporte de m\u00e1s alto nivel, la cultura m\u00e1s vanguardista, la mejor gastronom\u00eda nacional e internacional, grandes espect\u00e1culos y las experiencias m\u00e1s emocionantes, a las que ahora se suma\u00a0<span class=\"mark1124mrs8d\" data-markjs=\"true\" data-ogac=\"\" data-ogab=\"\" data-ogsc=\"\" data-ogsb=\"\">Starbucks<\/span>\u00a0Bernab\u00e9u, que adem\u00e1s ofrece unas vistas \u00fanicas al terreno de juego.<\/p>\n<p>Siguiendo con este concepto, la tienda ofrecer\u00e1 a los clientes diferentes lugares en los que podr\u00e1n vivir experiencias culturales, con una apuesta clara por los artistas espa\u00f1oles y con una narrativa verdaderamente inmersiva de formas innovadoras y atractivas.<\/p>\n<p><img decoding=\"async\" src=\"https:\/\/www.desarrolla.es\/wp-content\/uploads\/2024\/04\/23b479b9-2935-48bf-86a4-241989f04b1b.jpg\" alt=\"Desarrolla construye el nuevo Bernabeu Market, el espectacular mercado  gastron\u00f3mico del estadio del Real Madrid\" \/><\/p>\n<p>Como <span data-olk-copy-source=\"MessageBody\">complemento a todo lo anterior,\u00a0<\/span><a href=\"https:\/\/urldefense.com\/v3\/__https:\/www.starbucks.es\/__;!!IHJ3XrWN4X8!L9esTFXBq8kGJCEkMW-KgI-e0Vl2t_zrQddTj-hwOnXNG3BAqd7uhLpOTMZVBrj8d68oOMZsd-ii_Y18X153z-ORIg$\"title=\"https:\/\/urldefense.com\/v3\/__https:\/www.starbucks.es\/__;!!IHJ3XrWN4X8!L9esTFXBq8kGJCEkMW-KgI-e0Vl2t_zrQddTj-hwOnXNG3BAqd7uhLpOTMZVBrj8d68oOMZsd-ii_Y18X153z-ORIg$\"  target=\"_blank\" rel=\"noopener noreferrer\" data-auth=\"NotApplicable\" data-linkindex=\"8\" target=\"_blank\"><span class=\"mark1124mrs8d\" data-markjs=\"true\" data-ogac=\"\" data-ogab=\"\" data-ogsc=\"\" data-ogsb=\"\">Starbucks<\/span><sup>\u00ae<\/sup><\/a>\u00a0Bernab\u00e9u\u00a0dispondr\u00e1 de un merchandising exclusivo que sorprender\u00e1 a todo cliente. Se podr\u00e1n adquirir desde las m\u00edticas tazas y vasos reutilizables, termos y botellas y\/o una completa oferta de accesorios relacionados con el caf\u00e9 y su preparaci\u00f3n. Los clientes podr\u00e1n llevarse a casa, entre otros, caf\u00e9s Reserve de lotes \u00fanicos y exclusivos de edici\u00f3n limitada.<\/p>\n<p>\u00bfD\u00f3nde? Bernab\u00e9u Market<\/p>\n<p><em>*Im\u00e1genes: cortes\u00eda<\/em><\/p>\n<p>&nbsp;<\/p>\n","protected":false},"author":11653,"featured_media":183952,"template":"","format":"standard","categories":[18],"acf":[],"yoast_head":"<!-- This site is optimized with the Yoast SEO Premium plugin v18.5 (Yoast SEO v20.4) - https:\/\/yoast.com\/wordpress\/plugins\/seo\/ -->\n<title>El Bernab\u00e9u acoger\u00e1 el Starbucks m\u00e1s grande de Espa\u00f1a<\/title>\n<meta name=\"description\" content=\"La cadena abrir\u00e1 su primera flagship de m2 dentro del nuevo Bernab\u00e9u, convertido en un nuevo epicentro gastron\u00f3mico.\" \/>\n<meta name=\"robots\" content=\"index, follow, max-snippet:-1, max-image-preview:large, max-video-preview:-1\" \/>\n<link rel=\"canonical\" href=\"https:\/\/graziamagazine.com\/es\/articles\/el-bernabeu-acogera-el-starbucks-mas-grande-de-espana\/\" \/>\n<meta property=\"og:locale\" content=\"es_ES\" \/>\n<meta property=\"og:type\" content=\"article\" \/>\n<meta property=\"og:title\" content=\"El Bernab\u00e9u acoger\u00e1 el Starbucks m\u00e1s grande de Espa\u00f1a\" \/>\n<meta property=\"og:description\" content=\"La cadena abrir\u00e1 su primera flagship de m2 dentro del nuevo Bernab\u00e9u, convertido en un nuevo epicentro gastron\u00f3mico.\" \/>\n<meta property=\"og:url\" content=\"https:\/\/graziamagazine.com\/es\/articles\/el-bernabeu-acogera-el-starbucks-mas-grande-de-espana\/\" \/>\n<meta property=\"og:site_name\" content=\"Grazia\" \/>\n<meta property=\"og:image\" content=\"https:\/\/graziamagazine.com\/es\/wp-content\/uploads\/sites\/12\/2025\/04\/descarga-8.png\" \/>\n\t<meta property=\"og:image:width\" content=\"1280\" \/>\n\t<meta property=\"og:image:height\" content=\"720\" \/>\n\t<meta property=\"og:image:type\" content=\"image\/png\" \/>\n<meta name=\"twitter:card\" content=\"summary_large_image\" \/>\n<meta name=\"twitter:label1\" content=\"Est. reading time\" \/>\n\t<meta name=\"twitter:data1\" content=\"4 minutos\" \/>\n<script type=\"application\/ld+json\" class=\"yoast-schema-graph\">{\"@context\":\"https:\/\/schema.org\",\"@graph\":[{\"@type\":\"WebPage\",\"@id\":\"https:\/\/graziamagazine.com\/es\/articles\/el-bernabeu-acogera-el-starbucks-mas-grande-de-espana\/\",\"url\":\"https:\/\/graziamagazine.com\/es\/articles\/el-bernabeu-acogera-el-starbucks-mas-grande-de-espana\/\",\"name\":\"El Bernab\u00e9u acoger\u00e1 el Starbucks m\u00e1s grande de Espa\u00f1a\",\"isPartOf\":{\"@id\":\"https:\/\/graziamagazine.com\/es\/#website\"},\"datePublished\":\"2025-04-10T07:02:58+00:00\",\"dateModified\":\"2025-04-10T07:02:58+00:00\",\"description\":\"La cadena abrir\u00e1 su primera flagship de m2 dentro del nuevo Bernab\u00e9u, convertido en un nuevo epicentro gastron\u00f3mico.\",\"breadcrumb\":{\"@id\":\"https:\/\/graziamagazine.com\/es\/articles\/el-bernabeu-acogera-el-starbucks-mas-grande-de-espana\/#breadcrumb\"},\"inLanguage\":\"es\",\"potentialAction\":[{\"@type\":\"ReadAction\",\"target\":[\"https:\/\/graziamagazine.com\/es\/articles\/el-bernabeu-acogera-el-starbucks-mas-grande-de-espana\/\"]}]},{\"@type\":\"BreadcrumbList\",\"@id\":\"https:\/\/graziamagazine.com\/es\/articles\/el-bernabeu-acogera-el-starbucks-mas-grande-de-espana\/#breadcrumb\",\"itemListElement\":[{\"@type\":\"ListItem\",\"position\":1,\"name\":\"Portada\",\"item\":\"https:\/\/graziamagazine.com\/es\/\"},{\"@type\":\"ListItem\",\"position\":2,\"name\":\"El Bernab\u00e9u acoger\u00e1 el Starbucks m\u00e1s grande de Espa\u00f1a\"}]},{\"@type\":\"WebSite\",\"@id\":\"https:\/\/graziamagazine.com\/es\/#website\",\"url\":\"https:\/\/graziamagazine.com\/es\/\",\"name\":\"Grazia\",\"description\":\"Moda, belleza, celebrities, estilo de vida...\",\"potentialAction\":[{\"@type\":\"SearchAction\",\"target\":{\"@type\":\"EntryPoint\",\"urlTemplate\":\"https:\/\/graziamagazine.com\/es\/?s={search_term_string}\"},\"query-input\":\"required name=search_term_string\"}],\"inLanguage\":\"es\"}]}<\/script>\n<!-- \/ Yoast SEO Premium plugin. -->","yoast_head_json":{"title":"El Bernab\u00e9u acoger\u00e1 el Starbucks m\u00e1s grande de Espa\u00f1a","description":"La cadena abrir\u00e1 su primera flagship de m2 dentro del nuevo Bernab\u00e9u, convertido en un nuevo epicentro gastron\u00f3mico.","robots":{"index":"index","follow":"follow","max-snippet":"max-snippet:-1","max-image-preview":"max-image-preview:large","max-video-preview":"max-video-preview:-1"},"canonical":"https:\/\/graziamagazine.com\/es\/articles\/el-bernabeu-acogera-el-starbucks-mas-grande-de-espana\/","og_locale":"es_ES","og_type":"article","og_title":"El Bernab\u00e9u acoger\u00e1 el Starbucks m\u00e1s grande de Espa\u00f1a","og_description":"La cadena abrir\u00e1 su primera flagship de m2 dentro del nuevo Bernab\u00e9u, convertido en un nuevo epicentro gastron\u00f3mico.","og_url":"https:\/\/graziamagazine.com\/es\/articles\/el-bernabeu-acogera-el-starbucks-mas-grande-de-espana\/","og_site_name":"Grazia","og_image":[{"width":1280,"height":720,"url":"https:\/\/graziamagazine.com\/es\/wp-content\/uploads\/sites\/12\/2025\/04\/descarga-8.png","type":"image\/png"}],"twitter_card":"summary_large_image","twitter_misc":{"Est. reading time":"4 minutos"},"schema":{"@context":"https:\/\/schema.org","@graph":[{"@type":"WebPage","@id":"https:\/\/graziamagazine.com\/es\/articles\/el-bernabeu-acogera-el-starbucks-mas-grande-de-espana\/","url":"https:\/\/graziamagazine.com\/es\/articles\/el-bernabeu-acogera-el-starbucks-mas-grande-de-espana\/","name":"El Bernab\u00e9u acoger\u00e1 el Starbucks m\u00e1s grande de Espa\u00f1a","isPartOf":{"@id":"https:\/\/graziamagazine.com\/es\/#website"},"datePublished":"2025-04-10T07:02:58+00:00","dateModified":"2025-04-10T07:02:58+00:00","description":"La cadena abrir\u00e1 su primera flagship de m2 dentro del nuevo Bernab\u00e9u, convertido en un nuevo epicentro gastron\u00f3mico.","breadcrumb":{"@id":"https:\/\/graziamagazine.com\/es\/articles\/el-bernabeu-acogera-el-starbucks-mas-grande-de-espana\/#breadcrumb"},"inLanguage":"es","potentialAction":[{"@type":"ReadAction","target":["https:\/\/graziamagazine.com\/es\/articles\/el-bernabeu-acogera-el-starbucks-mas-grande-de-espana\/"]}]},{"@type":"BreadcrumbList","@id":"https:\/\/graziamagazine.com\/es\/articles\/el-bernabeu-acogera-el-starbucks-mas-grande-de-espana\/#breadcrumb","itemListElement":[{"@type":"ListItem","position":1,"name":"Portada","item":"https:\/\/graziamagazine.com\/es\/"},{"@type":"ListItem","position":2,"name":"El Bernab\u00e9u acoger\u00e1 el Starbucks m\u00e1s grande de Espa\u00f1a"}]},{"@type":"WebSite","@id":"https:\/\/graziamagazine.com\/es\/#website","url":"https:\/\/graziamagazine.com\/es\/","name":"Grazia","description":"Moda, belleza, celebrities, estilo de vida...","potentialAction":[{"@type":"SearchAction","target":{"@type":"EntryPoint","urlTemplate":"https:\/\/graziamagazine.com\/es\/?s={search_term_string}"},"query-input":"required name=search_term_string"}],"inLanguage":"es"}]}},"jetpack_sharing_enabled":true,"distributor_meta":false,"distributor_terms":false,"distributor_media":false,"distributor_original_site_name":"Grazia","distributor_original_site_url":"https:\/\/graziamagazine.com\/es","push-errors":false,"_links":{"self":[{"href":"https:\/\/graziamagazine.com\/es\/wp-json\/wp\/v2\/articles\/183951"}],"collection":[{"href":"https:\/\/graziamagazine.com\/es\/wp-json\/wp\/v2\/articles"}],"about":[{"href":"https:\/\/graziamagazine.com\/es\/wp-json\/wp\/v2\/types\/articles"}],"author":[{"embeddable":true,"href":"https:\/\/graziamagazine.com\/es\/wp-json\/wp\/v2\/users\/11653"}],"wp:featuredmedia":[{"embeddable":true,"href":"https:\/\/graziamagazine.com\/es\/wp-json\/wp\/v2\/media\/183952"}],"wp:attachment":[{"href":"https:\/\/graziamagazine.com\/es\/wp-json\/wp\/v2\/media?parent=183951"}],"wp:term":[{"taxonomy":"category","embeddable":true,"href":"https:\/\/graziamagazine.com\/es\/wp-json\/wp\/v2\/categories?post=183951"}],"curies":[{"name":"wp","href":"https:\/\/api.w.org\/{rel}","templated":true}]}}