{"id":183929,"date":"2025-04-09T01:18:35","date_gmt":"2025-04-08T23:18:35","guid":{"rendered":"https:\/\/graziamagazine.com\/es\/?post_type=articles&#038;p=183929"},"modified":"2025-04-09T01:18:35","modified_gmt":"2025-04-08T23:18:35","slug":"la-maison-vitry-lanza-su-primera-gama-de-eaux-de-toilette","status":"publish","type":"articles","link":"https:\/\/graziamagazine.com\/es\/articles\/la-maison-vitry-lanza-su-primera-gama-de-eaux-de-toilette\/","title":{"rendered":"La maison Vitry lanza su primera gama de eaux de toilette"},"content":{"rendered":"<p>Los or\u00edgenes de Vitry se remontan a la Edad Media, cuando unos monjes establecieron una f\u00e1brica de sables y espadas en Nogent (Francia). Con el paso del tiempo, sus conocimientos y experiencia evolucionaron hacia el dise\u00f1o de instrumentos quir\u00fargicos.<\/p>\n<p>Justamente ahora con esta primera gama olfativa, <strong>las Eaux M\u00e9moire,<\/strong> la maison pretende un retorno a los or\u00edgenes de la perfumer\u00eda que se adquiri\u00f3 en la Edad Media con los boticarios, precursores de los farmac\u00e9uticos, perfumistas y curtidores. Del color al recuerdo: un nuevo tipo de eau de toilette. \u00a1Una colecci\u00f3n que se inspira en los nombres coloridos y alegres de las lacas de u\u00f1as ic\u00f3nicas de la marca Vitry<strong>: Orange Tangerine, Vert C\u00e9ladon y Blanc Organdi<\/strong>!<\/p>\n<p>A trav\u00e9s de esta colecci\u00f3n, la maison Vitry desea estimular la memoria olfativa de todos, reviviendo recuerdos felices y olfativos. Perfumes que pueden tocar lo emocional o las emociones, a veces ocultas. Las eaux de toilette para los amantes del perfume que quieran redescubrir la sencillez y la autenticidad con eau de toilette de calidad.<\/p>\n<p>Cada una de las fragancias es una invitaci\u00f3n a un momento feliz y aut\u00e9ntico de la vida.<\/p>\n<h3>ORANGE tangerine: tarde de verano<\/h3>\n<p>Orange Tangerine te sumerge en la infancia de una tarde de verano gracias al frescor y vivacidad de un c\u00f3ctel de c\u00edtricos y mango con el toque de frescor de una hoja de menta. \u00abEl calor envuelve el paisaje. En el jard\u00edn de su infancia, redescubre la dulzura de los recuerdos donde el verano parec\u00eda durar eternamente. Momentos felices y despreocupados con, a lo lejos, las risas de los ni\u00f1os jugando con palanganas de agua para refrescarse\u00bb, explican desde la maison. Si te gustan los aromas c\u00edtricos, frutales y florales, esta versi\u00f3n es para ti.<\/p>\n<h3><img loading=\"lazy\" decoding=\"async\" class=\"aligncenter size-full wp-image-183933\" src=\"https:\/\/graziamagazine.com\/es\/wp-content\/uploads\/sites\/12\/2025\/04\/mail-4.jpeg\" alt=\"\" width=\"1321\" height=\"1981\" srcset=\"https:\/\/graziamagazine.com\/es\/wp-content\/uploads\/sites\/12\/2025\/04\/mail-4.jpeg 1321w, https:\/\/graziamagazine.com\/es\/wp-content\/uploads\/sites\/12\/2025\/04\/mail-4-200x300.jpeg 200w, https:\/\/graziamagazine.com\/es\/wp-content\/uploads\/sites\/12\/2025\/04\/mail-4-683x1024.jpeg 683w, https:\/\/graziamagazine.com\/es\/wp-content\/uploads\/sites\/12\/2025\/04\/mail-4-768x1152.jpeg 768w, https:\/\/graziamagazine.com\/es\/wp-content\/uploads\/sites\/12\/2025\/04\/mail-4-1024x1536.jpeg 1024w, https:\/\/graziamagazine.com\/es\/wp-content\/uploads\/sites\/12\/2025\/04\/mail-4-400x600.jpeg 400w, https:\/\/graziamagazine.com\/es\/wp-content\/uploads\/sites\/12\/2025\/04\/mail-4-143x215.jpeg 143w\" sizes=\"(max-width: 1321px) 100vw, 1321px\" \/><br \/>\n<strong>VERT C\u00c9LADON: a la sombra de una higuera<\/strong><\/h3>\n<p>Vert C\u00e9ladon le invita a relajarse a la sombra de una higuera, con sus notas cremosas de higos maduros, mezcladas con delicadas notas de grosella negra y hojas de violeta. \u00abSiesta de verano en el jard\u00edn que rodea la casa\u2026 Un jard\u00edn de \u00e1rboles frutales con la refrescante sombra de una higuera centenaria, un lugar ideal cuando el sol est\u00e1 en su cenit. Mientras dormita pl\u00e1cidamente, un dulce aroma afrutado le cosquillea suavemente la nariz\u00bb, afirman.<\/p>\n<h3><img loading=\"lazy\" decoding=\"async\" class=\"aligncenter size-full wp-image-183931\" src=\"https:\/\/graziamagazine.com\/es\/wp-content\/uploads\/sites\/12\/2025\/04\/mail-6.jpeg\" alt=\"\" width=\"1291\" height=\"1937\" srcset=\"https:\/\/graziamagazine.com\/es\/wp-content\/uploads\/sites\/12\/2025\/04\/mail-6.jpeg 1291w, https:\/\/graziamagazine.com\/es\/wp-content\/uploads\/sites\/12\/2025\/04\/mail-6-200x300.jpeg 200w, https:\/\/graziamagazine.com\/es\/wp-content\/uploads\/sites\/12\/2025\/04\/mail-6-682x1024.jpeg 682w, https:\/\/graziamagazine.com\/es\/wp-content\/uploads\/sites\/12\/2025\/04\/mail-6-768x1152.jpeg 768w, https:\/\/graziamagazine.com\/es\/wp-content\/uploads\/sites\/12\/2025\/04\/mail-6-1024x1536.jpeg 1024w, https:\/\/graziamagazine.com\/es\/wp-content\/uploads\/sites\/12\/2025\/04\/mail-6-400x600.jpeg 400w, https:\/\/graziamagazine.com\/es\/wp-content\/uploads\/sites\/12\/2025\/04\/mail-6-143x215.jpeg 143w\" sizes=\"(max-width: 1291px) 100vw, 1291px\" \/><br \/>\n<strong>BLANC oRGANDI: el d\u00eda m\u00e1s hermoso<\/strong><\/h3>\n<p>Blanc Organdi recuerda un momento suspendido lleno de emociones, gracias a una sutil mezcla de notas empolvadas y flores blancas. Una fragancia para uno mismo, \u00edntima y personal. \u00abRecord\u00f3 con emoci\u00f3n aquel momento en el que el tiempo pareci\u00f3 detenerse. Todo era blanco, como su vestido de novia de organza y los ramos de flores que lo rodeaban. Una oda al amor y a las emociones ocultas, un dulce recuerdo del d\u00eda en que dijo \u201cs\u00ed\u201d\u00bb, as\u00ed definen desde Vitry esta fragancia.<\/p>\n<p><img loading=\"lazy\" decoding=\"async\" class=\"aligncenter size-full wp-image-183932\" src=\"https:\/\/graziamagazine.com\/es\/wp-content\/uploads\/sites\/12\/2025\/04\/mail-5.jpeg\" alt=\"\" width=\"1291\" height=\"1937\" srcset=\"https:\/\/graziamagazine.com\/es\/wp-content\/uploads\/sites\/12\/2025\/04\/mail-5.jpeg 1291w, https:\/\/graziamagazine.com\/es\/wp-content\/uploads\/sites\/12\/2025\/04\/mail-5-200x300.jpeg 200w, https:\/\/graziamagazine.com\/es\/wp-content\/uploads\/sites\/12\/2025\/04\/mail-5-682x1024.jpeg 682w, https:\/\/graziamagazine.com\/es\/wp-content\/uploads\/sites\/12\/2025\/04\/mail-5-768x1152.jpeg 768w, https:\/\/graziamagazine.com\/es\/wp-content\/uploads\/sites\/12\/2025\/04\/mail-5-1024x1536.jpeg 1024w, https:\/\/graziamagazine.com\/es\/wp-content\/uploads\/sites\/12\/2025\/04\/mail-5-400x600.jpeg 400w, https:\/\/graziamagazine.com\/es\/wp-content\/uploads\/sites\/12\/2025\/04\/mail-5-143x215.jpeg 143w\" sizes=\"(max-width: 1291px) 100vw, 1291px\" \/><\/p>\n<p>El precio del Eau M\u00e9moire 100 ml + vaporizador 15 ml recargable disponible + embudo, tiene un precio recomendado de 31,90\u20ac. La versi\u00f3n de Eau M\u00e9moire 15ml recargable, tiene un precio recomendado de 13,90\u20ac<\/p>\n<p><em>*Im\u00e1genes: cortes\u00eda<\/em><\/p>\n<p>&nbsp;<\/p>\n","protected":false},"author":11653,"featured_media":183930,"template":"","format":"standard","categories":[7],"acf":[],"yoast_head":"<!-- This site is optimized with the Yoast SEO Premium plugin v18.5 (Yoast SEO v20.4) - https:\/\/yoast.com\/wordpress\/plugins\/seo\/ -->\n<title>La maison Vitry lanza su primera gama de eaux de toilette<\/title>\n<meta name=\"description\" content=\"A trav\u00e9s de esta colecci\u00f3n, la maison Vitry desea estimular la memoria olfativa de todos, reviviendo recuerdos felices y olfativos.\" \/>\n<meta name=\"robots\" content=\"index, follow, max-snippet:-1, max-image-preview:large, max-video-preview:-1\" \/>\n<link rel=\"canonical\" href=\"https:\/\/graziamagazine.com\/es\/articles\/la-maison-vitry-lanza-su-primera-gama-de-eaux-de-toilette\/\" \/>\n<meta property=\"og:locale\" content=\"es_ES\" \/>\n<meta property=\"og:type\" content=\"article\" \/>\n<meta property=\"og:title\" content=\"La maison Vitry lanza su primera gama de eaux de toilette\" \/>\n<meta property=\"og:description\" content=\"A trav\u00e9s de esta colecci\u00f3n, la maison Vitry desea estimular la memoria olfativa de todos, reviviendo recuerdos felices y olfativos.\" \/>\n<meta property=\"og:url\" content=\"https:\/\/graziamagazine.com\/es\/articles\/la-maison-vitry-lanza-su-primera-gama-de-eaux-de-toilette\/\" \/>\n<meta property=\"og:site_name\" content=\"Grazia\" \/>\n<meta property=\"og:image\" content=\"https:\/\/graziamagazine.com\/es\/wp-content\/uploads\/sites\/12\/2025\/04\/mail-3.jpeg\" \/>\n\t<meta property=\"og:image:width\" content=\"1321\" \/>\n\t<meta property=\"og:image:height\" content=\"1194\" \/>\n\t<meta property=\"og:image:type\" content=\"image\/jpeg\" \/>\n<meta name=\"twitter:card\" content=\"summary_large_image\" \/>\n<meta name=\"twitter:label1\" content=\"Est. reading time\" \/>\n\t<meta name=\"twitter:data1\" content=\"3 minutos\" \/>\n<script type=\"application\/ld+json\" class=\"yoast-schema-graph\">{\"@context\":\"https:\/\/schema.org\",\"@graph\":[{\"@type\":\"WebPage\",\"@id\":\"https:\/\/graziamagazine.com\/es\/articles\/la-maison-vitry-lanza-su-primera-gama-de-eaux-de-toilette\/\",\"url\":\"https:\/\/graziamagazine.com\/es\/articles\/la-maison-vitry-lanza-su-primera-gama-de-eaux-de-toilette\/\",\"name\":\"La maison Vitry lanza su primera gama de eaux de toilette\",\"isPartOf\":{\"@id\":\"https:\/\/graziamagazine.com\/es\/#website\"},\"datePublished\":\"2025-04-08T23:18:35+00:00\",\"dateModified\":\"2025-04-08T23:18:35+00:00\",\"description\":\"A trav\u00e9s de esta colecci\u00f3n, la maison Vitry desea estimular la memoria olfativa de todos, reviviendo recuerdos felices y olfativos.\",\"breadcrumb\":{\"@id\":\"https:\/\/graziamagazine.com\/es\/articles\/la-maison-vitry-lanza-su-primera-gama-de-eaux-de-toilette\/#breadcrumb\"},\"inLanguage\":\"es\",\"potentialAction\":[{\"@type\":\"ReadAction\",\"target\":[\"https:\/\/graziamagazine.com\/es\/articles\/la-maison-vitry-lanza-su-primera-gama-de-eaux-de-toilette\/\"]}]},{\"@type\":\"BreadcrumbList\",\"@id\":\"https:\/\/graziamagazine.com\/es\/articles\/la-maison-vitry-lanza-su-primera-gama-de-eaux-de-toilette\/#breadcrumb\",\"itemListElement\":[{\"@type\":\"ListItem\",\"position\":1,\"name\":\"Portada\",\"item\":\"https:\/\/graziamagazine.com\/es\/\"},{\"@type\":\"ListItem\",\"position\":2,\"name\":\"La maison Vitry lanza su primera gama de eaux de toilette\"}]},{\"@type\":\"WebSite\",\"@id\":\"https:\/\/graziamagazine.com\/es\/#website\",\"url\":\"https:\/\/graziamagazine.com\/es\/\",\"name\":\"Grazia\",\"description\":\"Moda, belleza, celebrities, estilo de vida...\",\"potentialAction\":[{\"@type\":\"SearchAction\",\"target\":{\"@type\":\"EntryPoint\",\"urlTemplate\":\"https:\/\/graziamagazine.com\/es\/?s={search_term_string}\"},\"query-input\":\"required name=search_term_string\"}],\"inLanguage\":\"es\"}]}<\/script>\n<!-- \/ Yoast SEO Premium plugin. -->","yoast_head_json":{"title":"La maison Vitry lanza su primera gama de eaux de toilette","description":"A trav\u00e9s de esta colecci\u00f3n, la maison Vitry desea estimular la memoria olfativa de todos, reviviendo recuerdos felices y olfativos.","robots":{"index":"index","follow":"follow","max-snippet":"max-snippet:-1","max-image-preview":"max-image-preview:large","max-video-preview":"max-video-preview:-1"},"canonical":"https:\/\/graziamagazine.com\/es\/articles\/la-maison-vitry-lanza-su-primera-gama-de-eaux-de-toilette\/","og_locale":"es_ES","og_type":"article","og_title":"La maison Vitry lanza su primera gama de eaux de toilette","og_description":"A trav\u00e9s de esta colecci\u00f3n, la maison Vitry desea estimular la memoria olfativa de todos, reviviendo recuerdos felices y olfativos.","og_url":"https:\/\/graziamagazine.com\/es\/articles\/la-maison-vitry-lanza-su-primera-gama-de-eaux-de-toilette\/","og_site_name":"Grazia","og_image":[{"width":1321,"height":1194,"url":"https:\/\/graziamagazine.com\/es\/wp-content\/uploads\/sites\/12\/2025\/04\/mail-3.jpeg","type":"image\/jpeg"}],"twitter_card":"summary_large_image","twitter_misc":{"Est. reading time":"3 minutos"},"schema":{"@context":"https:\/\/schema.org","@graph":[{"@type":"WebPage","@id":"https:\/\/graziamagazine.com\/es\/articles\/la-maison-vitry-lanza-su-primera-gama-de-eaux-de-toilette\/","url":"https:\/\/graziamagazine.com\/es\/articles\/la-maison-vitry-lanza-su-primera-gama-de-eaux-de-toilette\/","name":"La maison Vitry lanza su primera gama de eaux de toilette","isPartOf":{"@id":"https:\/\/graziamagazine.com\/es\/#website"},"datePublished":"2025-04-08T23:18:35+00:00","dateModified":"2025-04-08T23:18:35+00:00","description":"A trav\u00e9s de esta colecci\u00f3n, la maison Vitry desea estimular la memoria olfativa de todos, reviviendo recuerdos felices y olfativos.","breadcrumb":{"@id":"https:\/\/graziamagazine.com\/es\/articles\/la-maison-vitry-lanza-su-primera-gama-de-eaux-de-toilette\/#breadcrumb"},"inLanguage":"es","potentialAction":[{"@type":"ReadAction","target":["https:\/\/graziamagazine.com\/es\/articles\/la-maison-vitry-lanza-su-primera-gama-de-eaux-de-toilette\/"]}]},{"@type":"BreadcrumbList","@id":"https:\/\/graziamagazine.com\/es\/articles\/la-maison-vitry-lanza-su-primera-gama-de-eaux-de-toilette\/#breadcrumb","itemListElement":[{"@type":"ListItem","position":1,"name":"Portada","item":"https:\/\/graziamagazine.com\/es\/"},{"@type":"ListItem","position":2,"name":"La maison Vitry lanza su primera gama de eaux de toilette"}]},{"@type":"WebSite","@id":"https:\/\/graziamagazine.com\/es\/#website","url":"https:\/\/graziamagazine.com\/es\/","name":"Grazia","description":"Moda, belleza, celebrities, estilo de vida...","potentialAction":[{"@type":"SearchAction","target":{"@type":"EntryPoint","urlTemplate":"https:\/\/graziamagazine.com\/es\/?s={search_term_string}"},"query-input":"required name=search_term_string"}],"inLanguage":"es"}]}},"jetpack_sharing_enabled":true,"distributor_meta":false,"distributor_terms":false,"distributor_media":false,"distributor_original_site_name":"Grazia","distributor_original_site_url":"https:\/\/graziamagazine.com\/es","push-errors":false,"_links":{"self":[{"href":"https:\/\/graziamagazine.com\/es\/wp-json\/wp\/v2\/articles\/183929"}],"collection":[{"href":"https:\/\/graziamagazine.com\/es\/wp-json\/wp\/v2\/articles"}],"about":[{"href":"https:\/\/graziamagazine.com\/es\/wp-json\/wp\/v2\/types\/articles"}],"author":[{"embeddable":true,"href":"https:\/\/graziamagazine.com\/es\/wp-json\/wp\/v2\/users\/11653"}],"wp:featuredmedia":[{"embeddable":true,"href":"https:\/\/graziamagazine.com\/es\/wp-json\/wp\/v2\/media\/183930"}],"wp:attachment":[{"href":"https:\/\/graziamagazine.com\/es\/wp-json\/wp\/v2\/media?parent=183929"}],"wp:term":[{"taxonomy":"category","embeddable":true,"href":"https:\/\/graziamagazine.com\/es\/wp-json\/wp\/v2\/categories?post=183929"}],"curies":[{"name":"wp","href":"https:\/\/api.w.org\/{rel}","templated":true}]}}