{"id":183884,"date":"2025-04-11T14:19:25","date_gmt":"2025-04-11T12:19:25","guid":{"rendered":"https:\/\/graziamagazine.com\/es\/?post_type=articles&#038;p=183884"},"modified":"2025-04-11T15:45:06","modified_gmt":"2025-04-11T13:45:06","slug":"es-temporada-de-torrijas-11-favoritos-para-semana-santa","status":"publish","type":"articles","link":"https:\/\/graziamagazine.com\/es\/articles\/es-temporada-de-torrijas-11-favoritos-para-semana-santa\/","title":{"rendered":"Es temporada de torrijas: 11 favoritos para Semana Santa"},"content":{"rendered":"<p>La Semana Santa no solo es tiempo de tradici\u00f3n y recogimiento, tambi\u00e9n lo es de sabores que despiertan recuerdos y emociones. Y entre todos los dulces t\u00edpicos, hay uno que nunca falta en las mesas espa\u00f1olas: las torrijas.<\/p>\n<p>Las torrijas son ese bocado irresistible que nos transporta a la cocina de nuestras abuelas. Elaboradas con pan empapado en leche, az\u00facar y canela, pasadas por huevo y fritas con mimo, representan como ning\u00fan otro postre el sabor de la tradici\u00f3n.<\/p>\n<h3>Una receta con historia<\/h3>\n<p>Aunque su origen se remonta a la cocina romana, fue en los conventos y hogares espa\u00f1oles donde se populariz\u00f3, sobre todo como forma de aprovechar el pan duro durante la Cuaresma. Hoy, las torrijas siguen conquistando paladares en cada rinc\u00f3n del pa\u00eds.<\/p>\n<h3>Mil formas de disfrutar las torrijas<\/h3>\n<p>La receta cl\u00e1sica con leche y az\u00facar convive hoy con versiones innovadoras: torrijas al horno, caramelizadas, con miel, con vino, rellenas de crema o incluso ba\u00f1adas en chocolate. \u00bfTe atreves a reinventarlas?<\/p>\n<h3>C\u00f3mo hacer torrijas perfectas en casa<\/h3>\n<ul>\n<li>Elige un buen pan, mejor si es del d\u00eda anterior. Hay opciones especiales para torrijas, m\u00e1s densas y esponjosas.<\/li>\n<li>Emp\u00e1palas bien en la leche infusionada con canela y piel de lim\u00f3n.<\/li>\n<li>Fr\u00edelas en aceite de oliva suave y p\u00e1salas por az\u00facar y canela al gusto.<\/li>\n<li>Si prefieres una versi\u00f3n m\u00e1s ligera, prueba a hornearlas o hacerlas en la freidora de aire.<\/li>\n<\/ul>\n<h3>favoritas para esta semana santa<\/h3>\n<p><strong>En formato tarta: Pepitorri de Pepina Pastel<\/strong><\/p>\n<p><span data-olk-copy-source=\"MessageBody\">Una nueva creaci\u00f3n artesanal que une la tradici\u00f3n con el toque innovador y divertido que define a Pepina Pastel, p<\/span>ensada para los que disfrutan mojando pan en leche, para quienes esperan la Semana Santa solo por las\u00a0<span class=\"marks3ukziu9d\" data-markjs=\"true\" data-ogac=\"\" data-ogab=\"\" data-ogsc=\"\" data-ogsb=\"\">torrijas<\/span> o para los que no se resisten a probar algo distinto. La Pepitorri llega como una edici\u00f3n limitada, solo disponible durante estas fechas, y estar\u00e1 disponible en dos tama\u00f1os, para que puedas compartirla\u2026 o guardarte una solo para ti.<\/p>\n<p><img loading=\"lazy\" decoding=\"async\" class=\"aligncenter wp-image-184016 size-full\" src=\"https:\/\/graziamagazine.com\/es\/wp-content\/uploads\/sites\/12\/2025\/04\/TORRIJAS-1-C-1536x1536-1-e1744372197640.jpg\" alt=\"\" width=\"1495\" height=\"1054\" srcset=\"https:\/\/graziamagazine.com\/es\/wp-content\/uploads\/sites\/12\/2025\/04\/TORRIJAS-1-C-1536x1536-1-e1744372197640.jpg 1495w, https:\/\/graziamagazine.com\/es\/wp-content\/uploads\/sites\/12\/2025\/04\/TORRIJAS-1-C-1536x1536-1-e1744372197640-300x212.jpg 300w, https:\/\/graziamagazine.com\/es\/wp-content\/uploads\/sites\/12\/2025\/04\/TORRIJAS-1-C-1536x1536-1-e1744372197640-1024x722.jpg 1024w, https:\/\/graziamagazine.com\/es\/wp-content\/uploads\/sites\/12\/2025\/04\/TORRIJAS-1-C-1536x1536-1-e1744372197640-768x541.jpg 768w, https:\/\/graziamagazine.com\/es\/wp-content\/uploads\/sites\/12\/2025\/04\/TORRIJAS-1-C-1536x1536-1-e1744372197640-400x282.jpg 400w, https:\/\/graziamagazine.com\/es\/wp-content\/uploads\/sites\/12\/2025\/04\/TORRIJAS-1-C-1536x1536-1-e1744372197640-155x109.jpg 155w\" sizes=\"(max-width: 1495px) 100vw, 1495px\" \/><\/p>\n<p><a href=\"https:\/\/services.hosting.augure.com\/Response\/cYx53\/%7Bb1cc289a-ce14-4d67-a608-63419212f47a%7D\" target=\"_blank\">Tarta Pepitorri, de Pepina Pastel: 29,50\u20ac<\/a><\/p>\n<p>&nbsp;<\/p>\n<p data-start=\"174\" data-end=\"568\">La Pepitorri est\u00e1 elaborada a mano con los ingredientes que hacen de la torrija un cl\u00e1sico: pan, leche, vainilla y canela. La base es un pan esponjoso ba\u00f1ado en leche infusionada, sobre la que se extiende una crema suave con un intenso aroma a vainilla. Y como toque final, coronando la tarta, unas\u00a0<span class=\"marks3ukziu9d\" data-markjs=\"true\" data-ogac=\"\" data-ogab=\"\" data-ogsc=\"\" data-ogsb=\"\">torrijas<\/span>\u00a0cl\u00e1sicas espolvoreadas con az\u00facar y canela, crujientes por fuera y tiernas por dentro.<\/p>\n<p data-start=\"174\" data-end=\"568\"><img loading=\"lazy\" decoding=\"async\" class=\"aligncenter size-full wp-image-184015\" src=\"https:\/\/graziamagazine.com\/es\/wp-content\/uploads\/sites\/12\/2025\/04\/MINI-3-C-1536x1536-1.jpg\" alt=\"\" width=\"1536\" height=\"1536\" srcset=\"https:\/\/graziamagazine.com\/es\/wp-content\/uploads\/sites\/12\/2025\/04\/MINI-3-C-1536x1536-1.jpg 1536w, https:\/\/graziamagazine.com\/es\/wp-content\/uploads\/sites\/12\/2025\/04\/MINI-3-C-1536x1536-1-300x300.jpg 300w, https:\/\/graziamagazine.com\/es\/wp-content\/uploads\/sites\/12\/2025\/04\/MINI-3-C-1536x1536-1-1024x1024.jpg 1024w, https:\/\/graziamagazine.com\/es\/wp-content\/uploads\/sites\/12\/2025\/04\/MINI-3-C-1536x1536-1-150x150.jpg 150w, https:\/\/graziamagazine.com\/es\/wp-content\/uploads\/sites\/12\/2025\/04\/MINI-3-C-1536x1536-1-768x768.jpg 768w, https:\/\/graziamagazine.com\/es\/wp-content\/uploads\/sites\/12\/2025\/04\/MINI-3-C-1536x1536-1-400x400.jpg 400w, https:\/\/graziamagazine.com\/es\/wp-content\/uploads\/sites\/12\/2025\/04\/MINI-3-C-1536x1536-1-155x155.jpg 155w\" sizes=\"(max-width: 1536px) 100vw, 1536px\" \/><\/p>\n<p data-start=\"174\" data-end=\"568\"><a href=\"https:\/\/services.hosting.augure.com\/Response\/cYx54\/%7Bb1cc289a-ce14-4d67-a608-63419212f47a%7D\" target=\"_blank\">Tarta Minipepitorri, en Pepina Pastel: 10,50\u20ac<\/a><\/p>\n<p data-start=\"570\" data-end=\"767\">Estar\u00e1 disponible solo durante Semana Santa y en unidades limitadas. Se podr\u00e1 pedir en dos tama\u00f1os: el grande, ideal para compartir; y el mini, perfecto para regalar.<\/p>\n<p data-start=\"570\" data-end=\"767\">\u00bfD\u00f3nde? <a href=\"https:\/\/www.pepinapastel.es\/\" target=\"_blank\">En la web de Pepina Pastel\u00a0 y en su tienda f\u00edsica: Carrer Consulat del Mar, 3 (Valencia)<\/a><\/p>\n<p><strong><span class=\"marklr7r7mtte\" data-markjs=\"true\" data-ogac=\"\" data-ogab=\"\" data-ogsc=\"\" data-ogsb=\"\" data-olk-copy-source=\"MessageBody\">Torrijas<\/span> estilo brioche, de Turris<\/strong><\/p>\n<p>Se elaboran artesanalmente en su obrador cada d\u00eda, logrando esa frescura y ese inconfundible sabor casero que las hace irresistibles. Elaboradas con su pan especial para <span class=\"marklr7r7mtte\" data-markjs=\"true\" data-ogac=\"\" data-ogab=\"\" data-ogsc=\"\" data-ogsb=\"\">torrijas<\/span>, con una textura tierna y un toque dulce que realza su sabor. Cada rebanada se ba\u00f1a en una infusi\u00f3n de leche con ralladura de lim\u00f3n y naranja, vainilla en rama, az\u00facar y huevo, logrando una textura jugosa en su interior y crujiente por fuera, gracias al toque final de az\u00facar y canela.<\/p>\n<p><img loading=\"lazy\" decoding=\"async\" class=\"aligncenter size-full wp-image-184014\" src=\"https:\/\/graziamagazine.com\/es\/wp-content\/uploads\/sites\/12\/2025\/04\/1743769096.png\" alt=\"\" width=\"720\" height=\"530\" srcset=\"https:\/\/graziamagazine.com\/es\/wp-content\/uploads\/sites\/12\/2025\/04\/1743769096.png 720w, https:\/\/graziamagazine.com\/es\/wp-content\/uploads\/sites\/12\/2025\/04\/1743769096-300x221.png 300w, https:\/\/graziamagazine.com\/es\/wp-content\/uploads\/sites\/12\/2025\/04\/1743769096-400x294.png 400w, https:\/\/graziamagazine.com\/es\/wp-content\/uploads\/sites\/12\/2025\/04\/1743769096-155x114.png 155w\" sizes=\"(max-width: 720px) 100vw, 720px\" \/><\/p>\n<p>\u00bfD\u00f3nde? En los <span data-olk-copy-source=\"MessageBody\">39 establecimientos en Barcelona y 5 en Madrid.<\/span><\/p>\n<p><strong>Con aires orientales, de Tora<\/strong><\/p>\n<p><span data-olk-copy-source=\"MessageBody\">En este restaurante japon\u00e9s podemos disfrutar de una torrija que destaca por su pan brioche mojado en leche con az\u00facar, piel de lim\u00f3n y canela. \u201cLuego lo tostamos en sart\u00e9n con una buena capa de mantequilla para crear esa sensaci\u00f3n y hab\u00f3n crujiente, que terminamos a\u00f1adiendo az\u00facar moreno y carameliz\u00e1ndolo\u201d explica el chef Jose Osuna. El plato, se sirve con helado, sirope de fresa y piel de yuzu deshidrata, consiguiendo un contraste entre calor y fr\u00edo lleno de sabor.<\/span><\/p>\n<p><img decoding=\"async\" src=\"https:\/\/mcusercontent.com\/bdf59ab10b9713b05a97e399f\/images\/cfa4c99e-3d69-26a6-312a-76d73fcc3780.png\" \/><\/p>\n<p>\u00bfD\u00f3nde? Calle de Padilla 5 (Madrid)<\/p>\n<p><strong>Con masa de rosc\u00f3n en PAN.DELIRIO<\/strong><\/p>\n<p>Merecedora del premio a la<b>\u00a0<\/b>Mejor Torrija Tradicional de la Comunidad de Madrid<b>,\u00a0<\/b>lleva como base la masa de su premiado Rosc\u00f3n de Reyes, y est\u00e1 horneada en lugar de frita por lo que, adem\u00e1s de enamorar por su textura y equilibrio de sabores, resulta m\u00e1s ligera y saludable.<\/p>\n<p><img loading=\"lazy\" decoding=\"async\" class=\"aligncenter size-full wp-image-184018\" src=\"https:\/\/graziamagazine.com\/es\/wp-content\/uploads\/sites\/12\/2025\/04\/Torrija--scaled.jpg\" alt=\"\" width=\"2519\" height=\"2560\" srcset=\"https:\/\/graziamagazine.com\/es\/wp-content\/uploads\/sites\/12\/2025\/04\/Torrija--scaled.jpg 2519w, https:\/\/graziamagazine.com\/es\/wp-content\/uploads\/sites\/12\/2025\/04\/Torrija--295x300.jpg 295w, https:\/\/graziamagazine.com\/es\/wp-content\/uploads\/sites\/12\/2025\/04\/Torrija--1008x1024.jpg 1008w, https:\/\/graziamagazine.com\/es\/wp-content\/uploads\/sites\/12\/2025\/04\/Torrija--768x780.jpg 768w, https:\/\/graziamagazine.com\/es\/wp-content\/uploads\/sites\/12\/2025\/04\/Torrija--1512x1536.jpg 1512w, https:\/\/graziamagazine.com\/es\/wp-content\/uploads\/sites\/12\/2025\/04\/Torrija--2015x2048.jpg 2015w, https:\/\/graziamagazine.com\/es\/wp-content\/uploads\/sites\/12\/2025\/04\/Torrija--400x406.jpg 400w, https:\/\/graziamagazine.com\/es\/wp-content\/uploads\/sites\/12\/2025\/04\/Torrija--155x158.jpg 155w\" sizes=\"(max-width: 2519px) 100vw, 2519px\" \/><\/p>\n<p>\u00bfD\u00f3nde? En su cafeter\u00eda instalada del Gourmet Experience de El Corte Ingl\u00e9s de Castellana, adquirir y reservar en sus obradores madrile\u00f1os de Juan Bravo 21, Profesor Waksman 8 y Naranjo 7, y en la zona de panader\u00eda de los Supermercados S\u00e1nchez Romero.<\/p>\n<p><strong data-olk-copy-source=\"MessageBody\">Una torrija &#8216;borracha&#8217; con ron, en CALUANA<\/strong><\/p>\n<p>Dentro de esta Iglesia del siglo XV, los chefs Joaqu\u00edn Serrano y Jorge Velasco han creado una torrija de pan brioche cuyo protagonista es el Ron Zacapa 23. \u201cBa\u00f1amos el pan en este ron ingl\u00e9s para caramelizarlo con nata semi montada. Y lo terminamos con una crema con el mismo ron\u201d comentan los chefs. El resultado es una explosi\u00f3n intensa de sabor que se deshace en cada bocado.<\/p>\n<p><img decoding=\"async\" src=\"https:\/\/mcusercontent.com\/bdf59ab10b9713b05a97e399f\/images\/aab7fad3-9ece-8828-4d09-5fc42829076b.png\" \/><\/p>\n<p>\u00bfD\u00f3nde? Calle de la Bolsa 12 (Madrid)<\/p>\n<p><strong><span data-olk-copy-source=\"MessageBody\">T<span class=\"marknzowufepf\" data-markjs=\"true\" data-ogac=\"\" data-ogab=\"\" data-ogsc=\"\" data-ogsb=\"\">orrijas<\/span>\u00a0en\u00a0<em>delivery<\/em> en Glovo<\/span><\/strong><\/p>\n<p><span data-olk-copy-source=\"MessageBody\">En Madrid, los favoritos del p\u00fablico no han sido solo las pasteler\u00edas, aunque por supuesto hay cl\u00e1sicos que siempre se repiten, como es el caso de\u00a0Viena Capellanes\u00a0o\u00a0Cristina Oria. No obstante, hay bares y restaurantes de toda la vida que han perfeccionado la receta para colarse entre los favoritos de la temporada.<\/span><\/p>\n<p>Entre ellos, destacamos a inesperados triunfadores como las\u00a0<span class=\"marknzowufepf\" data-markjs=\"true\" data-ogac=\"\" data-ogab=\"\" data-ogsc=\"\" data-ogsb=\"\">torrijas<\/span>\u00a0de\u00a0Armando, las que preparan en\u00a0Las Tortillas de Gabino\u00a0o las de\u00a0La Gran Pulper\u00eda.<\/p>\n<p><img loading=\"lazy\" decoding=\"async\" class=\"aligncenter size-full wp-image-184013\" src=\"https:\/\/graziamagazine.com\/es\/wp-content\/uploads\/sites\/12\/2025\/04\/84020_638798113431497481.jpg\" alt=\"\" width=\"1000\" height=\"664\" srcset=\"https:\/\/graziamagazine.com\/es\/wp-content\/uploads\/sites\/12\/2025\/04\/84020_638798113431497481.jpg 1000w, https:\/\/graziamagazine.com\/es\/wp-content\/uploads\/sites\/12\/2025\/04\/84020_638798113431497481-300x199.jpg 300w, https:\/\/graziamagazine.com\/es\/wp-content\/uploads\/sites\/12\/2025\/04\/84020_638798113431497481-768x510.jpg 768w, https:\/\/graziamagazine.com\/es\/wp-content\/uploads\/sites\/12\/2025\/04\/84020_638798113431497481-400x266.jpg 400w, https:\/\/graziamagazine.com\/es\/wp-content\/uploads\/sites\/12\/2025\/04\/84020_638798113431497481-155x103.jpg 155w\" sizes=\"(max-width: 1000px) 100vw, 1000px\" \/><\/p>\n<p>En otras ciudades espa\u00f1olas ocurre lo mismo. En Sevilla, por ejemplo, cuna de la Semana Santa a nivel nacional, nos encontramos\u00a0La Torrijada, especialistas en este dulce espa\u00f1ol; pero tambi\u00e9n encontramos locales at\u00edpicos que triunfaron el a\u00f1o pasado en su venta de\u00a0<span class=\"marknzowufepf\" data-markjs=\"true\" data-ogac=\"\" data-ogab=\"\" data-ogsc=\"\" data-ogsb=\"\">torrijas<\/span>\u00a0por delivery:\u00a0Mes\u00f3n Casa Paco,\u00a0La Brunilda,\u00a0Er Buxo\u00a0o\u00a0Taberna Juncal Tapas.<\/p>\n<p><strong>Con un toque c\u00edtrico, de Contrastes<\/strong><\/p>\n<p>El chef Diego Ferreira crea el postre desde cero. En decir, desde el pan brioche hasta el helado de naranja y canela con lo que lo termina. \u201cLa clave estar\u00e1 en la crema de almendra, que se pondr\u00e1 por encima de la torrija. Para terminar espolvoreando az\u00facar en gran por encima para caramelizarlo\u201d explica el chef. Luego lo acompa\u00f1a de una bola de helado de naranja y canela que se prepara en esas mismas cocinas, para que cada bocado sea una explosi\u00f3n de sabor que se derrita en el paladar.<\/p>\n<p><img decoding=\"async\" src=\"https:\/\/mcusercontent.com\/bdf59ab10b9713b05a97e399f\/images\/12152b53-aeda-8e64-84f8-e8e738b6059d.jpeg\" \/><\/p>\n<p>\u00bfD\u00f3nde? Calle Jorge Juan 56 (Madrid)<\/p>\n<p><strong>Torrija + helado, en Casa Suecia<\/strong><\/p>\n<p class=\"x_text-build-content\"><span data-olk-copy-source=\"MessageBody\">En su men\u00fa de Semana Santa no se olvidan de uno de los dulces m\u00e1s ic\u00f3nicos de estas fechas: las <span class=\"markvv95dffkp\" data-markjs=\"true\" data-ogac=\"\" data-ogab=\"\" data-ogsc=\"\" data-ogsb=\"\">torrijas<\/span>. Preparadas en el momento y servidas junto a una bola de helado.\u00a0<\/span><\/p>\n<p><img decoding=\"async\" src=\"https:\/\/s1umv.mjt.lu\/img2\/s1umv\/4c7fb72e-f1d8-44bd-b104-8f68605deff6\/content\" \/><\/p>\n<p>\u00bfD\u00f3nde? Hotel NH Collection Madrid Suecia: Calle Marqu\u00e9s de Casa Riera 4 (Madrid)<\/p>\n<p><strong>De larga fermentaci\u00f3n, en Casa Salesas<\/strong><\/p>\n<p class=\"x_text-build-content\">Otro plato a destacar durante esta temporada es la Torrija, que en Casa Salesas se elabora con una\u00a0masa de pan brioche de larga fermentaci\u00f3n, para posteriormente ser ba\u00f1ada con\u00a0leche aromatizada con piel de naranja, piel de lim\u00f3n, canela y an\u00eds estrellado, dot\u00e1ndole de los sabores m\u00e1s tradicionales.<\/p>\n<p><img loading=\"lazy\" decoding=\"async\" class=\"aligncenter size-full wp-image-184019\" src=\"https:\/\/graziamagazine.com\/es\/wp-content\/uploads\/sites\/12\/2025\/04\/torri-1.jpg\" alt=\"\" width=\"800\" height=\"588\" srcset=\"https:\/\/graziamagazine.com\/es\/wp-content\/uploads\/sites\/12\/2025\/04\/torri-1.jpg 800w, https:\/\/graziamagazine.com\/es\/wp-content\/uploads\/sites\/12\/2025\/04\/torri-1-300x221.jpg 300w, https:\/\/graziamagazine.com\/es\/wp-content\/uploads\/sites\/12\/2025\/04\/torri-1-768x564.jpg 768w, https:\/\/graziamagazine.com\/es\/wp-content\/uploads\/sites\/12\/2025\/04\/torri-1-400x294.jpg 400w, https:\/\/graziamagazine.com\/es\/wp-content\/uploads\/sites\/12\/2025\/04\/torri-1-155x114.jpg 155w\" sizes=\"(max-width: 800px) 100vw, 800px\" \/><\/p>\n<p>\u00bfD\u00f3nde? c\/Fernando VI, 6 (Madrid)<\/p>\n<p><strong>Estilo donut glaseado, en Hard Rock Hotel Madrid\u00a0<\/strong><\/p>\n<p>Si las torrijas son tu perdici\u00f3n y te gusta probar nuevas versiones de este delicioso postre, no te puedes perder la oportunidad de saborear esta delicia que estar\u00e1 en la carta por tiempo limitado. En formato de donut glaseado con helado de leche merengada, esta receta est\u00e1 orientada a los paladares m\u00e1s golosos convirtiendo este postre en una mezcla perfecta que combina la tradici\u00f3n con los incre\u00edbles sabores de su vanguardista comida.<\/p>\n<p><img decoding=\"async\" src=\"https:\/\/cadenaser.com\/resizer\/cEN3YDjHCOPipnBTB5HjMyVbMls=\/arc-photo-prisaradio\/eu-central-1-prod\/public\/56P2CU5JFBAXJGO76DXWIUZZYU.jpeg\" alt=\"La perfecci\u00f3n no necesita m\u00e1s historias&quot;: \u00bfse nos ha ido la torrija de las manos? | Gastro | Ocio y cultura | Cadena SER\" \/><\/p>\n<p>\u00bfD\u00f3nde? <a href=\"https:\/\/www.google.com\/maps\/place\/\/data=!4m2!3m1!1s0xd4227aab62a3b29:0xaf8807ef331b6bf1?sa=X&amp;ved=1t:8290&amp;ictx=111\" data-url=\"\/maps\/place\/\/data=!4m2!3m1!1s0xd4227aab62a3b29:0xaf8807ef331b6bf1?sa=X&amp;ved=2ahUKEwisr8Gu-M-MAxV2TaQEHd-LItAQ4kB6BAgFEAA\" target=\"_blank\">Rda. de Atocha, 17, Arganzuela, Madrid<\/a><\/p>\n<p><strong><span class=\"JdFsz\" title=\"NP Una torrija con vistas al Palacio Real en La Terraza del Campo del Moro\">Una torrija con vistas al Palacio Real, en La Terraza <span class=\"markqps1fkxit\" data-markjs=\"true\" data-ogac=\"\" data-ogab=\"\" data-ogsc=\"\" data-ogsb=\"\">del<\/span> Campo <span class=\"markqps1fkxit\" data-markjs=\"true\" data-ogac=\"\" data-ogab=\"\" data-ogsc=\"\" data-ogsb=\"\">del<\/span> <span class=\"markl99j8rgnp\" data-markjs=\"true\" data-ogac=\"\" data-ogab=\"\" data-ogsc=\"\" data-ogsb=\"\">Moro<\/span><\/span><\/strong><\/p>\n<p class=\"dDKtC\">La reci\u00e9n estrenada Terraza\u00a0<span class=\"markar29qkz9h\" data-markjs=\"true\" data-ogac=\"\" data-ogab=\"\" data-ogsc=\"\" data-ogsb=\"\">del<\/span>\u00a0Campo\u00a0<span class=\"markar29qkz9h\" data-markjs=\"true\" data-ogac=\"\" data-ogab=\"\" data-ogsc=\"\" data-ogsb=\"\">del<\/span>\u00a0<span class=\"mark8nas82lcs\" data-markjs=\"true\" data-ogac=\"\" data-ogab=\"\" data-ogsc=\"\" data-ogsb=\"\">Moro<\/span>, ubicada en los\u00a0<span class=\"marki3njlbjns\" data-markjs=\"true\" data-ogac=\"\" data-ogab=\"\" data-ogsc=\"\" data-ogsb=\"\">jardin<\/span>es\u00a0<span class=\"markar29qkz9h\" data-markjs=\"true\" data-ogac=\"\" data-ogab=\"\" data-ogsc=\"\" data-ogsb=\"\">del<\/span> mismo nombre en el Palacio Real, es el lugar perfecto para una pausa dulce esta Semana Santa. Esta torrija mantiene la esencia de siempre, pero suma toques c\u00edtricos y aromas suaves que la hacen \u00fanica. Un postre que respeta la tradici\u00f3n sin renunciar a la creatividad. El resultado: un bocado jugoso, arom\u00e1tico y goloso. Y lo mejor de todo es que no tienes que limitarte a consumirla solo durante la Semana Santa porque esta torrija, para alegr\u00eda de todos, se mantiene en carta a lo largo <span class=\"markar29qkz9h\" data-markjs=\"true\" data-ogac=\"\" data-ogab=\"\" data-ogsc=\"\" data-ogsb=\"\">del<\/span>\u00a0a\u00f1o.<\/p>\n<p><img loading=\"lazy\" decoding=\"async\" class=\"aligncenter size-full wp-image-184022\" src=\"https:\/\/graziamagazine.com\/es\/wp-content\/uploads\/sites\/12\/2025\/04\/Captura-de-pantalla-2025-04-11-a-las-15.43.43.png\" alt=\"\" width=\"1356\" height=\"1044\" srcset=\"https:\/\/graziamagazine.com\/es\/wp-content\/uploads\/sites\/12\/2025\/04\/Captura-de-pantalla-2025-04-11-a-las-15.43.43.png 1356w, https:\/\/graziamagazine.com\/es\/wp-content\/uploads\/sites\/12\/2025\/04\/Captura-de-pantalla-2025-04-11-a-las-15.43.43-300x231.png 300w, https:\/\/graziamagazine.com\/es\/wp-content\/uploads\/sites\/12\/2025\/04\/Captura-de-pantalla-2025-04-11-a-las-15.43.43-1024x788.png 1024w, https:\/\/graziamagazine.com\/es\/wp-content\/uploads\/sites\/12\/2025\/04\/Captura-de-pantalla-2025-04-11-a-las-15.43.43-768x591.png 768w, https:\/\/graziamagazine.com\/es\/wp-content\/uploads\/sites\/12\/2025\/04\/Captura-de-pantalla-2025-04-11-a-las-15.43.43-400x308.png 400w, https:\/\/graziamagazine.com\/es\/wp-content\/uploads\/sites\/12\/2025\/04\/Captura-de-pantalla-2025-04-11-a-las-15.43.43-155x119.png 155w\" sizes=\"(max-width: 1356px) 100vw, 1356px\" \/><\/p>\n<p>\u00bfD\u00f3nde? P\u00ba de la Virgen\u00a0<span class=\"mark2uss9cokd\" data-markjs=\"true\" data-ogac=\"\" data-ogab=\"\" data-ogsc=\"\" data-ogsb=\"\">del<\/span> Puerto, 1 (entrada por el Paseo de la Virgen del Puerto, por la Cuesta de la Vega y por la Cuesta de San Vicente), Madrid.<\/p>\n<p>Este a\u00f1o, d\u00e9jate llevar por la tradici\u00f3n y sorprende a los tuyos con unas torrijas caseras. \u00a1Son el capricho perfecto para disfrutar con caf\u00e9, t\u00e9 o simplemente con una sonrisa!<\/p>\n<p><em>*Im\u00e1genes: cortes\u00eda<\/em><\/p>\n<p>&nbsp;<\/p>\n","protected":false},"author":11653,"featured_media":184017,"template":"","format":"standard","categories":[18],"acf":[],"yoast_head":"<!-- This site is optimized with the Yoast SEO Premium plugin v18.5 (Yoast SEO v20.4) - https:\/\/yoast.com\/wordpress\/plugins\/seo\/ -->\n<title>Es temporada de torrijas: 11 favoritos para Semana Santa<\/title>\n<meta name=\"description\" content=\"Las torrijas no solo endulzan la Semana Santa: tambi\u00e9n unen generaciones, nos invitan a compartir y a mantener vivas nuestras costumbres.\" \/>\n<meta name=\"robots\" content=\"index, follow, max-snippet:-1, max-image-preview:large, max-video-preview:-1\" \/>\n<link rel=\"canonical\" href=\"https:\/\/graziamagazine.com\/es\/articles\/es-temporada-de-torrijas-11-favoritos-para-semana-santa\/\" \/>\n<meta property=\"og:locale\" content=\"es_ES\" \/>\n<meta property=\"og:type\" content=\"article\" \/>\n<meta property=\"og:title\" content=\"Es temporada de torrijas: 11 favoritos para Semana Santa\" \/>\n<meta property=\"og:description\" content=\"Las torrijas no solo endulzan la Semana Santa: tambi\u00e9n unen generaciones, nos invitan a compartir y a mantener vivas nuestras costumbres.\" \/>\n<meta property=\"og:url\" content=\"https:\/\/graziamagazine.com\/es\/articles\/es-temporada-de-torrijas-11-favoritos-para-semana-santa\/\" \/>\n<meta property=\"og:site_name\" content=\"Grazia\" \/>\n<meta property=\"article:modified_time\" content=\"2025-04-11T13:45:06+00:00\" \/>\n<meta property=\"og:image\" content=\"https:\/\/graziamagazine.com\/es\/wp-content\/uploads\/sites\/12\/2025\/04\/TORRIJAS-5-C-1536x1536-1-e1744372266730.jpg\" \/>\n\t<meta property=\"og:image:width\" content=\"1492\" \/>\n\t<meta property=\"og:image:height\" content=\"1103\" \/>\n\t<meta property=\"og:image:type\" content=\"image\/jpeg\" \/>\n<meta name=\"twitter:card\" content=\"summary_large_image\" \/>\n<meta name=\"twitter:label1\" content=\"Est. reading time\" \/>\n\t<meta name=\"twitter:data1\" content=\"9 minutos\" \/>\n<script type=\"application\/ld+json\" class=\"yoast-schema-graph\">{\"@context\":\"https:\/\/schema.org\",\"@graph\":[{\"@type\":\"WebPage\",\"@id\":\"https:\/\/graziamagazine.com\/es\/articles\/es-temporada-de-torrijas-11-favoritos-para-semana-santa\/\",\"url\":\"https:\/\/graziamagazine.com\/es\/articles\/es-temporada-de-torrijas-11-favoritos-para-semana-santa\/\",\"name\":\"Es temporada de torrijas: 11 favoritos para Semana Santa\",\"isPartOf\":{\"@id\":\"https:\/\/graziamagazine.com\/es\/#website\"},\"datePublished\":\"2025-04-11T12:19:25+00:00\",\"dateModified\":\"2025-04-11T13:45:06+00:00\",\"description\":\"Las torrijas no solo endulzan la Semana Santa: tambi\u00e9n unen generaciones, nos invitan a compartir y a mantener vivas nuestras costumbres.\",\"breadcrumb\":{\"@id\":\"https:\/\/graziamagazine.com\/es\/articles\/es-temporada-de-torrijas-11-favoritos-para-semana-santa\/#breadcrumb\"},\"inLanguage\":\"es\",\"potentialAction\":[{\"@type\":\"ReadAction\",\"target\":[\"https:\/\/graziamagazine.com\/es\/articles\/es-temporada-de-torrijas-11-favoritos-para-semana-santa\/\"]}]},{\"@type\":\"BreadcrumbList\",\"@id\":\"https:\/\/graziamagazine.com\/es\/articles\/es-temporada-de-torrijas-11-favoritos-para-semana-santa\/#breadcrumb\",\"itemListElement\":[{\"@type\":\"ListItem\",\"position\":1,\"name\":\"Portada\",\"item\":\"https:\/\/graziamagazine.com\/es\/\"},{\"@type\":\"ListItem\",\"position\":2,\"name\":\"Es temporada de torrijas: 11 favoritos para Semana Santa\"}]},{\"@type\":\"WebSite\",\"@id\":\"https:\/\/graziamagazine.com\/es\/#website\",\"url\":\"https:\/\/graziamagazine.com\/es\/\",\"name\":\"Grazia\",\"description\":\"Moda, belleza, celebrities, estilo de vida...\",\"potentialAction\":[{\"@type\":\"SearchAction\",\"target\":{\"@type\":\"EntryPoint\",\"urlTemplate\":\"https:\/\/graziamagazine.com\/es\/?s={search_term_string}\"},\"query-input\":\"required name=search_term_string\"}],\"inLanguage\":\"es\"}]}<\/script>\n<!-- \/ Yoast SEO Premium plugin. -->","yoast_head_json":{"title":"Es temporada de torrijas: 11 favoritos para Semana Santa","description":"Las torrijas no solo endulzan la Semana Santa: tambi\u00e9n unen generaciones, nos invitan a compartir y a mantener vivas nuestras costumbres.","robots":{"index":"index","follow":"follow","max-snippet":"max-snippet:-1","max-image-preview":"max-image-preview:large","max-video-preview":"max-video-preview:-1"},"canonical":"https:\/\/graziamagazine.com\/es\/articles\/es-temporada-de-torrijas-11-favoritos-para-semana-santa\/","og_locale":"es_ES","og_type":"article","og_title":"Es temporada de torrijas: 11 favoritos para Semana Santa","og_description":"Las torrijas no solo endulzan la Semana Santa: tambi\u00e9n unen generaciones, nos invitan a compartir y a mantener vivas nuestras costumbres.","og_url":"https:\/\/graziamagazine.com\/es\/articles\/es-temporada-de-torrijas-11-favoritos-para-semana-santa\/","og_site_name":"Grazia","article_modified_time":"2025-04-11T13:45:06+00:00","og_image":[{"width":1492,"height":1103,"url":"https:\/\/graziamagazine.com\/es\/wp-content\/uploads\/sites\/12\/2025\/04\/TORRIJAS-5-C-1536x1536-1-e1744372266730.jpg","type":"image\/jpeg"}],"twitter_card":"summary_large_image","twitter_misc":{"Est. reading time":"9 minutos"},"schema":{"@context":"https:\/\/schema.org","@graph":[{"@type":"WebPage","@id":"https:\/\/graziamagazine.com\/es\/articles\/es-temporada-de-torrijas-11-favoritos-para-semana-santa\/","url":"https:\/\/graziamagazine.com\/es\/articles\/es-temporada-de-torrijas-11-favoritos-para-semana-santa\/","name":"Es temporada de torrijas: 11 favoritos para Semana Santa","isPartOf":{"@id":"https:\/\/graziamagazine.com\/es\/#website"},"datePublished":"2025-04-11T12:19:25+00:00","dateModified":"2025-04-11T13:45:06+00:00","description":"Las torrijas no solo endulzan la Semana Santa: tambi\u00e9n unen generaciones, nos invitan a compartir y a mantener vivas nuestras costumbres.","breadcrumb":{"@id":"https:\/\/graziamagazine.com\/es\/articles\/es-temporada-de-torrijas-11-favoritos-para-semana-santa\/#breadcrumb"},"inLanguage":"es","potentialAction":[{"@type":"ReadAction","target":["https:\/\/graziamagazine.com\/es\/articles\/es-temporada-de-torrijas-11-favoritos-para-semana-santa\/"]}]},{"@type":"BreadcrumbList","@id":"https:\/\/graziamagazine.com\/es\/articles\/es-temporada-de-torrijas-11-favoritos-para-semana-santa\/#breadcrumb","itemListElement":[{"@type":"ListItem","position":1,"name":"Portada","item":"https:\/\/graziamagazine.com\/es\/"},{"@type":"ListItem","position":2,"name":"Es temporada de torrijas: 11 favoritos para Semana Santa"}]},{"@type":"WebSite","@id":"https:\/\/graziamagazine.com\/es\/#website","url":"https:\/\/graziamagazine.com\/es\/","name":"Grazia","description":"Moda, belleza, celebrities, estilo de vida...","potentialAction":[{"@type":"SearchAction","target":{"@type":"EntryPoint","urlTemplate":"https:\/\/graziamagazine.com\/es\/?s={search_term_string}"},"query-input":"required name=search_term_string"}],"inLanguage":"es"}]}},"jetpack_sharing_enabled":true,"distributor_meta":false,"distributor_terms":false,"distributor_media":false,"distributor_original_site_name":"Grazia","distributor_original_site_url":"https:\/\/graziamagazine.com\/es","push-errors":false,"_links":{"self":[{"href":"https:\/\/graziamagazine.com\/es\/wp-json\/wp\/v2\/articles\/183884"}],"collection":[{"href":"https:\/\/graziamagazine.com\/es\/wp-json\/wp\/v2\/articles"}],"about":[{"href":"https:\/\/graziamagazine.com\/es\/wp-json\/wp\/v2\/types\/articles"}],"author":[{"embeddable":true,"href":"https:\/\/graziamagazine.com\/es\/wp-json\/wp\/v2\/users\/11653"}],"wp:featuredmedia":[{"embeddable":true,"href":"https:\/\/graziamagazine.com\/es\/wp-json\/wp\/v2\/media\/184017"}],"wp:attachment":[{"href":"https:\/\/graziamagazine.com\/es\/wp-json\/wp\/v2\/media?parent=183884"}],"wp:term":[{"taxonomy":"category","embeddable":true,"href":"https:\/\/graziamagazine.com\/es\/wp-json\/wp\/v2\/categories?post=183884"}],"curies":[{"name":"wp","href":"https:\/\/api.w.org\/{rel}","templated":true}]}}