{"id":183875,"date":"2025-04-07T18:23:02","date_gmt":"2025-04-07T16:23:02","guid":{"rendered":"https:\/\/graziamagazine.com\/es\/?post_type=articles&#038;p=183875"},"modified":"2025-04-07T18:23:02","modified_gmt":"2025-04-07T16:23:02","slug":"louis-vuitton-reinventa-el-lujo-en-milan-con-su-nueva-tienda-insignia","status":"publish","type":"articles","link":"https:\/\/graziamagazine.com\/es\/articles\/louis-vuitton-reinventa-el-lujo-en-milan-con-su-nueva-tienda-insignia\/","title":{"rendered":"Louis Vuitton reinventa el lujo en Mil\u00e1n con su nueva tienda insignia"},"content":{"rendered":"<p><span style=\"font-weight: 400\">Louis Vuitton ha hecho lo que mejor sabe hacer, y ha dado un golpe de autoridad en Mil\u00e1n con la apertura de su renovada tienda flagship en el Neocl\u00e1sico Palazzo Taverna, una joya arquitect\u00f3nica ubicada en la exclusiva Via Montenapoleone.\u00a0<\/span><\/p>\n<p><span style=\"font-weight: 400\">Como la Maison ha expresado, esta tienda es una declaraci\u00f3n de amor a Italia, su dise\u00f1o y su tradici\u00f3n gastron\u00f3mica.<\/span><\/p>\n<p><img loading=\"lazy\" decoding=\"async\" class=\"alignnone wp-image-149129 size-full\" src=\"https:\/\/graziamagazine.com\/mx\/wp-content\/uploads\/sites\/13\/2025\/04\/lv.jpg\" alt=\"\" width=\"903\" height=\"583\" \/><\/p>\n<p><span style=\"font-weight: 400\">Por lo tanto, la boutique tambi\u00e9n cuenta con una experiencia culinaria de tres estrellas Michelin. Louis Vuitton ha sellado una alianza con Da Vittorio, el restaurante de la familia Cerea, para abrir su primer restaurante y caf\u00e9 en Italia dentro de la boutique.<\/span><\/p>\n<p><span style=\"font-weight: 400\">El men\u00fa tiene desde caviar con mousse de papa y manzana caramelizada, hasta una charlotte de frutas de temporada con vainilla de Madagascar. La experiencia gastron\u00f3mica se completa con el Da Vittorio Caf\u00e9, un oasis verde en el antiguo patio central del Palazzo Taverna, donde se sirven creaciones como un croque monsieur con tres tipos de jitomate y pesto.<\/span><\/p>\n<p><img loading=\"lazy\" decoding=\"async\" class=\"alignnone wp-image-149131 size-full\" src=\"https:\/\/graziamagazine.com\/mx\/wp-content\/uploads\/sites\/13\/2025\/04\/lv2.jpg\" alt=\"\" width=\"897\" height=\"508\" \/><\/p>\n<p><span style=\"font-weight: 400\">Dise\u00f1ada por el arquitecto Peter Marino, esta tienda se sumerge en la est\u00e9tica inconfundible de Louis Vuitton y rinde homenaje a la elegancia de Mil\u00e1n.\u00a0<\/span><\/p>\n<p><span style=\"font-weight: 400\">El interior evoca la atm\u00f3sfera de una aut\u00e9ntica casa de la regi\u00f3n, con galer\u00edas abiertas rodeadas de vegetaci\u00f3n colgante y un tragaluz de vidrio que inunda el espacio con luz natural. El lujo aqu\u00ed es tangible: la carpinter\u00eda fue realizada por artesanos locales y la decoraci\u00f3n mezcla muebles restaurados de dise\u00f1adores como Gio Ponti y Osvaldo Borsani, con piezas contempor\u00e1neas de artistas como Mimmo Paladino y Carla Accardi.<\/span><\/p>\n<p><img loading=\"lazy\" decoding=\"async\" class=\"alignnone wp-image-149132 size-full\" src=\"https:\/\/graziamagazine.com\/mx\/wp-content\/uploads\/sites\/13\/2025\/04\/lv5.jpg\" alt=\"\" width=\"888\" height=\"457\" \/><\/p>\n<p><span style=\"font-weight: 400\">\u201cMil\u00e1n es un destino clave para nosotros, no solo por los clientes italianos, sino tambi\u00e9n por el turismo de lujo que sigue en ascenso\u201d, dijo Pietro Beccari, CEO de la marca.<\/span><\/p>\n","protected":false},"author":16349,"featured_media":183878,"template":"","format":"standard","categories":[18,2134],"acf":[],"yoast_head":"<!-- This site is optimized with the Yoast SEO Premium plugin v18.5 (Yoast SEO v20.4) - https:\/\/yoast.com\/wordpress\/plugins\/seo\/ -->\n<title>Louis Vuitton reinventa el lujo en Mil\u00e1n con su nueva tienda insignia<\/title>\n<meta name=\"description\" content=\"Louis Vuitton ha hecho lo que mejor sabe hacer, y ha dado un golpe de autoridad en Mil\u00e1n con la apertura de su renovada tienda flagship en el Neocl\u00e1sico\" \/>\n<meta name=\"robots\" content=\"index, follow, max-snippet:-1, max-image-preview:large, max-video-preview:-1\" \/>\n<link rel=\"canonical\" href=\"https:\/\/graziamagazine.com\/es\/articles\/louis-vuitton-reinventa-el-lujo-en-milan-con-su-nueva-tienda-insignia\/\" \/>\n<meta property=\"og:locale\" content=\"es_ES\" \/>\n<meta property=\"og:type\" content=\"article\" \/>\n<meta property=\"og:title\" content=\"Louis Vuitton reinventa el lujo en Mil\u00e1n con su nueva tienda insignia\" \/>\n<meta property=\"og:description\" content=\"Louis Vuitton ha hecho lo que mejor sabe hacer, y ha dado un golpe de autoridad en Mil\u00e1n con la apertura de su renovada tienda flagship en el Neocl\u00e1sico\" \/>\n<meta property=\"og:url\" content=\"https:\/\/graziamagazine.com\/es\/articles\/louis-vuitton-reinventa-el-lujo-en-milan-con-su-nueva-tienda-insignia\/\" \/>\n<meta property=\"og:site_name\" content=\"Grazia\" \/>\n<meta property=\"og:image\" content=\"https:\/\/graziamagazine.com\/es\/wp-content\/uploads\/sites\/12\/2025\/04\/lv1.jpg\" \/>\n\t<meta property=\"og:image:width\" content=\"909\" \/>\n\t<meta property=\"og:image:height\" content=\"402\" \/>\n\t<meta property=\"og:image:type\" content=\"image\/jpeg\" \/>\n<meta name=\"twitter:card\" content=\"summary_large_image\" \/>\n<meta name=\"twitter:label1\" content=\"Est. reading time\" \/>\n\t<meta name=\"twitter:data1\" content=\"2 minutos\" \/>\n<script type=\"application\/ld+json\" class=\"yoast-schema-graph\">{\"@context\":\"https:\/\/schema.org\",\"@graph\":[{\"@type\":\"WebPage\",\"@id\":\"https:\/\/graziamagazine.com\/es\/articles\/louis-vuitton-reinventa-el-lujo-en-milan-con-su-nueva-tienda-insignia\/\",\"url\":\"https:\/\/graziamagazine.com\/es\/articles\/louis-vuitton-reinventa-el-lujo-en-milan-con-su-nueva-tienda-insignia\/\",\"name\":\"Louis Vuitton reinventa el lujo en Mil\u00e1n con su nueva tienda insignia\",\"isPartOf\":{\"@id\":\"https:\/\/graziamagazine.com\/es\/#website\"},\"datePublished\":\"2025-04-07T16:23:02+00:00\",\"dateModified\":\"2025-04-07T16:23:02+00:00\",\"description\":\"Louis Vuitton ha hecho lo que mejor sabe hacer, y ha dado un golpe de autoridad en Mil\u00e1n con la apertura de su renovada tienda flagship en el Neocl\u00e1sico\",\"breadcrumb\":{\"@id\":\"https:\/\/graziamagazine.com\/es\/articles\/louis-vuitton-reinventa-el-lujo-en-milan-con-su-nueva-tienda-insignia\/#breadcrumb\"},\"inLanguage\":\"es\",\"potentialAction\":[{\"@type\":\"ReadAction\",\"target\":[\"https:\/\/graziamagazine.com\/es\/articles\/louis-vuitton-reinventa-el-lujo-en-milan-con-su-nueva-tienda-insignia\/\"]}]},{\"@type\":\"BreadcrumbList\",\"@id\":\"https:\/\/graziamagazine.com\/es\/articles\/louis-vuitton-reinventa-el-lujo-en-milan-con-su-nueva-tienda-insignia\/#breadcrumb\",\"itemListElement\":[{\"@type\":\"ListItem\",\"position\":1,\"name\":\"Portada\",\"item\":\"https:\/\/graziamagazine.com\/es\/\"},{\"@type\":\"ListItem\",\"position\":2,\"name\":\"Louis Vuitton reinventa el lujo en Mil\u00e1n con su nueva tienda insignia\"}]},{\"@type\":\"WebSite\",\"@id\":\"https:\/\/graziamagazine.com\/es\/#website\",\"url\":\"https:\/\/graziamagazine.com\/es\/\",\"name\":\"Grazia\",\"description\":\"Moda, belleza, celebrities, estilo de vida...\",\"potentialAction\":[{\"@type\":\"SearchAction\",\"target\":{\"@type\":\"EntryPoint\",\"urlTemplate\":\"https:\/\/graziamagazine.com\/es\/?s={search_term_string}\"},\"query-input\":\"required name=search_term_string\"}],\"inLanguage\":\"es\"}]}<\/script>\n<!-- \/ Yoast SEO Premium plugin. -->","yoast_head_json":{"title":"Louis Vuitton reinventa el lujo en Mil\u00e1n con su nueva tienda insignia","description":"Louis Vuitton ha hecho lo que mejor sabe hacer, y ha dado un golpe de autoridad en Mil\u00e1n con la apertura de su renovada tienda flagship en el Neocl\u00e1sico","robots":{"index":"index","follow":"follow","max-snippet":"max-snippet:-1","max-image-preview":"max-image-preview:large","max-video-preview":"max-video-preview:-1"},"canonical":"https:\/\/graziamagazine.com\/es\/articles\/louis-vuitton-reinventa-el-lujo-en-milan-con-su-nueva-tienda-insignia\/","og_locale":"es_ES","og_type":"article","og_title":"Louis Vuitton reinventa el lujo en Mil\u00e1n con su nueva tienda insignia","og_description":"Louis Vuitton ha hecho lo que mejor sabe hacer, y ha dado un golpe de autoridad en Mil\u00e1n con la apertura de su renovada tienda flagship en el Neocl\u00e1sico","og_url":"https:\/\/graziamagazine.com\/es\/articles\/louis-vuitton-reinventa-el-lujo-en-milan-con-su-nueva-tienda-insignia\/","og_site_name":"Grazia","og_image":[{"width":909,"height":402,"url":"https:\/\/graziamagazine.com\/es\/wp-content\/uploads\/sites\/12\/2025\/04\/lv1.jpg","type":"image\/jpeg"}],"twitter_card":"summary_large_image","twitter_misc":{"Est. reading time":"2 minutos"},"schema":{"@context":"https:\/\/schema.org","@graph":[{"@type":"WebPage","@id":"https:\/\/graziamagazine.com\/es\/articles\/louis-vuitton-reinventa-el-lujo-en-milan-con-su-nueva-tienda-insignia\/","url":"https:\/\/graziamagazine.com\/es\/articles\/louis-vuitton-reinventa-el-lujo-en-milan-con-su-nueva-tienda-insignia\/","name":"Louis Vuitton reinventa el lujo en Mil\u00e1n con su nueva tienda insignia","isPartOf":{"@id":"https:\/\/graziamagazine.com\/es\/#website"},"datePublished":"2025-04-07T16:23:02+00:00","dateModified":"2025-04-07T16:23:02+00:00","description":"Louis Vuitton ha hecho lo que mejor sabe hacer, y ha dado un golpe de autoridad en Mil\u00e1n con la apertura de su renovada tienda flagship en el Neocl\u00e1sico","breadcrumb":{"@id":"https:\/\/graziamagazine.com\/es\/articles\/louis-vuitton-reinventa-el-lujo-en-milan-con-su-nueva-tienda-insignia\/#breadcrumb"},"inLanguage":"es","potentialAction":[{"@type":"ReadAction","target":["https:\/\/graziamagazine.com\/es\/articles\/louis-vuitton-reinventa-el-lujo-en-milan-con-su-nueva-tienda-insignia\/"]}]},{"@type":"BreadcrumbList","@id":"https:\/\/graziamagazine.com\/es\/articles\/louis-vuitton-reinventa-el-lujo-en-milan-con-su-nueva-tienda-insignia\/#breadcrumb","itemListElement":[{"@type":"ListItem","position":1,"name":"Portada","item":"https:\/\/graziamagazine.com\/es\/"},{"@type":"ListItem","position":2,"name":"Louis Vuitton reinventa el lujo en Mil\u00e1n con su nueva tienda insignia"}]},{"@type":"WebSite","@id":"https:\/\/graziamagazine.com\/es\/#website","url":"https:\/\/graziamagazine.com\/es\/","name":"Grazia","description":"Moda, belleza, celebrities, estilo de vida...","potentialAction":[{"@type":"SearchAction","target":{"@type":"EntryPoint","urlTemplate":"https:\/\/graziamagazine.com\/es\/?s={search_term_string}"},"query-input":"required name=search_term_string"}],"inLanguage":"es"}]}},"jetpack_sharing_enabled":true,"distributor_meta":false,"distributor_terms":false,"distributor_media":false,"distributor_original_site_name":"Grazia","distributor_original_site_url":"https:\/\/graziamagazine.com\/es","push-errors":false,"_links":{"self":[{"href":"https:\/\/graziamagazine.com\/es\/wp-json\/wp\/v2\/articles\/183875"}],"collection":[{"href":"https:\/\/graziamagazine.com\/es\/wp-json\/wp\/v2\/articles"}],"about":[{"href":"https:\/\/graziamagazine.com\/es\/wp-json\/wp\/v2\/types\/articles"}],"author":[{"embeddable":true,"href":"https:\/\/graziamagazine.com\/es\/wp-json\/wp\/v2\/users\/16349"}],"wp:featuredmedia":[{"embeddable":true,"href":"https:\/\/graziamagazine.com\/es\/wp-json\/wp\/v2\/media\/183878"}],"wp:attachment":[{"href":"https:\/\/graziamagazine.com\/es\/wp-json\/wp\/v2\/media?parent=183875"}],"wp:term":[{"taxonomy":"category","embeddable":true,"href":"https:\/\/graziamagazine.com\/es\/wp-json\/wp\/v2\/categories?post=183875"}],"curies":[{"name":"wp","href":"https:\/\/api.w.org\/{rel}","templated":true}]}}