{"id":183840,"date":"2025-04-06T21:45:28","date_gmt":"2025-04-06T19:45:28","guid":{"rendered":"https:\/\/graziamagazine.com\/es\/?post_type=articles&#038;p=183840"},"modified":"2025-04-07T09:25:24","modified_gmt":"2025-04-07T07:25:24","slug":"zuecos-con-poder-el-must-de-la-temporada","status":"publish","type":"articles","link":"https:\/\/graziamagazine.com\/es\/articles\/zuecos-con-poder-el-must-de-la-temporada\/","title":{"rendered":"Zuecos, el calzado que no puede faltar esta temporada"},"content":{"rendered":"<p data-pm-slice=\"1 1 []\">Los zapatos considerados \u201cfeos\u201d han protagonizado un sorprendente regreso en la moda de los \u00faltimos a\u00f1os. Desde los Crocs y los Birkenstocks hasta los Wellipets de JW Anderson y los zuecos con plataforma de Loewe, la industria ha redescubierto el valor del confort y la ergonom\u00eda.<\/p>\n<p data-pm-slice=\"1 1 []\">Ahora, en 2025, este fen\u00f3meno ha evolucionado hacia una b\u00fasqueda de dise\u00f1os que prioricen la salud postural sin sacrificar el estilo.<\/p>\n<figure id=\"attachment_148441\" class=\"wp-caption alignnone\" style=\"width: 676px\" aria-describedby=\"caption-attachment-148441\"><img loading=\"lazy\" decoding=\"async\" class=\"size-large wp-image-148441\" src=\"https:\/\/graziamagazine.com\/mx\/wp-content\/uploads\/sites\/13\/2025\/03\/Captura-de-Pantalla-2025-03-22-a-las-16.00.30-676x1024.png\" alt=\"Zuecos con poder: el must de la temporada\" width=\"676\" height=\"1024\" \/><\/figure>\n<p>Uno de los ejemplos m\u00e1s notables de esta tendencia es la colaboraci\u00f3n de Balenciaga con Scholl y la asociaci\u00f3n de Ecco con Natacha Ramsay-Levi. Sin embargo, la verdadera revoluci\u00f3n ha llegado con FitFlop y su reinvenci\u00f3n de los zuecos de piel.<\/p>\n<p>Antes vistos como un calzado exclusivo de las madres de los a\u00f1os noventa, hoy estos zapatos han resurgido con dise\u00f1os minimalistas y sofisticados que est\u00e1n conquistando el mundo de la moda.<\/p>\n<figure id=\"attachment_148438\" class=\"wp-caption alignnone\" style=\"width: 665px\" aria-describedby=\"caption-attachment-148438\"><img decoding=\"async\" src=\"https:\/\/comunicaciones.finallypress.eu\/communications\/image\/3456\/112407\/9C3A1966.jpg\/id:a03ed00bc600042a7b8a9188582f1ac3\/\" \/><\/figure>\n<p>Lo que distingue a estos zuecos no es solo su apariencia elegante, sino el impacto positivo en la postura. Gracias a su dise\u00f1o ergon\u00f3mico y la distribuci\u00f3n uniforme del peso, estos zapatos favorecen una alineaci\u00f3n natural de la columna, reduciendo la tensi\u00f3n en la espalda y mejorando la comodidad al caminar.<\/p>\n<p>Las cifras confirman esta tendencia: en los \u00faltimos cinco meses, las ventas de sandalias y zuecos ergon\u00f3micos han duplicado sus cifras, seg\u00fan datos de la marca FitFlop. Este fen\u00f3meno refleja una creciente demanda por opciones de calzado que ofrezcan soporte y bienestar sin renunciar a un dise\u00f1o atractivo.<\/p>\n<figure id=\"attachment_148442\" class=\"wp-caption alignnone\" style=\"width: 718px\" aria-describedby=\"caption-attachment-148442\"><img loading=\"lazy\" decoding=\"async\" class=\"size-large wp-image-148442\" src=\"https:\/\/graziamagazine.com\/mx\/wp-content\/uploads\/sites\/13\/2025\/03\/Captura-de-Pantalla-2025-03-22-a-las-16.03.32-718x1024.png\" alt=\"Zuecos con poder: el must de la temporada\" width=\"718\" height=\"1024\" \/><\/figure>\n<p>Adem\u00e1s, esta tendencia va m\u00e1s all\u00e1 de la moda. Los expertos en salud postural han destacado los beneficios de este tipo de calzado en la prevenci\u00f3n de problemas musculoesquel\u00e9ticos. Con una sociedad cada vez m\u00e1s consciente del impacto del calzado en la salud, los zuecos de piel se han convertido en una elecci\u00f3n inteligente para quienes buscan comodidad y sofisticaci\u00f3n en cada paso.<\/p>\n<h3>5 zuecos que no pueden faltar en tu armario<\/h3>\n<p>Sin duda, los zuecos de piel han dejado de ser un accesorio de nicho para convertirse en un imprescindible en cualquier armario moderno. Si el futuro de la moda es la combinaci\u00f3n perfecta entre comodidad y estilo, estos zapatos han llegado para quedarse. Aqu\u00ed te dejamos varias ideas para que las sumes a tu armario desde hoy mismo.<\/p>\n<p><strong>Zueco con plataforma, de Dr. Martens<\/strong><\/p>\n<p>Se trata del nuevo modelo\u00a0Zebzag de ante que se presenta en una gran variedad de colores, siempre con la suela h\u00edbrida con c\u00e1mara de aire que combina EVA ligera y PVC robusto.<\/p>\n<p><img loading=\"lazy\" decoding=\"async\" class=\"aligncenter size-full wp-image-183855\" src=\"https:\/\/graziamagazine.com\/es\/wp-content\/uploads\/sites\/12\/2025\/04\/31937500-copia-e1743967425139.jpg\" alt=\"\" width=\"1002\" height=\"795\" srcset=\"https:\/\/graziamagazine.com\/es\/wp-content\/uploads\/sites\/12\/2025\/04\/31937500-copia-e1743967425139.jpg 1002w, https:\/\/graziamagazine.com\/es\/wp-content\/uploads\/sites\/12\/2025\/04\/31937500-copia-e1743967425139-300x238.jpg 300w, https:\/\/graziamagazine.com\/es\/wp-content\/uploads\/sites\/12\/2025\/04\/31937500-copia-e1743967425139-768x609.jpg 768w, https:\/\/graziamagazine.com\/es\/wp-content\/uploads\/sites\/12\/2025\/04\/31937500-copia-e1743967425139-400x317.jpg 400w, https:\/\/graziamagazine.com\/es\/wp-content\/uploads\/sites\/12\/2025\/04\/31937500-copia-e1743967425139-155x123.jpg 155w\" sizes=\"(max-width: 1002px) 100vw, 1002px\" \/><\/p>\n<p><a href=\"https:\/\/www.drmartens.com\/es\/es\/zuecos-informales-con-plataforma-zebzag-de-ante%C2%A0-morado-crep%C3%BAsculo\/p\/31937500\" target=\"_blank\">Su precio es de 140 euros en la web de la marca.\u00a0<\/a><\/p>\n<p><strong>Con tac\u00f3n de madera, de Bloom &amp; You<\/strong><\/p>\n<p>El modelo Fresia es un zueco fabricado en piel nobuck color cuero con detalle de tachas entre el corte y el piso. Cuenta con tac\u00f3n de 4 cm y plataforma delantera de 3 cm.<\/p>\n<p><img loading=\"lazy\" decoding=\"async\" class=\"aligncenter wp-image-183856 size-full\" src=\"https:\/\/graziamagazine.com\/es\/wp-content\/uploads\/sites\/12\/2025\/04\/fresia-e1743967664958.jpg\" alt=\"\" width=\"1404\" height=\"863\" srcset=\"https:\/\/graziamagazine.com\/es\/wp-content\/uploads\/sites\/12\/2025\/04\/fresia-e1743967664958.jpg 1404w, https:\/\/graziamagazine.com\/es\/wp-content\/uploads\/sites\/12\/2025\/04\/fresia-e1743967664958-300x184.jpg 300w, https:\/\/graziamagazine.com\/es\/wp-content\/uploads\/sites\/12\/2025\/04\/fresia-e1743967664958-1024x629.jpg 1024w, https:\/\/graziamagazine.com\/es\/wp-content\/uploads\/sites\/12\/2025\/04\/fresia-e1743967664958-768x472.jpg 768w, https:\/\/graziamagazine.com\/es\/wp-content\/uploads\/sites\/12\/2025\/04\/fresia-e1743967664958-400x246.jpg 400w, https:\/\/graziamagazine.com\/es\/wp-content\/uploads\/sites\/12\/2025\/04\/fresia-e1743967664958-155x95.jpg 155w\" sizes=\"(max-width: 1404px) 100vw, 1404px\" \/><\/p>\n<p><a href=\"https:\/\/bloomandyoubrand.com\/es\/new-in\/14352-130523-fresia.html#\/talla-34\" target=\"_blank\">Su precio es de 59,90 euros.\u00a0<\/a><\/p>\n<p><strong>Zueco extra chunky, de Buffalo<\/strong><\/p>\n<p>Los zuecos de plataforma BUFFALO LONDON GOSPHER CLOG SND en color Negro son la opci\u00f3n ideal para quienes buscan un calzado trendy con un extra de altura.<\/p>\n<p><img loading=\"lazy\" decoding=\"async\" class=\"aligncenter size-full wp-image-183859\" src=\"https:\/\/graziamagazine.com\/es\/wp-content\/uploads\/sites\/12\/2025\/04\/Captura-de-pantalla-2025-04-06-a-las-21.36.35.png\" alt=\"\" width=\"1276\" height=\"910\" srcset=\"https:\/\/graziamagazine.com\/es\/wp-content\/uploads\/sites\/12\/2025\/04\/Captura-de-pantalla-2025-04-06-a-las-21.36.35.png 1276w, https:\/\/graziamagazine.com\/es\/wp-content\/uploads\/sites\/12\/2025\/04\/Captura-de-pantalla-2025-04-06-a-las-21.36.35-300x214.png 300w, https:\/\/graziamagazine.com\/es\/wp-content\/uploads\/sites\/12\/2025\/04\/Captura-de-pantalla-2025-04-06-a-las-21.36.35-1024x730.png 1024w, https:\/\/graziamagazine.com\/es\/wp-content\/uploads\/sites\/12\/2025\/04\/Captura-de-pantalla-2025-04-06-a-las-21.36.35-768x548.png 768w, https:\/\/graziamagazine.com\/es\/wp-content\/uploads\/sites\/12\/2025\/04\/Captura-de-pantalla-2025-04-06-a-las-21.36.35-400x285.png 400w, https:\/\/graziamagazine.com\/es\/wp-content\/uploads\/sites\/12\/2025\/04\/Captura-de-pantalla-2025-04-06-a-las-21.36.35-155x111.png 155w\" sizes=\"(max-width: 1276px) 100vw, 1276px\" \/><\/p>\n<p><a href=\"https:\/\/www.krackonline.com\/es\/buffalo-london-gospher-clog-snd-439120.html#\/224-talla-36\/394-color-negro\" target=\"_blank\">Los encuentras en la web de Krack por 135 euros.\u00a0<\/a><\/p>\n<p><strong>Zuecos con un toque relajado, de HUNE<\/strong><\/p>\n<p>Minimalistas y con un toque relajado, los zuecos planos HUNE FEROZ en color Beige son perfectos para el d\u00eda a d\u00eda. Su confecci\u00f3n en cuero los hace ligeros y c\u00f3modos para caminar sin preocupaciones. Un b\u00e1sico que no puede faltar en tu armario.<\/p>\n<p><img loading=\"lazy\" decoding=\"async\" class=\"aligncenter size-full wp-image-183858\" src=\"https:\/\/graziamagazine.com\/es\/wp-content\/uploads\/sites\/12\/2025\/04\/Captura-de-pantalla-2025-04-06-a-las-21.35.33.png\" alt=\"\" width=\"1278\" height=\"864\" srcset=\"https:\/\/graziamagazine.com\/es\/wp-content\/uploads\/sites\/12\/2025\/04\/Captura-de-pantalla-2025-04-06-a-las-21.35.33.png 1278w, https:\/\/graziamagazine.com\/es\/wp-content\/uploads\/sites\/12\/2025\/04\/Captura-de-pantalla-2025-04-06-a-las-21.35.33-300x203.png 300w, https:\/\/graziamagazine.com\/es\/wp-content\/uploads\/sites\/12\/2025\/04\/Captura-de-pantalla-2025-04-06-a-las-21.35.33-1024x692.png 1024w, https:\/\/graziamagazine.com\/es\/wp-content\/uploads\/sites\/12\/2025\/04\/Captura-de-pantalla-2025-04-06-a-las-21.35.33-768x519.png 768w, https:\/\/graziamagazine.com\/es\/wp-content\/uploads\/sites\/12\/2025\/04\/Captura-de-pantalla-2025-04-06-a-las-21.35.33-400x270.png 400w, https:\/\/graziamagazine.com\/es\/wp-content\/uploads\/sites\/12\/2025\/04\/Captura-de-pantalla-2025-04-06-a-las-21.35.33-155x105.png 155w\" sizes=\"(max-width: 1278px) 100vw, 1278px\" \/><\/p>\n<p><a href=\"https:\/\/www.krackonline.com\/es\/hune-feroz-443229.html\" target=\"_blank\">Su precio es de 59,95 euros en la web de Krack.\u00a0<\/a><\/p>\n<p><strong>Estilo boho, de Mou<\/strong><\/p>\n<p>El zueco mou de ante de verano est\u00e1 realizado artesanalmente con las costuras de ganchillo caracter\u00edsticas de la marca y detalles con tachuelas met\u00e1licas.<\/p>\n<p><img loading=\"lazy\" decoding=\"async\" class=\"aligncenter size-full wp-image-183860\" src=\"https:\/\/graziamagazine.com\/es\/wp-content\/uploads\/sites\/12\/2025\/04\/MU.SW611004A-COG-1-e1743968507502.jpg\" alt=\"\" width=\"1162\" height=\"818\" srcset=\"https:\/\/graziamagazine.com\/es\/wp-content\/uploads\/sites\/12\/2025\/04\/MU.SW611004A-COG-1-e1743968507502.jpg 1162w, https:\/\/graziamagazine.com\/es\/wp-content\/uploads\/sites\/12\/2025\/04\/MU.SW611004A-COG-1-e1743968507502-300x211.jpg 300w, https:\/\/graziamagazine.com\/es\/wp-content\/uploads\/sites\/12\/2025\/04\/MU.SW611004A-COG-1-e1743968507502-1024x721.jpg 1024w, https:\/\/graziamagazine.com\/es\/wp-content\/uploads\/sites\/12\/2025\/04\/MU.SW611004A-COG-1-e1743968507502-768x541.jpg 768w, https:\/\/graziamagazine.com\/es\/wp-content\/uploads\/sites\/12\/2025\/04\/MU.SW611004A-COG-1-e1743968507502-400x282.jpg 400w, https:\/\/graziamagazine.com\/es\/wp-content\/uploads\/sites\/12\/2025\/04\/MU.SW611004A-COG-1-e1743968507502-155x109.jpg 155w\" sizes=\"(max-width: 1162px) 100vw, 1162px\" \/><\/p>\n<p><a href=\"https:\/\/www.mou-online.com\/es-ot\/shoponline\/clog-leather-overstitching.MU.SW611004A?color=COG&amp;_gl=1*vdy0ou*_up*MQ..*_gs*MQ..&amp;gclid=CjwKCAjwzMi_BhACEiwAX4YZUK1B8t9ZRrYULkLZa00fnVsqwW8YnCTNyC5fzl7gspkZtcOTZ7sjPxoCErQQAvD_BwE\" target=\"_blank\">Su precio es de 249 euros en la web de la marca.\u00a0<\/a><\/p>\n<p><em>*Im\u00e1genes: Getty Images y cortes\u00eda<\/em><\/p>\n","protected":false},"author":16349,"featured_media":183862,"template":"","format":"standard","categories":[1],"acf":[],"yoast_head":"<!-- This site is optimized with the Yoast SEO Premium plugin v18.5 (Yoast SEO v20.4) - https:\/\/yoast.com\/wordpress\/plugins\/seo\/ -->\n<title>Zuecos con poder: el must de la temporada<\/title>\n<meta name=\"description\" content=\"El calzado que mejora tu postura, transforma tu estilo y demuestra que la comodidad tambi\u00e9n puede ser incre\u00edblemente chic esta temporada.\" \/>\n<meta name=\"robots\" content=\"index, follow, max-snippet:-1, max-image-preview:large, max-video-preview:-1\" \/>\n<link rel=\"canonical\" href=\"https:\/\/graziamagazine.com\/es\/articles\/zuecos-con-poder-el-must-de-la-temporada\/\" \/>\n<meta property=\"og:locale\" content=\"es_ES\" \/>\n<meta property=\"og:type\" content=\"article\" \/>\n<meta property=\"og:title\" content=\"Zuecos, el calzado que no puede faltar esta temporada\" \/>\n<meta property=\"og:description\" content=\"El calzado que mejora tu postura, transforma tu estilo y demuestra que la comodidad tambi\u00e9n puede ser incre\u00edblemente chic esta temporada.\" \/>\n<meta property=\"og:url\" content=\"https:\/\/graziamagazine.com\/es\/articles\/zuecos-con-poder-el-must-de-la-temporada\/\" \/>\n<meta property=\"og:site_name\" content=\"Grazia\" \/>\n<meta property=\"article:modified_time\" content=\"2025-04-07T07:25:24+00:00\" \/>\n<meta property=\"og:image\" content=\"https:\/\/graziamagazine.com\/es\/wp-content\/uploads\/sites\/12\/2025\/04\/descarga-1.jpeg\" \/>\n\t<meta property=\"og:image:width\" content=\"1200\" \/>\n\t<meta property=\"og:image:height\" content=\"630\" \/>\n\t<meta property=\"og:image:type\" content=\"image\/jpeg\" \/>\n<meta name=\"twitter:card\" content=\"summary_large_image\" \/>\n<meta name=\"twitter:label1\" content=\"Est. reading time\" \/>\n\t<meta name=\"twitter:data1\" content=\"5 minutos\" \/>\n<script type=\"application\/ld+json\" class=\"yoast-schema-graph\">{\"@context\":\"https:\/\/schema.org\",\"@graph\":[{\"@type\":\"WebPage\",\"@id\":\"https:\/\/graziamagazine.com\/es\/articles\/zuecos-con-poder-el-must-de-la-temporada\/\",\"url\":\"https:\/\/graziamagazine.com\/es\/articles\/zuecos-con-poder-el-must-de-la-temporada\/\",\"name\":\"Zuecos con poder: el must de la temporada\",\"isPartOf\":{\"@id\":\"https:\/\/graziamagazine.com\/es\/#website\"},\"datePublished\":\"2025-04-06T19:45:28+00:00\",\"dateModified\":\"2025-04-07T07:25:24+00:00\",\"description\":\"El calzado que mejora tu postura, transforma tu estilo y demuestra que la comodidad tambi\u00e9n puede ser incre\u00edblemente chic esta temporada.\",\"breadcrumb\":{\"@id\":\"https:\/\/graziamagazine.com\/es\/articles\/zuecos-con-poder-el-must-de-la-temporada\/#breadcrumb\"},\"inLanguage\":\"es\",\"potentialAction\":[{\"@type\":\"ReadAction\",\"target\":[\"https:\/\/graziamagazine.com\/es\/articles\/zuecos-con-poder-el-must-de-la-temporada\/\"]}]},{\"@type\":\"BreadcrumbList\",\"@id\":\"https:\/\/graziamagazine.com\/es\/articles\/zuecos-con-poder-el-must-de-la-temporada\/#breadcrumb\",\"itemListElement\":[{\"@type\":\"ListItem\",\"position\":1,\"name\":\"Portada\",\"item\":\"https:\/\/graziamagazine.com\/es\/\"},{\"@type\":\"ListItem\",\"position\":2,\"name\":\"Zuecos, el calzado que no puede faltar esta temporada\"}]},{\"@type\":\"WebSite\",\"@id\":\"https:\/\/graziamagazine.com\/es\/#website\",\"url\":\"https:\/\/graziamagazine.com\/es\/\",\"name\":\"Grazia\",\"description\":\"Moda, belleza, celebrities, estilo de vida...\",\"potentialAction\":[{\"@type\":\"SearchAction\",\"target\":{\"@type\":\"EntryPoint\",\"urlTemplate\":\"https:\/\/graziamagazine.com\/es\/?s={search_term_string}\"},\"query-input\":\"required name=search_term_string\"}],\"inLanguage\":\"es\"}]}<\/script>\n<!-- \/ Yoast SEO Premium plugin. -->","yoast_head_json":{"title":"Zuecos con poder: el must de la temporada","description":"El calzado que mejora tu postura, transforma tu estilo y demuestra que la comodidad tambi\u00e9n puede ser incre\u00edblemente chic esta temporada.","robots":{"index":"index","follow":"follow","max-snippet":"max-snippet:-1","max-image-preview":"max-image-preview:large","max-video-preview":"max-video-preview:-1"},"canonical":"https:\/\/graziamagazine.com\/es\/articles\/zuecos-con-poder-el-must-de-la-temporada\/","og_locale":"es_ES","og_type":"article","og_title":"Zuecos, el calzado que no puede faltar esta temporada","og_description":"El calzado que mejora tu postura, transforma tu estilo y demuestra que la comodidad tambi\u00e9n puede ser incre\u00edblemente chic esta temporada.","og_url":"https:\/\/graziamagazine.com\/es\/articles\/zuecos-con-poder-el-must-de-la-temporada\/","og_site_name":"Grazia","article_modified_time":"2025-04-07T07:25:24+00:00","og_image":[{"width":1200,"height":630,"url":"https:\/\/graziamagazine.com\/es\/wp-content\/uploads\/sites\/12\/2025\/04\/descarga-1.jpeg","type":"image\/jpeg"}],"twitter_card":"summary_large_image","twitter_misc":{"Est. reading time":"5 minutos"},"schema":{"@context":"https:\/\/schema.org","@graph":[{"@type":"WebPage","@id":"https:\/\/graziamagazine.com\/es\/articles\/zuecos-con-poder-el-must-de-la-temporada\/","url":"https:\/\/graziamagazine.com\/es\/articles\/zuecos-con-poder-el-must-de-la-temporada\/","name":"Zuecos con poder: el must de la temporada","isPartOf":{"@id":"https:\/\/graziamagazine.com\/es\/#website"},"datePublished":"2025-04-06T19:45:28+00:00","dateModified":"2025-04-07T07:25:24+00:00","description":"El calzado que mejora tu postura, transforma tu estilo y demuestra que la comodidad tambi\u00e9n puede ser incre\u00edblemente chic esta temporada.","breadcrumb":{"@id":"https:\/\/graziamagazine.com\/es\/articles\/zuecos-con-poder-el-must-de-la-temporada\/#breadcrumb"},"inLanguage":"es","potentialAction":[{"@type":"ReadAction","target":["https:\/\/graziamagazine.com\/es\/articles\/zuecos-con-poder-el-must-de-la-temporada\/"]}]},{"@type":"BreadcrumbList","@id":"https:\/\/graziamagazine.com\/es\/articles\/zuecos-con-poder-el-must-de-la-temporada\/#breadcrumb","itemListElement":[{"@type":"ListItem","position":1,"name":"Portada","item":"https:\/\/graziamagazine.com\/es\/"},{"@type":"ListItem","position":2,"name":"Zuecos, el calzado que no puede faltar esta temporada"}]},{"@type":"WebSite","@id":"https:\/\/graziamagazine.com\/es\/#website","url":"https:\/\/graziamagazine.com\/es\/","name":"Grazia","description":"Moda, belleza, celebrities, estilo de vida...","potentialAction":[{"@type":"SearchAction","target":{"@type":"EntryPoint","urlTemplate":"https:\/\/graziamagazine.com\/es\/?s={search_term_string}"},"query-input":"required name=search_term_string"}],"inLanguage":"es"}]}},"jetpack_sharing_enabled":true,"distributor_meta":false,"distributor_terms":false,"distributor_media":false,"distributor_original_site_name":"Grazia","distributor_original_site_url":"https:\/\/graziamagazine.com\/es","push-errors":false,"_links":{"self":[{"href":"https:\/\/graziamagazine.com\/es\/wp-json\/wp\/v2\/articles\/183840"}],"collection":[{"href":"https:\/\/graziamagazine.com\/es\/wp-json\/wp\/v2\/articles"}],"about":[{"href":"https:\/\/graziamagazine.com\/es\/wp-json\/wp\/v2\/types\/articles"}],"author":[{"embeddable":true,"href":"https:\/\/graziamagazine.com\/es\/wp-json\/wp\/v2\/users\/16349"}],"wp:featuredmedia":[{"embeddable":true,"href":"https:\/\/graziamagazine.com\/es\/wp-json\/wp\/v2\/media\/183862"}],"wp:attachment":[{"href":"https:\/\/graziamagazine.com\/es\/wp-json\/wp\/v2\/media?parent=183840"}],"wp:term":[{"taxonomy":"category","embeddable":true,"href":"https:\/\/graziamagazine.com\/es\/wp-json\/wp\/v2\/categories?post=183840"}],"curies":[{"name":"wp","href":"https:\/\/api.w.org\/{rel}","templated":true}]}}