{"id":183822,"date":"2025-04-06T22:23:56","date_gmt":"2025-04-06T20:23:56","guid":{"rendered":"https:\/\/graziamagazine.com\/es\/?post_type=articles&#038;p=183822"},"modified":"2025-04-06T22:23:56","modified_gmt":"2025-04-06T20:23:56","slug":"menorca-un-destino-gastronomico-perfecto-para-semana-santa","status":"publish","type":"articles","link":"https:\/\/graziamagazine.com\/es\/articles\/menorca-un-destino-gastronomico-perfecto-para-semana-santa\/","title":{"rendered":"Menorca, un destino gastron\u00f3mico perfecto para Semana Santa"},"content":{"rendered":"<p><span data-olk-copy-source=\"MessageBody\">La <strong>Semana Santa<\/strong> est\u00e1 a la vuelta de la esquina y seguro que ya est\u00e1s pensando en disfrutar de unos merecidos d\u00edas de desconexi\u00f3n y relax. Hoy queremos proponerte una escapada a <strong><span class=\"markv83curryf\" data-markjs=\"true\" data-ogac=\"\" data-ogab=\"\" data-ogsc=\"\" data-ogsb=\"\">Menorca<\/span><\/strong>, una isla que, tras haber sido declarada Regi\u00f3n Europea de la Gastronom\u00eda en 2022, acaba de ser nominada por National Geographic Viajes entre los mejores destinos gastron\u00f3micos de Espa\u00f1a. De la mano del\u00a0<strong>hotel Zafiro\u00a0<span class=\"markv83curryf\" data-markjs=\"true\" data-ogac=\"\" data-ogab=\"\" data-ogsc=\"\" data-ogsb=\"\">Menorca<\/span><\/strong>, vamos a hacer un recorrido por la gastronom\u00eda de la isla para que no te pierdas nada en tu pr\u00f3xima visita.<\/span><\/p>\n<h3><strong><span class=\"markv83curryf\" data-markjs=\"true\" data-ogac=\"\" data-ogab=\"\" data-ogsc=\"\" data-ogsb=\"\">MENORCA<\/span>\u00a0COMO DESTINO GASTRON\u00d3MICO<\/strong><\/h3>\n<p>Seguro que siempre has tenido en mente la isla de\u00a0<span class=\"markv83curryf\" data-markjs=\"true\" data-ogac=\"\" data-ogab=\"\" data-ogsc=\"\" data-ogsb=\"\">Menorca<\/span>\u00a0por sus playas de arena blanca y aguas cristalinas y su relajado ambiente, pero quiz\u00e1 nunca hab\u00edas pensado en su gastronom\u00eda. Pues, si eres un amante de la buena mesa y te gustan los destinos en los que la gastronom\u00eda es protagonista en la experiencia, debes saber que\u00a0<span class=\"markv83curryf\" data-markjs=\"true\" data-ogac=\"\" data-ogab=\"\" data-ogsc=\"\" data-ogsb=\"\">Menorca<\/span>\u00a0te espera con los brazos abiertos.<\/p>\n<p><strong><span class=\"markv83curryf\" data-markjs=\"true\" data-ogac=\"\" data-ogab=\"\" data-ogsc=\"\" data-ogsb=\"\">Menorca<\/span><\/strong>\u00a0huele a mar, a caldereta de langosta y a queso de Mah\u00f3n, junto a una cocina fresca y mediterr\u00e1nea en la que se al\u00edan a la perfecci\u00f3n el producto local y la tradici\u00f3n culinaria con la innovaci\u00f3n, la creatividad y la cocina de vanguardia.<\/p>\n<figure id=\"attachment_183869\" aria-describedby=\"caption-attachment-183869\" style=\"width: 1200px\" class=\"wp-caption aligncenter\"><img loading=\"lazy\" decoding=\"async\" class=\"wp-image-183869 size-full\" src=\"https:\/\/graziamagazine.com\/es\/wp-content\/uploads\/sites\/12\/2025\/04\/230612-menorca.jpg\" alt=\"\" width=\"1200\" height=\"800\" srcset=\"https:\/\/graziamagazine.com\/es\/wp-content\/uploads\/sites\/12\/2025\/04\/230612-menorca.jpg 1200w, https:\/\/graziamagazine.com\/es\/wp-content\/uploads\/sites\/12\/2025\/04\/230612-menorca-300x200.jpg 300w, https:\/\/graziamagazine.com\/es\/wp-content\/uploads\/sites\/12\/2025\/04\/230612-menorca-1024x683.jpg 1024w, https:\/\/graziamagazine.com\/es\/wp-content\/uploads\/sites\/12\/2025\/04\/230612-menorca-768x512.jpg 768w, https:\/\/graziamagazine.com\/es\/wp-content\/uploads\/sites\/12\/2025\/04\/230612-menorca-400x267.jpg 400w, https:\/\/graziamagazine.com\/es\/wp-content\/uploads\/sites\/12\/2025\/04\/230612-menorca-155x103.jpg 155w\" sizes=\"(max-width: 1200px) 100vw, 1200px\" \/><figcaption id=\"caption-attachment-183869\" class=\"wp-caption-text\">Caldereta de langosta.<\/figcaption><\/figure>\n<p>La\u00a0<strong>cocina menorquina<\/strong>\u00a0es fiel reflejo de su historia, de la riqueza de su tierra y sus mares que, junto a las hierbas arom\u00e1ticas locales, aportan un sabor con un sello inconfundible. Entre los platos menorquines m\u00e1s destacados, que no te puedes perder en tu pr\u00f3xima visita a la isla, destacan la\u00a0<strong>caldereta de langosta<\/strong>, un guiso marinero cocinado a fuego lento con langosta roja de\u00a0<span class=\"markv83curryf\" data-markjs=\"true\" data-ogac=\"\" data-ogab=\"\" data-ogsc=\"\" data-ogsb=\"\">Menorca<\/span>, tomate, cebolla y especias; el\u00a0<strong>perol menorqu\u00edn<\/strong>, un plato que encarna la esencia de la cocina casera de la isla, con una base de patatas y pescado fresco horneados con una deliciosa salsa de tomate y ajo; los\u00a0<strong>carquinyols,<\/strong>\u00a0peque\u00f1os dulces de almendra que son un placer para el paladar; y, por supuesto, el\u00a0<strong>queso de Mah\u00f3n-<span class=\"markv83curryf\" data-markjs=\"true\" data-ogac=\"\" data-ogab=\"\" data-ogsc=\"\" data-ogsb=\"\">Menorca<\/span><\/strong>, con denominaci\u00f3n de origen protegida y que constituye uno de los emblemas de la isla gracias a su sabor intenso y ligeramente salado que consigue gracias a la brisa marina que impregna los pastos donde se alimenta el ganado.<\/p>\n<figure id=\"attachment_183867\" aria-describedby=\"caption-attachment-183867\" style=\"width: 1940px\" class=\"wp-caption aligncenter\"><img loading=\"lazy\" decoding=\"async\" class=\"wp-image-183867 size-full\" src=\"https:\/\/graziamagazine.com\/es\/wp-content\/uploads\/sites\/12\/2025\/04\/image00001.jpeg\" alt=\"\" width=\"1940\" height=\"1181\" srcset=\"https:\/\/graziamagazine.com\/es\/wp-content\/uploads\/sites\/12\/2025\/04\/image00001.jpeg 1940w, https:\/\/graziamagazine.com\/es\/wp-content\/uploads\/sites\/12\/2025\/04\/image00001-300x183.jpeg 300w, https:\/\/graziamagazine.com\/es\/wp-content\/uploads\/sites\/12\/2025\/04\/image00001-1024x623.jpeg 1024w, https:\/\/graziamagazine.com\/es\/wp-content\/uploads\/sites\/12\/2025\/04\/image00001-768x468.jpeg 768w, https:\/\/graziamagazine.com\/es\/wp-content\/uploads\/sites\/12\/2025\/04\/image00001-1536x935.jpeg 1536w, https:\/\/graziamagazine.com\/es\/wp-content\/uploads\/sites\/12\/2025\/04\/image00001-400x244.jpeg 400w, https:\/\/graziamagazine.com\/es\/wp-content\/uploads\/sites\/12\/2025\/04\/image00001-155x94.jpeg 155w\" sizes=\"(max-width: 1940px) 100vw, 1940px\" \/><figcaption id=\"caption-attachment-183867\" class=\"wp-caption-text\">Queso de Mah\u00f3n.<\/figcaption><\/figure>\n<h3><strong data-olk-copy-source=\"MessageBody\">EXPERIENCIAS CULINARIAS IMPRESCINDIBLES<\/strong><\/h3>\n<p>A lo largo de tu estancia en\u00a0<span class=\"markv83curryf\" data-markjs=\"true\" data-ogac=\"\" data-ogab=\"\" data-ogsc=\"\" data-ogsb=\"\">Menorca<\/span>, el equipo del hotel Zafiro\u00a0<span class=\"markv83curryf\" data-markjs=\"true\" data-ogac=\"\" data-ogab=\"\" data-ogsc=\"\" data-ogsb=\"\">Menorca<\/span>\u00a0nos recomienda no perdernos los principales planes\u00a0<i>foodies<\/i>, perfectos para los amantes de la gastronom\u00eda. Entre ellos destaca la visita al\u00a0<strong>Mercat des Claustre, en Mah\u00f3n<\/strong>; degustar vinos aut\u00f3ctonos en una\u00a0<strong>bodega menorquina<\/strong>\u00a0como\u00a0<strong>Binifadet<\/strong>, donde destacan los elaborados con uva Merlot, Cabernet Sauvignon o Sirah; visitar una\u00a0<i><strong>formatgeria<\/strong><\/i><strong>\u00a0tradicional<\/strong>\u00a0para conocer el proceso de elaboraci\u00f3n del queso mahon\u00e9s; descubrir los sabores del mar en una ruta gastron\u00f3mica por el\u00a0<strong>puerto de Ciutadella<\/strong>\u00a0o ver c\u00f3mo los pescadores acercan la pesca del d\u00eda la\u00a0<strong>lonja del pescado de Ma\u00f3<\/strong>; y, por \u00faltimo, participar en los talleres de cocina menorquina y ferias gastron\u00f3micas locales que se suceden a lo largo de cada temporada en la isla, para empaparte de su tradici\u00f3n, costumbres en cocina y sus mejores recetas para llev\u00e1rtelas de vuelta a casa.<\/p>\n<figure id=\"attachment_183870\" aria-describedby=\"caption-attachment-183870\" style=\"width: 1600px\" class=\"wp-caption aligncenter\"><img loading=\"lazy\" decoding=\"async\" class=\"wp-image-183870 size-full\" src=\"https:\/\/graziamagazine.com\/es\/wp-content\/uploads\/sites\/12\/2025\/04\/ciutadella-menorca-marinaport-162344333943-0a9d25236c74fc751c577c8ce617505d-copia.jpg\" alt=\"\" width=\"1600\" height=\"698\" srcset=\"https:\/\/graziamagazine.com\/es\/wp-content\/uploads\/sites\/12\/2025\/04\/ciutadella-menorca-marinaport-162344333943-0a9d25236c74fc751c577c8ce617505d-copia.jpg 1600w, https:\/\/graziamagazine.com\/es\/wp-content\/uploads\/sites\/12\/2025\/04\/ciutadella-menorca-marinaport-162344333943-0a9d25236c74fc751c577c8ce617505d-copia-300x131.jpg 300w, https:\/\/graziamagazine.com\/es\/wp-content\/uploads\/sites\/12\/2025\/04\/ciutadella-menorca-marinaport-162344333943-0a9d25236c74fc751c577c8ce617505d-copia-1024x447.jpg 1024w, https:\/\/graziamagazine.com\/es\/wp-content\/uploads\/sites\/12\/2025\/04\/ciutadella-menorca-marinaport-162344333943-0a9d25236c74fc751c577c8ce617505d-copia-768x335.jpg 768w, https:\/\/graziamagazine.com\/es\/wp-content\/uploads\/sites\/12\/2025\/04\/ciutadella-menorca-marinaport-162344333943-0a9d25236c74fc751c577c8ce617505d-copia-1536x670.jpg 1536w, https:\/\/graziamagazine.com\/es\/wp-content\/uploads\/sites\/12\/2025\/04\/ciutadella-menorca-marinaport-162344333943-0a9d25236c74fc751c577c8ce617505d-copia-400x175.jpg 400w, https:\/\/graziamagazine.com\/es\/wp-content\/uploads\/sites\/12\/2025\/04\/ciutadella-menorca-marinaport-162344333943-0a9d25236c74fc751c577c8ce617505d-copia-155x68.jpg 155w\" sizes=\"(max-width: 1600px) 100vw, 1600px\" \/><figcaption id=\"caption-attachment-183870\" class=\"wp-caption-text\">Puerto de Ciutadella.<\/figcaption><\/figure>\n<h3>\u00bfD\u00f3nde alojarse?<\/h3>\n<p><img loading=\"lazy\" decoding=\"async\" class=\"aligncenter size-full wp-image-183868\" src=\"https:\/\/graziamagazine.com\/es\/wp-content\/uploads\/sites\/12\/2025\/04\/eg3S8-R5uDyM-copia-scaled.jpeg\" alt=\"\" width=\"2560\" height=\"1707\" srcset=\"https:\/\/graziamagazine.com\/es\/wp-content\/uploads\/sites\/12\/2025\/04\/eg3S8-R5uDyM-copia-scaled.jpeg 2560w, https:\/\/graziamagazine.com\/es\/wp-content\/uploads\/sites\/12\/2025\/04\/eg3S8-R5uDyM-copia-300x200.jpeg 300w, https:\/\/graziamagazine.com\/es\/wp-content\/uploads\/sites\/12\/2025\/04\/eg3S8-R5uDyM-copia-1024x683.jpeg 1024w, https:\/\/graziamagazine.com\/es\/wp-content\/uploads\/sites\/12\/2025\/04\/eg3S8-R5uDyM-copia-768x512.jpeg 768w, https:\/\/graziamagazine.com\/es\/wp-content\/uploads\/sites\/12\/2025\/04\/eg3S8-R5uDyM-copia-1536x1024.jpeg 1536w, https:\/\/graziamagazine.com\/es\/wp-content\/uploads\/sites\/12\/2025\/04\/eg3S8-R5uDyM-copia-2048x1365.jpeg 2048w, https:\/\/graziamagazine.com\/es\/wp-content\/uploads\/sites\/12\/2025\/04\/eg3S8-R5uDyM-copia-400x267.jpeg 400w, https:\/\/graziamagazine.com\/es\/wp-content\/uploads\/sites\/12\/2025\/04\/eg3S8-R5uDyM-copia-155x103.jpeg 155w\" sizes=\"(max-width: 2560px) 100vw, 2560px\" \/><\/p>\n<p><span data-olk-copy-source=\"MessageBody\">Para una estancia perfecta en la isla, el hotel\u00a0<strong>Zafiro\u00a0<span class=\"markv83curryf\" data-markjs=\"true\" data-ogac=\"\" data-ogab=\"\" data-ogsc=\"\" data-ogsb=\"\">Menorca<\/span><\/strong>\u00a0es un enclave de ensue\u00f1o, gracias a su localizaci\u00f3n rodeado de naturaleza y a tan solo unos minutos de las mejores playas de la isla, declarada Reserva de la Biosfera. A tan solo 900 metros de\u00a0<strong>Cala en Bosch<\/strong>\u00a0y a 10 minutos del centro de Ciutadella, en un tranquilo entorno residencial, se encuentra este resort de 4 estrellas que ofrece apartamentos desde 40 m2 de superficie, de dise\u00f1o moderno y con jard\u00edn privado, ideales para compartir en familia. <\/span><span data-olk-copy-source=\"MessageBody\">Ofrece una completa propuesta gastron\u00f3mica para todos los gustos, tanto en buffet como a la carta, y un animado programa de actividades para disfrutar juntos.<\/span><\/p>\n<p><img loading=\"lazy\" decoding=\"async\" class=\"aligncenter size-full wp-image-183871\" src=\"https:\/\/graziamagazine.com\/es\/wp-content\/uploads\/sites\/12\/2025\/04\/img_download-32.jpg\" alt=\"\" width=\"1868\" height=\"1868\" srcset=\"https:\/\/graziamagazine.com\/es\/wp-content\/uploads\/sites\/12\/2025\/04\/img_download-32.jpg 1868w, https:\/\/graziamagazine.com\/es\/wp-content\/uploads\/sites\/12\/2025\/04\/img_download-32-300x300.jpg 300w, https:\/\/graziamagazine.com\/es\/wp-content\/uploads\/sites\/12\/2025\/04\/img_download-32-1024x1024.jpg 1024w, https:\/\/graziamagazine.com\/es\/wp-content\/uploads\/sites\/12\/2025\/04\/img_download-32-150x150.jpg 150w, https:\/\/graziamagazine.com\/es\/wp-content\/uploads\/sites\/12\/2025\/04\/img_download-32-768x768.jpg 768w, https:\/\/graziamagazine.com\/es\/wp-content\/uploads\/sites\/12\/2025\/04\/img_download-32-1536x1536.jpg 1536w, https:\/\/graziamagazine.com\/es\/wp-content\/uploads\/sites\/12\/2025\/04\/img_download-32-400x400.jpg 400w, https:\/\/graziamagazine.com\/es\/wp-content\/uploads\/sites\/12\/2025\/04\/img_download-32-155x155.jpg 155w\" sizes=\"(max-width: 1868px) 100vw, 1868px\" \/><\/p>\n<p><span data-contrast=\"none\">Adem\u00e1s, esta temporada, Zafiro Menorca ha\u00a0<\/span>renovado su restaurante buffet<span data-contrast=\"none\">\u00a0para ofrecer una experiencia a\u00fan m\u00e1s acogedora y familiar, con un dise\u00f1o moderno y espacioso. Y\u00a0<\/span>la cafeter\u00eda principal tambi\u00e9n ha sido redise\u00f1ada para mayor comodidad, junto con la recepci\u00f3n<span data-contrast=\"none\">, ahora cuenta con una est\u00e9tica fresca y luminosa que refleja el esp\u00edritu de la isla.<\/span><span data-ccp-props=\"{\">\u00a0<\/span><\/p>\n<p>\u00bfD\u00f3nde? <a href=\"https:\/\/www.google.com\/maps\/place\/\/data=!4m2!3m1!1s0x12be040bb6bd47d1:0xf00951cd8082dd3d?sa=X&amp;ved=1t:8290&amp;ictx=111\" data-url=\"\/maps\/place\/\/data=!4m2!3m1!1s0x12be040bb6bd47d1:0xf00951cd8082dd3d?sa=X&amp;ved=2ahUKEwip38OEnsSMAxVyV6QEHewzHyUQ4kB6BAgJEAA\" target=\"_blank\">Carrer Llevant, s\/n, 07760 Cala en Bosc, Illes Balears<\/a><\/p>\n<p>Con todos estos detalles y esta agenda gastron\u00f3mica tan atractiva, solo tienes que ir buscando vuelos para disfrutar de una Semana Santa diferente en una de las islas m\u00e1s bonitas y especiales.<\/p>\n<p><em>*Im\u00e1genes: Instagram y cortes\u00eda<\/em><\/p>\n<p>&nbsp;<\/p>\n","protected":false},"author":11653,"featured_media":183872,"template":"","format":"standard","categories":[18],"acf":[],"yoast_head":"<!-- This site is optimized with the Yoast SEO Premium plugin v18.5 (Yoast SEO v20.4) - https:\/\/yoast.com\/wordpress\/plugins\/seo\/ -->\n<title>Menorca, un destino gastron\u00f3mico perfecto para Semana Santa<\/title>\n<meta name=\"description\" content=\"La isla balear acaba de ser nominada como mejor destino gastron\u00f3mico de Espa\u00f1a y decimos por qu\u00e9 s\u00ed debes visitarla.\u00a0\" \/>\n<meta name=\"robots\" content=\"index, follow, max-snippet:-1, max-image-preview:large, max-video-preview:-1\" \/>\n<link rel=\"canonical\" href=\"https:\/\/graziamagazine.com\/es\/articles\/menorca-un-destino-gastronomico-perfecto-para-semana-santa\/\" \/>\n<meta property=\"og:locale\" content=\"es_ES\" \/>\n<meta property=\"og:type\" content=\"article\" \/>\n<meta property=\"og:title\" content=\"Menorca, un destino gastron\u00f3mico perfecto para Semana Santa\" \/>\n<meta property=\"og:description\" content=\"La isla balear acaba de ser nominada como mejor destino gastron\u00f3mico de Espa\u00f1a y decimos por qu\u00e9 s\u00ed debes visitarla.\u00a0\" \/>\n<meta property=\"og:url\" content=\"https:\/\/graziamagazine.com\/es\/articles\/menorca-un-destino-gastronomico-perfecto-para-semana-santa\/\" \/>\n<meta property=\"og:site_name\" content=\"Grazia\" \/>\n<meta property=\"og:image\" content=\"https:\/\/graziamagazine.com\/es\/wp-content\/uploads\/sites\/12\/2025\/04\/img_download-33-e1743970925843.jpg\" \/>\n\t<meta property=\"og:image:width\" content=\"1080\" \/>\n\t<meta property=\"og:image:height\" content=\"830\" \/>\n\t<meta property=\"og:image:type\" content=\"image\/jpeg\" \/>\n<meta name=\"twitter:card\" content=\"summary_large_image\" \/>\n<meta name=\"twitter:label1\" content=\"Est. reading time\" \/>\n\t<meta name=\"twitter:data1\" content=\"5 minutos\" \/>\n<script type=\"application\/ld+json\" class=\"yoast-schema-graph\">{\"@context\":\"https:\/\/schema.org\",\"@graph\":[{\"@type\":\"WebPage\",\"@id\":\"https:\/\/graziamagazine.com\/es\/articles\/menorca-un-destino-gastronomico-perfecto-para-semana-santa\/\",\"url\":\"https:\/\/graziamagazine.com\/es\/articles\/menorca-un-destino-gastronomico-perfecto-para-semana-santa\/\",\"name\":\"Menorca, un destino gastron\u00f3mico perfecto para Semana Santa\",\"isPartOf\":{\"@id\":\"https:\/\/graziamagazine.com\/es\/#website\"},\"datePublished\":\"2025-04-06T20:23:56+00:00\",\"dateModified\":\"2025-04-06T20:23:56+00:00\",\"description\":\"La isla balear acaba de ser nominada como mejor destino gastron\u00f3mico de Espa\u00f1a y decimos por qu\u00e9 s\u00ed debes visitarla.\u00a0\",\"breadcrumb\":{\"@id\":\"https:\/\/graziamagazine.com\/es\/articles\/menorca-un-destino-gastronomico-perfecto-para-semana-santa\/#breadcrumb\"},\"inLanguage\":\"es\",\"potentialAction\":[{\"@type\":\"ReadAction\",\"target\":[\"https:\/\/graziamagazine.com\/es\/articles\/menorca-un-destino-gastronomico-perfecto-para-semana-santa\/\"]}]},{\"@type\":\"BreadcrumbList\",\"@id\":\"https:\/\/graziamagazine.com\/es\/articles\/menorca-un-destino-gastronomico-perfecto-para-semana-santa\/#breadcrumb\",\"itemListElement\":[{\"@type\":\"ListItem\",\"position\":1,\"name\":\"Portada\",\"item\":\"https:\/\/graziamagazine.com\/es\/\"},{\"@type\":\"ListItem\",\"position\":2,\"name\":\"Menorca, un destino gastron\u00f3mico perfecto para Semana Santa\"}]},{\"@type\":\"WebSite\",\"@id\":\"https:\/\/graziamagazine.com\/es\/#website\",\"url\":\"https:\/\/graziamagazine.com\/es\/\",\"name\":\"Grazia\",\"description\":\"Moda, belleza, celebrities, estilo de vida...\",\"potentialAction\":[{\"@type\":\"SearchAction\",\"target\":{\"@type\":\"EntryPoint\",\"urlTemplate\":\"https:\/\/graziamagazine.com\/es\/?s={search_term_string}\"},\"query-input\":\"required name=search_term_string\"}],\"inLanguage\":\"es\"}]}<\/script>\n<!-- \/ Yoast SEO Premium plugin. -->","yoast_head_json":{"title":"Menorca, un destino gastron\u00f3mico perfecto para Semana Santa","description":"La isla balear acaba de ser nominada como mejor destino gastron\u00f3mico de Espa\u00f1a y decimos por qu\u00e9 s\u00ed debes visitarla.\u00a0","robots":{"index":"index","follow":"follow","max-snippet":"max-snippet:-1","max-image-preview":"max-image-preview:large","max-video-preview":"max-video-preview:-1"},"canonical":"https:\/\/graziamagazine.com\/es\/articles\/menorca-un-destino-gastronomico-perfecto-para-semana-santa\/","og_locale":"es_ES","og_type":"article","og_title":"Menorca, un destino gastron\u00f3mico perfecto para Semana Santa","og_description":"La isla balear acaba de ser nominada como mejor destino gastron\u00f3mico de Espa\u00f1a y decimos por qu\u00e9 s\u00ed debes visitarla.\u00a0","og_url":"https:\/\/graziamagazine.com\/es\/articles\/menorca-un-destino-gastronomico-perfecto-para-semana-santa\/","og_site_name":"Grazia","og_image":[{"width":1080,"height":830,"url":"https:\/\/graziamagazine.com\/es\/wp-content\/uploads\/sites\/12\/2025\/04\/img_download-33-e1743970925843.jpg","type":"image\/jpeg"}],"twitter_card":"summary_large_image","twitter_misc":{"Est. reading time":"5 minutos"},"schema":{"@context":"https:\/\/schema.org","@graph":[{"@type":"WebPage","@id":"https:\/\/graziamagazine.com\/es\/articles\/menorca-un-destino-gastronomico-perfecto-para-semana-santa\/","url":"https:\/\/graziamagazine.com\/es\/articles\/menorca-un-destino-gastronomico-perfecto-para-semana-santa\/","name":"Menorca, un destino gastron\u00f3mico perfecto para Semana Santa","isPartOf":{"@id":"https:\/\/graziamagazine.com\/es\/#website"},"datePublished":"2025-04-06T20:23:56+00:00","dateModified":"2025-04-06T20:23:56+00:00","description":"La isla balear acaba de ser nominada como mejor destino gastron\u00f3mico de Espa\u00f1a y decimos por qu\u00e9 s\u00ed debes visitarla.\u00a0","breadcrumb":{"@id":"https:\/\/graziamagazine.com\/es\/articles\/menorca-un-destino-gastronomico-perfecto-para-semana-santa\/#breadcrumb"},"inLanguage":"es","potentialAction":[{"@type":"ReadAction","target":["https:\/\/graziamagazine.com\/es\/articles\/menorca-un-destino-gastronomico-perfecto-para-semana-santa\/"]}]},{"@type":"BreadcrumbList","@id":"https:\/\/graziamagazine.com\/es\/articles\/menorca-un-destino-gastronomico-perfecto-para-semana-santa\/#breadcrumb","itemListElement":[{"@type":"ListItem","position":1,"name":"Portada","item":"https:\/\/graziamagazine.com\/es\/"},{"@type":"ListItem","position":2,"name":"Menorca, un destino gastron\u00f3mico perfecto para Semana Santa"}]},{"@type":"WebSite","@id":"https:\/\/graziamagazine.com\/es\/#website","url":"https:\/\/graziamagazine.com\/es\/","name":"Grazia","description":"Moda, belleza, celebrities, estilo de vida...","potentialAction":[{"@type":"SearchAction","target":{"@type":"EntryPoint","urlTemplate":"https:\/\/graziamagazine.com\/es\/?s={search_term_string}"},"query-input":"required name=search_term_string"}],"inLanguage":"es"}]}},"jetpack_sharing_enabled":true,"distributor_meta":false,"distributor_terms":false,"distributor_media":false,"distributor_original_site_name":"Grazia","distributor_original_site_url":"https:\/\/graziamagazine.com\/es","push-errors":false,"_links":{"self":[{"href":"https:\/\/graziamagazine.com\/es\/wp-json\/wp\/v2\/articles\/183822"}],"collection":[{"href":"https:\/\/graziamagazine.com\/es\/wp-json\/wp\/v2\/articles"}],"about":[{"href":"https:\/\/graziamagazine.com\/es\/wp-json\/wp\/v2\/types\/articles"}],"author":[{"embeddable":true,"href":"https:\/\/graziamagazine.com\/es\/wp-json\/wp\/v2\/users\/11653"}],"wp:featuredmedia":[{"embeddable":true,"href":"https:\/\/graziamagazine.com\/es\/wp-json\/wp\/v2\/media\/183872"}],"wp:attachment":[{"href":"https:\/\/graziamagazine.com\/es\/wp-json\/wp\/v2\/media?parent=183822"}],"wp:term":[{"taxonomy":"category","embeddable":true,"href":"https:\/\/graziamagazine.com\/es\/wp-json\/wp\/v2\/categories?post=183822"}],"curies":[{"name":"wp","href":"https:\/\/api.w.org\/{rel}","templated":true}]}}