{"id":183800,"date":"2025-04-04T11:30:51","date_gmt":"2025-04-04T09:30:51","guid":{"rendered":"https:\/\/graziamagazine.com\/es\/?post_type=articles&#038;p=183800"},"modified":"2025-04-03T23:41:15","modified_gmt":"2025-04-03T21:41:15","slug":"restaurantes-para-celebrar-este-fin-de-semana-el-dia-de-la-carbonara","status":"publish","type":"articles","link":"https:\/\/graziamagazine.com\/es\/articles\/restaurantes-para-celebrar-este-fin-de-semana-el-dia-de-la-carbonara\/","title":{"rendered":"Restaurantes para celebrar (este fin de semana) el D\u00eda de la carbonara"},"content":{"rendered":"<p>Si hablamos de una de las recetas m\u00e1s codiciadas de la gastronom\u00eda italiana, sabemos perfectamente cu\u00e1l es. Esta es la m\u00e1s emblem\u00e1tica de su recetario, adem\u00e1s de representar la esencia de sus siglos de cocina. Hemos visto c\u00f3mo se ha ido reinventando en otras versiones, pero nunca mejor que la original. El 6 de abril se celebra el D\u00eda de la\u00a0<span class=\"markdv4pjr6fd\" data-markjs=\"true\" data-ogac=\"\" data-ogab=\"\" data-ogsc=\"\" data-ogsb=\"\">Carbonara<\/span>\u00a0y, si quieres probar algo aut\u00e9ntico, estos son los restaurantes que te recomendamos.<\/p>\n<p>Su receta es sencilla y la base son los ingredientes de calidad. Parece f\u00e1cil, pero cogerle el punto es algo que lleva tiempo y destreza. Adem\u00e1s de la pasta, la yema de huevo, el guanciale, el pecorino romano y la pimienta negra juegan un papel fundamental. Su preparaci\u00f3n sigue siendo motivo de debate entre los puristas y aquellos que buscan reinterpretar la receta con ingredientes alternativos, pero su esencia permanece intacta: una combinaci\u00f3n de sabores intensos y una textura cremosa sin necesidad de nata o crema.<\/p>\n<p>Si quieres degustar una aut\u00e9ntica\u00a0<span class=\"markdv4pjr6fd\" data-markjs=\"true\" data-ogac=\"\" data-ogab=\"\" data-ogsc=\"\" data-ogsb=\"\">carbonara<\/span> que respira la esencia de Italia, estas son las recomendaciones m\u00e1s acertadas de Madrid.<\/p>\n<h3><strong data-olk-copy-source=\"MessageBody\">TOT\u00d2 E PEPPINO<\/strong><\/h3>\n<p>En Tot\u00f2 e Peppino, este cl\u00e1sico de la gastronom\u00eda romana se respeta y se elabora siguiendo la receta tradicional, sin a\u00f1adidos innecesarios y con ingredientes de la m\u00e1s alta calidad. Su \u2018Aut\u00e9ntica\u00a0<span class=\"markdv4pjr6fd\" data-markjs=\"true\" data-ogac=\"\" data-ogab=\"\" data-ogsc=\"\" data-ogsb=\"\">Carbonara<\/span>\u2019 es un homenaje a la simplicidad y perfecci\u00f3n de la receta de siempre: espagueti al dente, envueltos en una emulsi\u00f3n cremosa de yema de huevo, pecorino romano y un generoso toque de pimienta negra reci\u00e9n molida.<\/p>\n<p><img loading=\"lazy\" decoding=\"async\" class=\"aligncenter size-full wp-image-183801\" src=\"https:\/\/graziamagazine.com\/es\/wp-content\/uploads\/sites\/12\/2025\/04\/3ee865f1-3b89-8abf-7ae2-902d03644dc3.jpg\" alt=\"\" width=\"609\" height=\"909\" srcset=\"https:\/\/graziamagazine.com\/es\/wp-content\/uploads\/sites\/12\/2025\/04\/3ee865f1-3b89-8abf-7ae2-902d03644dc3.jpg 609w, https:\/\/graziamagazine.com\/es\/wp-content\/uploads\/sites\/12\/2025\/04\/3ee865f1-3b89-8abf-7ae2-902d03644dc3-201x300.jpg 201w, https:\/\/graziamagazine.com\/es\/wp-content\/uploads\/sites\/12\/2025\/04\/3ee865f1-3b89-8abf-7ae2-902d03644dc3-400x597.jpg 400w, https:\/\/graziamagazine.com\/es\/wp-content\/uploads\/sites\/12\/2025\/04\/3ee865f1-3b89-8abf-7ae2-902d03644dc3-144x215.jpg 144w\" sizes=\"(max-width: 609px) 100vw, 609px\" \/><\/p>\n<p>El protagonista indiscutible es el guanciale, la papada de cerdo curada a la pimienta, cuyo sabor intenso y textura crujiente elevan este plato a otro nivel. Cada bocado transporta a las calles de Roma, donde la\u00a0<span class=\"markdv4pjr6fd\" data-markjs=\"true\" data-ogac=\"\" data-ogab=\"\" data-ogsc=\"\" data-ogsb=\"\">carbonara<\/span>\u00a0es mucho m\u00e1s que una receta: es un s\u00edmbolo de identidad culinaria. En Tot\u00f2 e Peppino, la tradici\u00f3n manda, y este plato es prueba de ello.<\/p>\n<p>\u00bfD\u00f3nde? Fernando VI 29 \/ Avenida del Mediterr\u00e1neo 21 (Madrid)<\/p>\n<h3><strong data-olk-copy-source=\"MessageBody\">CALUANA<\/strong><\/h3>\n<p>En el coraz\u00f3n de Madrid, Caluana fusiona la esencia de la cocina italiana con toques castizos, ofreciendo platos que sorprenden y deleitan. Su &#8216;<span class=\"markdv4pjr6fd\" data-markjs=\"true\" data-ogac=\"\" data-ogab=\"\" data-ogsc=\"\" data-ogsb=\"\">Carbonara<\/span> Ib\u00e9rica&#8217; es una reinterpretaci\u00f3n del cl\u00e1sico romano, incorporando ingredientes espa\u00f1oles de primera calidad. Este plato presenta espagueti al dente, mezclados con una cremosa salsa elaborada a base de huevos camperos y queso parmesano.<\/p>\n<p><img loading=\"lazy\" decoding=\"async\" class=\"aligncenter size-full wp-image-183803\" src=\"https:\/\/graziamagazine.com\/es\/wp-content\/uploads\/sites\/12\/2025\/04\/b114ad43-2183-a9d2-fa26-2b645fc2d23d.jpg\" alt=\"\" width=\"612\" height=\"920\" srcset=\"https:\/\/graziamagazine.com\/es\/wp-content\/uploads\/sites\/12\/2025\/04\/b114ad43-2183-a9d2-fa26-2b645fc2d23d.jpg 612w, https:\/\/graziamagazine.com\/es\/wp-content\/uploads\/sites\/12\/2025\/04\/b114ad43-2183-a9d2-fa26-2b645fc2d23d-200x300.jpg 200w, https:\/\/graziamagazine.com\/es\/wp-content\/uploads\/sites\/12\/2025\/04\/b114ad43-2183-a9d2-fa26-2b645fc2d23d-400x601.jpg 400w, https:\/\/graziamagazine.com\/es\/wp-content\/uploads\/sites\/12\/2025\/04\/b114ad43-2183-a9d2-fa26-2b645fc2d23d-143x215.jpg 143w\" sizes=\"(max-width: 612px) 100vw, 612px\" \/><\/p>\n<p>La innovaci\u00f3n radica en el uso de papada ib\u00e9rica Joselito, que aporta una profundidad de sabor y una textura inigualable, elevando la receta tradicional a nuevas alturas. Cada bocado es un equilibrio perfecto entre la riqueza de la <span class=\"markdv4pjr6fd\" data-markjs=\"true\" data-ogac=\"\" data-ogab=\"\" data-ogsc=\"\" data-ogsb=\"\">carbonara<\/span> cl\u00e1sica y la intensidad de los productos ib\u00e9ricos, reflejando la filosof\u00eda de Caluana de unir lo mejor de ambas gastronom\u00edas.<\/p>\n<p>\u00bfD\u00f3nde? Calle de la Bolsa 12 (Madrid)<\/p>\n<h3>relleno<\/h3>\n<p>Relleno, el italiano que est\u00e1 conquistando los paladares m\u00e1s exigentes de la capital, tiene algo que confesar. Desde que comenzaron han asegurado que su\u00a0<span class=\"markizf81e9wn\" data-markjs=\"true\" data-ogac=\"\" data-ogab=\"\" data-ogsc=\"\" data-ogsb=\"\">carbonara<\/span>\u00a0era la mejor, pero su\u00a0apuesta por la excelencia\u00a0y por seguir ofreciendo las\u00a0mejores recetas italianas\u00a0los ha llevado a darse cuenta de que estaban equivocados, y es que la\u00a0nueva receta\u00a0de su ic\u00f3nica\u00a0<span class=\"markizf81e9wn\" data-markjs=\"true\" data-ogac=\"\" data-ogab=\"\" data-ogsc=\"\" data-ogsb=\"\">carbonara<\/span>\u00a0as\u00ed lo demuestra.<\/p>\n<p>Manteniendo la esencia de la tradici\u00f3n italiana, esta nueva versi\u00f3n de la\u00a0<span class=\"markizf81e9wn\" data-markjs=\"true\" data-ogac=\"\" data-ogab=\"\" data-ogsc=\"\" data-ogsb=\"\">carbonara<\/span>\u00a0respeta sus ra\u00edces\u00a0con los cuatro ingredientes imprescindibles: yema de huevo, pimienta negra tostada, pecorino y guanciale. La verdadera innovaci\u00f3n llega de la mano de su t\u00e9cnica perfeccionada: la salsa se transforma en una aut\u00e9ntica crema de pasteler\u00eda, logrando una\u00a0textura ultra cremosa y sedosa\u00a0que no solo potencia la consistencia y el equilibrio del plato, sino que lo convierte en la opci\u00f3n ideal para disfrutarlo en casa a trav\u00e9s del\u00a0delivery.<\/p>\n<p><img loading=\"lazy\" decoding=\"async\" class=\"aligncenter size-full wp-image-183805\" src=\"https:\/\/graziamagazine.com\/es\/wp-content\/uploads\/sites\/12\/2025\/04\/relleno.es_.jpg\" alt=\"\" width=\"1440\" height=\"1800\" srcset=\"https:\/\/graziamagazine.com\/es\/wp-content\/uploads\/sites\/12\/2025\/04\/relleno.es_.jpg 1440w, https:\/\/graziamagazine.com\/es\/wp-content\/uploads\/sites\/12\/2025\/04\/relleno.es_-240x300.jpg 240w, https:\/\/graziamagazine.com\/es\/wp-content\/uploads\/sites\/12\/2025\/04\/relleno.es_-819x1024.jpg 819w, https:\/\/graziamagazine.com\/es\/wp-content\/uploads\/sites\/12\/2025\/04\/relleno.es_-768x960.jpg 768w, https:\/\/graziamagazine.com\/es\/wp-content\/uploads\/sites\/12\/2025\/04\/relleno.es_-1229x1536.jpg 1229w, https:\/\/graziamagazine.com\/es\/wp-content\/uploads\/sites\/12\/2025\/04\/relleno.es_-400x500.jpg 400w, https:\/\/graziamagazine.com\/es\/wp-content\/uploads\/sites\/12\/2025\/04\/relleno.es_-155x194.jpg 155w\" sizes=\"(max-width: 1440px) 100vw, 1440px\" \/><\/p>\n<p><em>*El pr\u00f3ximo\u00a0viernes 4 de abril, todo aquel que haya probado la versi\u00f3n original de su\u00a0<span class=\"markizf81e9wn\" data-markjs=\"true\" data-ogac=\"\" data-ogab=\"\" data-ogsc=\"\" data-ogsb=\"\">carbonara<\/span>\u00a0y pueda demostrarlo (ense\u00f1ando el ticket en f\u00edsico o digital),\u00a0podr\u00e1 degustar\u00a0en su\u00a0local\u00a0de\u00a0<u>General Oraa, 34<\/u>,\u00a0un plato de su nueva\u00a0<span class=\"markizf81e9wn\" data-markjs=\"true\" data-ogac=\"\" data-ogab=\"\" data-ogsc=\"\" data-ogsb=\"\">carbonara<\/span>\u00a0(hasta agostar existencias),\u00a0cortes\u00eda de Relleno.<\/em><\/p>\n<h3><span data-olk-copy-source=\"MessageBody\">Alduccio<\/span><\/h3>\n<p><span data-olk-copy-source=\"MessageBody\">Corr\u00eda el a\u00f1o 1993 cuando, tras un exitoso concierto en la plaza de toros de la capital, los\u00a0<b>Depeche Mode\u00a0<\/b>recalaron en el restaurante\u00a0Alduccio\u00a0para degustar la\u00a0<span class=\"markg5fkmct83\" data-markjs=\"true\" data-ogac=\"\" data-ogab=\"\" data-ogsc=\"\" data-ogsb=\"\">carbonara<\/span>\u00a0m\u00e1s famosa de Madrid. Y es que, desde los a\u00f1os 50, Alduccio se ha convertido en la meca de la gastronom\u00eda italiana en Madrid, donde las recetas originales italianas siguen haciendo de este restaurante el viaje al coraz\u00f3n de la Italia m\u00e1s aut\u00e9ntica.<\/span><\/p>\n<p><img decoding=\"async\" src=\"https:\/\/attachments.office.net\/owa\/rmartin%40graziala.com\/service.svc\/s\/GetAttachmentThumbnail?id=AAMkADcxYjQ3ZjM2LTIyOTctNDU4Ny1iMWI1LTQxYzAxM2EwODJjZABGAAAAAAAz8yGdxrx2QJJ5bA%2B1zgChBwC7CTHbPxtARblcgLRcHh5dAAAAAAEMAAC7CTHbPxtARblcgLRcHh5dAAVZJJhaAAABEgAQAH5c9NUX8vVGumTTesO6vbQ%3D&amp;thumbnailType=2&amp;token=eyJhbGciOiJSUzI1NiIsInR5cCI6IkpXVCIsImtpZCI6ImhTVy9mdUFucXRrWEYzNFc3SmZNTm5MbzFvZz0iLCJ4NXQiOiJoU1cvZnVBbnF0a1hGMzRXN0pmTU5uTG8xb2c9Iiwibm9uY2UiOiI1b3plVjBTYndIcU9YWUNPbVVXdEo0eWwwdzYyYlZtOU1MUV9QT1BwZm9ZbWt1c0JuV0s4eUViZU45NkJnVFlpVHRNOXFfMmp6WmJ2Vld0NkJZMGx3VURqUm94VmlEVC02ZXcwbjlzYm5ZY1pldlpSVTQtY25TajVldFFVaUtwMnFlcjBibXp4bXFEVF9hR1lMenJsUFdoS21qY3dTWllaanZReDZ5dUs2T0kiLCJpc3Nsb2MiOiJTQTFQUjE3TUI1MjM3Iiwic3JzbiI6NjM4Nzg1NTA1MDQwMDY3OTM2fQ.eyJzYXAtdmVyc2lvbiI6IjMxIiwiYXBwaWQiOiJhZjNlYmJiYS1jMjNmLTQ5MmEtYWE5My04MzQyMTY5NmVjNGIiLCJpc3NyaW5nIjoiV1ciLCJhcHBpZGFjciI6IjIiLCJhcHBfZGlzcGxheW5hbWUiOiIiLCJ1dGkiOiI4YTE2N2NlNi0wMDllLTQ0YjQtYWI3Yy1iZTA1ZGQ5MDJjMGMiLCJpYXQiOjE3NDM3MTU2MTEsInZlciI6IlNUSS5Vc2VyLkNhbGxiYWNrVG9rZW4uVjEiLCJ0aWQiOiJlNGM3Njc5ZDE4MmU0Y2FkYjM5MzQ4MjAyMWIyZDhlZiIsInRydXN0ZWRmb3JkZWxlZ2F0aW9uIjoiZmFsc2UiLCJ0b3BvbG9neSI6IntcIlR5cGVcIjpcIk1hY2hpbmVcIixcIlZhbHVlXCI6XCJTQTFQUjE3TUI1MjM3Lm5hbXByZDE3LnByb2Qub3V0bG9vay5jb21cIn0iLCJyZXF1ZXN0b3JfYXBwaWQiOiIxNTdjZGZiZi03Mzk4LTRhNTYtOTZjMy1lOTNlOWFiMzA5YjUiLCJyZXF1ZXN0b3JfYXBwX2Rpc3BsYXluYW1lIjoiT2ZmaWNlIDM2NSBFeGNoYW5nZSBNaWNyb3NlcnZpY2UiLCJzY3AiOiJPd2FBdHRhY2htZW50cy5SZWFkIiwib2lkIjoiMjU5OGI0MjItYTkwYi00NGIzLTk5YzUtNTdhNjg1YzVmNGFiIiwicHVpZCI6IjEwMDMyMDAwNTFGMTk4RkEiLCJzbXRwIjoicm1hcnRpbkBncmF6aWFsYS5jb20iLCJ1cG4iOiJybWFydGluQGdyYXppYWxhLmNvbSIsInVzZXJjYWxsYmFja3VzZXJjb250ZXh0aWQiOiJkYTAzNTg4ZGEzM2M0MTk1YTVmYTIyMmY3NTNlNGNiYiIsInNpZ25pbl9zdGF0ZSI6Imttc2kiLCJlcGsiOiJ7XCJrdHlcIjpcIlJTQVwiLFwiblwiOlwic0ZkaHpVOHlkMERuN04tSnVjRTh0NC14VzVDbXJSYzJnekduLTVGUnhaM184SExRTHB0YnhBeWIxNTFibldPOVpQOFVYRFRaTWl1M1ZpVU55bjEtVF9GZ29RT1BfU2FVYnFjLWpsVDZ6VkFYYXRlZkREZ2VyR0JfWHNNRjE3ekhIdFlnNWF5amFmQjhnUktzNzVyTl8wcHZPcUQtSE51c01VdUNjLVJXd2RZcE96aXdocXNwVzc0UzQ0VF9zUzNFMEp6WGlacHpFaUtXUkEtdlZoWlNQYVFXeWdoTUJ1S1kzMDlpUVF6OW9RbnhVRUs4VTJsekpURVRGTFBxdTZnZUV1b2g0NU9zWlQ5RklYeG5scHVNVVpYSXZkNVpjdmw0Z0pOa1Q4V1kzT3Rnejc3VllDSWQ5RFdtSWU2Y1dqU2Z6TG5yaWltLXlMT1BqZExqUVEwYjRRXCIsXCJlXCI6XCJBUUFCXCIsXCJhbGdcIjpcIlJTMjU2XCIsXCJleHBcIjpcIjE3NDM4MDUzMzhcIixcImV4cF9kaWZmXCI6XCI4NjQwMFwiLFwia2lkXCI6XCI0ODJ3VXpEc1FhRjRGSWFORkNrSWtzbzByQTBcIn0uay9rU01mS2NqSzJzRElrM0JsUnJqZGVyaDBjODI5c3BvSjVYRVN5NmZTWnJRZS9VLzVqWG0wUkI0dmtrTU9kSDhwall5dVp3a3d3K0hpNldwSlhMdGw5ZStyTWZrTEhzUDBnT1p2dm5HdzdIWHo3dzkvUjRZajlDM1d1bGFkdmxZNHJlQzgwbmVNRnlvVFM1Z3BmNlVnY3ZOZ21tdlRFc1JZU1EvaWpQb2lnRkoyVjg5UkJQSU5QYW82S3FLVFdCdlNaZFE5WFlnL3dCQmx0UUZnYXExYVJzNjkyU3VWNWtuejRNR2pmOWRpN3pMY1hCRXRrb01PQUpBNjdQenJLODNMNEcxdC96eEw1OGtNcVBPcW9wVE9PSGc0bXBFSHVoQUZwRnhqbzNxUWFOQ0dIQ1BCeHY5RWxlMCtpZnoycU1iZUtLeDNhZ211YnJaSXY5K0k1WE1BPT0iLCJuYmYiOjE3NDM3MTU2MTEsImV4cCI6MTc0MzcxNTkxMSwiaXNzIjoiaHR0cHM6Ly9zdWJzdHJhdGUub2ZmaWNlLmNvbS9zdHMvIiwiYXVkIjoiaHR0cHM6Ly9vdXRsb29rLm9mZmljZS5jb20iLCJzc2VjIjoiRTcrMHByVjlqTnc4YnMySyJ9.pzocUGowCK19EMm_2Je25SZDmwzEFpJPB3PVTjKjGP3xzBZxZjONM9Trf6qIHddjY8TPBjfvw7bN6CjdL3przqWvUvOhgz_7lnpRYnjkr3ovImulcxQb52RaZKtMOyGxyJvqX-CEbN0Fe-Lh58slbOBNSySTkbjYRT7jcaUtan7gRR0K6ZyFpxPrrlJeSa-X8ZYW5E5iDyQsQYSA9ltzPNXCzqMOyf2B5B25lwDA8_PItQitBKL2eU7dUEep6ZNy0MFjbB3EN7DHUKx69k-8EXMZ1Po-wFoI8MQ_LZdD7m6kHWI_PJzdNg66sIhRZafjFKodkp3sgS9Kp7zpatrt2Q&amp;X-OWA-CANARY=wTQ4TS99pJwAAAAAAAAAAGDTPa7qct0Y7vM-Clv2wvTTx3ZhxzPiC2baL7SOEEDxQZ0cgV0OZ9E.&amp;owa=outlook.office.com&amp;scriptVer=20250328005.12&amp;clientId=66BA3CDDD1F94246A5434E223295D5BB&amp;animation=true\" alt=\"Vista previa de imagen\" \/><\/p>\n<p>Entre las estrellas de su carta, los\u00a0Spaghetti alla\u00a0<span class=\"markg5fkmct83\" data-markjs=\"true\" data-ogac=\"\" data-ogab=\"\" data-ogsc=\"\" data-ogsb=\"\">carbonara<\/span>\u00a0con guanciale y huevos de corral,\u00a0siguen siendo los favoritos de los comensales desde hace m\u00e1s de sesenta a\u00f1os. Para Andrew Fletcher y compa\u00f1\u00eda, en su visita a Alduccio, tambi\u00e9n lo fueron.<\/p>\n<p><img loading=\"lazy\" decoding=\"async\" class=\"aligncenter size-full wp-image-183804\" src=\"https:\/\/graziamagazine.com\/es\/wp-content\/uploads\/sites\/12\/2025\/04\/descarga-7.png\" alt=\"\" width=\"974\" height=\"1467\" srcset=\"https:\/\/graziamagazine.com\/es\/wp-content\/uploads\/sites\/12\/2025\/04\/descarga-7.png 974w, https:\/\/graziamagazine.com\/es\/wp-content\/uploads\/sites\/12\/2025\/04\/descarga-7-199x300.png 199w, https:\/\/graziamagazine.com\/es\/wp-content\/uploads\/sites\/12\/2025\/04\/descarga-7-680x1024.png 680w, https:\/\/graziamagazine.com\/es\/wp-content\/uploads\/sites\/12\/2025\/04\/descarga-7-768x1157.png 768w, https:\/\/graziamagazine.com\/es\/wp-content\/uploads\/sites\/12\/2025\/04\/descarga-7-400x602.png 400w, https:\/\/graziamagazine.com\/es\/wp-content\/uploads\/sites\/12\/2025\/04\/descarga-7-143x215.png 143w\" sizes=\"(max-width: 974px) 100vw, 974px\" \/><\/p>\n<p>Siguiendo la receta cl\u00e1sica con los\u00a0<i>huevos camperos<\/i>, el\u00a0<i>guanciale<\/i>, el\u00a0<i>queso pecorino<\/i>\u00a0y la\u00a0<i>pimienta<\/i>, a la que se le suma la\u00a0pasta elaborada a mano diariamente en sus cocinas, este plato sigue llenando de sabor el paladar de los comensales que buscan encontrar la esencia italiana en el coraz\u00f3n de Madrid.<\/p>\n<p>\u00bfD\u00f3nde? <span data-olk-copy-source=\"MessageBody\">Av. de Concha Espina, 8, Madrid<\/span><\/p>\n<p>&nbsp;<\/p>\n","protected":false},"author":11653,"featured_media":183806,"template":"","format":"standard","categories":[18],"acf":[],"yoast_head":"<!-- This site is optimized with the Yoast SEO Premium plugin v18.5 (Yoast SEO v20.4) - https:\/\/yoast.com\/wordpress\/plugins\/seo\/ -->\n<title>Restaurantes para celebrar (este fin de semana) el D\u00eda de la carbonara | Grazia<\/title>\n<meta name=\"description\" content=\"El 6 de abril se celebra el D\u00eda de la Carbonara y estos son los restaurantes que te recomendamos si quieres probar una receta pura.\" \/>\n<meta name=\"robots\" content=\"index, follow, max-snippet:-1, max-image-preview:large, max-video-preview:-1\" \/>\n<link rel=\"canonical\" href=\"https:\/\/graziamagazine.com\/es\/articles\/restaurantes-para-celebrar-este-fin-de-semana-el-dia-de-la-carbonara\/\" \/>\n<meta property=\"og:locale\" content=\"es_ES\" \/>\n<meta property=\"og:type\" content=\"article\" \/>\n<meta property=\"og:title\" content=\"Restaurantes para celebrar (este fin de semana) el D\u00eda de la carbonara\" \/>\n<meta property=\"og:description\" content=\"El 6 de abril se celebra el D\u00eda de la Carbonara y estos son los restaurantes que te recomendamos si quieres probar una receta pura.\" \/>\n<meta property=\"og:url\" content=\"https:\/\/graziamagazine.com\/es\/articles\/restaurantes-para-celebrar-este-fin-de-semana-el-dia-de-la-carbonara\/\" \/>\n<meta property=\"og:site_name\" content=\"Grazia\" \/>\n<meta property=\"article:modified_time\" content=\"2025-04-03T21:41:15+00:00\" \/>\n<meta property=\"og:image\" content=\"https:\/\/graziamagazine.com\/es\/wp-content\/uploads\/sites\/12\/2025\/04\/caluana.madrid-e1743716400695.jpg\" \/>\n\t<meta property=\"og:image:width\" content=\"1071\" \/>\n\t<meta property=\"og:image:height\" content=\"889\" \/>\n\t<meta property=\"og:image:type\" content=\"image\/jpeg\" \/>\n<meta name=\"twitter:card\" content=\"summary_large_image\" \/>\n<meta name=\"twitter:label1\" content=\"Est. reading time\" \/>\n\t<meta name=\"twitter:data1\" content=\"5 minutos\" \/>\n<script type=\"application\/ld+json\" class=\"yoast-schema-graph\">{\"@context\":\"https:\/\/schema.org\",\"@graph\":[{\"@type\":\"WebPage\",\"@id\":\"https:\/\/graziamagazine.com\/es\/articles\/restaurantes-para-celebrar-este-fin-de-semana-el-dia-de-la-carbonara\/\",\"url\":\"https:\/\/graziamagazine.com\/es\/articles\/restaurantes-para-celebrar-este-fin-de-semana-el-dia-de-la-carbonara\/\",\"name\":\"Restaurantes para celebrar (este fin de semana) el D\u00eda de la carbonara | Grazia\",\"isPartOf\":{\"@id\":\"https:\/\/graziamagazine.com\/es\/#website\"},\"datePublished\":\"2025-04-04T09:30:51+00:00\",\"dateModified\":\"2025-04-03T21:41:15+00:00\",\"description\":\"El 6 de abril se celebra el D\u00eda de la Carbonara y estos son los restaurantes que te recomendamos si quieres probar una receta pura.\",\"breadcrumb\":{\"@id\":\"https:\/\/graziamagazine.com\/es\/articles\/restaurantes-para-celebrar-este-fin-de-semana-el-dia-de-la-carbonara\/#breadcrumb\"},\"inLanguage\":\"es\",\"potentialAction\":[{\"@type\":\"ReadAction\",\"target\":[\"https:\/\/graziamagazine.com\/es\/articles\/restaurantes-para-celebrar-este-fin-de-semana-el-dia-de-la-carbonara\/\"]}]},{\"@type\":\"BreadcrumbList\",\"@id\":\"https:\/\/graziamagazine.com\/es\/articles\/restaurantes-para-celebrar-este-fin-de-semana-el-dia-de-la-carbonara\/#breadcrumb\",\"itemListElement\":[{\"@type\":\"ListItem\",\"position\":1,\"name\":\"Portada\",\"item\":\"https:\/\/graziamagazine.com\/es\/\"},{\"@type\":\"ListItem\",\"position\":2,\"name\":\"Restaurantes para celebrar (este fin de semana) el D\u00eda de la carbonara\"}]},{\"@type\":\"WebSite\",\"@id\":\"https:\/\/graziamagazine.com\/es\/#website\",\"url\":\"https:\/\/graziamagazine.com\/es\/\",\"name\":\"Grazia\",\"description\":\"Moda, belleza, celebrities, estilo de vida...\",\"potentialAction\":[{\"@type\":\"SearchAction\",\"target\":{\"@type\":\"EntryPoint\",\"urlTemplate\":\"https:\/\/graziamagazine.com\/es\/?s={search_term_string}\"},\"query-input\":\"required name=search_term_string\"}],\"inLanguage\":\"es\"}]}<\/script>\n<!-- \/ Yoast SEO Premium plugin. -->","yoast_head_json":{"title":"Restaurantes para celebrar (este fin de semana) el D\u00eda de la carbonara | Grazia","description":"El 6 de abril se celebra el D\u00eda de la Carbonara y estos son los restaurantes que te recomendamos si quieres probar una receta pura.","robots":{"index":"index","follow":"follow","max-snippet":"max-snippet:-1","max-image-preview":"max-image-preview:large","max-video-preview":"max-video-preview:-1"},"canonical":"https:\/\/graziamagazine.com\/es\/articles\/restaurantes-para-celebrar-este-fin-de-semana-el-dia-de-la-carbonara\/","og_locale":"es_ES","og_type":"article","og_title":"Restaurantes para celebrar (este fin de semana) el D\u00eda de la carbonara","og_description":"El 6 de abril se celebra el D\u00eda de la Carbonara y estos son los restaurantes que te recomendamos si quieres probar una receta pura.","og_url":"https:\/\/graziamagazine.com\/es\/articles\/restaurantes-para-celebrar-este-fin-de-semana-el-dia-de-la-carbonara\/","og_site_name":"Grazia","article_modified_time":"2025-04-03T21:41:15+00:00","og_image":[{"width":1071,"height":889,"url":"https:\/\/graziamagazine.com\/es\/wp-content\/uploads\/sites\/12\/2025\/04\/caluana.madrid-e1743716400695.jpg","type":"image\/jpeg"}],"twitter_card":"summary_large_image","twitter_misc":{"Est. reading time":"5 minutos"},"schema":{"@context":"https:\/\/schema.org","@graph":[{"@type":"WebPage","@id":"https:\/\/graziamagazine.com\/es\/articles\/restaurantes-para-celebrar-este-fin-de-semana-el-dia-de-la-carbonara\/","url":"https:\/\/graziamagazine.com\/es\/articles\/restaurantes-para-celebrar-este-fin-de-semana-el-dia-de-la-carbonara\/","name":"Restaurantes para celebrar (este fin de semana) el D\u00eda de la carbonara | Grazia","isPartOf":{"@id":"https:\/\/graziamagazine.com\/es\/#website"},"datePublished":"2025-04-04T09:30:51+00:00","dateModified":"2025-04-03T21:41:15+00:00","description":"El 6 de abril se celebra el D\u00eda de la Carbonara y estos son los restaurantes que te recomendamos si quieres probar una receta pura.","breadcrumb":{"@id":"https:\/\/graziamagazine.com\/es\/articles\/restaurantes-para-celebrar-este-fin-de-semana-el-dia-de-la-carbonara\/#breadcrumb"},"inLanguage":"es","potentialAction":[{"@type":"ReadAction","target":["https:\/\/graziamagazine.com\/es\/articles\/restaurantes-para-celebrar-este-fin-de-semana-el-dia-de-la-carbonara\/"]}]},{"@type":"BreadcrumbList","@id":"https:\/\/graziamagazine.com\/es\/articles\/restaurantes-para-celebrar-este-fin-de-semana-el-dia-de-la-carbonara\/#breadcrumb","itemListElement":[{"@type":"ListItem","position":1,"name":"Portada","item":"https:\/\/graziamagazine.com\/es\/"},{"@type":"ListItem","position":2,"name":"Restaurantes para celebrar (este fin de semana) el D\u00eda de la carbonara"}]},{"@type":"WebSite","@id":"https:\/\/graziamagazine.com\/es\/#website","url":"https:\/\/graziamagazine.com\/es\/","name":"Grazia","description":"Moda, belleza, celebrities, estilo de vida...","potentialAction":[{"@type":"SearchAction","target":{"@type":"EntryPoint","urlTemplate":"https:\/\/graziamagazine.com\/es\/?s={search_term_string}"},"query-input":"required name=search_term_string"}],"inLanguage":"es"}]}},"jetpack_sharing_enabled":true,"distributor_meta":false,"distributor_terms":false,"distributor_media":false,"distributor_original_site_name":"Grazia","distributor_original_site_url":"https:\/\/graziamagazine.com\/es","push-errors":false,"_links":{"self":[{"href":"https:\/\/graziamagazine.com\/es\/wp-json\/wp\/v2\/articles\/183800"}],"collection":[{"href":"https:\/\/graziamagazine.com\/es\/wp-json\/wp\/v2\/articles"}],"about":[{"href":"https:\/\/graziamagazine.com\/es\/wp-json\/wp\/v2\/types\/articles"}],"author":[{"embeddable":true,"href":"https:\/\/graziamagazine.com\/es\/wp-json\/wp\/v2\/users\/11653"}],"wp:featuredmedia":[{"embeddable":true,"href":"https:\/\/graziamagazine.com\/es\/wp-json\/wp\/v2\/media\/183806"}],"wp:attachment":[{"href":"https:\/\/graziamagazine.com\/es\/wp-json\/wp\/v2\/media?parent=183800"}],"wp:term":[{"taxonomy":"category","embeddable":true,"href":"https:\/\/graziamagazine.com\/es\/wp-json\/wp\/v2\/categories?post=183800"}],"curies":[{"name":"wp","href":"https:\/\/api.w.org\/{rel}","templated":true}]}}