{"id":183748,"date":"2025-04-03T21:00:42","date_gmt":"2025-04-03T19:00:42","guid":{"rendered":"https:\/\/graziamagazine.com\/es\/?post_type=articles&#038;p=183748"},"modified":"2025-04-03T21:00:17","modified_gmt":"2025-04-03T19:00:17","slug":"como-incorporar-tejido-mesh-y-perder-el-miedo-a-las-transparencias","status":"publish","type":"articles","link":"https:\/\/graziamagazine.com\/es\/articles\/como-incorporar-tejido-mesh-y-perder-el-miedo-a-las-transparencias\/","title":{"rendered":"C\u00f3mo incorporar el tejido mesh y perder el miedo a las transparencias"},"content":{"rendered":"<p dir=\"ltr\">Las transparencias se han convertido en una de las tendencias clave de la temporada primavera-verano 2025. En concreto, el tejido mesh que se reinventa este a\u00f1o para dar\u00a0 paso a una est\u00e9tica sofisticada que puede ser incorporada en el d\u00eda a d\u00eda sin miedo. Y es que esta variante, alejada de los arriesgados \u2018naked dress\u2019 tal y como lo conocemos, es perfecta para quienes quieren incluirla en su armario pero cuentan con un estilo tradicional.<\/p>\n<p dir=\"ltr\">Este tejido, que en el pasado se asociaba con prendas deportivas o de danza, ha logrado evolucionar y adaptarse a las exigencias del mundo de la moda, convirti\u00e9ndose en un material clave en las colecciones de muchas marcas. No pod\u00eda ser de otra manera, al permitir jugar con las transparencias de una forma sofisticada. As\u00ed, el mesh se presenta como la alternativa ideal para quienes buscan un toque de sensualidad sin perder elegancia.<\/p>\n<p dir=\"ltr\"><img loading=\"lazy\" decoding=\"async\" class=\"aligncenter size-full wp-image-183749\" src=\"https:\/\/graziamagazine.com\/es\/wp-content\/uploads\/sites\/12\/2025\/04\/5-2.jpg\" alt=\"\" width=\"900\" height=\"1350\" srcset=\"https:\/\/graziamagazine.com\/es\/wp-content\/uploads\/sites\/12\/2025\/04\/5-2.jpg 900w, https:\/\/graziamagazine.com\/es\/wp-content\/uploads\/sites\/12\/2025\/04\/5-2-200x300.jpg 200w, https:\/\/graziamagazine.com\/es\/wp-content\/uploads\/sites\/12\/2025\/04\/5-2-683x1024.jpg 683w, https:\/\/graziamagazine.com\/es\/wp-content\/uploads\/sites\/12\/2025\/04\/5-2-768x1152.jpg 768w, https:\/\/graziamagazine.com\/es\/wp-content\/uploads\/sites\/12\/2025\/04\/5-2-400x600.jpg 400w, https:\/\/graziamagazine.com\/es\/wp-content\/uploads\/sites\/12\/2025\/04\/5-2-143x215.jpg 143w\" sizes=\"(max-width: 900px) 100vw, 900px\" \/><\/p>\n<p dir=\"ltr\">Mientras que para las m\u00e1s atrevidas, las prendas completamente trasl\u00facidas pueden ser la opci\u00f3n ideal, aquellas que prefieren algo m\u00e1s relajado pueden incorporar transparencias estrat\u00e9gicas para sumarse a la tendencia. Desde combinaciones con blusas o faldas, pasando por vestidos y chaquetas, las posibilidades son infinitas.<\/p>\n<p dir=\"ltr\">Uno de los principales miedos cuando se trata de transparencias es esa sensaci\u00f3n de estar expuestas. Sin embargo, con el enfoque adecuado, este miedo se puede convertir en una oportunidad para jugar con capas que brinden sensualidad sin comprometer demasiado. Las \u2018insiders\u2019 se basan en el \u2018layering\u2019 para combinar tejidos s\u00f3lidos y piezas que brinden cobertura en las zonas clave del cuerpo.<\/p>\n<p dir=\"ltr\"><img loading=\"lazy\" decoding=\"async\" class=\"aligncenter size-full wp-image-183750\" src=\"https:\/\/graziamagazine.com\/es\/wp-content\/uploads\/sites\/12\/2025\/04\/1-1.jpg\" alt=\"\" width=\"900\" height=\"1350\" srcset=\"https:\/\/graziamagazine.com\/es\/wp-content\/uploads\/sites\/12\/2025\/04\/1-1.jpg 900w, https:\/\/graziamagazine.com\/es\/wp-content\/uploads\/sites\/12\/2025\/04\/1-1-200x300.jpg 200w, https:\/\/graziamagazine.com\/es\/wp-content\/uploads\/sites\/12\/2025\/04\/1-1-683x1024.jpg 683w, https:\/\/graziamagazine.com\/es\/wp-content\/uploads\/sites\/12\/2025\/04\/1-1-768x1152.jpg 768w, https:\/\/graziamagazine.com\/es\/wp-content\/uploads\/sites\/12\/2025\/04\/1-1-400x600.jpg 400w, https:\/\/graziamagazine.com\/es\/wp-content\/uploads\/sites\/12\/2025\/04\/1-1-143x215.jpg 143w\" sizes=\"(max-width: 900px) 100vw, 900px\" \/><\/p>\n<p dir=\"ltr\">Adem\u00e1s, el street style ha sido una de las grandes plataformas de exposici\u00f3n para la tendencia del tejido mesh, con modelos, influencers e \u2018insiders\u2019 incorpor\u00e1ndolo en sus looks diarios. Ya sea en conjuntos casuales o para ocasiones m\u00e1s elegantes, el mesh se ha establecido como un b\u00e1sico que puede llevarse de manera creativa, combinando prendas cl\u00e1sicas y modernas. Por ejemplo, para una cena especial o un evento, basta con un top de mesh combinado con una blazer oversized. Sin duda, una prenda de abrigo estructurada que contrasta con la ligereza de la prenda interior, creando equilibrio. Todo ello gracias al contraste entre el volumen de esta prenda masculina y la delicadeza de las transparencias.<\/p>\n<p dir=\"ltr\"><span data-olk-copy-source=\"MessageBody\">Una de las marcas que lleva apostando temporadas por el tejido mesh en sus colecciones es <\/span><strong>Charo Ruiz<\/strong>, quien con su esencia ibicenca ha incorporado esta tendencia en sus dise\u00f1os de manera magistral. De este modo, con la esencia ibicenca que la define, encuentra en este tipo de prendas sus dise\u00f1os por excelencia.<\/p>\n<p dir=\"ltr\"><img loading=\"lazy\" decoding=\"async\" class=\"aligncenter size-full wp-image-183752\" src=\"https:\/\/graziamagazine.com\/es\/wp-content\/uploads\/sites\/12\/2025\/04\/10.jpg\" alt=\"\" width=\"1024\" height=\"1024\" srcset=\"https:\/\/graziamagazine.com\/es\/wp-content\/uploads\/sites\/12\/2025\/04\/10.jpg 1024w, https:\/\/graziamagazine.com\/es\/wp-content\/uploads\/sites\/12\/2025\/04\/10-300x300.jpg 300w, https:\/\/graziamagazine.com\/es\/wp-content\/uploads\/sites\/12\/2025\/04\/10-150x150.jpg 150w, https:\/\/graziamagazine.com\/es\/wp-content\/uploads\/sites\/12\/2025\/04\/10-768x768.jpg 768w, https:\/\/graziamagazine.com\/es\/wp-content\/uploads\/sites\/12\/2025\/04\/10-400x400.jpg 400w, https:\/\/graziamagazine.com\/es\/wp-content\/uploads\/sites\/12\/2025\/04\/10-155x155.jpg 155w\" sizes=\"(max-width: 1024px) 100vw, 1024px\" \/><\/p>\n<p dir=\"ltr\"><a href=\"https:\/\/charoruiz.com\/products\/long-dress-thea\" target=\"_blank\"><span data-olk-copy-source=\"MessageBody\">Vestido largo Theia, de Charo Ruiz. PVP: 490\u20ac<\/span><\/a><\/p>\n<p dir=\"ltr\">Entre ellos, <strong>vestidos, faldas y tops que ser\u00e1n el uniforme oficial <\/strong>de esta temporada, para crear combinaciones refrescantes y lenceras. Sus vestidos, por ejemplo, mantienen siluetas cl\u00e1sicas que innovan a trav\u00e9s de las aperturas, siendo id\u00f3neas para escapadas a la costa o cenas de noche.<\/p>\n<p><img loading=\"lazy\" decoding=\"async\" class=\"aligncenter size-full wp-image-183753\" src=\"https:\/\/graziamagazine.com\/es\/wp-content\/uploads\/sites\/12\/2025\/04\/9-2.jpg\" alt=\"\" width=\"1024\" height=\"1024\" srcset=\"https:\/\/graziamagazine.com\/es\/wp-content\/uploads\/sites\/12\/2025\/04\/9-2.jpg 1024w, https:\/\/graziamagazine.com\/es\/wp-content\/uploads\/sites\/12\/2025\/04\/9-2-300x300.jpg 300w, https:\/\/graziamagazine.com\/es\/wp-content\/uploads\/sites\/12\/2025\/04\/9-2-150x150.jpg 150w, https:\/\/graziamagazine.com\/es\/wp-content\/uploads\/sites\/12\/2025\/04\/9-2-768x768.jpg 768w, https:\/\/graziamagazine.com\/es\/wp-content\/uploads\/sites\/12\/2025\/04\/9-2-400x400.jpg 400w, https:\/\/graziamagazine.com\/es\/wp-content\/uploads\/sites\/12\/2025\/04\/9-2-155x155.jpg 155w\" sizes=\"(max-width: 1024px) 100vw, 1024px\" \/><\/p>\n<p><a href=\"https:\/\/charoruiz.com\/products\/trousers-eana?variant=49118777311575\" target=\"_blank\"><span data-olk-copy-source=\"MessageBody\">Pantalones Eana, de Charo Ruiz. PVP: 296\u20ac<\/span><\/a><\/p>\n<p dir=\"ltr\">Adem\u00e1s, con estos no har\u00e1 falta a\u00f1adir ninguna capa por encima, dado que no son reveladores en exceso. Un juego \u00fanico de aperturas hace que, sin duda, vayas c\u00f3moda all\u00e1 donde est\u00e9s.<\/p>\n<p dir=\"ltr\"><em>*Im\u00e1genes: Instagram y cortes\u00eda<\/em><\/p>\n","protected":false},"author":11653,"featured_media":183751,"template":"","format":"standard","categories":[1],"acf":[],"yoast_head":"<!-- This site is optimized with the Yoast SEO Premium plugin v18.5 (Yoast SEO v20.4) - https:\/\/yoast.com\/wordpress\/plugins\/seo\/ -->\n<title>C\u00f3mo incorporar y perder el miedo a las transparencias<\/title>\n<meta name=\"description\" content=\"Un tejido que se renueva a trav\u00e9s de diversos patrones para dar paso a una est\u00e9tica que puedes incorporar en tu d\u00eda a d\u00eda.\" \/>\n<meta name=\"robots\" content=\"index, follow, max-snippet:-1, max-image-preview:large, max-video-preview:-1\" \/>\n<link rel=\"canonical\" href=\"https:\/\/graziamagazine.com\/es\/articles\/como-incorporar-tejido-mesh-y-perder-el-miedo-a-las-transparencias\/\" \/>\n<meta property=\"og:locale\" content=\"es_ES\" \/>\n<meta property=\"og:type\" content=\"article\" \/>\n<meta property=\"og:title\" content=\"C\u00f3mo incorporar el tejido mesh y perder el miedo a las transparencias\" \/>\n<meta property=\"og:description\" content=\"Un tejido que se renueva a trav\u00e9s de diversos patrones para dar paso a una est\u00e9tica que puedes incorporar en tu d\u00eda a d\u00eda.\" \/>\n<meta property=\"og:url\" content=\"https:\/\/graziamagazine.com\/es\/articles\/como-incorporar-tejido-mesh-y-perder-el-miedo-a-las-transparencias\/\" \/>\n<meta property=\"og:site_name\" content=\"Grazia\" \/>\n<meta property=\"article:modified_time\" content=\"2025-04-03T19:00:17+00:00\" \/>\n<meta property=\"og:image\" content=\"https:\/\/graziamagazine.com\/es\/wp-content\/uploads\/sites\/12\/2025\/04\/NdP_PORTADAS_01-1.jpg\" \/>\n\t<meta property=\"og:image:width\" content=\"2000\" \/>\n\t<meta property=\"og:image:height\" content=\"1125\" \/>\n\t<meta property=\"og:image:type\" content=\"image\/jpeg\" \/>\n<meta name=\"twitter:card\" content=\"summary_large_image\" \/>\n<meta name=\"twitter:label1\" content=\"Est. reading time\" \/>\n\t<meta name=\"twitter:data1\" content=\"4 minutos\" \/>\n<script type=\"application\/ld+json\" class=\"yoast-schema-graph\">{\"@context\":\"https:\/\/schema.org\",\"@graph\":[{\"@type\":\"WebPage\",\"@id\":\"https:\/\/graziamagazine.com\/es\/articles\/como-incorporar-tejido-mesh-y-perder-el-miedo-a-las-transparencias\/\",\"url\":\"https:\/\/graziamagazine.com\/es\/articles\/como-incorporar-tejido-mesh-y-perder-el-miedo-a-las-transparencias\/\",\"name\":\"C\u00f3mo incorporar y perder el miedo a las transparencias\",\"isPartOf\":{\"@id\":\"https:\/\/graziamagazine.com\/es\/#website\"},\"datePublished\":\"2025-04-03T19:00:42+00:00\",\"dateModified\":\"2025-04-03T19:00:17+00:00\",\"description\":\"Un tejido que se renueva a trav\u00e9s de diversos patrones para dar paso a una est\u00e9tica que puedes incorporar en tu d\u00eda a d\u00eda.\",\"breadcrumb\":{\"@id\":\"https:\/\/graziamagazine.com\/es\/articles\/como-incorporar-tejido-mesh-y-perder-el-miedo-a-las-transparencias\/#breadcrumb\"},\"inLanguage\":\"es\",\"potentialAction\":[{\"@type\":\"ReadAction\",\"target\":[\"https:\/\/graziamagazine.com\/es\/articles\/como-incorporar-tejido-mesh-y-perder-el-miedo-a-las-transparencias\/\"]}]},{\"@type\":\"BreadcrumbList\",\"@id\":\"https:\/\/graziamagazine.com\/es\/articles\/como-incorporar-tejido-mesh-y-perder-el-miedo-a-las-transparencias\/#breadcrumb\",\"itemListElement\":[{\"@type\":\"ListItem\",\"position\":1,\"name\":\"Portada\",\"item\":\"https:\/\/graziamagazine.com\/es\/\"},{\"@type\":\"ListItem\",\"position\":2,\"name\":\"C\u00f3mo incorporar el tejido mesh y perder el miedo a las transparencias\"}]},{\"@type\":\"WebSite\",\"@id\":\"https:\/\/graziamagazine.com\/es\/#website\",\"url\":\"https:\/\/graziamagazine.com\/es\/\",\"name\":\"Grazia\",\"description\":\"Moda, belleza, celebrities, estilo de vida...\",\"potentialAction\":[{\"@type\":\"SearchAction\",\"target\":{\"@type\":\"EntryPoint\",\"urlTemplate\":\"https:\/\/graziamagazine.com\/es\/?s={search_term_string}\"},\"query-input\":\"required name=search_term_string\"}],\"inLanguage\":\"es\"}]}<\/script>\n<!-- \/ Yoast SEO Premium plugin. -->","yoast_head_json":{"title":"C\u00f3mo incorporar y perder el miedo a las transparencias","description":"Un tejido que se renueva a trav\u00e9s de diversos patrones para dar paso a una est\u00e9tica que puedes incorporar en tu d\u00eda a d\u00eda.","robots":{"index":"index","follow":"follow","max-snippet":"max-snippet:-1","max-image-preview":"max-image-preview:large","max-video-preview":"max-video-preview:-1"},"canonical":"https:\/\/graziamagazine.com\/es\/articles\/como-incorporar-tejido-mesh-y-perder-el-miedo-a-las-transparencias\/","og_locale":"es_ES","og_type":"article","og_title":"C\u00f3mo incorporar el tejido mesh y perder el miedo a las transparencias","og_description":"Un tejido que se renueva a trav\u00e9s de diversos patrones para dar paso a una est\u00e9tica que puedes incorporar en tu d\u00eda a d\u00eda.","og_url":"https:\/\/graziamagazine.com\/es\/articles\/como-incorporar-tejido-mesh-y-perder-el-miedo-a-las-transparencias\/","og_site_name":"Grazia","article_modified_time":"2025-04-03T19:00:17+00:00","og_image":[{"width":2000,"height":1125,"url":"https:\/\/graziamagazine.com\/es\/wp-content\/uploads\/sites\/12\/2025\/04\/NdP_PORTADAS_01-1.jpg","type":"image\/jpeg"}],"twitter_card":"summary_large_image","twitter_misc":{"Est. reading time":"4 minutos"},"schema":{"@context":"https:\/\/schema.org","@graph":[{"@type":"WebPage","@id":"https:\/\/graziamagazine.com\/es\/articles\/como-incorporar-tejido-mesh-y-perder-el-miedo-a-las-transparencias\/","url":"https:\/\/graziamagazine.com\/es\/articles\/como-incorporar-tejido-mesh-y-perder-el-miedo-a-las-transparencias\/","name":"C\u00f3mo incorporar y perder el miedo a las transparencias","isPartOf":{"@id":"https:\/\/graziamagazine.com\/es\/#website"},"datePublished":"2025-04-03T19:00:42+00:00","dateModified":"2025-04-03T19:00:17+00:00","description":"Un tejido que se renueva a trav\u00e9s de diversos patrones para dar paso a una est\u00e9tica que puedes incorporar en tu d\u00eda a d\u00eda.","breadcrumb":{"@id":"https:\/\/graziamagazine.com\/es\/articles\/como-incorporar-tejido-mesh-y-perder-el-miedo-a-las-transparencias\/#breadcrumb"},"inLanguage":"es","potentialAction":[{"@type":"ReadAction","target":["https:\/\/graziamagazine.com\/es\/articles\/como-incorporar-tejido-mesh-y-perder-el-miedo-a-las-transparencias\/"]}]},{"@type":"BreadcrumbList","@id":"https:\/\/graziamagazine.com\/es\/articles\/como-incorporar-tejido-mesh-y-perder-el-miedo-a-las-transparencias\/#breadcrumb","itemListElement":[{"@type":"ListItem","position":1,"name":"Portada","item":"https:\/\/graziamagazine.com\/es\/"},{"@type":"ListItem","position":2,"name":"C\u00f3mo incorporar el tejido mesh y perder el miedo a las transparencias"}]},{"@type":"WebSite","@id":"https:\/\/graziamagazine.com\/es\/#website","url":"https:\/\/graziamagazine.com\/es\/","name":"Grazia","description":"Moda, belleza, celebrities, estilo de vida...","potentialAction":[{"@type":"SearchAction","target":{"@type":"EntryPoint","urlTemplate":"https:\/\/graziamagazine.com\/es\/?s={search_term_string}"},"query-input":"required name=search_term_string"}],"inLanguage":"es"}]}},"jetpack_sharing_enabled":true,"distributor_meta":false,"distributor_terms":false,"distributor_media":false,"distributor_original_site_name":"Grazia","distributor_original_site_url":"https:\/\/graziamagazine.com\/es","push-errors":false,"_links":{"self":[{"href":"https:\/\/graziamagazine.com\/es\/wp-json\/wp\/v2\/articles\/183748"}],"collection":[{"href":"https:\/\/graziamagazine.com\/es\/wp-json\/wp\/v2\/articles"}],"about":[{"href":"https:\/\/graziamagazine.com\/es\/wp-json\/wp\/v2\/types\/articles"}],"author":[{"embeddable":true,"href":"https:\/\/graziamagazine.com\/es\/wp-json\/wp\/v2\/users\/11653"}],"wp:featuredmedia":[{"embeddable":true,"href":"https:\/\/graziamagazine.com\/es\/wp-json\/wp\/v2\/media\/183751"}],"wp:attachment":[{"href":"https:\/\/graziamagazine.com\/es\/wp-json\/wp\/v2\/media?parent=183748"}],"wp:term":[{"taxonomy":"category","embeddable":true,"href":"https:\/\/graziamagazine.com\/es\/wp-json\/wp\/v2\/categories?post=183748"}],"curies":[{"name":"wp","href":"https:\/\/api.w.org\/{rel}","templated":true}]}}