{"id":183710,"date":"2025-04-03T12:31:37","date_gmt":"2025-04-03T10:31:37","guid":{"rendered":"https:\/\/graziamagazine.com\/es\/?post_type=articles&#038;p=183710"},"modified":"2025-04-03T12:34:11","modified_gmt":"2025-04-03T10:34:11","slug":"sidney-sweeney-y-amanda-seyfried-presentan-la-asistenta-en-las-vegas","status":"publish","type":"articles","link":"https:\/\/graziamagazine.com\/es\/articles\/sidney-sweeney-y-amanda-seyfried-presentan-la-asistenta-en-las-vegas\/","title":{"rendered":"Sidney Sweeney y Amanda Seyfried presentan &#8216;La Asistenta&#8217; en Las Vegas"},"content":{"rendered":"<p><span style=\"font-weight: 400\">La adaptaci\u00f3n cinematogr\u00e1fica de \u201cThe Housemaid\u201d est\u00e1 lista para cautivar al p\u00fablico el pr\u00f3ximo 25 de diciembre de 2025. Este thriller psicol\u00f3gico basado en la exitosa novela de Freida McFadden, ser\u00e1 protagonizado por Sydney Sweeney y Amanda Seyfried, bajo la direcci\u00f3n de Paul Feig. \u200b<\/span><\/p>\n<p><span style=\"font-weight: 400\">La trama sigue a Millie (Sweeney), una joven que encuentra empleo como empleada dom\u00e9stica para una adinerada pareja, Nina (Seyfried) y Andrew (Brandon Sklenar). Pronto, Millie descubre que los secretos de la familia son mucho m\u00e1s oscuros y peligrosos de lo que jam\u00e1s imagin\u00f3. \u200b<\/span><\/p>\n<p><img loading=\"lazy\" decoding=\"async\" class=\"aligncenter size-full wp-image-183720\" src=\"https:\/\/graziamagazine.com\/es\/wp-content\/uploads\/sites\/12\/2025\/04\/holacom-12.jpg\" alt=\"\" width=\"1080\" height=\"1350\" srcset=\"https:\/\/graziamagazine.com\/es\/wp-content\/uploads\/sites\/12\/2025\/04\/holacom-12.jpg 1080w, https:\/\/graziamagazine.com\/es\/wp-content\/uploads\/sites\/12\/2025\/04\/holacom-12-240x300.jpg 240w, https:\/\/graziamagazine.com\/es\/wp-content\/uploads\/sites\/12\/2025\/04\/holacom-12-819x1024.jpg 819w, https:\/\/graziamagazine.com\/es\/wp-content\/uploads\/sites\/12\/2025\/04\/holacom-12-768x960.jpg 768w, https:\/\/graziamagazine.com\/es\/wp-content\/uploads\/sites\/12\/2025\/04\/holacom-12-400x500.jpg 400w, https:\/\/graziamagazine.com\/es\/wp-content\/uploads\/sites\/12\/2025\/04\/holacom-12-155x194.jpg 155w\" sizes=\"(max-width: 1080px) 100vw, 1080px\" \/><\/p>\n<p><span style=\"font-weight: 400\">El rodaje se llev\u00f3 a cabo en diversas locaciones de Nueva Jersey, incluyendo Ridgewood, Montclair y Cresskill, aportando una atm\u00f3sfera aut\u00e9ntica a la narrativa. \u200b<\/span><\/p>\n<p><span style=\"font-weight: 400\">Sydney Sweeney tambi\u00e9n se desempe\u00f1a como productora ejecutiva, mostrando su versatilidad y compromiso con el proyecto.\u00a0<\/span><\/p>\n<p><img loading=\"lazy\" decoding=\"async\" class=\"aligncenter size-full wp-image-183721\" src=\"https:\/\/graziamagazine.com\/es\/wp-content\/uploads\/sites\/12\/2025\/04\/holacom-11.jpg\" alt=\"\" width=\"1080\" height=\"1350\" srcset=\"https:\/\/graziamagazine.com\/es\/wp-content\/uploads\/sites\/12\/2025\/04\/holacom-11.jpg 1080w, https:\/\/graziamagazine.com\/es\/wp-content\/uploads\/sites\/12\/2025\/04\/holacom-11-240x300.jpg 240w, https:\/\/graziamagazine.com\/es\/wp-content\/uploads\/sites\/12\/2025\/04\/holacom-11-819x1024.jpg 819w, https:\/\/graziamagazine.com\/es\/wp-content\/uploads\/sites\/12\/2025\/04\/holacom-11-768x960.jpg 768w, https:\/\/graziamagazine.com\/es\/wp-content\/uploads\/sites\/12\/2025\/04\/holacom-11-400x500.jpg 400w, https:\/\/graziamagazine.com\/es\/wp-content\/uploads\/sites\/12\/2025\/04\/holacom-11-155x194.jpg 155w\" sizes=\"(max-width: 1080px) 100vw, 1080px\" \/><\/p>\n<p><span style=\"font-weight: 400\">Dirigida por Paul Feig, famoso por \u201cA Simple Favor\u201d, la pel\u00edcula tendr\u00e1 a la audiencia al borde de sus asientos con giros inesperados y una narrativa intensa. La presidenta de producci\u00f3n de Lionsgate, Erin Westerman, destac\u00f3 que Sweeney y Seyfried son \u201cperfectas\u201d para sus roles, describi\u00e9ndolas como \u201cmisteriosas, matizadas e incre\u00edblemente h\u00e1biles para convertirse en personajes que no revelan todo de inmediato\u201d. \u200b<\/span><\/p>\n<p><img decoding=\"async\" src=\"https:\/\/www.hola.com\/horizon\/original_aspect_ratio\/a38e0ad9f8c3-gettyimages-2208033327.jpg\" alt=\"Sydney Sweeney reaparece en plena tormenta medi\u00e1tica, \u00bfy manda un mensaje a Jonathan Davino?\" \/><\/p>\n<p><em>*Im\u00e1genes: Getty Images<\/em><\/p>\n","protected":false},"author":16349,"featured_media":183722,"template":"","format":"standard","categories":[2971],"acf":{"banner":""},"yoast_head":"<!-- This site is optimized with the Yoast SEO Premium plugin v18.5 (Yoast SEO v20.4) - https:\/\/yoast.com\/wordpress\/plugins\/seo\/ -->\n<title>Sidney Sweeney y Amanda Seyfried presentan &#039;La Asistenta&#039;<\/title>\n<meta name=\"description\" content=\"Las actrices han brillado en el CinemaCon de Las Vegas al presentar su pr\u00f3xima pel\u00edcula, basada en la exitosa novela de Freida McFadden.\" \/>\n<meta name=\"robots\" content=\"index, follow, max-snippet:-1, max-image-preview:large, max-video-preview:-1\" \/>\n<link rel=\"canonical\" href=\"https:\/\/graziamagazine.com\/es\/articles\/sidney-sweeney-y-amanda-seyfried-presentan-la-asistenta-en-las-vegas\/\" \/>\n<meta property=\"og:locale\" content=\"es_ES\" \/>\n<meta property=\"og:type\" content=\"article\" \/>\n<meta property=\"og:title\" content=\"Sidney Sweeney y Amanda Seyfried presentan &#039;La Asistenta&#039; en Las Vegas\" \/>\n<meta property=\"og:description\" content=\"Las actrices han brillado en el CinemaCon de Las Vegas al presentar su pr\u00f3xima pel\u00edcula, basada en la exitosa novela de Freida McFadden.\" \/>\n<meta property=\"og:url\" content=\"https:\/\/graziamagazine.com\/es\/articles\/sidney-sweeney-y-amanda-seyfried-presentan-la-asistenta-en-las-vegas\/\" \/>\n<meta property=\"og:site_name\" content=\"Grazia\" \/>\n<meta property=\"article:modified_time\" content=\"2025-04-03T10:34:11+00:00\" \/>\n<meta property=\"og:image\" content=\"https:\/\/graziamagazine.com\/es\/wp-content\/uploads\/sites\/12\/2025\/04\/0b28498a9eab-gettyimages-2207503372-copia.jpg\" \/>\n\t<meta property=\"og:image:width\" content=\"1024\" \/>\n\t<meta property=\"og:image:height\" content=\"772\" \/>\n\t<meta property=\"og:image:type\" content=\"image\/jpeg\" \/>\n<meta name=\"twitter:card\" content=\"summary_large_image\" \/>\n<meta name=\"twitter:label1\" content=\"Est. reading time\" \/>\n\t<meta name=\"twitter:data1\" content=\"2 minutos\" \/>\n<script type=\"application\/ld+json\" class=\"yoast-schema-graph\">{\"@context\":\"https:\/\/schema.org\",\"@graph\":[{\"@type\":\"WebPage\",\"@id\":\"https:\/\/graziamagazine.com\/es\/articles\/sidney-sweeney-y-amanda-seyfried-presentan-la-asistenta-en-las-vegas\/\",\"url\":\"https:\/\/graziamagazine.com\/es\/articles\/sidney-sweeney-y-amanda-seyfried-presentan-la-asistenta-en-las-vegas\/\",\"name\":\"Sidney Sweeney y Amanda Seyfried presentan 'La Asistenta'\",\"isPartOf\":{\"@id\":\"https:\/\/graziamagazine.com\/es\/#website\"},\"datePublished\":\"2025-04-03T10:31:37+00:00\",\"dateModified\":\"2025-04-03T10:34:11+00:00\",\"description\":\"Las actrices han brillado en el CinemaCon de Las Vegas al presentar su pr\u00f3xima pel\u00edcula, basada en la exitosa novela de Freida McFadden.\",\"breadcrumb\":{\"@id\":\"https:\/\/graziamagazine.com\/es\/articles\/sidney-sweeney-y-amanda-seyfried-presentan-la-asistenta-en-las-vegas\/#breadcrumb\"},\"inLanguage\":\"es\",\"potentialAction\":[{\"@type\":\"ReadAction\",\"target\":[\"https:\/\/graziamagazine.com\/es\/articles\/sidney-sweeney-y-amanda-seyfried-presentan-la-asistenta-en-las-vegas\/\"]}]},{\"@type\":\"BreadcrumbList\",\"@id\":\"https:\/\/graziamagazine.com\/es\/articles\/sidney-sweeney-y-amanda-seyfried-presentan-la-asistenta-en-las-vegas\/#breadcrumb\",\"itemListElement\":[{\"@type\":\"ListItem\",\"position\":1,\"name\":\"Portada\",\"item\":\"https:\/\/graziamagazine.com\/es\/\"},{\"@type\":\"ListItem\",\"position\":2,\"name\":\"Sidney Sweeney y Amanda Seyfried presentan &#8216;La Asistenta&#8217; en Las Vegas\"}]},{\"@type\":\"WebSite\",\"@id\":\"https:\/\/graziamagazine.com\/es\/#website\",\"url\":\"https:\/\/graziamagazine.com\/es\/\",\"name\":\"Grazia\",\"description\":\"Moda, belleza, celebrities, estilo de vida...\",\"potentialAction\":[{\"@type\":\"SearchAction\",\"target\":{\"@type\":\"EntryPoint\",\"urlTemplate\":\"https:\/\/graziamagazine.com\/es\/?s={search_term_string}\"},\"query-input\":\"required name=search_term_string\"}],\"inLanguage\":\"es\"}]}<\/script>\n<!-- \/ Yoast SEO Premium plugin. -->","yoast_head_json":{"title":"Sidney Sweeney y Amanda Seyfried presentan 'La Asistenta'","description":"Las actrices han brillado en el CinemaCon de Las Vegas al presentar su pr\u00f3xima pel\u00edcula, basada en la exitosa novela de Freida McFadden.","robots":{"index":"index","follow":"follow","max-snippet":"max-snippet:-1","max-image-preview":"max-image-preview:large","max-video-preview":"max-video-preview:-1"},"canonical":"https:\/\/graziamagazine.com\/es\/articles\/sidney-sweeney-y-amanda-seyfried-presentan-la-asistenta-en-las-vegas\/","og_locale":"es_ES","og_type":"article","og_title":"Sidney Sweeney y Amanda Seyfried presentan 'La Asistenta' en Las Vegas","og_description":"Las actrices han brillado en el CinemaCon de Las Vegas al presentar su pr\u00f3xima pel\u00edcula, basada en la exitosa novela de Freida McFadden.","og_url":"https:\/\/graziamagazine.com\/es\/articles\/sidney-sweeney-y-amanda-seyfried-presentan-la-asistenta-en-las-vegas\/","og_site_name":"Grazia","article_modified_time":"2025-04-03T10:34:11+00:00","og_image":[{"width":1024,"height":772,"url":"https:\/\/graziamagazine.com\/es\/wp-content\/uploads\/sites\/12\/2025\/04\/0b28498a9eab-gettyimages-2207503372-copia.jpg","type":"image\/jpeg"}],"twitter_card":"summary_large_image","twitter_misc":{"Est. reading time":"2 minutos"},"schema":{"@context":"https:\/\/schema.org","@graph":[{"@type":"WebPage","@id":"https:\/\/graziamagazine.com\/es\/articles\/sidney-sweeney-y-amanda-seyfried-presentan-la-asistenta-en-las-vegas\/","url":"https:\/\/graziamagazine.com\/es\/articles\/sidney-sweeney-y-amanda-seyfried-presentan-la-asistenta-en-las-vegas\/","name":"Sidney Sweeney y Amanda Seyfried presentan 'La Asistenta'","isPartOf":{"@id":"https:\/\/graziamagazine.com\/es\/#website"},"datePublished":"2025-04-03T10:31:37+00:00","dateModified":"2025-04-03T10:34:11+00:00","description":"Las actrices han brillado en el CinemaCon de Las Vegas al presentar su pr\u00f3xima pel\u00edcula, basada en la exitosa novela de Freida McFadden.","breadcrumb":{"@id":"https:\/\/graziamagazine.com\/es\/articles\/sidney-sweeney-y-amanda-seyfried-presentan-la-asistenta-en-las-vegas\/#breadcrumb"},"inLanguage":"es","potentialAction":[{"@type":"ReadAction","target":["https:\/\/graziamagazine.com\/es\/articles\/sidney-sweeney-y-amanda-seyfried-presentan-la-asistenta-en-las-vegas\/"]}]},{"@type":"BreadcrumbList","@id":"https:\/\/graziamagazine.com\/es\/articles\/sidney-sweeney-y-amanda-seyfried-presentan-la-asistenta-en-las-vegas\/#breadcrumb","itemListElement":[{"@type":"ListItem","position":1,"name":"Portada","item":"https:\/\/graziamagazine.com\/es\/"},{"@type":"ListItem","position":2,"name":"Sidney Sweeney y Amanda Seyfried presentan &#8216;La Asistenta&#8217; en Las Vegas"}]},{"@type":"WebSite","@id":"https:\/\/graziamagazine.com\/es\/#website","url":"https:\/\/graziamagazine.com\/es\/","name":"Grazia","description":"Moda, belleza, celebrities, estilo de vida...","potentialAction":[{"@type":"SearchAction","target":{"@type":"EntryPoint","urlTemplate":"https:\/\/graziamagazine.com\/es\/?s={search_term_string}"},"query-input":"required name=search_term_string"}],"inLanguage":"es"}]}},"jetpack_sharing_enabled":true,"distributor_meta":false,"distributor_terms":false,"distributor_media":false,"distributor_original_site_name":"Grazia","distributor_original_site_url":"https:\/\/graziamagazine.com\/es","push-errors":false,"_links":{"self":[{"href":"https:\/\/graziamagazine.com\/es\/wp-json\/wp\/v2\/articles\/183710"}],"collection":[{"href":"https:\/\/graziamagazine.com\/es\/wp-json\/wp\/v2\/articles"}],"about":[{"href":"https:\/\/graziamagazine.com\/es\/wp-json\/wp\/v2\/types\/articles"}],"author":[{"embeddable":true,"href":"https:\/\/graziamagazine.com\/es\/wp-json\/wp\/v2\/users\/16349"}],"wp:featuredmedia":[{"embeddable":true,"href":"https:\/\/graziamagazine.com\/es\/wp-json\/wp\/v2\/media\/183722"}],"wp:attachment":[{"href":"https:\/\/graziamagazine.com\/es\/wp-json\/wp\/v2\/media?parent=183710"}],"wp:term":[{"taxonomy":"category","embeddable":true,"href":"https:\/\/graziamagazine.com\/es\/wp-json\/wp\/v2\/categories?post=183710"}],"curies":[{"name":"wp","href":"https:\/\/api.w.org\/{rel}","templated":true}]}}