{"id":183664,"date":"2025-04-01T01:53:57","date_gmt":"2025-03-31T23:53:57","guid":{"rendered":"https:\/\/graziamagazine.com\/es\/?post_type=articles&#038;p=183664"},"modified":"2025-04-01T01:53:57","modified_gmt":"2025-03-31T23:53:57","slug":"jasper-plum-la-edicion-limitada-de-dyson-para-primavera","status":"publish","type":"articles","link":"https:\/\/graziamagazine.com\/es\/articles\/jasper-plum-la-edicion-limitada-de-dyson-para-primavera\/","title":{"rendered":"Jasper Plum, la edici\u00f3n limitada de Dyson para primavera"},"content":{"rendered":"<p>Cuando pens\u00e1bamos que, despu\u00e9s de la preciosa colecci\u00f3n limitada para San Valent\u00edn en roja y dorado, Dyson no pod\u00eda superarse, nos equivoc\u00e1bamos porque lo ha hecho. Si eres de las que caes rendida a las ediciones limitadas prep\u00e1rate porque ya est\u00e1 a la venta en Espa\u00f1a &#8216;Jasper Plum&#8217;, una nueva versi\u00f3n de las herramientas m\u00e1s populares de la marca brit\u00e1nica, que se visten con un color muy primaveral (y muy femenino): un malva violeta precioso.<\/p>\n<p>En esta ocasi\u00f3n Dyson se ha inspirado en la piedra preciosa jaspe p\u00farpura para crear una edici\u00f3n tricolor que abarca desde el morado al rosa pasando por el violeta. Un color que tiene un gran simbolismo en el universo femenino, y que representa uni\u00f3n, fuerza, sororidad. No es de extra\u00f1ar que sea este el color elegido para una colecci\u00f3n pensada para celebrar a las madres del mundo, y aunque el D\u00eda de la Madre todav\u00eda no ha llegado, mires donde mires las Redes Sociales ya echan humo con este lanzamiento.<\/p>\n<blockquote class=\"tiktok-embed\" cite=\"https:\/\/www.tiktok.com\/@diana.gnevkovska\/video\/7468302104038444321\" data-video-id=\"7468302104038444321\" data-embed-from=\"oembed\" style=\"max-width:605px; min-width:325px;\">\n<section> <a href=\"https:\/\/www.tiktok.com\/@diana.gnevkovska?refer=embed\"target=\"_blank\" title=\"@diana.gnevkovska\"  target=\"_blank\">@diana.gnevkovska<\/a> <\/p>\n<p>I&#8217;m finally a dyson girl! \ud83e\udea9\ud83e\ude70\ud83e\udee7 @Dyson UK  <a href=\"https:\/\/www.tiktok.com\/tag\/dysonairwrap?refer=embed\"title=\"dysonairwrap\" target=\"_blank\"  target=\"_blank\">#dysonairwrap<\/a> <a href=\"https:\/\/www.tiktok.com\/tag\/jasperplumdyson?refer=embed\"title=\"jasperplumdyson\" target=\"_blank\"  target=\"_blank\">#jasperplumdyson<\/a> <a href=\"https:\/\/www.tiktok.com\/tag\/jasperplum?refer=embed\"title=\"jasperplum\" target=\"_blank\"  target=\"_blank\">#jasperplum<\/a> <a href=\"https:\/\/www.tiktok.com\/tag\/dysonjasperplum?refer=embed\"title=\"dysonjasperplum\" target=\"_blank\"  target=\"_blank\">#dysonjasperplum<\/a> <a href=\"https:\/\/www.tiktok.com\/tag\/airwrapcomplete?refer=embed\"title=\"airwrapcomplete\" target=\"_blank\"  target=\"_blank\">#airwrapcomplete<\/a> <a href=\"https:\/\/www.tiktok.com\/tag\/dysonunboxing?refer=embed\"title=\"dysonunboxing\" target=\"_blank\"  target=\"_blank\">#dysonunboxing<\/a> <a href=\"https:\/\/www.tiktok.com\/tag\/dysonunboxingasmr?refer=embed\"title=\"dysonunboxingasmr\" target=\"_blank\"  target=\"_blank\">#dysonunboxingasmr<\/a> <a href=\"https:\/\/www.tiktok.com\/tag\/dysonid?refer=embed\"title=\"dysonid\" target=\"_blank\"  target=\"_blank\">#dysonid<\/a> <a href=\"https:\/\/www.tiktok.com\/tag\/dysonstyler?refer=embed\"title=\"dysonstyler\" target=\"_blank\"  target=\"_blank\">#dysonstyler<\/a> <a href=\"https:\/\/www.tiktok.com\/tag\/beautytech?refer=embed\"title=\"beautytech\" target=\"_blank\"  target=\"_blank\">#beautytech<\/a> <a href=\"https:\/\/www.tiktok.com\/tag\/newdyson?refer=embed\"title=\"newdyson\" target=\"_blank\"  target=\"_blank\">#newdyson<\/a> <a href=\"https:\/\/www.tiktok.com\/tag\/viral?refer=embed\"title=\"viral\" target=\"_blank\"  target=\"_blank\">#viral<\/a> <a href=\"https:\/\/www.tiktok.com\/tag\/beautyinspo?refer=embed\"title=\"beautyinspo\" target=\"_blank\"  target=\"_blank\">#beautyinspo<\/a> <a href=\"https:\/\/www.tiktok.com\/tag\/unboxing?refer=embed\"title=\"unboxing\" target=\"_blank\"  target=\"_blank\">#unboxing<\/a> <a href=\"https:\/\/www.tiktok.com\/tag\/fyp?refer=embed\"title=\"fyp\" target=\"_blank\"  target=\"_blank\">#fyp<\/a> <a href=\"https:\/\/www.tiktok.com\/tag\/girlythings?refer=embed\"title=\"girlythings\" target=\"_blank\"  target=\"_blank\">#girlythings<\/a> <a href=\"https:\/\/www.tiktok.com\/tag\/girlyfyp?refer=embed\"title=\"girlyfyp\" target=\"_blank\"  target=\"_blank\">#girlyfyp<\/a> <a href=\"https:\/\/www.tiktok.com\/tag\/dysonlimitededitionairwrap?refer=embed\"title=\"dysonlimitededitionairwrap\" target=\"_blank\"  target=\"_blank\">#dysonlimitededitionairwrap<\/a> <\/p>\n<p> <a href=\"https:\/\/www.tiktok.com\/music\/original-sound-SojEdits-7327973885234711297?refer=embed\"target=\"_blank\" title=\"\u266c original sound - SojEdits - Seizch\"  target=\"_blank\">\u266c original sound &#8211; SojEdits &#8211; Seizch<\/a> <\/section>\n<\/blockquote>\n<p> <script async src=\"https:\/\/www.tiktok.com\/embed.js\"><\/script><\/p>\n<p>&nbsp;<\/p>\n<blockquote>\n<p dir=\"ltr\"><span class=\"markxcrk93nz9\" data-markjs=\"true\" data-ogac=\"\" data-ogab=\"\" data-ogsc=\"\" data-ogsb=\"\" data-olk-copy-source=\"MessageBody\">Jasper<\/span> Plum, un homenaje a la fuerza y la confianza inspirado en las piedras preciosas<\/p>\n<\/blockquote>\n<p>El jaspe p\u00farpura, conocido por fomentar la confianza, el autodescubrimiento y el crecimiento personal, tambi\u00e9n refleja la esencia de lo que los ingenieros de\u00a0<span class=\"markl2ga5cijf\" data-markjs=\"true\" data-ogac=\"\" data-ogab=\"\" data-ogsc=\"\" data-ogsb=\"\">Dyson<\/span> persiguen al dise\u00f1ar sus herramientas de peinado: realzar la belleza desde el interior, potenciar la confianza, expresar el estilo personal y mantener un cabello sano. Los ingenieros de Colores, Materiales y Acabados (CMF) de <span class=\"markl2ga5cijf\" data-markjs=\"true\" data-ogac=\"\" data-ogab=\"\" data-ogsc=\"\" data-ogsb=\"\">Dyson<\/span>\u00a0dise\u00f1aron la gama\u00a0<span class=\"markxcrk93nz9\" data-markjs=\"true\" data-ogac=\"\" data-ogab=\"\" data-ogsc=\"\" data-ogsb=\"\">Jasper<\/span>\u00a0Plum para capturar los matices de esta piedra preciosa, dando como resultado una distintiva paleta de tres tonos: un cuerpo principal\u00a0<em>deep plum<\/em>, detalles en\u00a0<em>rich violet\u00a0<\/em>y acentos en\u00a0<em>blush pink<\/em>.<\/p>\n<p dir=\"ltr\">Amelia Ayers, CMF Design Manager de\u00a0<span class=\"markl2ga5cijf\" data-markjs=\"true\" data-ogac=\"\" data-ogab=\"\" data-ogsc=\"\" data-ogsb=\"\">Dyson<\/span>, explica: \u201c<em>Las cualidades visuales y t\u00e1ctiles de los productos que utilizamos a diario influyen en nuestra experiencia. Nuestro objetivo es transformar los objetos cotidianos en algo delicioso de usar y poseer<\/em>\u201d.<\/p>\n<p dir=\"ltr\">Bajo esta nueva paleta de color, Dyson <strong>presenta tres herramientas de peinado<\/strong>: el multifunci\u00f3n<strong> Dyson Airwrap i.d.\u2122<\/strong>, el Dyson Supersonic Nural, uno de los favoritos de las usuarias y las Redes Sociales, y por supuesto al joya de la corona, la plancha <strong>Dyson Airstrait, nuestra favorita.<\/strong><\/p>\n<blockquote class=\"tiktok-embed\" cite=\"https:\/\/www.tiktok.com\/@johannalobo_\/video\/7484418431727586606\" data-video-id=\"7484418431727586606\" data-embed-from=\"oembed\" style=\"max-width:605px; min-width:325px;\">\n<section> <a href=\"https:\/\/www.tiktok.com\/@johannalobo_?refer=embed\"target=\"_blank\" title=\"@johannalobo_\"  target=\"_blank\">@johannalobo_<\/a> <\/p>\n<p>Dyson Airstrait Straightener Jasper Plum \ud83d\udc9c gifted by Dyson Hair @dysonusa @dysonbeauty  New special edition color (limited time) \u2728 2 options for wet and dry hair \u2728Air instead of hot plates (no heat damage!) \u2728Cool option to add shine Simplifies your hair routine by drying and straightening at the same time! <a href=\"https:\/\/www.tiktok.com\/tag\/gifted_by_dysonhair?refer=embed\"title=\"gifted_by_dysonhair\" target=\"_blank\"  target=\"_blank\">#gifted_by_dysonhair<\/a> <a href=\"https:\/\/www.tiktok.com\/tag\/dysonbeauty?refer=embed\"title=\"dysonbeauty\" target=\"_blank\"  target=\"_blank\">#dysonbeauty<\/a> <a href=\"https:\/\/www.tiktok.com\/tag\/dysonairstrait?refer=embed\"title=\"dysonairstrait\" target=\"_blank\"  target=\"_blank\">#dysonairstrait<\/a> <\/p>\n<p> <a href=\"https:\/\/www.tiktok.com\/music\/original-sound-7484418512753003310?refer=embed\"target=\"_blank\" title=\"\u266c original sound - Johanna Lobo\"  target=\"_blank\">\u266c original sound &#8211; Johanna Lobo<\/a> <\/section>\n<\/blockquote>\n<p> <script async src=\"https:\/\/www.tiktok.com\/embed.js\"><\/script><\/p>\n<h3>3 herramientas para todas las necesidades<\/h3>\n<p dir=\"ltr\" data-olk-copy-source=\"MessageBody\">Dise\u00f1ados para adaptarse perfectamente a las vidas ajetreadas, transforman las rutinas de cuidado del cabello en momentos de autocuidado consciente. Los actos sencillos de cuidado personal, como adoptar una rutina de peinado relajada o disfrutar de un momento de tranquilidad, pueden recargar pilas y mejorar el bienestar.\u00a0 Como complemento a las herramientas de peinado\u00a0<span class=\"markl2ga5cijf\" data-markjs=\"true\" data-ogac=\"\" data-ogab=\"\" data-ogsc=\"\" data-ogsb=\"\">Dyson<\/span>, la gama de peinado\u00a0<span class=\"markl2ga5cijf\" data-markjs=\"true\" data-ogac=\"\" data-ogab=\"\" data-ogsc=\"\" data-ogsb=\"\">Dyson<\/span>\u00a0Chitosan\u2122, cuyos envases armonizan con el color\u00a0<span class=\"markxcrk93nz9\" data-markjs=\"true\" data-ogac=\"\" data-ogab=\"\" data-ogsc=\"\" data-ogsb=\"\">Jasper<\/span>\u00a0Plum,\u00a0ayudan a conseguir peinados hidratados y sin encrespamiento que duran todo el d\u00eda gracias a la tecnolog\u00eda Triodetic\u2122, que fija el cabello sin apelmazar ni dejarlo quebradizo.<\/p>\n<p dir=\"ltr\" data-olk-copy-source=\"MessageBody\"><img loading=\"lazy\" decoding=\"async\" class=\"aligncenter size-full wp-image-183666\" src=\"https:\/\/graziamagazine.com\/es\/wp-content\/uploads\/sites\/12\/2025\/04\/Captura-de-pantalla-2025-04-01-a-las-1.24.49.png\" alt=\"\" width=\"1372\" height=\"1264\" srcset=\"https:\/\/graziamagazine.com\/es\/wp-content\/uploads\/sites\/12\/2025\/04\/Captura-de-pantalla-2025-04-01-a-las-1.24.49.png 1372w, https:\/\/graziamagazine.com\/es\/wp-content\/uploads\/sites\/12\/2025\/04\/Captura-de-pantalla-2025-04-01-a-las-1.24.49-300x276.png 300w, https:\/\/graziamagazine.com\/es\/wp-content\/uploads\/sites\/12\/2025\/04\/Captura-de-pantalla-2025-04-01-a-las-1.24.49-1024x943.png 1024w, https:\/\/graziamagazine.com\/es\/wp-content\/uploads\/sites\/12\/2025\/04\/Captura-de-pantalla-2025-04-01-a-las-1.24.49-768x708.png 768w, https:\/\/graziamagazine.com\/es\/wp-content\/uploads\/sites\/12\/2025\/04\/Captura-de-pantalla-2025-04-01-a-las-1.24.49-400x369.png 400w, https:\/\/graziamagazine.com\/es\/wp-content\/uploads\/sites\/12\/2025\/04\/Captura-de-pantalla-2025-04-01-a-las-1.24.49-155x143.png 155w\" sizes=\"(max-width: 1372px) 100vw, 1372px\" \/><\/p>\n<p dir=\"ltr\" data-olk-copy-source=\"MessageBody\">El secador m\u00e1s inteligente de\u00a0<span class=\"markl2ga5cijf\" data-markjs=\"true\" data-ogac=\"\" data-ogab=\"\" data-ogsc=\"\" data-ogsb=\"\">Dyson, <strong data-olk-copy-source=\"MessageBody\">el Dyson Supersonic Nural\u2122, <\/strong><\/span>utiliza la tecnolog\u00eda de sensores Nural\u2122 para medir la distancia entre el dispositivo y la cabeza, manteniendo una temperatura constante para proteger la salud del cuero cabelludo y potenciar el brillo natural del cabello. Tambi\u00e9n cuenta con tecnolog\u00eda de aprendizaje de uso de los accesorios, que simplifica el peinado recordando el \u00faltimo ajuste utilizado con diferentes accesorios. <a href=\"https:\/\/www.dyson.es\/cuidado-del-cabello\/secador-de-pelo\/supersonic-nural\/jasper-plum\" target=\"_blank\"><span class=\"markl2ga5cijf\" data-markjs=\"true\" data-ogac=\"\" data-ogab=\"\" data-ogsc=\"\" data-ogsb=\"\">Dyson<\/span>\u00a0Supersonic Nural\u2122 tiene un precio de<strong> 499 euros <\/strong>en la web de la marca.\u00a0<\/a><\/p>\n<p dir=\"ltr\" data-olk-copy-source=\"MessageBody\">Si lo que te gusta, o a tu madre, es dedicarle tiempo a su melena y hacer numerosos peinados con una misma herramienta, el <strong id=\"x_ydp4741a5ebyiv0915837848docs-internal-guid-0c0a3669-7fff-7440-727b-45bd1acc45f4\" data-olk-copy-source=\"MessageBody\">Moldeador\u00a0 multifunci\u00f3n y secador\u00a0<span class=\"markl2ga5cijf\" data-markjs=\"true\" data-ogac=\"\" data-ogab=\"\" data-ogsc=\"\" data-ogsb=\"\">Dyson<\/span> Airwrap i.d.\u2122\u00a0<\/strong>es para ti, o para ella. Adem\u00e1s de ser el m\u00e1s premiado del mundo, ahora este modelo ha evolucionado e incorpora la\u00a0tecnolog\u00eda Bluetooth\u00ae para optimizar el peinado y tiene conexi\u00f3n a una App, un buen asistente de peinado, donde los usuarios pueden personalizar el perfil de su cabello y peinar autom\u00e1ticamente con solo pulsar un bot\u00f3n.<\/p>\n<p dir=\"ltr\" data-olk-copy-source=\"MessageBody\"><img loading=\"lazy\" decoding=\"async\" class=\"aligncenter wp-image-183668 size-full\" src=\"https:\/\/graziamagazine.com\/es\/wp-content\/uploads\/sites\/12\/2025\/04\/599021-01-scaled-e1743464603642.jpeg\" alt=\"\" width=\"1621\" height=\"2030\" srcset=\"https:\/\/graziamagazine.com\/es\/wp-content\/uploads\/sites\/12\/2025\/04\/599021-01-scaled-e1743464603642.jpeg 1621w, https:\/\/graziamagazine.com\/es\/wp-content\/uploads\/sites\/12\/2025\/04\/599021-01-scaled-e1743464603642-240x300.jpeg 240w, https:\/\/graziamagazine.com\/es\/wp-content\/uploads\/sites\/12\/2025\/04\/599021-01-scaled-e1743464603642-818x1024.jpeg 818w, https:\/\/graziamagazine.com\/es\/wp-content\/uploads\/sites\/12\/2025\/04\/599021-01-scaled-e1743464603642-768x962.jpeg 768w, https:\/\/graziamagazine.com\/es\/wp-content\/uploads\/sites\/12\/2025\/04\/599021-01-scaled-e1743464603642-1227x1536.jpeg 1227w, https:\/\/graziamagazine.com\/es\/wp-content\/uploads\/sites\/12\/2025\/04\/599021-01-scaled-e1743464603642-400x501.jpeg 400w, https:\/\/graziamagazine.com\/es\/wp-content\/uploads\/sites\/12\/2025\/04\/599021-01-scaled-e1743464603642-155x194.jpeg 155w\" sizes=\"(max-width: 1621px) 100vw, 1621px\" \/><\/p>\n<p dir=\"ltr\">Este modelo incorpora dos nuevos accesorios respecto a la versi\u00f3n anterior, por un lado un moldeador c\u00f3nico para lograr rizos m\u00e1s definidos y por otra el difusor Wave+Curl para realzar las ondas y los rizos naturales. Puedes elegir el modelo pensando para cabellos rizados y muy rizados o por otro lado el modelo para conseuir una melena risa y ondulada. <a href=\"https:\/\/www.dyson.es\/cuidado-del-cabello\/moldeador\/airwrap-id\/rizado-jasper-plum\" target=\"_blank\">Ambas versiones tienen un precio de 549 euros cada una.<\/a><\/p>\n<p dir=\"ltr\">Por \u00faltimo, y no menos importante, la <strong>plancha secador\u00a0<span class=\"markl2ga5cijf\" data-markjs=\"true\" data-ogac=\"\" data-ogab=\"\" data-ogsc=\"\" data-ogsb=\"\">Dyson<\/span>\u00a0Airstrait\u2122<\/strong> permite estilizar y alisar el pelo de mojado a seco usando solo aire. Al eliminar las placas calientes, ayuda a prevenir tanto el calor como los da\u00f1os mec\u00e1nicos. El aparato funciona con m\u00faltiples tipos de cabello para crear estilos lisos naturales con cuerpo y movimiento, a la vez que preserva la salud del cabello, dej\u00e1ndolo fuerte y con un tacto natural. Esta edici\u00f3n limitada incluye un estuche de presentaci\u00f3n que mantiene en orden y protegida tu plancha y sus accesorios, ya que est\u00e1 acolchado con una tela suave para proteger la Airstrait de golpes, ara\u00f1azos, abolladuras.<\/p>\n<p dir=\"ltr\"><img loading=\"lazy\" decoding=\"async\" class=\"aligncenter wp-image-183667 size-full\" src=\"https:\/\/graziamagazine.com\/es\/wp-content\/uploads\/sites\/12\/2025\/04\/553-Gallery-2-Jasperplum-e1743465086376.jpg\" alt=\"\" width=\"668\" height=\"468\" srcset=\"https:\/\/graziamagazine.com\/es\/wp-content\/uploads\/sites\/12\/2025\/04\/553-Gallery-2-Jasperplum-e1743465086376.jpg 668w, https:\/\/graziamagazine.com\/es\/wp-content\/uploads\/sites\/12\/2025\/04\/553-Gallery-2-Jasperplum-e1743465086376-300x210.jpg 300w, https:\/\/graziamagazine.com\/es\/wp-content\/uploads\/sites\/12\/2025\/04\/553-Gallery-2-Jasperplum-e1743465086376-400x280.jpg 400w, https:\/\/graziamagazine.com\/es\/wp-content\/uploads\/sites\/12\/2025\/04\/553-Gallery-2-Jasperplum-e1743465086376-155x109.jpg 155w\" sizes=\"(max-width: 668px) 100vw, 668px\" \/><\/p>\n<p dir=\"ltr\">La plancha de pelo\u00a0<span class=\"markl2ga5cijf\" data-markjs=\"true\" data-ogac=\"\" data-ogab=\"\" data-ogsc=\"\" data-ogsb=\"\">Dyson<\/span>\u00a0Airstrait\u2122 \u00a0tiene un precio de\u00a0<strong>449\u20ac\u00a0<\/strong>y est\u00e1 disponible en las\u00a0<span class=\"markl2ga5cijf\" data-markjs=\"true\" data-ogac=\"\" data-ogab=\"\" data-ogsc=\"\" data-ogsb=\"\">Dyson<\/span>\u00a0Demo Stores, puntos de venta seleccionados y en\u00a0<a href=\"https:\/\/canelapr.us17.list-manage.com\/track\/click?u=f48df3c9feb1fd3cf2d9a9795&amp;id=79b0b8e64d&amp;e=338e072238\"title=\"https:\/\/canelapr.us17.list-manage.com\/track\/click?u=f48df3c9feb1fd3cf2d9a9795&amp;id=79b0b8e64d&amp;e=338e072238\"  target=\"_blank\" rel=\"noopener noreferrer\" data-auth=\"NotApplicable\" data-linkindex=\"10\" target=\"_blank\"><span class=\"markl2ga5cijf\" data-markjs=\"true\" data-ogac=\"\" data-ogab=\"\" data-ogsc=\"\" data-ogsb=\"\">dyson<\/span>.es<\/a>.<\/p>\n<p dir=\"ltr\"><em>*Im\u00e1genes: cortes\u00eda y Redes Sociales<\/em><\/p>\n<div class=\"rich-content parbase\">\n<div id=\"4a3e5216bec242efa2fd39f5e2f1b713\" class=\"rich-content js-rich-content xf-rcc-e90b0188fe9943f8bfe7244ea7208514\" role=\"presentation\" data-xf-class=\".xf-rcc-e90b0188fe9943f8bfe7244ea7208514\" data-animate-content=\"true\" data-analytics-component=\"rich content\" data-analytics-action-title=\"con estuche de presentaci\u00f3n dise\u00f1ado por dyson\">\n<div class=\"rich-content__asset rich_content_copy_co_1282154843e90b0188fe9943f8bfe7244ea7208514__asset--bg-color text-above-image-on-mobile text-over-image-on-tablet text-over-image-on-desktop\" role=\"presentation\" data-caption-show-auto=\"true\">\n<div class=\"js-rich-content-animation rich-content__animation-wrapper text-and-image\" data-animation-state=\"animationOn\">\n<div class=\"rich-content__text-section rich_content_copy_co_1282154843e90b0188fe9943f8bfe7244ea7208514__text-section background-color-on-mobile no-background-color-on-tablet no-background-color-on-desktop pb-xs-0 pb-sm-0 pt-xs-8 pt-sm-8 pb-md-10 pt-md-10 pb-lg-12 pb-xl-12 pt-lg-12 pt-xl-12\" role=\"presentation\">\n<div class=\"rich-content__text-container rich-text-editor\">\n<div class=\"container-fluid container-fluid--upto-lg rich-content__text-inner\">\n<div class=\"rich-content__text js-rich-content-text-wrapper theme-xs--medium theme-sm--medium theme-md--medium theme-lg--medium theme-xl--medium\">\n<div class=\"row rich-content__text-wrapper js-rich-content-text-container vt-md-0 vt-lg-0 vt-xl-0\">\n<div class=\"js-rich-content-text-block\" data-position=\"vt-lg-0 vt-xl-0\">\n<div class=\"js-rich-content-heading-container js-rich-content-text-analytics rich-content__heading-container slide-block slide-block--one col-xs-12 col-md-6 col-lg-5 offset-xs-0 offset-md-0 offset-lg-0 ta-xs-left ta-sm-left ta-md-left ta-lg-left ta-xl-left\">\n<div class=\"js-rich-content-main-container\">\n<p class=\"typography-body\">\n<\/div>\n<\/div>\n<\/div>\n<\/div>\n<\/div>\n<\/div>\n<\/div>\n<\/div>\n<\/div>\n<\/div>\n<\/div>\n<\/div>\n<div class=\"divider-line parbase\">\n<div class=\"container-fluid pt-lg-0 pt-xl-0 pb-lg-0 pb-xl-0 pt-md-0 pb-md-0 pt-xs-0 pt-sm-0 pb-xs-0 pb-sm-0\">\n<div class=\"row row--fluid-no-padding\">\n<div class=\"divider-line__line-container col-md-12\"><\/div>\n<\/div>\n<\/div>\n<\/div>\n<p>&nbsp;<\/p>\n<p dir=\"ltr\">\n","protected":false},"author":11653,"featured_media":183665,"template":"","format":"standard","categories":[7],"acf":[],"yoast_head":"<!-- This site is optimized with the Yoast SEO Premium plugin v18.5 (Yoast SEO v20.4) - https:\/\/yoast.com\/wordpress\/plugins\/seo\/ -->\n<title>Jasper Plum, la edici\u00f3n limitada de Dyson para primavera<\/title>\n<meta name=\"description\" content=\"La compa\u00f1\u00eda brit\u00e1nica presenta una edici\u00f3n limitada de sus herramientas m\u00e1s novedosas perfectas tambi\u00e9n para el D\u00eda de la madre.\" \/>\n<meta name=\"robots\" content=\"index, follow, max-snippet:-1, max-image-preview:large, max-video-preview:-1\" \/>\n<link rel=\"canonical\" href=\"https:\/\/graziamagazine.com\/es\/articles\/jasper-plum-la-edicion-limitada-de-dyson-para-primavera\/\" \/>\n<meta property=\"og:locale\" content=\"es_ES\" \/>\n<meta property=\"og:type\" content=\"article\" \/>\n<meta property=\"og:title\" content=\"Jasper Plum, la edici\u00f3n limitada de Dyson para primavera\" \/>\n<meta property=\"og:description\" content=\"La compa\u00f1\u00eda brit\u00e1nica presenta una edici\u00f3n limitada de sus herramientas m\u00e1s novedosas perfectas tambi\u00e9n para el D\u00eda de la madre.\" \/>\n<meta property=\"og:url\" content=\"https:\/\/graziamagazine.com\/es\/articles\/jasper-plum-la-edicion-limitada-de-dyson-para-primavera\/\" \/>\n<meta property=\"og:site_name\" content=\"Grazia\" \/>\n<meta property=\"og:image\" content=\"https:\/\/graziamagazine.com\/es\/wp-content\/uploads\/sites\/12\/2025\/04\/img_download-31.jpg\" \/>\n\t<meta property=\"og:image:width\" content=\"1440\" \/>\n\t<meta property=\"og:image:height\" content=\"1440\" \/>\n\t<meta property=\"og:image:type\" content=\"image\/jpeg\" \/>\n<meta name=\"twitter:card\" content=\"summary_large_image\" \/>\n<meta name=\"twitter:label1\" content=\"Est. reading time\" \/>\n\t<meta name=\"twitter:data1\" content=\"5 minutos\" \/>\n<script type=\"application\/ld+json\" class=\"yoast-schema-graph\">{\"@context\":\"https:\/\/schema.org\",\"@graph\":[{\"@type\":\"WebPage\",\"@id\":\"https:\/\/graziamagazine.com\/es\/articles\/jasper-plum-la-edicion-limitada-de-dyson-para-primavera\/\",\"url\":\"https:\/\/graziamagazine.com\/es\/articles\/jasper-plum-la-edicion-limitada-de-dyson-para-primavera\/\",\"name\":\"Jasper Plum, la edici\u00f3n limitada de Dyson para primavera\",\"isPartOf\":{\"@id\":\"https:\/\/graziamagazine.com\/es\/#website\"},\"datePublished\":\"2025-03-31T23:53:57+00:00\",\"dateModified\":\"2025-03-31T23:53:57+00:00\",\"description\":\"La compa\u00f1\u00eda brit\u00e1nica presenta una edici\u00f3n limitada de sus herramientas m\u00e1s novedosas perfectas tambi\u00e9n para el D\u00eda de la madre.\",\"breadcrumb\":{\"@id\":\"https:\/\/graziamagazine.com\/es\/articles\/jasper-plum-la-edicion-limitada-de-dyson-para-primavera\/#breadcrumb\"},\"inLanguage\":\"es\",\"potentialAction\":[{\"@type\":\"ReadAction\",\"target\":[\"https:\/\/graziamagazine.com\/es\/articles\/jasper-plum-la-edicion-limitada-de-dyson-para-primavera\/\"]}]},{\"@type\":\"BreadcrumbList\",\"@id\":\"https:\/\/graziamagazine.com\/es\/articles\/jasper-plum-la-edicion-limitada-de-dyson-para-primavera\/#breadcrumb\",\"itemListElement\":[{\"@type\":\"ListItem\",\"position\":1,\"name\":\"Portada\",\"item\":\"https:\/\/graziamagazine.com\/es\/\"},{\"@type\":\"ListItem\",\"position\":2,\"name\":\"Jasper Plum, la edici\u00f3n limitada de Dyson para primavera\"}]},{\"@type\":\"WebSite\",\"@id\":\"https:\/\/graziamagazine.com\/es\/#website\",\"url\":\"https:\/\/graziamagazine.com\/es\/\",\"name\":\"Grazia\",\"description\":\"Moda, belleza, celebrities, estilo de vida...\",\"potentialAction\":[{\"@type\":\"SearchAction\",\"target\":{\"@type\":\"EntryPoint\",\"urlTemplate\":\"https:\/\/graziamagazine.com\/es\/?s={search_term_string}\"},\"query-input\":\"required name=search_term_string\"}],\"inLanguage\":\"es\"}]}<\/script>\n<!-- \/ Yoast SEO Premium plugin. -->","yoast_head_json":{"title":"Jasper Plum, la edici\u00f3n limitada de Dyson para primavera","description":"La compa\u00f1\u00eda brit\u00e1nica presenta una edici\u00f3n limitada de sus herramientas m\u00e1s novedosas perfectas tambi\u00e9n para el D\u00eda de la madre.","robots":{"index":"index","follow":"follow","max-snippet":"max-snippet:-1","max-image-preview":"max-image-preview:large","max-video-preview":"max-video-preview:-1"},"canonical":"https:\/\/graziamagazine.com\/es\/articles\/jasper-plum-la-edicion-limitada-de-dyson-para-primavera\/","og_locale":"es_ES","og_type":"article","og_title":"Jasper Plum, la edici\u00f3n limitada de Dyson para primavera","og_description":"La compa\u00f1\u00eda brit\u00e1nica presenta una edici\u00f3n limitada de sus herramientas m\u00e1s novedosas perfectas tambi\u00e9n para el D\u00eda de la madre.","og_url":"https:\/\/graziamagazine.com\/es\/articles\/jasper-plum-la-edicion-limitada-de-dyson-para-primavera\/","og_site_name":"Grazia","og_image":[{"width":1440,"height":1440,"url":"https:\/\/graziamagazine.com\/es\/wp-content\/uploads\/sites\/12\/2025\/04\/img_download-31.jpg","type":"image\/jpeg"}],"twitter_card":"summary_large_image","twitter_misc":{"Est. reading time":"5 minutos"},"schema":{"@context":"https:\/\/schema.org","@graph":[{"@type":"WebPage","@id":"https:\/\/graziamagazine.com\/es\/articles\/jasper-plum-la-edicion-limitada-de-dyson-para-primavera\/","url":"https:\/\/graziamagazine.com\/es\/articles\/jasper-plum-la-edicion-limitada-de-dyson-para-primavera\/","name":"Jasper Plum, la edici\u00f3n limitada de Dyson para primavera","isPartOf":{"@id":"https:\/\/graziamagazine.com\/es\/#website"},"datePublished":"2025-03-31T23:53:57+00:00","dateModified":"2025-03-31T23:53:57+00:00","description":"La compa\u00f1\u00eda brit\u00e1nica presenta una edici\u00f3n limitada de sus herramientas m\u00e1s novedosas perfectas tambi\u00e9n para el D\u00eda de la madre.","breadcrumb":{"@id":"https:\/\/graziamagazine.com\/es\/articles\/jasper-plum-la-edicion-limitada-de-dyson-para-primavera\/#breadcrumb"},"inLanguage":"es","potentialAction":[{"@type":"ReadAction","target":["https:\/\/graziamagazine.com\/es\/articles\/jasper-plum-la-edicion-limitada-de-dyson-para-primavera\/"]}]},{"@type":"BreadcrumbList","@id":"https:\/\/graziamagazine.com\/es\/articles\/jasper-plum-la-edicion-limitada-de-dyson-para-primavera\/#breadcrumb","itemListElement":[{"@type":"ListItem","position":1,"name":"Portada","item":"https:\/\/graziamagazine.com\/es\/"},{"@type":"ListItem","position":2,"name":"Jasper Plum, la edici\u00f3n limitada de Dyson para primavera"}]},{"@type":"WebSite","@id":"https:\/\/graziamagazine.com\/es\/#website","url":"https:\/\/graziamagazine.com\/es\/","name":"Grazia","description":"Moda, belleza, celebrities, estilo de vida...","potentialAction":[{"@type":"SearchAction","target":{"@type":"EntryPoint","urlTemplate":"https:\/\/graziamagazine.com\/es\/?s={search_term_string}"},"query-input":"required name=search_term_string"}],"inLanguage":"es"}]}},"jetpack_sharing_enabled":true,"distributor_meta":false,"distributor_terms":false,"distributor_media":false,"distributor_original_site_name":"Grazia","distributor_original_site_url":"https:\/\/graziamagazine.com\/es","push-errors":false,"_links":{"self":[{"href":"https:\/\/graziamagazine.com\/es\/wp-json\/wp\/v2\/articles\/183664"}],"collection":[{"href":"https:\/\/graziamagazine.com\/es\/wp-json\/wp\/v2\/articles"}],"about":[{"href":"https:\/\/graziamagazine.com\/es\/wp-json\/wp\/v2\/types\/articles"}],"author":[{"embeddable":true,"href":"https:\/\/graziamagazine.com\/es\/wp-json\/wp\/v2\/users\/11653"}],"wp:featuredmedia":[{"embeddable":true,"href":"https:\/\/graziamagazine.com\/es\/wp-json\/wp\/v2\/media\/183665"}],"wp:attachment":[{"href":"https:\/\/graziamagazine.com\/es\/wp-json\/wp\/v2\/media?parent=183664"}],"wp:term":[{"taxonomy":"category","embeddable":true,"href":"https:\/\/graziamagazine.com\/es\/wp-json\/wp\/v2\/categories?post=183664"}],"curies":[{"name":"wp","href":"https:\/\/api.w.org\/{rel}","templated":true}]}}