{"id":183621,"date":"2025-03-31T01:30:15","date_gmt":"2025-03-30T23:30:15","guid":{"rendered":"https:\/\/graziamagazine.com\/es\/?post_type=articles&#038;p=183621"},"modified":"2025-03-31T01:30:15","modified_gmt":"2025-03-30T23:30:15","slug":"clarins-lanza-su-primer-serum-antiedad-para-el-cuerpo","status":"publish","type":"articles","link":"https:\/\/graziamagazine.com\/es\/articles\/clarins-lanza-su-primer-serum-antiedad-para-el-cuerpo\/","title":{"rendered":"Clarins lanza su primer s\u00e9rum antiedad para el cuerpo"},"content":{"rendered":"<p>Estamos acostumbrados a usar s\u00e9rum para el rostro, pero \u00bfqu\u00e9 hay del cuerpo? En la rutina corporal habitualmente usamos cremas hidratantes, anticelul\u00edticas, reductoras&#8230;Ahora Clarins eleva el tratamiento corporal a una nueva dimensi\u00f3n con un nuevo producto que llega al mercado para revolucionarlo.<\/p>\n<p>Se trata de su\u00a0\u00faltima creaci\u00f3n: S\u00e9rum Corps Peau Neuve, un s\u00e9rum renovador alisante y reafirmante, que transforma la piel del cuerpo con la misma eficacia que los tratamientos antiedad para el rostro.<\/p>\n<div class=\"field field-name-field-foto-principal field-type-image field-label-hidden\">\n<div class=\"field-items\">\n<h3><strong>S\u00c9RUM CORPORAL PIEL NUEVA<\/strong><\/h3>\n<p>Clarins presenta su revoluci\u00f3n antiedad para el cuerpo. Experto en cuidado de la piel con m\u00e1s de 70 a\u00f1os de innovaci\u00f3n, Clarins eleva el tratamiento corporal a una nueva dimensi\u00f3n con su \u00faltima creaci\u00f3n:\u00a0<strong>S\u00e9rum Corps Peau Neuve,\u00a0<\/strong>un s\u00e9rum renovador alisante y reafirmante que transforma la piel del cuerpo con la misma eficacia que los tratamientos antiedad para el rostro.<\/p>\n<p>Gracias a su exclusiva combinaci\u00f3n de \u00e1cidos de flores de hibiscus sabdariffa con un trip\u00e9ptido pro-col\u00e1geno, este s\u00e9rum ofrece una acci\u00f3n doble: renovadora alisante y reafirmante antiedad para revelar una piel visiblemente m\u00e1s lisa, firme y luminosa d\u00eda tras d\u00eda.<\/p>\n<p>Los resultados cl\u00ednicamente probados demuestran que: Los \u00e1cidos de flores de hibiscus ricos en AHA y el \u00e1cido pir\u00favico aumentan el efecto exfoliante en la piel en un 58%. El trip\u00e9ptido pro-col\u00e1geno reafirma y rejuvenece la piel multiplicando por cuatro la producci\u00f3n de col\u00e1geno y elastina. Despu\u00e9s de un mes de utilizaci\u00f3n se observa una reducci\u00f3n de un 19,9 % de descolgamiento cut\u00e1neo en el cuerpo.<\/p>\n<p>En los test de consumidoras (109 mujeres durante 28 d\u00edas) el 86% de las mujeres afirman que su piel est\u00e1 m\u00e1s lisa, el 80% perciben su piel m\u00e1s firme y todas afirman notar un acabado satinado en su piel.<\/p>\n<h3><strong>UN NUEVO GESTO EN LA RUTINA CORPORAL<\/strong><\/h3>\n<p>Ideal para todos los tipos de piel y todas las edades, para mujeres y hombres, el\u00a0<strong>S\u00e9rum Corps Peau Neuve<\/strong>\u00a0se convierte en el aliado perfecto para una piel radiante y sin imperfecciones. Aplicado a diario, s\u00f3lo o como parte de un ritual completo junto con la exfoliaci\u00f3n, deja la piel visiblemente transformada, como nueva.<\/p>\n<p>Con S\u00e9rum Corporal Piel Nueva, Clarins reafirma su posici\u00f3n como l\u00edder en tratamientos anti-edad, llevando su experiencia y su pasi\u00f3n por la belleza natural un paso m\u00e1s all\u00e1.<\/p>\n<blockquote><p>Su textura l\u00e1ctea y evanescente se funde instant\u00e1neamente en la piel, dejando un velo embellecedor sin residuo graso.<\/p><\/blockquote>\n<p><img loading=\"lazy\" decoding=\"async\" class=\"aligncenter size-full wp-image-183623\" src=\"https:\/\/graziamagazine.com\/es\/wp-content\/uploads\/sites\/12\/2025\/03\/Captura-de-pantalla-2025-03-31-a-las-1.26.51.png\" alt=\"\" width=\"1072\" height=\"1026\" srcset=\"https:\/\/graziamagazine.com\/es\/wp-content\/uploads\/sites\/12\/2025\/03\/Captura-de-pantalla-2025-03-31-a-las-1.26.51.png 1072w, https:\/\/graziamagazine.com\/es\/wp-content\/uploads\/sites\/12\/2025\/03\/Captura-de-pantalla-2025-03-31-a-las-1.26.51-300x287.png 300w, https:\/\/graziamagazine.com\/es\/wp-content\/uploads\/sites\/12\/2025\/03\/Captura-de-pantalla-2025-03-31-a-las-1.26.51-1024x980.png 1024w, https:\/\/graziamagazine.com\/es\/wp-content\/uploads\/sites\/12\/2025\/03\/Captura-de-pantalla-2025-03-31-a-las-1.26.51-768x735.png 768w, https:\/\/graziamagazine.com\/es\/wp-content\/uploads\/sites\/12\/2025\/03\/Captura-de-pantalla-2025-03-31-a-las-1.26.51-400x383.png 400w, https:\/\/graziamagazine.com\/es\/wp-content\/uploads\/sites\/12\/2025\/03\/Captura-de-pantalla-2025-03-31-a-las-1.26.51-155x148.png 155w\" sizes=\"(max-width: 1072px) 100vw, 1072px\" \/><\/p>\n<p>Con un 97% de ingredientes de origen natural, el\u00a0<strong>S\u00e9rum Corps Peau Neuve<\/strong>\u00a0refleja el compromiso de Clarins con la belleza responsable: su frasco es totalmente reciclable y sus activos clave, como el hibiscus sabdariffa y el aceite de anacardo b\u00edo, provienen del comercio justo.<\/p>\n<p><img loading=\"lazy\" decoding=\"async\" class=\"size-full wp-image-183624\" src=\"https:\/\/graziamagazine.com\/es\/wp-content\/uploads\/sites\/12\/2025\/03\/Serum-Corps-Peau-Neuve-e1743377312991.jpg\" alt=\"\" width=\"1680\" height=\"1759\" srcset=\"https:\/\/graziamagazine.com\/es\/wp-content\/uploads\/sites\/12\/2025\/03\/Serum-Corps-Peau-Neuve-e1743377312991.jpg 1680w, https:\/\/graziamagazine.com\/es\/wp-content\/uploads\/sites\/12\/2025\/03\/Serum-Corps-Peau-Neuve-e1743377312991-287x300.jpg 287w, https:\/\/graziamagazine.com\/es\/wp-content\/uploads\/sites\/12\/2025\/03\/Serum-Corps-Peau-Neuve-e1743377312991-978x1024.jpg 978w, https:\/\/graziamagazine.com\/es\/wp-content\/uploads\/sites\/12\/2025\/03\/Serum-Corps-Peau-Neuve-e1743377312991-768x804.jpg 768w, https:\/\/graziamagazine.com\/es\/wp-content\/uploads\/sites\/12\/2025\/03\/Serum-Corps-Peau-Neuve-e1743377312991-1467x1536.jpg 1467w, https:\/\/graziamagazine.com\/es\/wp-content\/uploads\/sites\/12\/2025\/03\/Serum-Corps-Peau-Neuve-e1743377312991-400x419.jpg 400w, https:\/\/graziamagazine.com\/es\/wp-content\/uploads\/sites\/12\/2025\/03\/Serum-Corps-Peau-Neuve-e1743377312991-155x162.jpg 155w\" sizes=\"(max-width: 1680px) 100vw, 1680px\" \/><\/p>\n<p><a href=\"https:\/\/www.clarins.es\/serum-corporal-piel-nueva\/80112465.html\" target=\"_blank\">Su precio recomendado es de 62 euros y lo encuentras en la web de Clarins.<\/a><\/p>\n<p><em>*Im\u00e1genes: Pexels y cortes\u00eda<\/em><\/p>\n<\/div>\n<\/div>\n","protected":false},"author":11653,"featured_media":183622,"template":"","format":"standard","categories":[7],"acf":[],"yoast_head":"<!-- This site is optimized with the Yoast SEO Premium plugin v18.5 (Yoast SEO v20.4) - https:\/\/yoast.com\/wordpress\/plugins\/seo\/ -->\n<title>Clarins lanza su nuevo s\u00e9rum antiedad para el cuerpo<\/title>\n<meta name=\"description\" content=\"Este s\u00e9rum alisante y reafirmante que transforma la piel del cuerpo con la misma eficacia que los tratamientos antiedad para el rostro.\" \/>\n<meta name=\"robots\" content=\"index, follow, max-snippet:-1, max-image-preview:large, max-video-preview:-1\" \/>\n<link rel=\"canonical\" href=\"https:\/\/graziamagazine.com\/es\/articles\/clarins-lanza-su-primer-serum-antiedad-para-el-cuerpo\/\" \/>\n<meta property=\"og:locale\" content=\"es_ES\" \/>\n<meta property=\"og:type\" content=\"article\" \/>\n<meta property=\"og:title\" content=\"Clarins lanza su primer s\u00e9rum antiedad para el cuerpo\" \/>\n<meta property=\"og:description\" content=\"Este s\u00e9rum alisante y reafirmante que transforma la piel del cuerpo con la misma eficacia que los tratamientos antiedad para el rostro.\" \/>\n<meta property=\"og:url\" content=\"https:\/\/graziamagazine.com\/es\/articles\/clarins-lanza-su-primer-serum-antiedad-para-el-cuerpo\/\" \/>\n<meta property=\"og:site_name\" content=\"Grazia\" \/>\n<meta property=\"og:image\" content=\"https:\/\/graziamagazine.com\/es\/wp-content\/uploads\/sites\/12\/2025\/03\/pexels-sora-shimazaki-5938567.jpg\" \/>\n\t<meta property=\"og:image:width\" content=\"1920\" \/>\n\t<meta property=\"og:image:height\" content=\"1280\" \/>\n\t<meta property=\"og:image:type\" content=\"image\/jpeg\" \/>\n<meta name=\"twitter:card\" content=\"summary_large_image\" \/>\n<meta name=\"twitter:label1\" content=\"Est. reading time\" \/>\n\t<meta name=\"twitter:data1\" content=\"3 minutos\" \/>\n<script type=\"application\/ld+json\" class=\"yoast-schema-graph\">{\"@context\":\"https:\/\/schema.org\",\"@graph\":[{\"@type\":\"WebPage\",\"@id\":\"https:\/\/graziamagazine.com\/es\/articles\/clarins-lanza-su-primer-serum-antiedad-para-el-cuerpo\/\",\"url\":\"https:\/\/graziamagazine.com\/es\/articles\/clarins-lanza-su-primer-serum-antiedad-para-el-cuerpo\/\",\"name\":\"Clarins lanza su nuevo s\u00e9rum antiedad para el cuerpo\",\"isPartOf\":{\"@id\":\"https:\/\/graziamagazine.com\/es\/#website\"},\"datePublished\":\"2025-03-30T23:30:15+00:00\",\"dateModified\":\"2025-03-30T23:30:15+00:00\",\"description\":\"Este s\u00e9rum alisante y reafirmante que transforma la piel del cuerpo con la misma eficacia que los tratamientos antiedad para el rostro.\",\"breadcrumb\":{\"@id\":\"https:\/\/graziamagazine.com\/es\/articles\/clarins-lanza-su-primer-serum-antiedad-para-el-cuerpo\/#breadcrumb\"},\"inLanguage\":\"es\",\"potentialAction\":[{\"@type\":\"ReadAction\",\"target\":[\"https:\/\/graziamagazine.com\/es\/articles\/clarins-lanza-su-primer-serum-antiedad-para-el-cuerpo\/\"]}]},{\"@type\":\"BreadcrumbList\",\"@id\":\"https:\/\/graziamagazine.com\/es\/articles\/clarins-lanza-su-primer-serum-antiedad-para-el-cuerpo\/#breadcrumb\",\"itemListElement\":[{\"@type\":\"ListItem\",\"position\":1,\"name\":\"Portada\",\"item\":\"https:\/\/graziamagazine.com\/es\/\"},{\"@type\":\"ListItem\",\"position\":2,\"name\":\"Clarins lanza su primer s\u00e9rum antiedad para el cuerpo\"}]},{\"@type\":\"WebSite\",\"@id\":\"https:\/\/graziamagazine.com\/es\/#website\",\"url\":\"https:\/\/graziamagazine.com\/es\/\",\"name\":\"Grazia\",\"description\":\"Moda, belleza, celebrities, estilo de vida...\",\"potentialAction\":[{\"@type\":\"SearchAction\",\"target\":{\"@type\":\"EntryPoint\",\"urlTemplate\":\"https:\/\/graziamagazine.com\/es\/?s={search_term_string}\"},\"query-input\":\"required name=search_term_string\"}],\"inLanguage\":\"es\"}]}<\/script>\n<!-- \/ Yoast SEO Premium plugin. -->","yoast_head_json":{"title":"Clarins lanza su nuevo s\u00e9rum antiedad para el cuerpo","description":"Este s\u00e9rum alisante y reafirmante que transforma la piel del cuerpo con la misma eficacia que los tratamientos antiedad para el rostro.","robots":{"index":"index","follow":"follow","max-snippet":"max-snippet:-1","max-image-preview":"max-image-preview:large","max-video-preview":"max-video-preview:-1"},"canonical":"https:\/\/graziamagazine.com\/es\/articles\/clarins-lanza-su-primer-serum-antiedad-para-el-cuerpo\/","og_locale":"es_ES","og_type":"article","og_title":"Clarins lanza su primer s\u00e9rum antiedad para el cuerpo","og_description":"Este s\u00e9rum alisante y reafirmante que transforma la piel del cuerpo con la misma eficacia que los tratamientos antiedad para el rostro.","og_url":"https:\/\/graziamagazine.com\/es\/articles\/clarins-lanza-su-primer-serum-antiedad-para-el-cuerpo\/","og_site_name":"Grazia","og_image":[{"width":1920,"height":1280,"url":"https:\/\/graziamagazine.com\/es\/wp-content\/uploads\/sites\/12\/2025\/03\/pexels-sora-shimazaki-5938567.jpg","type":"image\/jpeg"}],"twitter_card":"summary_large_image","twitter_misc":{"Est. reading time":"3 minutos"},"schema":{"@context":"https:\/\/schema.org","@graph":[{"@type":"WebPage","@id":"https:\/\/graziamagazine.com\/es\/articles\/clarins-lanza-su-primer-serum-antiedad-para-el-cuerpo\/","url":"https:\/\/graziamagazine.com\/es\/articles\/clarins-lanza-su-primer-serum-antiedad-para-el-cuerpo\/","name":"Clarins lanza su nuevo s\u00e9rum antiedad para el cuerpo","isPartOf":{"@id":"https:\/\/graziamagazine.com\/es\/#website"},"datePublished":"2025-03-30T23:30:15+00:00","dateModified":"2025-03-30T23:30:15+00:00","description":"Este s\u00e9rum alisante y reafirmante que transforma la piel del cuerpo con la misma eficacia que los tratamientos antiedad para el rostro.","breadcrumb":{"@id":"https:\/\/graziamagazine.com\/es\/articles\/clarins-lanza-su-primer-serum-antiedad-para-el-cuerpo\/#breadcrumb"},"inLanguage":"es","potentialAction":[{"@type":"ReadAction","target":["https:\/\/graziamagazine.com\/es\/articles\/clarins-lanza-su-primer-serum-antiedad-para-el-cuerpo\/"]}]},{"@type":"BreadcrumbList","@id":"https:\/\/graziamagazine.com\/es\/articles\/clarins-lanza-su-primer-serum-antiedad-para-el-cuerpo\/#breadcrumb","itemListElement":[{"@type":"ListItem","position":1,"name":"Portada","item":"https:\/\/graziamagazine.com\/es\/"},{"@type":"ListItem","position":2,"name":"Clarins lanza su primer s\u00e9rum antiedad para el cuerpo"}]},{"@type":"WebSite","@id":"https:\/\/graziamagazine.com\/es\/#website","url":"https:\/\/graziamagazine.com\/es\/","name":"Grazia","description":"Moda, belleza, celebrities, estilo de vida...","potentialAction":[{"@type":"SearchAction","target":{"@type":"EntryPoint","urlTemplate":"https:\/\/graziamagazine.com\/es\/?s={search_term_string}"},"query-input":"required name=search_term_string"}],"inLanguage":"es"}]}},"jetpack_sharing_enabled":true,"distributor_meta":false,"distributor_terms":false,"distributor_media":false,"distributor_original_site_name":"Grazia","distributor_original_site_url":"https:\/\/graziamagazine.com\/es","push-errors":false,"_links":{"self":[{"href":"https:\/\/graziamagazine.com\/es\/wp-json\/wp\/v2\/articles\/183621"}],"collection":[{"href":"https:\/\/graziamagazine.com\/es\/wp-json\/wp\/v2\/articles"}],"about":[{"href":"https:\/\/graziamagazine.com\/es\/wp-json\/wp\/v2\/types\/articles"}],"author":[{"embeddable":true,"href":"https:\/\/graziamagazine.com\/es\/wp-json\/wp\/v2\/users\/11653"}],"wp:featuredmedia":[{"embeddable":true,"href":"https:\/\/graziamagazine.com\/es\/wp-json\/wp\/v2\/media\/183622"}],"wp:attachment":[{"href":"https:\/\/graziamagazine.com\/es\/wp-json\/wp\/v2\/media?parent=183621"}],"wp:term":[{"taxonomy":"category","embeddable":true,"href":"https:\/\/graziamagazine.com\/es\/wp-json\/wp\/v2\/categories?post=183621"}],"curies":[{"name":"wp","href":"https:\/\/api.w.org\/{rel}","templated":true}]}}