{"id":183581,"date":"2025-03-27T23:20:59","date_gmt":"2025-03-27T22:20:59","guid":{"rendered":"https:\/\/graziamagazine.com\/es\/?post_type=articles&#038;p=183581"},"modified":"2025-03-27T23:20:59","modified_gmt":"2025-03-27T22:20:59","slug":"arzabal-bernabeu-un-nuevo-referente-del-interiorismo-gastronomico","status":"publish","type":"articles","link":"https:\/\/graziamagazine.com\/es\/articles\/arzabal-bernabeu-un-nuevo-referente-del-interiorismo-gastronomico\/","title":{"rendered":"Arz\u00e1bal Bernab\u00e9u, un nuevo referente del interiorismo gastron\u00f3mico"},"content":{"rendered":"<p>El restaurante Arz\u00e1bal Bernab\u00e9u, ubicado en los bajos del emblem\u00e1tico estadio Santiago Bernab\u00e9u, abri\u00f3 sus puertas con un dise\u00f1o de interiores firmado por\u00a0<span class=\"mark8yxgahdr2\" data-markjs=\"true\" data-ogac=\"\" data-ogab=\"\" data-ogsc=\"\" data-ogsb=\"\">MIL<\/span>\u00a0<span class=\"marktz0ga72uu\" data-markjs=\"true\" data-ogac=\"\" data-ogab=\"\" data-ogsc=\"\" data-ogsb=\"\">STUDIO<\/span>S, el estudio de arquitectura e interiorismo que ha redefinido el espacio desde su estado en bruto hasta convertirlo en un ambiente sofisticado, funcional y en total sinton\u00eda con la esencia de la marca Arz\u00e1bal. Con una intervenci\u00f3n integral que responde tanto a las exigencias del lugar como a la identidad de la firma,\u00a0<span class=\"mark8yxgahdr2\" data-markjs=\"true\" data-ogac=\"\" data-ogab=\"\" data-ogsc=\"\" data-ogsb=\"\">MIL<\/span>\u00a0<span class=\"marktz0ga72uu\" data-markjs=\"true\" data-ogac=\"\" data-ogab=\"\" data-ogsc=\"\" data-ogsb=\"\">STUDIO<\/span>S ha logrado que el interiorismo complemente la experiencia gastron\u00f3mica, hasta convertirse en un elemento clave de la misma.<\/p>\n<p><img loading=\"lazy\" decoding=\"async\" class=\"aligncenter size-full wp-image-183590\" src=\"https:\/\/graziamagazine.com\/es\/wp-content\/uploads\/sites\/12\/2025\/03\/Captura-de-pantalla-2025-03-27-a-las-23.13.03-copia.jpg\" alt=\"\" width=\"1812\" height=\"1190\" srcset=\"https:\/\/graziamagazine.com\/es\/wp-content\/uploads\/sites\/12\/2025\/03\/Captura-de-pantalla-2025-03-27-a-las-23.13.03-copia.jpg 1812w, https:\/\/graziamagazine.com\/es\/wp-content\/uploads\/sites\/12\/2025\/03\/Captura-de-pantalla-2025-03-27-a-las-23.13.03-copia-300x197.jpg 300w, https:\/\/graziamagazine.com\/es\/wp-content\/uploads\/sites\/12\/2025\/03\/Captura-de-pantalla-2025-03-27-a-las-23.13.03-copia-1024x672.jpg 1024w, https:\/\/graziamagazine.com\/es\/wp-content\/uploads\/sites\/12\/2025\/03\/Captura-de-pantalla-2025-03-27-a-las-23.13.03-copia-768x504.jpg 768w, https:\/\/graziamagazine.com\/es\/wp-content\/uploads\/sites\/12\/2025\/03\/Captura-de-pantalla-2025-03-27-a-las-23.13.03-copia-1536x1009.jpg 1536w, https:\/\/graziamagazine.com\/es\/wp-content\/uploads\/sites\/12\/2025\/03\/Captura-de-pantalla-2025-03-27-a-las-23.13.03-copia-400x263.jpg 400w, https:\/\/graziamagazine.com\/es\/wp-content\/uploads\/sites\/12\/2025\/03\/Captura-de-pantalla-2025-03-27-a-las-23.13.03-copia-155x102.jpg 155w\" sizes=\"(max-width: 1812px) 100vw, 1812px\" \/><\/p>\n<h3><strong data-olk-copy-source=\"MessageBody\">Cruz en planta y dos niveles<\/strong><\/h3>\n<p>Desde el inicio, el proyecto de\u00a0<span class=\"mark8yxgahdr2\" data-markjs=\"true\" data-ogac=\"\" data-ogab=\"\" data-ogsc=\"\" data-ogsb=\"\">MIL<\/span>\u00a0<span class=\"marktz0ga72uu\" data-markjs=\"true\" data-ogac=\"\" data-ogab=\"\" data-ogsc=\"\" data-ogsb=\"\">STUDIO<\/span>S se concibi\u00f3 bajo la premisa de integrar dos elementos fundamentales: el contexto del estadio, un aut\u00e9ntico templo del deporte en pleno centro de Madrid, y la esencia de Arz\u00e1bal, reconocida por su cocina de producto y su reinterpretaci\u00f3n contempor\u00e1nea del concepto de taberna. La forma en cruz de la planta y la disposici\u00f3n en dos niveles marcaron el punto de partida del dise\u00f1o, que ha sido estructurado en tres \u00e1reas diferenciadas: la barra de acceso, la sala principal con vistas privilegiadas al campo y la zona de reservados, situada en la planta inferior junto a la cocina abierta. Cada una de estas zonas responde a un prop\u00f3sito espec\u00edfico dentro del flujo del restaurante, permitiendo una experiencia gastron\u00f3mica din\u00e1mica y vers\u00e1til.<\/p>\n<blockquote><p>Ubicado en los bajos del estadio Santiago Bernab\u00e9u, el restaurante se transforma en un espacio donde el dise\u00f1o potencia la experiencia gastron\u00f3mica.<\/p><\/blockquote>\n<p>La intervenci\u00f3n de\u00a0<span class=\"mark8yxgahdr2\" data-markjs=\"true\" data-ogac=\"\" data-ogab=\"\" data-ogsc=\"\" data-ogsb=\"\">MIL<\/span>\u00a0<span class=\"marktz0ga72uu\" data-markjs=\"true\" data-ogac=\"\" data-ogab=\"\" data-ogsc=\"\" data-ogsb=\"\">STUDIO<\/span>S ha supuesto una transformaci\u00f3n completa del espacio, de casi 500 metros cuadrados, dado que el local se encontraba en estado bruto, sin carpinter\u00eda exterior ni instalaciones previas. Esto permiti\u00f3 trabajar desde cero la distribuci\u00f3n y la estrategia espacial, configurando cada \u00e1rea con una lectura clara y coherente. En la planta baja, el recorrido comienza en la barra de entrada, un punto de encuentro flexible y din\u00e1mico que conecta el interior con el exterior y que funciona como antesala a la experiencia gastron\u00f3mica. Desde aqu\u00ed se accede a la sala principal, que discurre paralela a las gradas y est\u00e1 precedida por una gran barra que organiza el espacio y aporta ritmo visual.<\/p>\n<p><img loading=\"lazy\" decoding=\"async\" class=\"aligncenter size-full wp-image-183586\" src=\"https:\/\/graziamagazine.com\/es\/wp-content\/uploads\/sites\/12\/2025\/03\/MIL-STUDIOS_ARZABAL_048-copia-scaled.jpeg\" alt=\"\" width=\"2560\" height=\"1707\" srcset=\"https:\/\/graziamagazine.com\/es\/wp-content\/uploads\/sites\/12\/2025\/03\/MIL-STUDIOS_ARZABAL_048-copia-scaled.jpeg 2560w, https:\/\/graziamagazine.com\/es\/wp-content\/uploads\/sites\/12\/2025\/03\/MIL-STUDIOS_ARZABAL_048-copia-300x200.jpeg 300w, https:\/\/graziamagazine.com\/es\/wp-content\/uploads\/sites\/12\/2025\/03\/MIL-STUDIOS_ARZABAL_048-copia-1024x683.jpeg 1024w, https:\/\/graziamagazine.com\/es\/wp-content\/uploads\/sites\/12\/2025\/03\/MIL-STUDIOS_ARZABAL_048-copia-768x512.jpeg 768w, https:\/\/graziamagazine.com\/es\/wp-content\/uploads\/sites\/12\/2025\/03\/MIL-STUDIOS_ARZABAL_048-copia-1536x1024.jpeg 1536w, https:\/\/graziamagazine.com\/es\/wp-content\/uploads\/sites\/12\/2025\/03\/MIL-STUDIOS_ARZABAL_048-copia-2048x1365.jpeg 2048w, https:\/\/graziamagazine.com\/es\/wp-content\/uploads\/sites\/12\/2025\/03\/MIL-STUDIOS_ARZABAL_048-copia-400x267.jpeg 400w, https:\/\/graziamagazine.com\/es\/wp-content\/uploads\/sites\/12\/2025\/03\/MIL-STUDIOS_ARZABAL_048-copia-155x103.jpeg 155w\" sizes=\"(max-width: 2560px) 100vw, 2560px\" \/><\/p>\n<p>Encontramos dos espacios dentro de la sala: bancadas contra las paredes existentes con mesas cuadradas y mesas sueltas m\u00e1s pegadas a la fachada, para que en los momentos de eventos puedan retirarse y aportar esa flexibilidad requerida.<\/p>\n<p>En la planta inferior, la zona de reservados, con la cocina abierta como tel\u00f3n de fondo, refuerza la idea de gastronom\u00eda como espect\u00e1culo, permitiendo una relaci\u00f3n m\u00e1s directa entre el comensal y la cocina.<\/p>\n<p><img loading=\"lazy\" decoding=\"async\" class=\"aligncenter size-full wp-image-183582\" src=\"https:\/\/graziamagazine.com\/es\/wp-content\/uploads\/sites\/12\/2025\/03\/a6f29565-332c-e114-6329-a0f2620373f7.jpg\" alt=\"\" width=\"1601\" height=\"1068\" srcset=\"https:\/\/graziamagazine.com\/es\/wp-content\/uploads\/sites\/12\/2025\/03\/a6f29565-332c-e114-6329-a0f2620373f7.jpg 1601w, https:\/\/graziamagazine.com\/es\/wp-content\/uploads\/sites\/12\/2025\/03\/a6f29565-332c-e114-6329-a0f2620373f7-300x200.jpg 300w, https:\/\/graziamagazine.com\/es\/wp-content\/uploads\/sites\/12\/2025\/03\/a6f29565-332c-e114-6329-a0f2620373f7-1024x683.jpg 1024w, https:\/\/graziamagazine.com\/es\/wp-content\/uploads\/sites\/12\/2025\/03\/a6f29565-332c-e114-6329-a0f2620373f7-768x512.jpg 768w, https:\/\/graziamagazine.com\/es\/wp-content\/uploads\/sites\/12\/2025\/03\/a6f29565-332c-e114-6329-a0f2620373f7-1536x1025.jpg 1536w, https:\/\/graziamagazine.com\/es\/wp-content\/uploads\/sites\/12\/2025\/03\/a6f29565-332c-e114-6329-a0f2620373f7-400x267.jpg 400w, https:\/\/graziamagazine.com\/es\/wp-content\/uploads\/sites\/12\/2025\/03\/a6f29565-332c-e114-6329-a0f2620373f7-155x103.jpg 155w\" sizes=\"(max-width: 1601px) 100vw, 1601px\" \/><\/p>\n<h3><strong data-olk-copy-source=\"MessageBody\">Materialidad y texturas, un juego de contrastes bien medido<\/strong><\/h3>\n<p>Uno de los aspectos m\u00e1s relevantes del proyecto ha sido la elecci\u00f3n de materiales, un ejercicio de equilibrio entre la esencia de la taberna cl\u00e1sica y una ejecuci\u00f3n contempor\u00e1nea. \u201cEl concepto de dise\u00f1o se bas\u00f3 en la creaci\u00f3n de un contraste visual y t\u00e1ctil entre texturas rugosas y naturales, y elementos con acabados brillantes\u201d, explican desde\u00a0<span class=\"mark8yxgahdr2\" data-markjs=\"true\" data-ogac=\"\" data-ogab=\"\" data-ogsc=\"\" data-ogsb=\"\">MIL<\/span>\u00a0<span class=\"marktz0ga72uu\" data-markjs=\"true\" data-ogac=\"\" data-ogab=\"\" data-ogsc=\"\" data-ogsb=\"\">STUDIO<\/span>S. En un principio, la propuesta contemplaba conservar la arquitectura vista del local, pero las exigencias t\u00e9cnicas del estadio obligaron a reconsiderar la estrategia y optar por un revestimiento que respetara la identidad conceptual.<\/p>\n<p><img loading=\"lazy\" decoding=\"async\" class=\"aligncenter size-full wp-image-183587\" src=\"https:\/\/graziamagazine.com\/es\/wp-content\/uploads\/sites\/12\/2025\/03\/MIL-STUDIOS_ARZABAL_028-copia-scaled.jpeg\" alt=\"\" width=\"2560\" height=\"1707\" srcset=\"https:\/\/graziamagazine.com\/es\/wp-content\/uploads\/sites\/12\/2025\/03\/MIL-STUDIOS_ARZABAL_028-copia-scaled.jpeg 2560w, https:\/\/graziamagazine.com\/es\/wp-content\/uploads\/sites\/12\/2025\/03\/MIL-STUDIOS_ARZABAL_028-copia-300x200.jpeg 300w, https:\/\/graziamagazine.com\/es\/wp-content\/uploads\/sites\/12\/2025\/03\/MIL-STUDIOS_ARZABAL_028-copia-1024x683.jpeg 1024w, https:\/\/graziamagazine.com\/es\/wp-content\/uploads\/sites\/12\/2025\/03\/MIL-STUDIOS_ARZABAL_028-copia-768x512.jpeg 768w, https:\/\/graziamagazine.com\/es\/wp-content\/uploads\/sites\/12\/2025\/03\/MIL-STUDIOS_ARZABAL_028-copia-1536x1024.jpeg 1536w, https:\/\/graziamagazine.com\/es\/wp-content\/uploads\/sites\/12\/2025\/03\/MIL-STUDIOS_ARZABAL_028-copia-2048x1365.jpeg 2048w, https:\/\/graziamagazine.com\/es\/wp-content\/uploads\/sites\/12\/2025\/03\/MIL-STUDIOS_ARZABAL_028-copia-400x267.jpeg 400w, https:\/\/graziamagazine.com\/es\/wp-content\/uploads\/sites\/12\/2025\/03\/MIL-STUDIOS_ARZABAL_028-copia-155x103.jpeg 155w\" sizes=\"(max-width: 2560px) 100vw, 2560px\" \/><\/p>\n<p>Para ello,\u00a0<span class=\"mark8yxgahdr2\" data-markjs=\"true\" data-ogac=\"\" data-ogab=\"\" data-ogsc=\"\" data-ogsb=\"\">MIL<\/span>\u00a0<span class=\"marktz0ga72uu\" data-markjs=\"true\" data-ogac=\"\" data-ogab=\"\" data-ogsc=\"\" data-ogsb=\"\">STUDIO<\/span>S ha definido una envolvente de estuco y madera, que genera una base neutra sobre la que destacan materiales m\u00e1s expresivos como acero negro y azulejos oscuros. La paleta de colores se mantiene en tonos naturales, permitiendo que el producto y la experiencia gastron\u00f3mica sean los verdaderos protagonistas del espacio. En la planta baja, un pavimento continuo unifica la sala, mientras que en la planta -1 se ha introducido un pavimento de madera que asciende hasta los 150 cent\u00edmetros de altura en forma de z\u00f3calo, creando un contraste c\u00e1lido con la estructura vista.<\/p>\n<p>El mobiliario ha sido dise\u00f1ado a medida para cada una de las \u00e1reas del restaurante. En la barra de acceso, sillas altas de acero refuerzan la sensaci\u00f3n de dinamismo, mientras que en la sala principal se han dispuesto bancadas tapizadas y mesas sueltas, permitiendo la m\u00e1xima flexibilidad en funci\u00f3n del tipo de servicio. En los reservados, las butacas de madera y textiles neutros aportan un aire m\u00e1s recogido y exclusivo. Adem\u00e1s, la cocina profesional, completamente visible, se integr\u00f3 como un elemento esc\u00e9nico en el espacio.<\/p>\n<p><img loading=\"lazy\" decoding=\"async\" class=\"aligncenter size-full wp-image-183583\" src=\"https:\/\/graziamagazine.com\/es\/wp-content\/uploads\/sites\/12\/2025\/03\/0470efbc-fc65-6c83-f3a7-57d391c83f8f.jpg\" alt=\"\" width=\"1611\" height=\"1075\" srcset=\"https:\/\/graziamagazine.com\/es\/wp-content\/uploads\/sites\/12\/2025\/03\/0470efbc-fc65-6c83-f3a7-57d391c83f8f.jpg 1611w, https:\/\/graziamagazine.com\/es\/wp-content\/uploads\/sites\/12\/2025\/03\/0470efbc-fc65-6c83-f3a7-57d391c83f8f-300x200.jpg 300w, https:\/\/graziamagazine.com\/es\/wp-content\/uploads\/sites\/12\/2025\/03\/0470efbc-fc65-6c83-f3a7-57d391c83f8f-1024x683.jpg 1024w, https:\/\/graziamagazine.com\/es\/wp-content\/uploads\/sites\/12\/2025\/03\/0470efbc-fc65-6c83-f3a7-57d391c83f8f-768x512.jpg 768w, https:\/\/graziamagazine.com\/es\/wp-content\/uploads\/sites\/12\/2025\/03\/0470efbc-fc65-6c83-f3a7-57d391c83f8f-1536x1025.jpg 1536w, https:\/\/graziamagazine.com\/es\/wp-content\/uploads\/sites\/12\/2025\/03\/0470efbc-fc65-6c83-f3a7-57d391c83f8f-400x267.jpg 400w, https:\/\/graziamagazine.com\/es\/wp-content\/uploads\/sites\/12\/2025\/03\/0470efbc-fc65-6c83-f3a7-57d391c83f8f-155x103.jpg 155w\" sizes=\"(max-width: 1611px) 100vw, 1611px\" \/><\/p>\n<h3><strong data-olk-copy-source=\"MessageBody\">Una atm\u00f3sfera en constante cambio gracias a la iluminaci\u00f3n<\/strong><\/h3>\n<p>Otro de los elementos clave de la intervenci\u00f3n de\u00a0<span class=\"mark8yxgahdr2\" data-markjs=\"true\" data-ogac=\"\" data-ogab=\"\" data-ogsc=\"\" data-ogsb=\"\">MIL<\/span>\u00a0<span class=\"marktz0ga72uu\" data-markjs=\"true\" data-ogac=\"\" data-ogab=\"\" data-ogsc=\"\" data-ogsb=\"\">STUDIO<\/span>S ha sido la iluminaci\u00f3n, concebida como una herramienta fundamental para estructurar los diferentes ambientes del restaurante. Se ha optado por una luz tenue y puntual, que destaca los materiales y las texturas sin sobrecargar el espacio. A lo largo del d\u00eda, las escenas lum\u00ednicas van evolucionando para acompa\u00f1ar el ritmo del servicio, generando una ambientaci\u00f3n que oscila entre la calidez de una taberna tradicional y la sofisticaci\u00f3n de un restaurante contempor\u00e1neo.<\/p>\n<p>Con esta nueva apertura,\u00a0<span class=\"mark8yxgahdr2\" data-markjs=\"true\" data-ogac=\"\" data-ogab=\"\" data-ogsc=\"\" data-ogsb=\"\">MIL<\/span>\u00a0<span class=\"marktz0ga72uu\" data-markjs=\"true\" data-ogac=\"\" data-ogab=\"\" data-ogsc=\"\" data-ogsb=\"\">STUDIO<\/span>S reafirma su capacidad para transformar espacios gastron\u00f3micos en entornos de alto valor est\u00e9tico y funcional, consolidando su presencia en el \u00e1mbito del interiorismo de restauraci\u00f3n con una propuesta que combina dise\u00f1o, materialidad y concepto en perfecta sinton\u00eda.<\/p>\n<p><img loading=\"lazy\" decoding=\"async\" class=\"aligncenter size-full wp-image-183584\" src=\"https:\/\/graziamagazine.com\/es\/wp-content\/uploads\/sites\/12\/2025\/03\/1f5068e4-8f47-1a30-13a9-6c7835118ac3.jpg\" alt=\"\" width=\"1571\" height=\"1047\" srcset=\"https:\/\/graziamagazine.com\/es\/wp-content\/uploads\/sites\/12\/2025\/03\/1f5068e4-8f47-1a30-13a9-6c7835118ac3.jpg 1571w, https:\/\/graziamagazine.com\/es\/wp-content\/uploads\/sites\/12\/2025\/03\/1f5068e4-8f47-1a30-13a9-6c7835118ac3-300x200.jpg 300w, https:\/\/graziamagazine.com\/es\/wp-content\/uploads\/sites\/12\/2025\/03\/1f5068e4-8f47-1a30-13a9-6c7835118ac3-1024x682.jpg 1024w, https:\/\/graziamagazine.com\/es\/wp-content\/uploads\/sites\/12\/2025\/03\/1f5068e4-8f47-1a30-13a9-6c7835118ac3-768x512.jpg 768w, https:\/\/graziamagazine.com\/es\/wp-content\/uploads\/sites\/12\/2025\/03\/1f5068e4-8f47-1a30-13a9-6c7835118ac3-1536x1024.jpg 1536w, https:\/\/graziamagazine.com\/es\/wp-content\/uploads\/sites\/12\/2025\/03\/1f5068e4-8f47-1a30-13a9-6c7835118ac3-400x267.jpg 400w, https:\/\/graziamagazine.com\/es\/wp-content\/uploads\/sites\/12\/2025\/03\/1f5068e4-8f47-1a30-13a9-6c7835118ac3-155x103.jpg 155w\" sizes=\"(max-width: 1571px) 100vw, 1571px\" \/><\/p>\n<p>\u00bfD\u00f3nde? <a href=\"https:\/\/www.google.com\/maps\/place\/\/data=!4m2!3m1!1s0xd42290026028557:0xe374cc2fe4be577?sa=X&amp;ved=1t:8290&amp;ictx=111\" data-url=\"\/maps\/place\/\/data=!4m2!3m1!1s0xd42290026028557:0xe374cc2fe4be577?sa=X&amp;ved=2ahUKEwiUgua-pauMAxWJTKQEHfe9NNgQ4kB6BAgQEAA\" target=\"_blank\">Santiago Bernab\u00e9u, C. de Rafael Salgado, Puerta 28, Chamart\u00edn, Madrid<\/a><\/p>\n<p><em>*Im\u00e1genes: Pablo Alzaga<\/em><\/p>\n<p>&nbsp;<\/p>\n","protected":false},"author":11653,"featured_media":183585,"template":"","format":"standard","categories":[18],"acf":[],"yoast_head":"<!-- This site is optimized with the Yoast SEO Premium plugin v18.5 (Yoast SEO v20.4) - https:\/\/yoast.com\/wordpress\/plugins\/seo\/ -->\n<title>Arz\u00e1bal Bernab\u00e9u, nuevo referente del interiorismo gastron\u00f3mico<\/title>\n<meta name=\"description\" content=\"MIL Studios firma el dise\u00f1o del nuevo Arz\u00e1bal Bernab\u00e9u, una neotaberna contempor\u00e1nea que respeta la tradici\u00f3n madrile\u00f1a.\" \/>\n<meta name=\"robots\" content=\"index, follow, max-snippet:-1, max-image-preview:large, max-video-preview:-1\" \/>\n<link rel=\"canonical\" href=\"https:\/\/graziamagazine.com\/es\/articles\/arzabal-bernabeu-un-nuevo-referente-del-interiorismo-gastronomico\/\" \/>\n<meta property=\"og:locale\" content=\"es_ES\" \/>\n<meta property=\"og:type\" content=\"article\" \/>\n<meta property=\"og:title\" content=\"Arz\u00e1bal Bernab\u00e9u, un nuevo referente del interiorismo gastron\u00f3mico\" \/>\n<meta property=\"og:description\" content=\"MIL Studios firma el dise\u00f1o del nuevo Arz\u00e1bal Bernab\u00e9u, una neotaberna contempor\u00e1nea que respeta la tradici\u00f3n madrile\u00f1a.\" \/>\n<meta property=\"og:url\" content=\"https:\/\/graziamagazine.com\/es\/articles\/arzabal-bernabeu-un-nuevo-referente-del-interiorismo-gastronomico\/\" \/>\n<meta property=\"og:site_name\" content=\"Grazia\" \/>\n<meta property=\"og:image\" content=\"https:\/\/graziamagazine.com\/es\/wp-content\/uploads\/sites\/12\/2025\/03\/V2_MIL-STUDIOS_ARZABAL_030-copia-scaled.jpeg\" \/>\n\t<meta property=\"og:image:width\" content=\"2560\" \/>\n\t<meta property=\"og:image:height\" content=\"1707\" \/>\n\t<meta property=\"og:image:type\" content=\"image\/jpeg\" \/>\n<meta name=\"twitter:card\" content=\"summary_large_image\" \/>\n<meta name=\"twitter:label1\" content=\"Est. reading time\" \/>\n\t<meta name=\"twitter:data1\" content=\"6 minutos\" \/>\n<script type=\"application\/ld+json\" class=\"yoast-schema-graph\">{\"@context\":\"https:\/\/schema.org\",\"@graph\":[{\"@type\":\"WebPage\",\"@id\":\"https:\/\/graziamagazine.com\/es\/articles\/arzabal-bernabeu-un-nuevo-referente-del-interiorismo-gastronomico\/\",\"url\":\"https:\/\/graziamagazine.com\/es\/articles\/arzabal-bernabeu-un-nuevo-referente-del-interiorismo-gastronomico\/\",\"name\":\"Arz\u00e1bal Bernab\u00e9u, nuevo referente del interiorismo gastron\u00f3mico\",\"isPartOf\":{\"@id\":\"https:\/\/graziamagazine.com\/es\/#website\"},\"datePublished\":\"2025-03-27T22:20:59+00:00\",\"dateModified\":\"2025-03-27T22:20:59+00:00\",\"description\":\"MIL Studios firma el dise\u00f1o del nuevo Arz\u00e1bal Bernab\u00e9u, una neotaberna contempor\u00e1nea que respeta la tradici\u00f3n madrile\u00f1a.\",\"breadcrumb\":{\"@id\":\"https:\/\/graziamagazine.com\/es\/articles\/arzabal-bernabeu-un-nuevo-referente-del-interiorismo-gastronomico\/#breadcrumb\"},\"inLanguage\":\"es\",\"potentialAction\":[{\"@type\":\"ReadAction\",\"target\":[\"https:\/\/graziamagazine.com\/es\/articles\/arzabal-bernabeu-un-nuevo-referente-del-interiorismo-gastronomico\/\"]}]},{\"@type\":\"BreadcrumbList\",\"@id\":\"https:\/\/graziamagazine.com\/es\/articles\/arzabal-bernabeu-un-nuevo-referente-del-interiorismo-gastronomico\/#breadcrumb\",\"itemListElement\":[{\"@type\":\"ListItem\",\"position\":1,\"name\":\"Portada\",\"item\":\"https:\/\/graziamagazine.com\/es\/\"},{\"@type\":\"ListItem\",\"position\":2,\"name\":\"Arz\u00e1bal Bernab\u00e9u, un nuevo referente del interiorismo gastron\u00f3mico\"}]},{\"@type\":\"WebSite\",\"@id\":\"https:\/\/graziamagazine.com\/es\/#website\",\"url\":\"https:\/\/graziamagazine.com\/es\/\",\"name\":\"Grazia\",\"description\":\"Moda, belleza, celebrities, estilo de vida...\",\"potentialAction\":[{\"@type\":\"SearchAction\",\"target\":{\"@type\":\"EntryPoint\",\"urlTemplate\":\"https:\/\/graziamagazine.com\/es\/?s={search_term_string}\"},\"query-input\":\"required name=search_term_string\"}],\"inLanguage\":\"es\"}]}<\/script>\n<!-- \/ Yoast SEO Premium plugin. -->","yoast_head_json":{"title":"Arz\u00e1bal Bernab\u00e9u, nuevo referente del interiorismo gastron\u00f3mico","description":"MIL Studios firma el dise\u00f1o del nuevo Arz\u00e1bal Bernab\u00e9u, una neotaberna contempor\u00e1nea que respeta la tradici\u00f3n madrile\u00f1a.","robots":{"index":"index","follow":"follow","max-snippet":"max-snippet:-1","max-image-preview":"max-image-preview:large","max-video-preview":"max-video-preview:-1"},"canonical":"https:\/\/graziamagazine.com\/es\/articles\/arzabal-bernabeu-un-nuevo-referente-del-interiorismo-gastronomico\/","og_locale":"es_ES","og_type":"article","og_title":"Arz\u00e1bal Bernab\u00e9u, un nuevo referente del interiorismo gastron\u00f3mico","og_description":"MIL Studios firma el dise\u00f1o del nuevo Arz\u00e1bal Bernab\u00e9u, una neotaberna contempor\u00e1nea que respeta la tradici\u00f3n madrile\u00f1a.","og_url":"https:\/\/graziamagazine.com\/es\/articles\/arzabal-bernabeu-un-nuevo-referente-del-interiorismo-gastronomico\/","og_site_name":"Grazia","og_image":[{"width":2560,"height":1707,"url":"https:\/\/graziamagazine.com\/es\/wp-content\/uploads\/sites\/12\/2025\/03\/V2_MIL-STUDIOS_ARZABAL_030-copia-scaled.jpeg","type":"image\/jpeg"}],"twitter_card":"summary_large_image","twitter_misc":{"Est. reading time":"6 minutos"},"schema":{"@context":"https:\/\/schema.org","@graph":[{"@type":"WebPage","@id":"https:\/\/graziamagazine.com\/es\/articles\/arzabal-bernabeu-un-nuevo-referente-del-interiorismo-gastronomico\/","url":"https:\/\/graziamagazine.com\/es\/articles\/arzabal-bernabeu-un-nuevo-referente-del-interiorismo-gastronomico\/","name":"Arz\u00e1bal Bernab\u00e9u, nuevo referente del interiorismo gastron\u00f3mico","isPartOf":{"@id":"https:\/\/graziamagazine.com\/es\/#website"},"datePublished":"2025-03-27T22:20:59+00:00","dateModified":"2025-03-27T22:20:59+00:00","description":"MIL Studios firma el dise\u00f1o del nuevo Arz\u00e1bal Bernab\u00e9u, una neotaberna contempor\u00e1nea que respeta la tradici\u00f3n madrile\u00f1a.","breadcrumb":{"@id":"https:\/\/graziamagazine.com\/es\/articles\/arzabal-bernabeu-un-nuevo-referente-del-interiorismo-gastronomico\/#breadcrumb"},"inLanguage":"es","potentialAction":[{"@type":"ReadAction","target":["https:\/\/graziamagazine.com\/es\/articles\/arzabal-bernabeu-un-nuevo-referente-del-interiorismo-gastronomico\/"]}]},{"@type":"BreadcrumbList","@id":"https:\/\/graziamagazine.com\/es\/articles\/arzabal-bernabeu-un-nuevo-referente-del-interiorismo-gastronomico\/#breadcrumb","itemListElement":[{"@type":"ListItem","position":1,"name":"Portada","item":"https:\/\/graziamagazine.com\/es\/"},{"@type":"ListItem","position":2,"name":"Arz\u00e1bal Bernab\u00e9u, un nuevo referente del interiorismo gastron\u00f3mico"}]},{"@type":"WebSite","@id":"https:\/\/graziamagazine.com\/es\/#website","url":"https:\/\/graziamagazine.com\/es\/","name":"Grazia","description":"Moda, belleza, celebrities, estilo de vida...","potentialAction":[{"@type":"SearchAction","target":{"@type":"EntryPoint","urlTemplate":"https:\/\/graziamagazine.com\/es\/?s={search_term_string}"},"query-input":"required name=search_term_string"}],"inLanguage":"es"}]}},"jetpack_sharing_enabled":true,"distributor_meta":false,"distributor_terms":false,"distributor_media":false,"distributor_original_site_name":"Grazia","distributor_original_site_url":"https:\/\/graziamagazine.com\/es","push-errors":false,"_links":{"self":[{"href":"https:\/\/graziamagazine.com\/es\/wp-json\/wp\/v2\/articles\/183581"}],"collection":[{"href":"https:\/\/graziamagazine.com\/es\/wp-json\/wp\/v2\/articles"}],"about":[{"href":"https:\/\/graziamagazine.com\/es\/wp-json\/wp\/v2\/types\/articles"}],"author":[{"embeddable":true,"href":"https:\/\/graziamagazine.com\/es\/wp-json\/wp\/v2\/users\/11653"}],"wp:featuredmedia":[{"embeddable":true,"href":"https:\/\/graziamagazine.com\/es\/wp-json\/wp\/v2\/media\/183585"}],"wp:attachment":[{"href":"https:\/\/graziamagazine.com\/es\/wp-json\/wp\/v2\/media?parent=183581"}],"wp:term":[{"taxonomy":"category","embeddable":true,"href":"https:\/\/graziamagazine.com\/es\/wp-json\/wp\/v2\/categories?post=183581"}],"curies":[{"name":"wp","href":"https:\/\/api.w.org\/{rel}","templated":true}]}}