{"id":183545,"date":"2025-03-27T10:50:08","date_gmt":"2025-03-27T09:50:08","guid":{"rendered":"https:\/\/graziamagazine.com\/es\/?post_type=articles&#038;p=183545"},"modified":"2025-03-27T10:55:04","modified_gmt":"2025-03-27T09:55:04","slug":"miley-cyrus-anuncia-nuevo-disco-con-un-thierry-mugler-de-archivo","status":"publish","type":"articles","link":"https:\/\/graziamagazine.com\/es\/articles\/miley-cyrus-anuncia-nuevo-disco-con-un-thierry-mugler-de-archivo\/","title":{"rendered":"Miley Cyrus anuncia nuevo disco con un Thierry Mugler de archivo"},"content":{"rendered":"<p><span style=\"font-weight: 400\">Miley Cyrus ha anunciado el lanzamiento de su noveno \u00e1lbum de estudio, titulado \u201cSomething Beautiful\u201d, programado para el 30 de mayo de 2025 bajo el sello de Columbia Records. Este nuevo trabajo contar\u00e1 con 13 canciones originales y ha sido producido ejecutivamente por la propia artista, con la ayuda de Shawn Everett. \u200b<\/span><\/p>\n<p><span style=\"font-weight: 400\">Inspirada en \u201cThe Wall\u201d de Pink Floyd, Miley describe su nuevo \u00e1lbum como un \u201c\u00e1lbum visual centrado en el tema de la sanaci\u00f3n\u201d. La artista busca ofrecer una experiencia multisensorial que fusione m\u00fasica, moda y arte, con el objetivo de presentar de manera hermosa los momentos m\u00e1s oscuros de la vida. \u200b<\/span><\/p>\n        <blockquote class=\"instagram-media \" style=\"background: #ffffff;border: 0;margin: 1px;width: 100%;padding: 0;\"  data-instgrm-permalink=\"https:\/\/www.instagram.com\/p\/DHloeq8JSm5\/\" data-instgrm-version=\"14\"><\/blockquote>\n<p><span style=\"font-weight: 400\">La portada del \u00e1lbum, cuya fotograf\u00eda fue realizada por el fot\u00f3grafo de moda Glen Luchford, muestra a Miley luciendo una pieza de alta costura de Thierry Mugler de 1997. Este atuendo, que incluye un tocado adornado con cristales y un vestido de malla a juego con plumas blancas, refleja la narrativa visual que Cyrus pretende transmitir en este proyecto. \u200b<\/span><\/p>\n<p><span style=\"font-weight: 400\">Adem\u00e1s, \u201cSomething Beautiful\u201d vendr\u00e1 acompa\u00f1ado de una pel\u00edcula musical que se estrenar\u00e1 en junio de 2025. Descrita como una \u201c\u00f3pera pop \u00fanica\u201d, esta producci\u00f3n complementar\u00e1 la propuesta art\u00edstica del \u00e1lbum, ofreciendo a sus fans una experiencia que va m\u00e1s all\u00e1 de lo musical. \u200b<\/span><\/p>\n        <blockquote class=\"instagram-media \" style=\"background: #ffffff;border: 0;margin: 1px;width: 100%;padding: 0;\"  data-instgrm-permalink=\"https:\/\/www.instagram.com\/p\/DHoQyaZpiuP\/\" data-instgrm-version=\"14\"><\/blockquote>\n<p><span style=\"font-weight: 400\">La expectativa en torno a este lanzamiento es alta, ya que representa una evoluci\u00f3n en la carrera de Miley Cyrus, quien contin\u00faa explorando nuevas facetas art\u00edsticas y desafiando los l\u00edmites de la industria musical.\u00a0<\/span><\/p>\n<p><em>*Imagen: Instagram<\/em><\/p>\n","protected":false},"author":16349,"featured_media":183546,"template":"","format":"standard","categories":[13],"acf":[],"yoast_head":"<!-- This site is optimized with the Yoast SEO Premium plugin v18.5 (Yoast SEO v20.4) - https:\/\/yoast.com\/wordpress\/plugins\/seo\/ -->\n<title>Miley Cyrus anuncia nuevo disco con un Thierry Mugler de archivo<\/title>\n<meta name=\"description\" content=\"Para la portada del nuevo \u00e1lbum \u201cSomething Beautiful\u201d la artista ha recuperado un vestido de archivo de la maison.\" \/>\n<meta name=\"robots\" content=\"index, follow, max-snippet:-1, max-image-preview:large, max-video-preview:-1\" \/>\n<link rel=\"canonical\" href=\"https:\/\/graziamagazine.com\/es\/articles\/miley-cyrus-anuncia-nuevo-disco-con-un-thierry-mugler-de-archivo\/\" \/>\n<meta property=\"og:locale\" content=\"es_ES\" \/>\n<meta property=\"og:type\" content=\"article\" \/>\n<meta property=\"og:title\" content=\"Miley Cyrus anuncia nuevo disco con un Thierry Mugler de archivo\" \/>\n<meta property=\"og:description\" content=\"Para la portada del nuevo \u00e1lbum \u201cSomething Beautiful\u201d la artista ha recuperado un vestido de archivo de la maison.\" \/>\n<meta property=\"og:url\" content=\"https:\/\/graziamagazine.com\/es\/articles\/miley-cyrus-anuncia-nuevo-disco-con-un-thierry-mugler-de-archivo\/\" \/>\n<meta property=\"og:site_name\" content=\"Grazia\" \/>\n<meta property=\"article:modified_time\" content=\"2025-03-27T09:55:04+00:00\" \/>\n<meta property=\"og:image\" content=\"https:\/\/graziamagazine.com\/es\/wp-content\/uploads\/sites\/12\/2025\/03\/miley-1.jpg\" \/>\n\t<meta property=\"og:image:width\" content=\"855\" \/>\n\t<meta property=\"og:image:height\" content=\"452\" \/>\n\t<meta property=\"og:image:type\" content=\"image\/jpeg\" \/>\n<meta name=\"twitter:card\" content=\"summary_large_image\" \/>\n<meta name=\"twitter:label1\" content=\"Est. reading time\" \/>\n\t<meta name=\"twitter:data1\" content=\"2 minutos\" \/>\n<script type=\"application\/ld+json\" class=\"yoast-schema-graph\">{\"@context\":\"https:\/\/schema.org\",\"@graph\":[{\"@type\":\"WebPage\",\"@id\":\"https:\/\/graziamagazine.com\/es\/articles\/miley-cyrus-anuncia-nuevo-disco-con-un-thierry-mugler-de-archivo\/\",\"url\":\"https:\/\/graziamagazine.com\/es\/articles\/miley-cyrus-anuncia-nuevo-disco-con-un-thierry-mugler-de-archivo\/\",\"name\":\"Miley Cyrus anuncia nuevo disco con un Thierry Mugler de archivo\",\"isPartOf\":{\"@id\":\"https:\/\/graziamagazine.com\/es\/#website\"},\"datePublished\":\"2025-03-27T09:50:08+00:00\",\"dateModified\":\"2025-03-27T09:55:04+00:00\",\"description\":\"Para la portada del nuevo \u00e1lbum \u201cSomething Beautiful\u201d la artista ha recuperado un vestido de archivo de la maison.\",\"breadcrumb\":{\"@id\":\"https:\/\/graziamagazine.com\/es\/articles\/miley-cyrus-anuncia-nuevo-disco-con-un-thierry-mugler-de-archivo\/#breadcrumb\"},\"inLanguage\":\"es\",\"potentialAction\":[{\"@type\":\"ReadAction\",\"target\":[\"https:\/\/graziamagazine.com\/es\/articles\/miley-cyrus-anuncia-nuevo-disco-con-un-thierry-mugler-de-archivo\/\"]}]},{\"@type\":\"BreadcrumbList\",\"@id\":\"https:\/\/graziamagazine.com\/es\/articles\/miley-cyrus-anuncia-nuevo-disco-con-un-thierry-mugler-de-archivo\/#breadcrumb\",\"itemListElement\":[{\"@type\":\"ListItem\",\"position\":1,\"name\":\"Portada\",\"item\":\"https:\/\/graziamagazine.com\/es\/\"},{\"@type\":\"ListItem\",\"position\":2,\"name\":\"Miley Cyrus anuncia nuevo disco con un Thierry Mugler de archivo\"}]},{\"@type\":\"WebSite\",\"@id\":\"https:\/\/graziamagazine.com\/es\/#website\",\"url\":\"https:\/\/graziamagazine.com\/es\/\",\"name\":\"Grazia\",\"description\":\"Moda, belleza, celebrities, estilo de vida...\",\"potentialAction\":[{\"@type\":\"SearchAction\",\"target\":{\"@type\":\"EntryPoint\",\"urlTemplate\":\"https:\/\/graziamagazine.com\/es\/?s={search_term_string}\"},\"query-input\":\"required name=search_term_string\"}],\"inLanguage\":\"es\"}]}<\/script>\n<!-- \/ Yoast SEO Premium plugin. -->","yoast_head_json":{"title":"Miley Cyrus anuncia nuevo disco con un Thierry Mugler de archivo","description":"Para la portada del nuevo \u00e1lbum \u201cSomething Beautiful\u201d la artista ha recuperado un vestido de archivo de la maison.","robots":{"index":"index","follow":"follow","max-snippet":"max-snippet:-1","max-image-preview":"max-image-preview:large","max-video-preview":"max-video-preview:-1"},"canonical":"https:\/\/graziamagazine.com\/es\/articles\/miley-cyrus-anuncia-nuevo-disco-con-un-thierry-mugler-de-archivo\/","og_locale":"es_ES","og_type":"article","og_title":"Miley Cyrus anuncia nuevo disco con un Thierry Mugler de archivo","og_description":"Para la portada del nuevo \u00e1lbum \u201cSomething Beautiful\u201d la artista ha recuperado un vestido de archivo de la maison.","og_url":"https:\/\/graziamagazine.com\/es\/articles\/miley-cyrus-anuncia-nuevo-disco-con-un-thierry-mugler-de-archivo\/","og_site_name":"Grazia","article_modified_time":"2025-03-27T09:55:04+00:00","og_image":[{"width":855,"height":452,"url":"https:\/\/graziamagazine.com\/es\/wp-content\/uploads\/sites\/12\/2025\/03\/miley-1.jpg","type":"image\/jpeg"}],"twitter_card":"summary_large_image","twitter_misc":{"Est. reading time":"2 minutos"},"schema":{"@context":"https:\/\/schema.org","@graph":[{"@type":"WebPage","@id":"https:\/\/graziamagazine.com\/es\/articles\/miley-cyrus-anuncia-nuevo-disco-con-un-thierry-mugler-de-archivo\/","url":"https:\/\/graziamagazine.com\/es\/articles\/miley-cyrus-anuncia-nuevo-disco-con-un-thierry-mugler-de-archivo\/","name":"Miley Cyrus anuncia nuevo disco con un Thierry Mugler de archivo","isPartOf":{"@id":"https:\/\/graziamagazine.com\/es\/#website"},"datePublished":"2025-03-27T09:50:08+00:00","dateModified":"2025-03-27T09:55:04+00:00","description":"Para la portada del nuevo \u00e1lbum \u201cSomething Beautiful\u201d la artista ha recuperado un vestido de archivo de la maison.","breadcrumb":{"@id":"https:\/\/graziamagazine.com\/es\/articles\/miley-cyrus-anuncia-nuevo-disco-con-un-thierry-mugler-de-archivo\/#breadcrumb"},"inLanguage":"es","potentialAction":[{"@type":"ReadAction","target":["https:\/\/graziamagazine.com\/es\/articles\/miley-cyrus-anuncia-nuevo-disco-con-un-thierry-mugler-de-archivo\/"]}]},{"@type":"BreadcrumbList","@id":"https:\/\/graziamagazine.com\/es\/articles\/miley-cyrus-anuncia-nuevo-disco-con-un-thierry-mugler-de-archivo\/#breadcrumb","itemListElement":[{"@type":"ListItem","position":1,"name":"Portada","item":"https:\/\/graziamagazine.com\/es\/"},{"@type":"ListItem","position":2,"name":"Miley Cyrus anuncia nuevo disco con un Thierry Mugler de archivo"}]},{"@type":"WebSite","@id":"https:\/\/graziamagazine.com\/es\/#website","url":"https:\/\/graziamagazine.com\/es\/","name":"Grazia","description":"Moda, belleza, celebrities, estilo de vida...","potentialAction":[{"@type":"SearchAction","target":{"@type":"EntryPoint","urlTemplate":"https:\/\/graziamagazine.com\/es\/?s={search_term_string}"},"query-input":"required name=search_term_string"}],"inLanguage":"es"}]}},"jetpack_sharing_enabled":true,"distributor_meta":false,"distributor_terms":false,"distributor_media":false,"distributor_original_site_name":"Grazia","distributor_original_site_url":"https:\/\/graziamagazine.com\/es","push-errors":false,"_links":{"self":[{"href":"https:\/\/graziamagazine.com\/es\/wp-json\/wp\/v2\/articles\/183545"}],"collection":[{"href":"https:\/\/graziamagazine.com\/es\/wp-json\/wp\/v2\/articles"}],"about":[{"href":"https:\/\/graziamagazine.com\/es\/wp-json\/wp\/v2\/types\/articles"}],"author":[{"embeddable":true,"href":"https:\/\/graziamagazine.com\/es\/wp-json\/wp\/v2\/users\/16349"}],"wp:featuredmedia":[{"embeddable":true,"href":"https:\/\/graziamagazine.com\/es\/wp-json\/wp\/v2\/media\/183546"}],"wp:attachment":[{"href":"https:\/\/graziamagazine.com\/es\/wp-json\/wp\/v2\/media?parent=183545"}],"wp:term":[{"taxonomy":"category","embeddable":true,"href":"https:\/\/graziamagazine.com\/es\/wp-json\/wp\/v2\/categories?post=183545"}],"curies":[{"name":"wp","href":"https:\/\/api.w.org\/{rel}","templated":true}]}}