{"id":183476,"date":"2025-03-24T09:33:05","date_gmt":"2025-03-24T08:33:05","guid":{"rendered":"https:\/\/graziamagazine.com\/es\/?post_type=articles&#038;p=183476"},"modified":"2025-03-24T09:33:05","modified_gmt":"2025-03-24T08:33:05","slug":"7-consejos-para-afrontar-la-primavera-con-la-mejor-actitud","status":"publish","type":"articles","link":"https:\/\/graziamagazine.com\/es\/articles\/7-consejos-para-afrontar-la-primavera-con-la-mejor-actitud\/","title":{"rendered":"7 consejos para afrontar la primavera con la mejor actitud"},"content":{"rendered":"<p>La primavera es sin\u00f3nimo de <strong>renovaci\u00f3n, luz y energ\u00eda positiva<\/strong>. Con la llegada del buen tiempo, los d\u00edas se alargan, las temperaturas suben y todo a nuestro alrededor invita a un cambio de actitud. Si quieres recibir esta estaci\u00f3n con la mejor versi\u00f3n de ti misma, aqu\u00ed tienes <strong>los mejores consejos para afrontar la primavera con energ\u00eda, optimismo y estilo<\/strong>.<\/p>\n<h3><strong>Recarga tu energ\u00eda con el sol<\/strong><\/h3>\n<p>Despu\u00e9s de los meses fr\u00edos, la primavera nos regala m\u00e1s horas de luz. Aprovecha para <strong>salir al aire libre<\/strong>, dar paseos matutinos o disfrutar de una comida en una terraza. El sol no solo mejora el \u00e1nimo, sino que tambi\u00e9n ayuda a sintetizar <strong>vitamina D<\/strong>, esencial para la salud de los huesos y el sistema inmunol\u00f3gico.<\/p>\n<h3><strong>Renueva tu alimentaci\u00f3n<\/strong><\/h3>\n<p>Es el momento perfecto para incluir <strong>alimentos frescos y de temporada<\/strong> en tu dieta. Frutas como fresas, naranjas y kiwis aportan un extra de <strong>vitaminas y antioxidantes<\/strong> para revitalizar el cuerpo. Tambi\u00e9n puedes optar por ensaladas coloridas, smoothies naturales y platos ligeros que te ayuden a sentirte m\u00e1s activa.<\/p>\n<p><img loading=\"lazy\" decoding=\"async\" class=\"aligncenter size-full wp-image-183479\" src=\"https:\/\/graziamagazine.com\/es\/wp-content\/uploads\/sites\/12\/2025\/03\/pexels-sarah-chai-7262876-scaled.jpg\" alt=\"\" width=\"1707\" height=\"2560\" srcset=\"https:\/\/graziamagazine.com\/es\/wp-content\/uploads\/sites\/12\/2025\/03\/pexels-sarah-chai-7262876-scaled.jpg 1707w, https:\/\/graziamagazine.com\/es\/wp-content\/uploads\/sites\/12\/2025\/03\/pexels-sarah-chai-7262876-200x300.jpg 200w, https:\/\/graziamagazine.com\/es\/wp-content\/uploads\/sites\/12\/2025\/03\/pexels-sarah-chai-7262876-683x1024.jpg 683w, https:\/\/graziamagazine.com\/es\/wp-content\/uploads\/sites\/12\/2025\/03\/pexels-sarah-chai-7262876-768x1152.jpg 768w, https:\/\/graziamagazine.com\/es\/wp-content\/uploads\/sites\/12\/2025\/03\/pexels-sarah-chai-7262876-1024x1536.jpg 1024w, https:\/\/graziamagazine.com\/es\/wp-content\/uploads\/sites\/12\/2025\/03\/pexels-sarah-chai-7262876-1365x2048.jpg 1365w, https:\/\/graziamagazine.com\/es\/wp-content\/uploads\/sites\/12\/2025\/03\/pexels-sarah-chai-7262876-400x600.jpg 400w, https:\/\/graziamagazine.com\/es\/wp-content\/uploads\/sites\/12\/2025\/03\/pexels-sarah-chai-7262876-143x215.jpg 143w\" sizes=\"(max-width: 1707px) 100vw, 1707px\" \/><\/p>\n<h3><strong>Mu\u00e9vete y activa tu cuerpo<\/strong><\/h3>\n<p>La llegada del buen tiempo es la excusa perfecta para <strong>retomar el ejercicio f\u00edsico<\/strong> al aire libre. Practicar yoga en el parque, salir a correr o simplemente hacer una caminata diaria mejorar\u00e1 tu estado de \u00e1nimo y te llenar\u00e1 de energ\u00eda.<\/p>\n<h3><strong>Dedica tiempo a tu bienestar<\/strong><\/h3>\n<p>La primavera es un momento ideal para hacer una <strong>puesta a punto beauty<\/strong>. Un <strong>cambio de look<\/strong>, una rutina de skincare renovada y tratamientos de exfoliaci\u00f3n ayudar\u00e1n a que tu piel luzca m\u00e1s fresca y radiante. No olvides el protector solar, incluso en d\u00edas nublados.<\/p>\n<h3><strong>Renueva tu armario con prendas frescas<\/strong><\/h3>\n<p>Desp\u00eddete de los abrigos pesados y da la bienvenida a tejidos ligeros, colores vibrantes y estampados florales. Los tonos pastel y las prendas fluidas son perfectas para transmitir alegr\u00eda y frescura. Adem\u00e1s, los <strong>accesorios<\/strong> como gafas de sol, pa\u00f1uelos y bolsos de rafia son clave para darle el toque primaveral a cualquier look.<\/p>\n<p><img loading=\"lazy\" decoding=\"async\" class=\"aligncenter size-full wp-image-183480\" src=\"https:\/\/graziamagazine.com\/es\/wp-content\/uploads\/sites\/12\/2025\/03\/pexels-n-voitkevich-5128736-scaled.jpg\" alt=\"\" width=\"1707\" height=\"2560\" srcset=\"https:\/\/graziamagazine.com\/es\/wp-content\/uploads\/sites\/12\/2025\/03\/pexels-n-voitkevich-5128736-scaled.jpg 1707w, https:\/\/graziamagazine.com\/es\/wp-content\/uploads\/sites\/12\/2025\/03\/pexels-n-voitkevich-5128736-200x300.jpg 200w, https:\/\/graziamagazine.com\/es\/wp-content\/uploads\/sites\/12\/2025\/03\/pexels-n-voitkevich-5128736-683x1024.jpg 683w, https:\/\/graziamagazine.com\/es\/wp-content\/uploads\/sites\/12\/2025\/03\/pexels-n-voitkevich-5128736-768x1152.jpg 768w, https:\/\/graziamagazine.com\/es\/wp-content\/uploads\/sites\/12\/2025\/03\/pexels-n-voitkevich-5128736-1024x1536.jpg 1024w, https:\/\/graziamagazine.com\/es\/wp-content\/uploads\/sites\/12\/2025\/03\/pexels-n-voitkevich-5128736-1365x2048.jpg 1365w, https:\/\/graziamagazine.com\/es\/wp-content\/uploads\/sites\/12\/2025\/03\/pexels-n-voitkevich-5128736-400x600.jpg 400w, https:\/\/graziamagazine.com\/es\/wp-content\/uploads\/sites\/12\/2025\/03\/pexels-n-voitkevich-5128736-143x215.jpg 143w\" sizes=\"(max-width: 1707px) 100vw, 1707px\" \/><\/p>\n<h3><strong>Cultiva una mentalidad positiva<\/strong><\/h3>\n<p>El cambio de estaci\u00f3n tambi\u00e9n puede ser un momento de transformaci\u00f3n interna. Practicar <strong>gratitud, mindfulness o escribir un diario<\/strong> te ayudar\u00e1 a mantener una actitud positiva y a reducir el estr\u00e9s. La primavera es el momento ideal para abrirse a nuevas experiencias y retos.<\/p>\n<h3><strong>Disfruta de la naturaleza<\/strong><\/h3>\n<p>Nada como un paseo entre \u00e1rboles en flor, una escapada al campo o un picnic en el parque para conectar con la belleza de la primavera. Rodearte de naturaleza te aportar\u00e1 paz y bienestar emocional.<\/p>\n<p><img loading=\"lazy\" decoding=\"async\" class=\"aligncenter size-full wp-image-183481\" src=\"https:\/\/graziamagazine.com\/es\/wp-content\/uploads\/sites\/12\/2025\/03\/pexels-valeriya-92332.jpg\" alt=\"\" width=\"1920\" height=\"1329\" srcset=\"https:\/\/graziamagazine.com\/es\/wp-content\/uploads\/sites\/12\/2025\/03\/pexels-valeriya-92332.jpg 1920w, https:\/\/graziamagazine.com\/es\/wp-content\/uploads\/sites\/12\/2025\/03\/pexels-valeriya-92332-300x208.jpg 300w, https:\/\/graziamagazine.com\/es\/wp-content\/uploads\/sites\/12\/2025\/03\/pexels-valeriya-92332-1024x709.jpg 1024w, https:\/\/graziamagazine.com\/es\/wp-content\/uploads\/sites\/12\/2025\/03\/pexels-valeriya-92332-768x532.jpg 768w, https:\/\/graziamagazine.com\/es\/wp-content\/uploads\/sites\/12\/2025\/03\/pexels-valeriya-92332-1536x1063.jpg 1536w, https:\/\/graziamagazine.com\/es\/wp-content\/uploads\/sites\/12\/2025\/03\/pexels-valeriya-92332-400x277.jpg 400w, https:\/\/graziamagazine.com\/es\/wp-content\/uploads\/sites\/12\/2025\/03\/pexels-valeriya-92332-155x107.jpg 155w\" sizes=\"(max-width: 1920px) 100vw, 1920px\" \/><\/p>\n<p>En definitiva, la primavera es el momento perfecto para renovarse, disfrutar y vivir con alegr\u00eda. Pon en pr\u00e1ctica estos consejos y aprovecha al m\u00e1ximo esta temporada llena de luz y nuevas oportunidades. \u00a1Florece con la primavera!<\/p>\n<p><em>*Im\u00e1genes: Pexels<\/em><\/p>\n","protected":false},"author":11653,"featured_media":183477,"template":"","format":"standard","categories":[3054],"acf":[],"yoast_head":"<!-- This site is optimized with the Yoast SEO Premium plugin v18.5 (Yoast SEO v20.4) - https:\/\/yoast.com\/wordpress\/plugins\/seo\/ -->\n<title>Consejos para afrontar la primavera con la mejor actitud<\/title>\n<meta name=\"description\" content=\"Es el momento perfecto para renovarse, pon en pr\u00e1ctica estos consejos y aprovecha esta temporada llena de luz y nuevas oportunidades.\" \/>\n<meta name=\"robots\" content=\"index, follow, max-snippet:-1, max-image-preview:large, max-video-preview:-1\" \/>\n<link rel=\"canonical\" href=\"https:\/\/graziamagazine.com\/es\/articles\/7-consejos-para-afrontar-la-primavera-con-la-mejor-actitud\/\" \/>\n<meta property=\"og:locale\" content=\"es_ES\" \/>\n<meta property=\"og:type\" content=\"article\" \/>\n<meta property=\"og:title\" content=\"7 consejos para afrontar la primavera con la mejor actitud\" \/>\n<meta property=\"og:description\" content=\"Es el momento perfecto para renovarse, pon en pr\u00e1ctica estos consejos y aprovecha esta temporada llena de luz y nuevas oportunidades.\" \/>\n<meta property=\"og:url\" content=\"https:\/\/graziamagazine.com\/es\/articles\/7-consejos-para-afrontar-la-primavera-con-la-mejor-actitud\/\" \/>\n<meta property=\"og:site_name\" content=\"Grazia\" \/>\n<meta property=\"og:image\" content=\"https:\/\/graziamagazine.com\/es\/wp-content\/uploads\/sites\/12\/2025\/03\/pexels-maksgelatin-4348589.jpg\" \/>\n\t<meta property=\"og:image:width\" content=\"1920\" \/>\n\t<meta property=\"og:image:height\" content=\"1280\" \/>\n\t<meta property=\"og:image:type\" content=\"image\/jpeg\" \/>\n<meta name=\"twitter:card\" content=\"summary_large_image\" \/>\n<meta name=\"twitter:label1\" content=\"Est. reading time\" \/>\n\t<meta name=\"twitter:data1\" content=\"3 minutos\" \/>\n<script type=\"application\/ld+json\" class=\"yoast-schema-graph\">{\"@context\":\"https:\/\/schema.org\",\"@graph\":[{\"@type\":\"WebPage\",\"@id\":\"https:\/\/graziamagazine.com\/es\/articles\/7-consejos-para-afrontar-la-primavera-con-la-mejor-actitud\/\",\"url\":\"https:\/\/graziamagazine.com\/es\/articles\/7-consejos-para-afrontar-la-primavera-con-la-mejor-actitud\/\",\"name\":\"Consejos para afrontar la primavera con la mejor actitud\",\"isPartOf\":{\"@id\":\"https:\/\/graziamagazine.com\/es\/#website\"},\"datePublished\":\"2025-03-24T08:33:05+00:00\",\"dateModified\":\"2025-03-24T08:33:05+00:00\",\"description\":\"Es el momento perfecto para renovarse, pon en pr\u00e1ctica estos consejos y aprovecha esta temporada llena de luz y nuevas oportunidades.\",\"breadcrumb\":{\"@id\":\"https:\/\/graziamagazine.com\/es\/articles\/7-consejos-para-afrontar-la-primavera-con-la-mejor-actitud\/#breadcrumb\"},\"inLanguage\":\"es\",\"potentialAction\":[{\"@type\":\"ReadAction\",\"target\":[\"https:\/\/graziamagazine.com\/es\/articles\/7-consejos-para-afrontar-la-primavera-con-la-mejor-actitud\/\"]}]},{\"@type\":\"BreadcrumbList\",\"@id\":\"https:\/\/graziamagazine.com\/es\/articles\/7-consejos-para-afrontar-la-primavera-con-la-mejor-actitud\/#breadcrumb\",\"itemListElement\":[{\"@type\":\"ListItem\",\"position\":1,\"name\":\"Portada\",\"item\":\"https:\/\/graziamagazine.com\/es\/\"},{\"@type\":\"ListItem\",\"position\":2,\"name\":\"7 consejos para afrontar la primavera con la mejor actitud\"}]},{\"@type\":\"WebSite\",\"@id\":\"https:\/\/graziamagazine.com\/es\/#website\",\"url\":\"https:\/\/graziamagazine.com\/es\/\",\"name\":\"Grazia\",\"description\":\"Moda, belleza, celebrities, estilo de vida...\",\"potentialAction\":[{\"@type\":\"SearchAction\",\"target\":{\"@type\":\"EntryPoint\",\"urlTemplate\":\"https:\/\/graziamagazine.com\/es\/?s={search_term_string}\"},\"query-input\":\"required name=search_term_string\"}],\"inLanguage\":\"es\"}]}<\/script>\n<!-- \/ Yoast SEO Premium plugin. -->","yoast_head_json":{"title":"Consejos para afrontar la primavera con la mejor actitud","description":"Es el momento perfecto para renovarse, pon en pr\u00e1ctica estos consejos y aprovecha esta temporada llena de luz y nuevas oportunidades.","robots":{"index":"index","follow":"follow","max-snippet":"max-snippet:-1","max-image-preview":"max-image-preview:large","max-video-preview":"max-video-preview:-1"},"canonical":"https:\/\/graziamagazine.com\/es\/articles\/7-consejos-para-afrontar-la-primavera-con-la-mejor-actitud\/","og_locale":"es_ES","og_type":"article","og_title":"7 consejos para afrontar la primavera con la mejor actitud","og_description":"Es el momento perfecto para renovarse, pon en pr\u00e1ctica estos consejos y aprovecha esta temporada llena de luz y nuevas oportunidades.","og_url":"https:\/\/graziamagazine.com\/es\/articles\/7-consejos-para-afrontar-la-primavera-con-la-mejor-actitud\/","og_site_name":"Grazia","og_image":[{"width":1920,"height":1280,"url":"https:\/\/graziamagazine.com\/es\/wp-content\/uploads\/sites\/12\/2025\/03\/pexels-maksgelatin-4348589.jpg","type":"image\/jpeg"}],"twitter_card":"summary_large_image","twitter_misc":{"Est. reading time":"3 minutos"},"schema":{"@context":"https:\/\/schema.org","@graph":[{"@type":"WebPage","@id":"https:\/\/graziamagazine.com\/es\/articles\/7-consejos-para-afrontar-la-primavera-con-la-mejor-actitud\/","url":"https:\/\/graziamagazine.com\/es\/articles\/7-consejos-para-afrontar-la-primavera-con-la-mejor-actitud\/","name":"Consejos para afrontar la primavera con la mejor actitud","isPartOf":{"@id":"https:\/\/graziamagazine.com\/es\/#website"},"datePublished":"2025-03-24T08:33:05+00:00","dateModified":"2025-03-24T08:33:05+00:00","description":"Es el momento perfecto para renovarse, pon en pr\u00e1ctica estos consejos y aprovecha esta temporada llena de luz y nuevas oportunidades.","breadcrumb":{"@id":"https:\/\/graziamagazine.com\/es\/articles\/7-consejos-para-afrontar-la-primavera-con-la-mejor-actitud\/#breadcrumb"},"inLanguage":"es","potentialAction":[{"@type":"ReadAction","target":["https:\/\/graziamagazine.com\/es\/articles\/7-consejos-para-afrontar-la-primavera-con-la-mejor-actitud\/"]}]},{"@type":"BreadcrumbList","@id":"https:\/\/graziamagazine.com\/es\/articles\/7-consejos-para-afrontar-la-primavera-con-la-mejor-actitud\/#breadcrumb","itemListElement":[{"@type":"ListItem","position":1,"name":"Portada","item":"https:\/\/graziamagazine.com\/es\/"},{"@type":"ListItem","position":2,"name":"7 consejos para afrontar la primavera con la mejor actitud"}]},{"@type":"WebSite","@id":"https:\/\/graziamagazine.com\/es\/#website","url":"https:\/\/graziamagazine.com\/es\/","name":"Grazia","description":"Moda, belleza, celebrities, estilo de vida...","potentialAction":[{"@type":"SearchAction","target":{"@type":"EntryPoint","urlTemplate":"https:\/\/graziamagazine.com\/es\/?s={search_term_string}"},"query-input":"required name=search_term_string"}],"inLanguage":"es"}]}},"jetpack_sharing_enabled":true,"distributor_meta":false,"distributor_terms":false,"distributor_media":false,"distributor_original_site_name":"Grazia","distributor_original_site_url":"https:\/\/graziamagazine.com\/es","push-errors":false,"_links":{"self":[{"href":"https:\/\/graziamagazine.com\/es\/wp-json\/wp\/v2\/articles\/183476"}],"collection":[{"href":"https:\/\/graziamagazine.com\/es\/wp-json\/wp\/v2\/articles"}],"about":[{"href":"https:\/\/graziamagazine.com\/es\/wp-json\/wp\/v2\/types\/articles"}],"author":[{"embeddable":true,"href":"https:\/\/graziamagazine.com\/es\/wp-json\/wp\/v2\/users\/11653"}],"wp:featuredmedia":[{"embeddable":true,"href":"https:\/\/graziamagazine.com\/es\/wp-json\/wp\/v2\/media\/183477"}],"wp:attachment":[{"href":"https:\/\/graziamagazine.com\/es\/wp-json\/wp\/v2\/media?parent=183476"}],"wp:term":[{"taxonomy":"category","embeddable":true,"href":"https:\/\/graziamagazine.com\/es\/wp-json\/wp\/v2\/categories?post=183476"}],"curies":[{"name":"wp","href":"https:\/\/api.w.org\/{rel}","templated":true}]}}