{"id":183402,"date":"2025-03-20T07:21:26","date_gmt":"2025-03-20T06:21:26","guid":{"rendered":"https:\/\/graziamagazine.com\/es\/?post_type=articles&#038;p=183402"},"modified":"2025-03-20T09:09:42","modified_gmt":"2025-03-20T08:09:42","slug":"prepara-tus-manos-para-lucir-su-mejor-version-esta-primavera","status":"publish","type":"articles","link":"https:\/\/graziamagazine.com\/es\/articles\/prepara-tus-manos-para-lucir-su-mejor-version-esta-primavera\/","title":{"rendered":"Prepara tus manos para lucir su mejor versi\u00f3n esta primavera"},"content":{"rendered":"<p>La primavera est\u00e1 a la vuelta de la esquina y los estragos del invierno en las manos son evidentes. Hay que tener en cuenta que son una de las partes del cuerpo que m\u00e1s sufren con el fr\u00edo, ya que est\u00e1n m\u00e1s expuestas y, en muchas ocasiones, olvidamos cuidarlas como se merecen. El contraste constante de temperaturas entre el fr\u00edo intenso del exterior y el calor, junto con la falta de humedad en los espacios cerrados, as\u00ed como el viento, que acelera la sequedad de la piel (excepto cuando se protegen con guantes), favorece su deshidrataci\u00f3n y, en muchas ocasiones, provoca que lleguen incluso a agrietarse.<\/p>\n<p>Por eso, para llegar a la primavera con unas manos cuidadas y listas para lucir las \u00faltimas tendencias en color (que apuntan a tonos neutros y a unas manos y u\u00f1as impecables), es fundamental seguir una rutina de cuidado espec\u00edfica, sencilla y constante. Esta debe incluir una limpieza con un producto espec\u00edfico, una buena crema de manos y un tratamiento para u\u00f1as y cut\u00edculas. \u00a1Tres pasos ultra sencillos con los que lucir\u00e1s la mejor versi\u00f3n de tus manos!<\/p>\n<h3><strong>7 opciones para mantener tus manos sanas y bonitas<\/strong><\/h3>\n<p><strong>Delicious Rhubarb &amp; Rose Fine Liquid Hand Wash, de Molton Brown<\/strong><\/p>\n<p>Este\u00a0jab\u00f3n l\u00edquido, de la firma inglesa merecedora de la Royal Warrant de la Reina Isabel II de Inglaterra, posee una f\u00f3rmula suave que limpia e hidrata la piel. Su fragancia \u00fanica combina la frescura del ruibarbo con la suavidad de las rosas, creando una experiencia \u00fanica. Ideal para usar a diario, este jab\u00f3n proporciona una limpieza efectiva mientras deja las manos con una sensaci\u00f3n de suavidad y frescura.<\/p>\n<p><img loading=\"lazy\" decoding=\"async\" class=\"aligncenter wp-image-183411 size-full\" src=\"https:\/\/graziamagazine.com\/es\/wp-content\/uploads\/sites\/12\/2025\/03\/Molton-Brown-Delicious-Rhubarb-Rose-Hand-Wash-300ml-NHH218-copia-scaled-e1742451658163.jpg\" alt=\"\" width=\"2423\" height=\"2227\" srcset=\"https:\/\/graziamagazine.com\/es\/wp-content\/uploads\/sites\/12\/2025\/03\/Molton-Brown-Delicious-Rhubarb-Rose-Hand-Wash-300ml-NHH218-copia-scaled-e1742451658163.jpg 2423w, https:\/\/graziamagazine.com\/es\/wp-content\/uploads\/sites\/12\/2025\/03\/Molton-Brown-Delicious-Rhubarb-Rose-Hand-Wash-300ml-NHH218-copia-scaled-e1742451658163-300x276.jpg 300w, https:\/\/graziamagazine.com\/es\/wp-content\/uploads\/sites\/12\/2025\/03\/Molton-Brown-Delicious-Rhubarb-Rose-Hand-Wash-300ml-NHH218-copia-scaled-e1742451658163-1024x941.jpg 1024w, https:\/\/graziamagazine.com\/es\/wp-content\/uploads\/sites\/12\/2025\/03\/Molton-Brown-Delicious-Rhubarb-Rose-Hand-Wash-300ml-NHH218-copia-scaled-e1742451658163-768x706.jpg 768w, https:\/\/graziamagazine.com\/es\/wp-content\/uploads\/sites\/12\/2025\/03\/Molton-Brown-Delicious-Rhubarb-Rose-Hand-Wash-300ml-NHH218-copia-scaled-e1742451658163-1536x1412.jpg 1536w, https:\/\/graziamagazine.com\/es\/wp-content\/uploads\/sites\/12\/2025\/03\/Molton-Brown-Delicious-Rhubarb-Rose-Hand-Wash-300ml-NHH218-copia-scaled-e1742451658163-2048x1882.jpg 2048w, https:\/\/graziamagazine.com\/es\/wp-content\/uploads\/sites\/12\/2025\/03\/Molton-Brown-Delicious-Rhubarb-Rose-Hand-Wash-300ml-NHH218-copia-scaled-e1742451658163-400x368.jpg 400w, https:\/\/graziamagazine.com\/es\/wp-content\/uploads\/sites\/12\/2025\/03\/Molton-Brown-Delicious-Rhubarb-Rose-Hand-Wash-300ml-NHH218-copia-scaled-e1742451658163-155x142.jpg 155w\" sizes=\"(max-width: 2423px) 100vw, 2423px\" \/><\/p>\n<p><a href=\"https:\/\/isolee.com\/es\/molton-brown\/rhubarb-rose-hand-wash-300ml\" target=\"_blank\">Su precio es de 25 euros en isol\u00e9e.<\/a><\/p>\n<p><strong>Aceite de u\u00f1as y cut\u00edculas, de Vitry<\/strong><\/p>\n<p>Est\u00e1 formulado con un 99,7% de ingredientes de origen natural: combina 3 preciados aceites (almendra dulce, coco y jojoba) para nutrir las u\u00f1as y suavizar las cut\u00edculas. Aplica una gota de aceite una vez al d\u00eda por la noche, y las veces que sea necesario a lo largo del d\u00eda sobre las u\u00f1as y su contorno, y masaj\u00e9alo con movimientos circulares para que el aceite penetre suavemente. Deja actuar y, despu\u00e9s, utilizando el palito de madera, empuja las cut\u00edculas \u00a1no las cortes!<\/p>\n<p><img loading=\"lazy\" decoding=\"async\" class=\"aligncenter size-full wp-image-183408\" src=\"https:\/\/graziamagazine.com\/es\/wp-content\/uploads\/sites\/12\/2025\/03\/VGCUTIFA-flacon.jpg\" alt=\"\" width=\"2274\" height=\"2274\" srcset=\"https:\/\/graziamagazine.com\/es\/wp-content\/uploads\/sites\/12\/2025\/03\/VGCUTIFA-flacon.jpg 2274w, https:\/\/graziamagazine.com\/es\/wp-content\/uploads\/sites\/12\/2025\/03\/VGCUTIFA-flacon-300x300.jpg 300w, https:\/\/graziamagazine.com\/es\/wp-content\/uploads\/sites\/12\/2025\/03\/VGCUTIFA-flacon-1024x1024.jpg 1024w, https:\/\/graziamagazine.com\/es\/wp-content\/uploads\/sites\/12\/2025\/03\/VGCUTIFA-flacon-150x150.jpg 150w, https:\/\/graziamagazine.com\/es\/wp-content\/uploads\/sites\/12\/2025\/03\/VGCUTIFA-flacon-768x768.jpg 768w, https:\/\/graziamagazine.com\/es\/wp-content\/uploads\/sites\/12\/2025\/03\/VGCUTIFA-flacon-1536x1536.jpg 1536w, https:\/\/graziamagazine.com\/es\/wp-content\/uploads\/sites\/12\/2025\/03\/VGCUTIFA-flacon-2048x2048.jpg 2048w, https:\/\/graziamagazine.com\/es\/wp-content\/uploads\/sites\/12\/2025\/03\/VGCUTIFA-flacon-400x400.jpg 400w, https:\/\/graziamagazine.com\/es\/wp-content\/uploads\/sites\/12\/2025\/03\/VGCUTIFA-flacon-155x155.jpg 155w\" sizes=\"(max-width: 2274px) 100vw, 2274px\" \/><\/p>\n<p><a href=\"https:\/\/www.elcorteingles.es\/parafarmacia\/A38873563-aceite-unas-y-cuticulas-10-ml-vitry\/?gad_source=1&amp;gclid=EAIaIQobChMI1e-bvLzFiwMV8GtBAh0bgxqZEAQYByABEgJs2PD_BwE&amp;gclsrc=aw.ds\" target=\"_blank\">Su precio es de 13,15 euros en El Corte Ingl\u00e9s.<\/a><\/p>\n<p><strong>Omega 7, de Eiralabs<\/strong><\/p>\n<p>La belleza desde el interior es fundamental. Por eso, apostar por un nutrac\u00e9utico para mejorar, entre otras muchas cosas, la hidrataci\u00f3n, elasticidad y regenerar la piel sensible es clave. Adem\u00e1s, contiene aceite de espino amarillo que nutre e hidrata la piel, ayuda a reducir los s\u00edntomas del envejecimiento y disminuye los s\u00edntomas de enfermedades de la piel sensible.<\/p>\n<p><img loading=\"lazy\" decoding=\"async\" class=\"aligncenter size-full wp-image-183406\" src=\"https:\/\/graziamagazine.com\/es\/wp-content\/uploads\/sites\/12\/2025\/03\/OMEGA7_Tarro_900x9001-e1742451537563.jpg\" alt=\"\" width=\"843\" height=\"595\" srcset=\"https:\/\/graziamagazine.com\/es\/wp-content\/uploads\/sites\/12\/2025\/03\/OMEGA7_Tarro_900x9001-e1742451537563.jpg 843w, https:\/\/graziamagazine.com\/es\/wp-content\/uploads\/sites\/12\/2025\/03\/OMEGA7_Tarro_900x9001-e1742451537563-300x212.jpg 300w, https:\/\/graziamagazine.com\/es\/wp-content\/uploads\/sites\/12\/2025\/03\/OMEGA7_Tarro_900x9001-e1742451537563-768x542.jpg 768w, https:\/\/graziamagazine.com\/es\/wp-content\/uploads\/sites\/12\/2025\/03\/OMEGA7_Tarro_900x9001-e1742451537563-400x282.jpg 400w, https:\/\/graziamagazine.com\/es\/wp-content\/uploads\/sites\/12\/2025\/03\/OMEGA7_Tarro_900x9001-e1742451537563-155x109.jpg 155w\" sizes=\"(max-width: 843px) 100vw, 843px\" \/><\/p>\n<p><a href=\"https:\/\/www.eiralabs.es\/omega7-aceite-de-espino-amarillo-2\/\" target=\"_blank\">Su precio es de 37,95 euros.<\/a><\/p>\n<p><strong>Le Baume, de Dior<\/strong><\/p>\n<p>Este b\u00e1lsamo revitalizante multiusos se utiliza para reparar zonas especialmente secas como las manos. Su textura aporta una sensaci\u00f3n de tratamiento calmante.<br \/>\nAdem\u00e1s de ser hidratante y nutritivo, su f\u00f3rmula, compuesta por un 95% de ingredientes de origen natural como el extracto de centella asi\u00e1tica, tiene propiedades calmantes y reparadoras de la barrera cut\u00e1nea, \u00e1cido hialur\u00f3nico con propiedades hidratantes, y manteca de karit\u00e9, reconocida por sus propiedades nutritivas.<\/p>\n<p><img loading=\"lazy\" decoding=\"async\" class=\"aligncenter wp-image-183410 size-full\" src=\"https:\/\/graziamagazine.com\/es\/wp-content\/uploads\/sites\/12\/2025\/03\/OPEN-PACK-WITHOUT-SHADOW-copia-e1742451623329.jpg\" alt=\"\" width=\"2328\" height=\"2024\" srcset=\"https:\/\/graziamagazine.com\/es\/wp-content\/uploads\/sites\/12\/2025\/03\/OPEN-PACK-WITHOUT-SHADOW-copia-e1742451623329.jpg 2328w, https:\/\/graziamagazine.com\/es\/wp-content\/uploads\/sites\/12\/2025\/03\/OPEN-PACK-WITHOUT-SHADOW-copia-e1742451623329-300x261.jpg 300w, https:\/\/graziamagazine.com\/es\/wp-content\/uploads\/sites\/12\/2025\/03\/OPEN-PACK-WITHOUT-SHADOW-copia-e1742451623329-1024x890.jpg 1024w, https:\/\/graziamagazine.com\/es\/wp-content\/uploads\/sites\/12\/2025\/03\/OPEN-PACK-WITHOUT-SHADOW-copia-e1742451623329-768x668.jpg 768w, https:\/\/graziamagazine.com\/es\/wp-content\/uploads\/sites\/12\/2025\/03\/OPEN-PACK-WITHOUT-SHADOW-copia-e1742451623329-1536x1335.jpg 1536w, https:\/\/graziamagazine.com\/es\/wp-content\/uploads\/sites\/12\/2025\/03\/OPEN-PACK-WITHOUT-SHADOW-copia-e1742451623329-2048x1781.jpg 2048w, https:\/\/graziamagazine.com\/es\/wp-content\/uploads\/sites\/12\/2025\/03\/OPEN-PACK-WITHOUT-SHADOW-copia-e1742451623329-400x348.jpg 400w, https:\/\/graziamagazine.com\/es\/wp-content\/uploads\/sites\/12\/2025\/03\/OPEN-PACK-WITHOUT-SHADOW-copia-e1742451623329-155x135.jpg 155w\" sizes=\"(max-width: 2328px) 100vw, 2328px\" \/><\/p>\n<p><a href=\"https:\/\/www.dior.com\/es_es\/beauty\/products\/le-baume-C099700374.html?gad_source=1&amp;gclid=EAIaIQobChMIgrrLtrrFiwMV3z8GAB1yoBtoEAQYAyABEgLZ8vD_BwE\" target=\"_blank\">Su precio es de 56 euros.<\/a><\/p>\n<p><strong>Crema de manos protecci\u00f3n antiedad, de Days of Confidence<\/strong><\/p>\n<p>Su textura rica y nutritiva 100% natural, incluye un 80% de ingredientes org\u00e1nicos y se absorbe r\u00e1pidamente en la piel. Su complejo patentado Senestem aten\u00faa los signos del envejecimiento y devuelve la elasticidad a la piel de las manos. Adem\u00e1s, posee un agradable aroma con notas de salida muy frescas de c\u00edtricos y hierba cortada, combinadas con delicadas notas medias arom\u00e1ticas y florales, y notas de fondo m\u00e1s profundas y ligeramente amaderadas.<\/p>\n<p><img loading=\"lazy\" decoding=\"async\" class=\"aligncenter wp-image-183413 size-full\" src=\"https:\/\/graziamagazine.com\/es\/wp-content\/uploads\/sites\/12\/2025\/03\/9-Days-of-Cosmetics-1ry_Immunity-Mains-copia-scaled-e1742451787796.jpg\" alt=\"\" width=\"2414\" height=\"1655\" srcset=\"https:\/\/graziamagazine.com\/es\/wp-content\/uploads\/sites\/12\/2025\/03\/9-Days-of-Cosmetics-1ry_Immunity-Mains-copia-scaled-e1742451787796.jpg 2414w, https:\/\/graziamagazine.com\/es\/wp-content\/uploads\/sites\/12\/2025\/03\/9-Days-of-Cosmetics-1ry_Immunity-Mains-copia-scaled-e1742451787796-300x206.jpg 300w, https:\/\/graziamagazine.com\/es\/wp-content\/uploads\/sites\/12\/2025\/03\/9-Days-of-Cosmetics-1ry_Immunity-Mains-copia-scaled-e1742451787796-1024x702.jpg 1024w, https:\/\/graziamagazine.com\/es\/wp-content\/uploads\/sites\/12\/2025\/03\/9-Days-of-Cosmetics-1ry_Immunity-Mains-copia-scaled-e1742451787796-768x527.jpg 768w, https:\/\/graziamagazine.com\/es\/wp-content\/uploads\/sites\/12\/2025\/03\/9-Days-of-Cosmetics-1ry_Immunity-Mains-copia-scaled-e1742451787796-1536x1053.jpg 1536w, https:\/\/graziamagazine.com\/es\/wp-content\/uploads\/sites\/12\/2025\/03\/9-Days-of-Cosmetics-1ry_Immunity-Mains-copia-scaled-e1742451787796-2048x1404.jpg 2048w, https:\/\/graziamagazine.com\/es\/wp-content\/uploads\/sites\/12\/2025\/03\/9-Days-of-Cosmetics-1ry_Immunity-Mains-copia-scaled-e1742451787796-400x274.jpg 400w, https:\/\/graziamagazine.com\/es\/wp-content\/uploads\/sites\/12\/2025\/03\/9-Days-of-Cosmetics-1ry_Immunity-Mains-copia-scaled-e1742451787796-155x106.jpg 155w\" sizes=\"(max-width: 2414px) 100vw, 2414px\" \/><\/p>\n<p><a href=\"https:\/\/daysofconfidence.es\/products\/creme-protection-mains-anti-age\" target=\"_blank\">Su precio es de 24 euros.<\/a><\/p>\n<p><strong>Saluvital Manteca de Karit\u00e9 100% Pura &#8211; ECOCERT <\/strong><\/p>\n<p>Esta manteca, procedente de la agricultura ecol\u00f3gica y con certificado ECOCERT es perfecta para llevarla siempre nel el bolso. Es importante destacar que la manteca de karit\u00e9 es un producto natural que se ha utilizado durante siglos por sus propiedades excepcionales. Est\u00e1 especialmente indicada para peque\u00f1os problemas de la piel, como eccemas, descamaci\u00f3n o grietas, tan habituales en las manos. Adem\u00e1s, aporta una dosis extra de col\u00e1geno, que ayudar\u00e1 a luchar contra los signos del envejecimiento. Tambi\u00e9n nutre y repara, dejando una capa protectora sobre la piel y protegi\u00e9ndola de los agentes externos.<\/p>\n<p><img loading=\"lazy\" decoding=\"async\" class=\"aligncenter wp-image-183404 size-full\" src=\"https:\/\/graziamagazine.com\/es\/wp-content\/uploads\/sites\/12\/2025\/03\/Karite\u0301-Manteca-BIO-50-ml-MAIL-e1742451495523.jpg\" alt=\"\" width=\"1301\" height=\"665\" srcset=\"https:\/\/graziamagazine.com\/es\/wp-content\/uploads\/sites\/12\/2025\/03\/Karite\u0301-Manteca-BIO-50-ml-MAIL-e1742451495523.jpg 1301w, https:\/\/graziamagazine.com\/es\/wp-content\/uploads\/sites\/12\/2025\/03\/Karite\u0301-Manteca-BIO-50-ml-MAIL-e1742451495523-300x153.jpg 300w, https:\/\/graziamagazine.com\/es\/wp-content\/uploads\/sites\/12\/2025\/03\/Karite\u0301-Manteca-BIO-50-ml-MAIL-e1742451495523-1024x523.jpg 1024w, https:\/\/graziamagazine.com\/es\/wp-content\/uploads\/sites\/12\/2025\/03\/Karite\u0301-Manteca-BIO-50-ml-MAIL-e1742451495523-768x393.jpg 768w, https:\/\/graziamagazine.com\/es\/wp-content\/uploads\/sites\/12\/2025\/03\/Karite\u0301-Manteca-BIO-50-ml-MAIL-e1742451495523-400x204.jpg 400w, https:\/\/graziamagazine.com\/es\/wp-content\/uploads\/sites\/12\/2025\/03\/Karite\u0301-Manteca-BIO-50-ml-MAIL-e1742451495523-155x79.jpg 155w\" sizes=\"(max-width: 1301px) 100vw, 1301px\" \/><\/p>\n<p><a href=\"https:\/\/www.saluvital.es\/producto\/manteca-de-karite\/\" target=\"_blank\">Su precio es de 7,90 euros.<\/a><\/p>\n<p>Adem\u00e1s, <strong>Vicente Calduch,<\/strong> <strong>farmac\u00e9utico, CEO de los Laboratorios Calduch (y quinta generaci\u00f3n de los laboratorios) <\/strong>nos da 3 consejos infalibles para cuidar las manos:<\/p>\n<p>1-\u00a0\u00a0 \u00a0El fr\u00edo y el viento aceleran la deshidrataci\u00f3n, al igual que el calor y los ambientes resecos que provocan la calefacci\u00f3n. Por eso recomiendo llevar una crema de manos siempre en el bolso, en el coche o tenerla cerca de la mesilla de noche para aportar la hidrataci\u00f3n necesaria en todo momento.<\/p>\n<p>2- Lavarlas constantemente tambi\u00e9n las deshidratada, y por eso hay que elegir jabones suaves e hidrogeles que respeten la barrera cut\u00e1nea. Lo ideal es que tengan un pH similar al de la piel (5,5).<\/p>\n<p>3- La hidrataci\u00f3n profunda de las manos es clave. Si las notas especialmente secas o da\u00f1adas,\u00a0aplica una capa gruesa de Dermo-Suavina Crema de manos Original (<strong>con manteca de karit\u00e9,<\/strong>\u00a0a<strong>ceites de arg\u00e1n, coco, mono\u00ef, macadamia y oliva, extracto<\/strong> <strong>de equin\u00e1cea y de romero)<\/strong> y c\u00fabrelas con unos guantes de algod\u00f3n durante media hora (o incluso d\u00e9jala actuar durante toda la noche si es necesaria una reparaci\u00f3n muy intensa). Tras ese tiempo, retira el producto sobrante sin frotar con una toalla y el resultado ser\u00e1 el de unas manos reparadas, nutridas y suaves.<\/p>\n<p><img loading=\"lazy\" decoding=\"async\" class=\"aligncenter wp-image-183407 size-full\" src=\"https:\/\/graziamagazine.com\/es\/wp-content\/uploads\/sites\/12\/2025\/03\/SUAVINA-CremaManos-scaled-e1742451464328.jpg\" alt=\"\" width=\"2427\" height=\"2039\" srcset=\"https:\/\/graziamagazine.com\/es\/wp-content\/uploads\/sites\/12\/2025\/03\/SUAVINA-CremaManos-scaled-e1742451464328.jpg 2427w, https:\/\/graziamagazine.com\/es\/wp-content\/uploads\/sites\/12\/2025\/03\/SUAVINA-CremaManos-scaled-e1742451464328-300x252.jpg 300w, https:\/\/graziamagazine.com\/es\/wp-content\/uploads\/sites\/12\/2025\/03\/SUAVINA-CremaManos-scaled-e1742451464328-1024x860.jpg 1024w, https:\/\/graziamagazine.com\/es\/wp-content\/uploads\/sites\/12\/2025\/03\/SUAVINA-CremaManos-scaled-e1742451464328-768x645.jpg 768w, https:\/\/graziamagazine.com\/es\/wp-content\/uploads\/sites\/12\/2025\/03\/SUAVINA-CremaManos-scaled-e1742451464328-1536x1290.jpg 1536w, https:\/\/graziamagazine.com\/es\/wp-content\/uploads\/sites\/12\/2025\/03\/SUAVINA-CremaManos-scaled-e1742451464328-2048x1721.jpg 2048w, https:\/\/graziamagazine.com\/es\/wp-content\/uploads\/sites\/12\/2025\/03\/SUAVINA-CremaManos-scaled-e1742451464328-400x336.jpg 400w, https:\/\/graziamagazine.com\/es\/wp-content\/uploads\/sites\/12\/2025\/03\/SUAVINA-CremaManos-scaled-e1742451464328-155x130.jpg 155w\" sizes=\"(max-width: 2427px) 100vw, 2427px\" \/><\/p>\n<p><a href=\"https:\/\/www.farmaciacalduch.com\/producto\/suavina-original-crema-manos-40-ml\" target=\"_blank\">Su precio es de 6 euros en Farmacia Calduch.<\/a><\/p>\n<p><em>*Im\u00e1genes: Pexels y cortes\u00eda<\/em><\/p>\n<p>&nbsp;<\/p>\n","protected":false},"author":42702,"featured_media":183409,"template":"","format":"standard","categories":[7],"acf":[],"yoast_head":"<!-- This site is optimized with the Yoast SEO Premium plugin v18.5 (Yoast SEO v20.4) - https:\/\/yoast.com\/wordpress\/plugins\/seo\/ -->\n<title>Prepara tus manos para lucir su mejor versi\u00f3n esta primavera<\/title>\n<meta name=\"description\" content=\"Para llegar a la primavera con unas manos cuidadas es fundamental seguir una rutina de cuidado espec\u00edfica, sencilla y constante.\" \/>\n<meta name=\"robots\" content=\"index, follow, max-snippet:-1, max-image-preview:large, max-video-preview:-1\" \/>\n<link rel=\"canonical\" href=\"https:\/\/graziamagazine.com\/es\/articles\/prepara-tus-manos-para-lucir-su-mejor-version-esta-primavera\/\" \/>\n<meta property=\"og:locale\" content=\"es_ES\" \/>\n<meta property=\"og:type\" content=\"article\" \/>\n<meta property=\"og:title\" content=\"Prepara tus manos para lucir su mejor versi\u00f3n esta primavera\" \/>\n<meta property=\"og:description\" content=\"Para llegar a la primavera con unas manos cuidadas es fundamental seguir una rutina de cuidado espec\u00edfica, sencilla y constante.\" \/>\n<meta property=\"og:url\" content=\"https:\/\/graziamagazine.com\/es\/articles\/prepara-tus-manos-para-lucir-su-mejor-version-esta-primavera\/\" \/>\n<meta property=\"og:site_name\" content=\"Grazia\" \/>\n<meta property=\"article:modified_time\" content=\"2025-03-20T08:09:42+00:00\" \/>\n<meta property=\"og:image\" content=\"https:\/\/graziamagazine.com\/es\/wp-content\/uploads\/sites\/12\/2025\/03\/pexels-kpaukshtite-1460837.jpg\" \/>\n\t<meta property=\"og:image:width\" content=\"1920\" \/>\n\t<meta property=\"og:image:height\" content=\"1280\" \/>\n\t<meta property=\"og:image:type\" content=\"image\/jpeg\" \/>\n<meta name=\"twitter:card\" content=\"summary_large_image\" \/>\n<meta name=\"twitter:label1\" content=\"Est. reading time\" \/>\n\t<meta name=\"twitter:data1\" content=\"6 minutos\" \/>\n<script type=\"application\/ld+json\" class=\"yoast-schema-graph\">{\"@context\":\"https:\/\/schema.org\",\"@graph\":[{\"@type\":\"WebPage\",\"@id\":\"https:\/\/graziamagazine.com\/es\/articles\/prepara-tus-manos-para-lucir-su-mejor-version-esta-primavera\/\",\"url\":\"https:\/\/graziamagazine.com\/es\/articles\/prepara-tus-manos-para-lucir-su-mejor-version-esta-primavera\/\",\"name\":\"Prepara tus manos para lucir su mejor versi\u00f3n esta primavera\",\"isPartOf\":{\"@id\":\"https:\/\/graziamagazine.com\/es\/#website\"},\"datePublished\":\"2025-03-20T06:21:26+00:00\",\"dateModified\":\"2025-03-20T08:09:42+00:00\",\"description\":\"Para llegar a la primavera con unas manos cuidadas es fundamental seguir una rutina de cuidado espec\u00edfica, sencilla y constante.\",\"breadcrumb\":{\"@id\":\"https:\/\/graziamagazine.com\/es\/articles\/prepara-tus-manos-para-lucir-su-mejor-version-esta-primavera\/#breadcrumb\"},\"inLanguage\":\"es\",\"potentialAction\":[{\"@type\":\"ReadAction\",\"target\":[\"https:\/\/graziamagazine.com\/es\/articles\/prepara-tus-manos-para-lucir-su-mejor-version-esta-primavera\/\"]}]},{\"@type\":\"BreadcrumbList\",\"@id\":\"https:\/\/graziamagazine.com\/es\/articles\/prepara-tus-manos-para-lucir-su-mejor-version-esta-primavera\/#breadcrumb\",\"itemListElement\":[{\"@type\":\"ListItem\",\"position\":1,\"name\":\"Portada\",\"item\":\"https:\/\/graziamagazine.com\/es\/\"},{\"@type\":\"ListItem\",\"position\":2,\"name\":\"Prepara tus manos para lucir su mejor versi\u00f3n esta primavera\"}]},{\"@type\":\"WebSite\",\"@id\":\"https:\/\/graziamagazine.com\/es\/#website\",\"url\":\"https:\/\/graziamagazine.com\/es\/\",\"name\":\"Grazia\",\"description\":\"Moda, belleza, celebrities, estilo de vida...\",\"potentialAction\":[{\"@type\":\"SearchAction\",\"target\":{\"@type\":\"EntryPoint\",\"urlTemplate\":\"https:\/\/graziamagazine.com\/es\/?s={search_term_string}\"},\"query-input\":\"required name=search_term_string\"}],\"inLanguage\":\"es\"}]}<\/script>\n<!-- \/ Yoast SEO Premium plugin. -->","yoast_head_json":{"title":"Prepara tus manos para lucir su mejor versi\u00f3n esta primavera","description":"Para llegar a la primavera con unas manos cuidadas es fundamental seguir una rutina de cuidado espec\u00edfica, sencilla y constante.","robots":{"index":"index","follow":"follow","max-snippet":"max-snippet:-1","max-image-preview":"max-image-preview:large","max-video-preview":"max-video-preview:-1"},"canonical":"https:\/\/graziamagazine.com\/es\/articles\/prepara-tus-manos-para-lucir-su-mejor-version-esta-primavera\/","og_locale":"es_ES","og_type":"article","og_title":"Prepara tus manos para lucir su mejor versi\u00f3n esta primavera","og_description":"Para llegar a la primavera con unas manos cuidadas es fundamental seguir una rutina de cuidado espec\u00edfica, sencilla y constante.","og_url":"https:\/\/graziamagazine.com\/es\/articles\/prepara-tus-manos-para-lucir-su-mejor-version-esta-primavera\/","og_site_name":"Grazia","article_modified_time":"2025-03-20T08:09:42+00:00","og_image":[{"width":1920,"height":1280,"url":"https:\/\/graziamagazine.com\/es\/wp-content\/uploads\/sites\/12\/2025\/03\/pexels-kpaukshtite-1460837.jpg","type":"image\/jpeg"}],"twitter_card":"summary_large_image","twitter_misc":{"Est. reading time":"6 minutos"},"schema":{"@context":"https:\/\/schema.org","@graph":[{"@type":"WebPage","@id":"https:\/\/graziamagazine.com\/es\/articles\/prepara-tus-manos-para-lucir-su-mejor-version-esta-primavera\/","url":"https:\/\/graziamagazine.com\/es\/articles\/prepara-tus-manos-para-lucir-su-mejor-version-esta-primavera\/","name":"Prepara tus manos para lucir su mejor versi\u00f3n esta primavera","isPartOf":{"@id":"https:\/\/graziamagazine.com\/es\/#website"},"datePublished":"2025-03-20T06:21:26+00:00","dateModified":"2025-03-20T08:09:42+00:00","description":"Para llegar a la primavera con unas manos cuidadas es fundamental seguir una rutina de cuidado espec\u00edfica, sencilla y constante.","breadcrumb":{"@id":"https:\/\/graziamagazine.com\/es\/articles\/prepara-tus-manos-para-lucir-su-mejor-version-esta-primavera\/#breadcrumb"},"inLanguage":"es","potentialAction":[{"@type":"ReadAction","target":["https:\/\/graziamagazine.com\/es\/articles\/prepara-tus-manos-para-lucir-su-mejor-version-esta-primavera\/"]}]},{"@type":"BreadcrumbList","@id":"https:\/\/graziamagazine.com\/es\/articles\/prepara-tus-manos-para-lucir-su-mejor-version-esta-primavera\/#breadcrumb","itemListElement":[{"@type":"ListItem","position":1,"name":"Portada","item":"https:\/\/graziamagazine.com\/es\/"},{"@type":"ListItem","position":2,"name":"Prepara tus manos para lucir su mejor versi\u00f3n esta primavera"}]},{"@type":"WebSite","@id":"https:\/\/graziamagazine.com\/es\/#website","url":"https:\/\/graziamagazine.com\/es\/","name":"Grazia","description":"Moda, belleza, celebrities, estilo de vida...","potentialAction":[{"@type":"SearchAction","target":{"@type":"EntryPoint","urlTemplate":"https:\/\/graziamagazine.com\/es\/?s={search_term_string}"},"query-input":"required name=search_term_string"}],"inLanguage":"es"}]}},"jetpack_sharing_enabled":true,"distributor_meta":false,"distributor_terms":false,"distributor_media":false,"distributor_original_site_name":"Grazia","distributor_original_site_url":"https:\/\/graziamagazine.com\/es","push-errors":false,"_links":{"self":[{"href":"https:\/\/graziamagazine.com\/es\/wp-json\/wp\/v2\/articles\/183402"}],"collection":[{"href":"https:\/\/graziamagazine.com\/es\/wp-json\/wp\/v2\/articles"}],"about":[{"href":"https:\/\/graziamagazine.com\/es\/wp-json\/wp\/v2\/types\/articles"}],"author":[{"embeddable":true,"href":"https:\/\/graziamagazine.com\/es\/wp-json\/wp\/v2\/users\/42702"}],"wp:featuredmedia":[{"embeddable":true,"href":"https:\/\/graziamagazine.com\/es\/wp-json\/wp\/v2\/media\/183409"}],"wp:attachment":[{"href":"https:\/\/graziamagazine.com\/es\/wp-json\/wp\/v2\/media?parent=183402"}],"wp:term":[{"taxonomy":"category","embeddable":true,"href":"https:\/\/graziamagazine.com\/es\/wp-json\/wp\/v2\/categories?post=183402"}],"curies":[{"name":"wp","href":"https:\/\/api.w.org\/{rel}","templated":true}]}}