{"id":183216,"date":"2025-03-13T11:08:00","date_gmt":"2025-03-13T10:08:00","guid":{"rendered":"https:\/\/graziamagazine.com\/es\/?post_type=articles&#038;p=183216"},"modified":"2025-03-13T11:20:33","modified_gmt":"2025-03-13T10:20:33","slug":"faux-bob-el-peinado-tendencia-de-carlota-de-monaco","status":"publish","type":"articles","link":"https:\/\/graziamagazine.com\/es\/articles\/faux-bob-el-peinado-tendencia-de-carlota-de-monaco\/","title":{"rendered":"Faux bob, el peinado tendencia de Carlota de M\u00f3naco"},"content":{"rendered":"<p data-start=\"248\" data-end=\"561\">Cada primavera nos pasa lo mismo: sentimos la necesidad de un cambio, miramos peinados y, en un arrebato, terminamos en la peluquer\u00eda diciendo \u201csolo las puntas\u201d (spoiler: nunca es solo eso). Pero este a\u00f1o, Carlota Casiraghi nos ha dado la soluci\u00f3n perfecta para un look fresco sin arrepentimientos.<\/p>\n<p data-start=\"563\" data-end=\"888\">En el \u00faltimo desfile de <strong data-start=\"587\" data-end=\"597\">Chanel<\/strong>, la royal apareci\u00f3 con un peinado que enga\u00f1\u00f3 a todos: un <strong data-start=\"655\" data-end=\"668\">falso bob<\/strong> tan impecable que parec\u00eda un corte real. Pero no, su melena sigue intacta.<\/p>\n<p data-start=\"563\" data-end=\"888\">Y lo mejor de todo es que este peinado no solo es elegante y sofisticado, sino que t\u00fa tambi\u00e9n puedes lograrlo en casa con unos simples trucos.<\/p>\n<h3 data-start=\"890\" data-end=\"943\"><strong data-start=\"894\" data-end=\"941\">\u00bfPor qu\u00e9 todo el mundo habla del falso bob?<\/strong><\/h3>\n<figure id=\"attachment_148037\" class=\"wp-caption alignnone\" style=\"width: 674px\" aria-describedby=\"caption-attachment-148037\"><img loading=\"lazy\" decoding=\"async\" class=\"size-large wp-image-148037\" src=\"https:\/\/graziamagazine.com\/mx\/wp-content\/uploads\/sites\/13\/2025\/03\/Captura-de-Pantalla-2025-03-12-a-las-10.22.07-674x1024.png\" alt=\"Carlota de M\u00f3naco y el faux bob\" width=\"674\" height=\"1024\" \/><\/figure>\n<p data-start=\"944\" data-end=\"1308\">Porque es el equilibrio perfecto entre el deseo de cambio y el miedo a perder cent\u00edmetros. Es el peinado ideal para quienes sue\u00f1an con un bob, pero no est\u00e1n listas para despedirse de su largo.<\/p>\n<p data-start=\"944\" data-end=\"1308\"><strong data-start=\"1137\" data-end=\"1194\">Carlota lo llev\u00f3 con ondas suaves y un acabado pulido<\/strong>, logrando ese efecto \u201cparisian chic\u201d que parece natural, pero en realidad es una obra maestra de la peluquer\u00eda.<\/p>\n<h3 data-start=\"1310\" data-end=\"1368\"><strong data-start=\"1314\" data-end=\"1366\">\u00bfQuieres probarlo? Aqu\u00ed te decimos c\u00f3mo hacerlo:<\/strong><\/h3>\n<figure id=\"attachment_148039\" class=\"wp-caption alignnone\" style=\"width: 681px\" aria-describedby=\"caption-attachment-148039\"><img loading=\"lazy\" decoding=\"async\" class=\"size-large wp-image-148039\" src=\"https:\/\/graziamagazine.com\/mx\/wp-content\/uploads\/sites\/13\/2025\/03\/Captura-de-Pantalla-2025-03-12-a-las-10.22.18-681x1024.png\" alt=\"Carlota de M\u00f3naco y el faux bob\" width=\"681\" height=\"1024\" \/><\/figure>\n<ul>\n<li><strong data-start=\"1373\" data-end=\"1402\">Dale textura a tu cabello<\/strong> con unas ondas suaves usando una plancha o tenacillas. Esto ayudar\u00e1 a crear volumen y har\u00e1 que el peinado luzca m\u00e1s natural.<\/li>\n<li><strong data-start=\"1533\" data-end=\"1564\">Haz una coleta baja y floja<\/strong>, asegur\u00e1ndola con una goma delgada. No la ajustes demasiado.<\/li>\n<li><strong data-start=\"1631\" data-end=\"1653\">Esconde el cabello<\/strong>: enrolla la coleta hacia adentro y f\u00edjala con horquillas en la parte inferior de la cabeza.<\/li>\n<li><strong data-start=\"1751\" data-end=\"1788\">Suelta algunos mechones frontales<\/strong> para un efecto m\u00e1s relajado y chic.<\/li>\n<li><strong data-start=\"1830\" data-end=\"1854\">Fija con laca ligera<\/strong> para que el peinado dure sin perder movimiento.<\/li>\n<\/ul>\n<h3 data-start=\"1906\" data-end=\"1955\"><strong data-start=\"1910\" data-end=\"1953\">El toque Chanel: elegancia sin esfuerzo<\/strong><\/h3>\n<figure id=\"attachment_148041\" class=\"wp-caption alignnone\" style=\"width: 650px\" aria-describedby=\"caption-attachment-148041\"><img loading=\"lazy\" decoding=\"async\" class=\"size-large wp-image-148041\" src=\"https:\/\/graziamagazine.com\/mx\/wp-content\/uploads\/sites\/13\/2025\/03\/Captura-de-Pantalla-2025-03-12-a-las-10.24.38-650x1024.png\" alt=\"Carlota de M\u00f3naco y el faux bob\" width=\"650\" height=\"1024\" \/><\/figure>\n<p data-start=\"1956\" data-end=\"2221\">Lo que hace especial a este peinado no es solo su versatilidad, sino la manera en que se adapta a cualquier ocasi\u00f3n. Puedes llevarlo con un <strong data-start=\"2096\" data-end=\"2116\">vestido de noche<\/strong> para un look ultra sofisticado o con un <strong data-start=\"2157\" data-end=\"2175\">blazer y jeans<\/strong> para un aire m\u00e1s casual pero igual de chic.<\/p>\n<p data-start=\"2223\" data-end=\"2393\" data-is-last-node=\"\" data-is-only-node=\"\">Esta primavera, olv\u00eddate del miedo a las tijeras. Haz como Carlota y juega con tu melena sin compromisos. \u00bfLista para probar el falso bob? \u00a1Es el momento de reinventarte!<\/p>\n<p data-start=\"2223\" data-end=\"2393\" data-is-last-node=\"\" data-is-only-node=\"\"><em>*Im\u00e1genes: Getty Images<\/em><\/p>\n","protected":false},"author":16349,"featured_media":183226,"template":"","format":"standard","categories":[7,13],"acf":[],"yoast_head":"<!-- This site is optimized with the Yoast SEO Premium plugin v18.5 (Yoast SEO v20.4) - https:\/\/yoast.com\/wordpress\/plugins\/seo\/ -->\n<title>Faux bob, el peinado tendencia de Carlota de M\u00f3naco<\/title>\n<meta name=\"description\" content=\"Su peinado en el desfile de Chanel se convierte en la tendencia estrella de la primavera: elegancia atemporal sin necesidad de tijeras.\" \/>\n<meta name=\"robots\" content=\"index, follow, max-snippet:-1, max-image-preview:large, max-video-preview:-1\" \/>\n<link rel=\"canonical\" href=\"https:\/\/graziamagazine.com\/es\/articles\/faux-bob-el-peinado-tendencia-de-carlota-de-monaco\/\" \/>\n<meta property=\"og:locale\" content=\"es_ES\" \/>\n<meta property=\"og:type\" content=\"article\" \/>\n<meta property=\"og:title\" content=\"Faux bob, el peinado tendencia de Carlota de M\u00f3naco\" \/>\n<meta property=\"og:description\" content=\"Su peinado en el desfile de Chanel se convierte en la tendencia estrella de la primavera: elegancia atemporal sin necesidad de tijeras.\" \/>\n<meta property=\"og:url\" content=\"https:\/\/graziamagazine.com\/es\/articles\/faux-bob-el-peinado-tendencia-de-carlota-de-monaco\/\" \/>\n<meta property=\"og:site_name\" content=\"Grazia\" \/>\n<meta property=\"article:modified_time\" content=\"2025-03-13T10:20:33+00:00\" \/>\n<meta property=\"og:image\" content=\"https:\/\/graziamagazine.com\/es\/wp-content\/uploads\/sites\/12\/2025\/03\/gettyimages-2204497704-67d00ab83eed8-copia.jpg\" \/>\n\t<meta property=\"og:image:width\" content=\"1120\" \/>\n\t<meta property=\"og:image:height\" content=\"1122\" \/>\n\t<meta property=\"og:image:type\" content=\"image\/jpeg\" \/>\n<meta name=\"twitter:card\" content=\"summary_large_image\" \/>\n<meta name=\"twitter:label1\" content=\"Est. reading time\" \/>\n\t<meta name=\"twitter:data1\" content=\"3 minutos\" \/>\n<script type=\"application\/ld+json\" class=\"yoast-schema-graph\">{\"@context\":\"https:\/\/schema.org\",\"@graph\":[{\"@type\":\"WebPage\",\"@id\":\"https:\/\/graziamagazine.com\/es\/articles\/faux-bob-el-peinado-tendencia-de-carlota-de-monaco\/\",\"url\":\"https:\/\/graziamagazine.com\/es\/articles\/faux-bob-el-peinado-tendencia-de-carlota-de-monaco\/\",\"name\":\"Faux bob, el peinado tendencia de Carlota de M\u00f3naco\",\"isPartOf\":{\"@id\":\"https:\/\/graziamagazine.com\/es\/#website\"},\"datePublished\":\"2025-03-13T10:08:00+00:00\",\"dateModified\":\"2025-03-13T10:20:33+00:00\",\"description\":\"Su peinado en el desfile de Chanel se convierte en la tendencia estrella de la primavera: elegancia atemporal sin necesidad de tijeras.\",\"breadcrumb\":{\"@id\":\"https:\/\/graziamagazine.com\/es\/articles\/faux-bob-el-peinado-tendencia-de-carlota-de-monaco\/#breadcrumb\"},\"inLanguage\":\"es\",\"potentialAction\":[{\"@type\":\"ReadAction\",\"target\":[\"https:\/\/graziamagazine.com\/es\/articles\/faux-bob-el-peinado-tendencia-de-carlota-de-monaco\/\"]}]},{\"@type\":\"BreadcrumbList\",\"@id\":\"https:\/\/graziamagazine.com\/es\/articles\/faux-bob-el-peinado-tendencia-de-carlota-de-monaco\/#breadcrumb\",\"itemListElement\":[{\"@type\":\"ListItem\",\"position\":1,\"name\":\"Portada\",\"item\":\"https:\/\/graziamagazine.com\/es\/\"},{\"@type\":\"ListItem\",\"position\":2,\"name\":\"Faux bob, el peinado tendencia de Carlota de M\u00f3naco\"}]},{\"@type\":\"WebSite\",\"@id\":\"https:\/\/graziamagazine.com\/es\/#website\",\"url\":\"https:\/\/graziamagazine.com\/es\/\",\"name\":\"Grazia\",\"description\":\"Moda, belleza, celebrities, estilo de vida...\",\"potentialAction\":[{\"@type\":\"SearchAction\",\"target\":{\"@type\":\"EntryPoint\",\"urlTemplate\":\"https:\/\/graziamagazine.com\/es\/?s={search_term_string}\"},\"query-input\":\"required name=search_term_string\"}],\"inLanguage\":\"es\"}]}<\/script>\n<!-- \/ Yoast SEO Premium plugin. -->","yoast_head_json":{"title":"Faux bob, el peinado tendencia de Carlota de M\u00f3naco","description":"Su peinado en el desfile de Chanel se convierte en la tendencia estrella de la primavera: elegancia atemporal sin necesidad de tijeras.","robots":{"index":"index","follow":"follow","max-snippet":"max-snippet:-1","max-image-preview":"max-image-preview:large","max-video-preview":"max-video-preview:-1"},"canonical":"https:\/\/graziamagazine.com\/es\/articles\/faux-bob-el-peinado-tendencia-de-carlota-de-monaco\/","og_locale":"es_ES","og_type":"article","og_title":"Faux bob, el peinado tendencia de Carlota de M\u00f3naco","og_description":"Su peinado en el desfile de Chanel se convierte en la tendencia estrella de la primavera: elegancia atemporal sin necesidad de tijeras.","og_url":"https:\/\/graziamagazine.com\/es\/articles\/faux-bob-el-peinado-tendencia-de-carlota-de-monaco\/","og_site_name":"Grazia","article_modified_time":"2025-03-13T10:20:33+00:00","og_image":[{"width":1120,"height":1122,"url":"https:\/\/graziamagazine.com\/es\/wp-content\/uploads\/sites\/12\/2025\/03\/gettyimages-2204497704-67d00ab83eed8-copia.jpg","type":"image\/jpeg"}],"twitter_card":"summary_large_image","twitter_misc":{"Est. reading time":"3 minutos"},"schema":{"@context":"https:\/\/schema.org","@graph":[{"@type":"WebPage","@id":"https:\/\/graziamagazine.com\/es\/articles\/faux-bob-el-peinado-tendencia-de-carlota-de-monaco\/","url":"https:\/\/graziamagazine.com\/es\/articles\/faux-bob-el-peinado-tendencia-de-carlota-de-monaco\/","name":"Faux bob, el peinado tendencia de Carlota de M\u00f3naco","isPartOf":{"@id":"https:\/\/graziamagazine.com\/es\/#website"},"datePublished":"2025-03-13T10:08:00+00:00","dateModified":"2025-03-13T10:20:33+00:00","description":"Su peinado en el desfile de Chanel se convierte en la tendencia estrella de la primavera: elegancia atemporal sin necesidad de tijeras.","breadcrumb":{"@id":"https:\/\/graziamagazine.com\/es\/articles\/faux-bob-el-peinado-tendencia-de-carlota-de-monaco\/#breadcrumb"},"inLanguage":"es","potentialAction":[{"@type":"ReadAction","target":["https:\/\/graziamagazine.com\/es\/articles\/faux-bob-el-peinado-tendencia-de-carlota-de-monaco\/"]}]},{"@type":"BreadcrumbList","@id":"https:\/\/graziamagazine.com\/es\/articles\/faux-bob-el-peinado-tendencia-de-carlota-de-monaco\/#breadcrumb","itemListElement":[{"@type":"ListItem","position":1,"name":"Portada","item":"https:\/\/graziamagazine.com\/es\/"},{"@type":"ListItem","position":2,"name":"Faux bob, el peinado tendencia de Carlota de M\u00f3naco"}]},{"@type":"WebSite","@id":"https:\/\/graziamagazine.com\/es\/#website","url":"https:\/\/graziamagazine.com\/es\/","name":"Grazia","description":"Moda, belleza, celebrities, estilo de vida...","potentialAction":[{"@type":"SearchAction","target":{"@type":"EntryPoint","urlTemplate":"https:\/\/graziamagazine.com\/es\/?s={search_term_string}"},"query-input":"required name=search_term_string"}],"inLanguage":"es"}]}},"jetpack_sharing_enabled":true,"distributor_meta":false,"distributor_terms":false,"distributor_media":false,"distributor_original_site_name":"Grazia","distributor_original_site_url":"https:\/\/graziamagazine.com\/es","push-errors":false,"_links":{"self":[{"href":"https:\/\/graziamagazine.com\/es\/wp-json\/wp\/v2\/articles\/183216"}],"collection":[{"href":"https:\/\/graziamagazine.com\/es\/wp-json\/wp\/v2\/articles"}],"about":[{"href":"https:\/\/graziamagazine.com\/es\/wp-json\/wp\/v2\/types\/articles"}],"author":[{"embeddable":true,"href":"https:\/\/graziamagazine.com\/es\/wp-json\/wp\/v2\/users\/16349"}],"wp:featuredmedia":[{"embeddable":true,"href":"https:\/\/graziamagazine.com\/es\/wp-json\/wp\/v2\/media\/183226"}],"wp:attachment":[{"href":"https:\/\/graziamagazine.com\/es\/wp-json\/wp\/v2\/media?parent=183216"}],"wp:term":[{"taxonomy":"category","embeddable":true,"href":"https:\/\/graziamagazine.com\/es\/wp-json\/wp\/v2\/categories?post=183216"}],"curies":[{"name":"wp","href":"https:\/\/api.w.org\/{rel}","templated":true}]}}