{"id":183211,"date":"2025-03-13T05:54:45","date_gmt":"2025-03-13T04:54:45","guid":{"rendered":"https:\/\/graziamagazine.com\/es\/?post_type=articles&#038;p=183211"},"modified":"2025-03-13T11:04:05","modified_gmt":"2025-03-13T10:04:05","slug":"pedro-garcia-cumple-100-anos-de-historia-con-un-coleccion-especial","status":"publish","type":"articles","link":"https:\/\/graziamagazine.com\/es\/articles\/pedro-garcia-cumple-100-anos-de-historia-con-un-coleccion-especial\/","title":{"rendered":"Pedro Garc\u00eda cumple 100 a\u00f1os de historia con un colecci\u00f3n especial"},"content":{"rendered":"<p>Desde sus inicios, en 1925, <a href=\"https:\/\/www.instagram.com\/pedrogarciashoes\/\" target=\"_blank\">Pedro Garc\u00eda<\/a> ha permanecido como una empresa familiar que emplea de forma \u00e9tica a artesanos locales, demostrando su compromiso con la regi\u00f3n, su gente, los valores artesanales y la preservaci\u00f3n del talento.<\/p>\n<p><span data-olk-copy-source=\"MessageBody\">Cada par de zapatos de Pedro Garc\u00eda est\u00e1 rigurosamente elaborado en Elda, una peque\u00f1a ciudad espa\u00f1ola en el coraz\u00f3n de una zona con un destacado patrimonio en zapater\u00eda y alta concentraci\u00f3n de artesanos especialistas, donde la casa fue fundada en 1925. Durante casi cien a\u00f1os, la empresa se ha mantenido \u00e9ticamente comprometida empleando a artesanos locales en una responsabilidad con la regi\u00f3n, su gente y los valores artesanales y la preservaci\u00f3n del talento.<\/span><\/p>\n<blockquote><p>Para celebrarlo, la marca presenta un libro conmemorativo, una colecci\u00f3n c\u00e1psula de edici\u00f3n limitada y una serie de activaciones, eventos y pop-ins en\u00a0 prestigios puntos de venta por todo el mundo.<\/p><\/blockquote>\n<p><img decoding=\"async\" src=\"https:\/\/mcusercontent.com\/41361710e96d97e32ac202ce8\/_compresseds\/9bf7d094-aeee-4afd-43a3-a9e13a21af3e.jpg\" \/><\/p>\n<p><strong style=\"font-family: BrandonGrotesque, Arial, Helvetica, sans-serif;font-size: 23px;letter-spacing: 2px;text-transform: uppercase;font-style: normal\" data-olk-copy-source=\"MessageBody\">\u2018ESSENTIA\u2019 Colecci\u00f3n c\u00e1psula centenario: Un Tributo a la Artesan\u00eda<\/strong><\/p>\n<p>Pedro Garc\u00eda presenta una exclusiva colecci\u00f3n c\u00e1psula elaborada a mano con materiales excepcionales. De edici\u00f3n limitada, \u2019Essentia\u2019 combina tradici\u00f3n e innovaci\u00f3n, utilizando materiales de la mas alta calidad como madreperla de cultivo sostenible, cristales Swarovski, sat\u00e9n de seda trenzado a mano y cuero vacchetta de curaci\u00f3n vegetal. <em>Essentia<\/em> ejemplifica la dedicaci\u00f3n de la marca a la artesan\u00eda, la sostenibilidad y la elegancia atemporal, con siluetas minimalistas que fusionan el arte tradicional con el dise\u00f1o vanguardista.<\/p>\n<p><img loading=\"lazy\" decoding=\"async\" class=\"aligncenter size-full wp-image-183213\" src=\"https:\/\/graziamagazine.com\/es\/wp-content\/uploads\/sites\/12\/2025\/03\/swarovski.jpg\" alt=\"\" width=\"1638\" height=\"2048\" srcset=\"https:\/\/graziamagazine.com\/es\/wp-content\/uploads\/sites\/12\/2025\/03\/swarovski.jpg 1638w, https:\/\/graziamagazine.com\/es\/wp-content\/uploads\/sites\/12\/2025\/03\/swarovski-240x300.jpg 240w, https:\/\/graziamagazine.com\/es\/wp-content\/uploads\/sites\/12\/2025\/03\/swarovski-819x1024.jpg 819w, https:\/\/graziamagazine.com\/es\/wp-content\/uploads\/sites\/12\/2025\/03\/swarovski-768x960.jpg 768w, https:\/\/graziamagazine.com\/es\/wp-content\/uploads\/sites\/12\/2025\/03\/swarovski-1229x1536.jpg 1229w, https:\/\/graziamagazine.com\/es\/wp-content\/uploads\/sites\/12\/2025\/03\/swarovski-400x500.jpg 400w, https:\/\/graziamagazine.com\/es\/wp-content\/uploads\/sites\/12\/2025\/03\/swarovski-155x194.jpg 155w\" sizes=\"(max-width: 1638px) 100vw, 1638px\" \/><\/p>\n<h3><strong>\u2018SEASONS: UN VIAJE POR ESPA\u00d1A CON PEDRO GARC\u00cdA\u2019<\/strong><\/h3>\n<p>La marca presenta este libro conmemorativo con motivo del centenario. Esta publicaci\u00f3n refleja la filosof\u00eda de la marca invitando al lector a unirse a Pedro Garc\u00eda\u00a0 en un viaje por Espa\u00f1a que celebra las tradiciones culturales y art\u00edsticas del pa\u00eds. A trav\u00e9s de im\u00e1genes del fot\u00f3grafo Daniel Riera, el libro pone en valor la artesan\u00eda y los valores que han guiado la marca durante su siglo de historia.<\/p>\n<p><img decoding=\"async\" src=\"https:\/\/mcusercontent.com\/41361710e96d97e32ac202ce8\/_compresseds\/64e05811-e85c-7da0-cdd8-2831c6de1a7b.jpg\" \/><\/p>\n<h3><strong data-olk-copy-source=\"MessageBody\">PEDRO GARC\u00cdA &amp; SWAROVSKI: 25 A\u00f1os de\u00a0<em>\u2018sparkling affair\u2019<\/em><\/strong><\/h3>\n<p>En 2025, Pedro Garc\u00eda celebra 25 a\u00f1os de una excepcional colaboraci\u00f3n con Swarovski, en los que ha explorado con los cristales de la casa austriaca, formas nuevas e\u00a0 innovadoras para presentar sus colecciones.\u00a0 Desde el a\u00f1o 2000, Pedro Garc\u00eda ha sido pionero en la aplicaci\u00f3n de cristales Swarovski de alta calidad en una amplia variedad de siluetas de zapatos, llevando los cristales a la luz del d\u00eda con su filosof\u00eda \u2018think party, wear daily\u2019. Los cristales Swarovski tienen especial protagonismo en la colecci\u00f3n c\u00e1psula del centenario.<\/p>\n<p><img decoding=\"async\" src=\"https:\/\/ucc35cb07fa2ee2e954a62a1d367.previews.dropboxusercontent.com\/p\/thumb\/ACmo_vA4n45o82DL58AIHrTtUgoLwDMo1kNy9fYEWtBMz27ecezsx9wKQLV0scr0JA_TVwZl-nG-z-x0aLq74Na5C1nVzj2WQNE9Iv9CuuscxY0WvPFJmGgIqnJA3cXPFDVXbLxE-eJdzEbLop4eTuVHBXmoVGE8s7b5fPdAC30ROvaIS8gyQbxNaEC4JRQaCfKx6cPl9wmP5DND4qMf7jLh8JyTVtD8eOe8xy5j8JK8Nsw2bIBqN-fnY8cvgcr7TtLDL4OM7Fr4CgjBNmEiTZLXOwgH9XXkeQSclAvwCvmI4dDdm6yhIo4bwvDIpbcObVUF9FdHi_WgE3hjsFl60cKqENLLpfo8bmLBoUqWBxugGA\/p.jpeg\" alt=\"PedroGarcia.Essentia Centenary capsule-033.jpg\" \/><\/p>\n<h3><strong data-olk-copy-source=\"MessageBody\">CELEBRANDO JUNTO A PRESTIGIOSOS PUNTOS DE VENTA EN AM\u00c9RICA, EUROPA y ASIA<\/strong><\/h3>\n<p>Como parte de la celebraci\u00f3n del centenario, Pedro Garc\u00eda une fuerzas con algunos de sus socios\u00a0<em>retail<\/em> nacionales e internacionales m\u00e1s importantes para una serie de activaciones exclusivas a lo largo de 2025. El director creativo, Pedro Garc\u00eda (III), viajar\u00e1 a diferentes ciudades del mundo para asistir a eventos, presentaciones del libro e inauguraciones de <em>pop-ins\u00a0<\/em>donde los clientes podr\u00e1n experimentar de cerca el dise\u00f1o, la artesan\u00eda y el universo de la firma espa\u00f1ola.<\/p>\n<p>Entre los puntos de venta<em>\u00a0premium\u00a0<\/em>que participar\u00e1n en estas activaciones se encuentran Nordstrom y Neiman Marcus en EE.UU., Selfridges en el Reino Unido, David Jones en Australia, Lane Crawford en Hong Kong, Level Shoes en Dub\u00e1i, SKP en China, Boon the Shop en Corea, El Corte Ingl\u00e9s en Espa\u00f1a, Karida en Grecia y Adora en Filipinas adem\u00e1s de una selecci\u00f3n de boutiques premium en pa\u00edses como Italia o Alemania.<\/p>\n<p><img loading=\"lazy\" decoding=\"async\" class=\"aligncenter size-full wp-image-183215\" src=\"https:\/\/graziamagazine.com\/es\/wp-content\/uploads\/sites\/12\/2025\/03\/pedrogarciashoes-2.jpg\" alt=\"\" width=\"1638\" height=\"2048\" srcset=\"https:\/\/graziamagazine.com\/es\/wp-content\/uploads\/sites\/12\/2025\/03\/pedrogarciashoes-2.jpg 1638w, https:\/\/graziamagazine.com\/es\/wp-content\/uploads\/sites\/12\/2025\/03\/pedrogarciashoes-2-240x300.jpg 240w, https:\/\/graziamagazine.com\/es\/wp-content\/uploads\/sites\/12\/2025\/03\/pedrogarciashoes-2-819x1024.jpg 819w, https:\/\/graziamagazine.com\/es\/wp-content\/uploads\/sites\/12\/2025\/03\/pedrogarciashoes-2-768x960.jpg 768w, https:\/\/graziamagazine.com\/es\/wp-content\/uploads\/sites\/12\/2025\/03\/pedrogarciashoes-2-1229x1536.jpg 1229w, https:\/\/graziamagazine.com\/es\/wp-content\/uploads\/sites\/12\/2025\/03\/pedrogarciashoes-2-400x500.jpg 400w, https:\/\/graziamagazine.com\/es\/wp-content\/uploads\/sites\/12\/2025\/03\/pedrogarciashoes-2-155x194.jpg 155w\" sizes=\"(max-width: 1638px) 100vw, 1638px\" \/><\/p>\n<p>Actualmente, Pedro Garc\u00eda se vende en 48 pa\u00edses, y la marca ha sido elegida a lo largo de los a\u00f1os por numerosas celebridades, como Michelle Obama, Beyonc\u00e9, Taylor Swift, Lana Del Rey, Julia Roberts, Sarah Jessica Parker, Scarlett Johansson, Reese Witherspoon, Ashley y Mary-Kate Olsen, Jennifer Aniston, la Reina Letizia de Espa\u00f1a, Drew Barrymore, Jennifer Aniston, Katy Perry, Kristen Stewart, Vanessa Hudgens, Alexis Bledel o Alessandra Ambrosio, entre otras.<\/p>\n<p><em>*Im\u00e1genes: cortes\u00eda<\/em><\/p>\n<p>&nbsp;<\/p>\n<p>&nbsp;<\/p>\n","protected":false},"author":11653,"featured_media":183212,"template":"","format":"standard","categories":[1],"acf":[],"yoast_head":"<!-- This site is optimized with the Yoast SEO Premium plugin v18.5 (Yoast SEO v20.4) - https:\/\/yoast.com\/wordpress\/plugins\/seo\/ -->\n<title>Pedro Garc\u00eda cumple 100 a\u00f1os de historia<\/title>\n<meta name=\"description\" content=\"Para celebrarlo, la marca espa\u00f1ola de lujo presenta un libro conmemorativo y una colecci\u00f3n c\u00e1psula de edici\u00f3n limitada.\" \/>\n<meta name=\"robots\" content=\"index, follow, max-snippet:-1, max-image-preview:large, max-video-preview:-1\" \/>\n<link rel=\"canonical\" href=\"https:\/\/graziamagazine.com\/es\/articles\/pedro-garcia-cumple-100-anos-de-historia-con-un-coleccion-especial\/\" \/>\n<meta property=\"og:locale\" content=\"es_ES\" \/>\n<meta property=\"og:type\" content=\"article\" \/>\n<meta property=\"og:title\" content=\"Pedro Garc\u00eda cumple 100 a\u00f1os de historia con un colecci\u00f3n especial\" \/>\n<meta property=\"og:description\" content=\"Para celebrarlo, la marca espa\u00f1ola de lujo presenta un libro conmemorativo y una colecci\u00f3n c\u00e1psula de edici\u00f3n limitada.\" \/>\n<meta property=\"og:url\" content=\"https:\/\/graziamagazine.com\/es\/articles\/pedro-garcia-cumple-100-anos-de-historia-con-un-coleccion-especial\/\" \/>\n<meta property=\"og:site_name\" content=\"Grazia\" \/>\n<meta property=\"article:modified_time\" content=\"2025-03-13T10:04:05+00:00\" \/>\n<meta property=\"og:image\" content=\"https:\/\/graziamagazine.com\/es\/wp-content\/uploads\/sites\/12\/2025\/03\/PedroGarcia.Essentia-Centenary-capsule-018-1.jpg\" \/>\n\t<meta property=\"og:image:width\" content=\"2500\" \/>\n\t<meta property=\"og:image:height\" content=\"1667\" \/>\n\t<meta property=\"og:image:type\" content=\"image\/jpeg\" \/>\n<meta name=\"twitter:card\" content=\"summary_large_image\" \/>\n<meta name=\"twitter:label1\" content=\"Est. reading time\" \/>\n\t<meta name=\"twitter:data1\" content=\"4 minutos\" \/>\n<script type=\"application\/ld+json\" class=\"yoast-schema-graph\">{\"@context\":\"https:\/\/schema.org\",\"@graph\":[{\"@type\":\"WebPage\",\"@id\":\"https:\/\/graziamagazine.com\/es\/articles\/pedro-garcia-cumple-100-anos-de-historia-con-un-coleccion-especial\/\",\"url\":\"https:\/\/graziamagazine.com\/es\/articles\/pedro-garcia-cumple-100-anos-de-historia-con-un-coleccion-especial\/\",\"name\":\"Pedro Garc\u00eda cumple 100 a\u00f1os de historia\",\"isPartOf\":{\"@id\":\"https:\/\/graziamagazine.com\/es\/#website\"},\"datePublished\":\"2025-03-13T04:54:45+00:00\",\"dateModified\":\"2025-03-13T10:04:05+00:00\",\"description\":\"Para celebrarlo, la marca espa\u00f1ola de lujo presenta un libro conmemorativo y una colecci\u00f3n c\u00e1psula de edici\u00f3n limitada.\",\"breadcrumb\":{\"@id\":\"https:\/\/graziamagazine.com\/es\/articles\/pedro-garcia-cumple-100-anos-de-historia-con-un-coleccion-especial\/#breadcrumb\"},\"inLanguage\":\"es\",\"potentialAction\":[{\"@type\":\"ReadAction\",\"target\":[\"https:\/\/graziamagazine.com\/es\/articles\/pedro-garcia-cumple-100-anos-de-historia-con-un-coleccion-especial\/\"]}]},{\"@type\":\"BreadcrumbList\",\"@id\":\"https:\/\/graziamagazine.com\/es\/articles\/pedro-garcia-cumple-100-anos-de-historia-con-un-coleccion-especial\/#breadcrumb\",\"itemListElement\":[{\"@type\":\"ListItem\",\"position\":1,\"name\":\"Portada\",\"item\":\"https:\/\/graziamagazine.com\/es\/\"},{\"@type\":\"ListItem\",\"position\":2,\"name\":\"Pedro Garc\u00eda cumple 100 a\u00f1os de historia con un colecci\u00f3n especial\"}]},{\"@type\":\"WebSite\",\"@id\":\"https:\/\/graziamagazine.com\/es\/#website\",\"url\":\"https:\/\/graziamagazine.com\/es\/\",\"name\":\"Grazia\",\"description\":\"Moda, belleza, celebrities, estilo de vida...\",\"potentialAction\":[{\"@type\":\"SearchAction\",\"target\":{\"@type\":\"EntryPoint\",\"urlTemplate\":\"https:\/\/graziamagazine.com\/es\/?s={search_term_string}\"},\"query-input\":\"required name=search_term_string\"}],\"inLanguage\":\"es\"}]}<\/script>\n<!-- \/ Yoast SEO Premium plugin. -->","yoast_head_json":{"title":"Pedro Garc\u00eda cumple 100 a\u00f1os de historia","description":"Para celebrarlo, la marca espa\u00f1ola de lujo presenta un libro conmemorativo y una colecci\u00f3n c\u00e1psula de edici\u00f3n limitada.","robots":{"index":"index","follow":"follow","max-snippet":"max-snippet:-1","max-image-preview":"max-image-preview:large","max-video-preview":"max-video-preview:-1"},"canonical":"https:\/\/graziamagazine.com\/es\/articles\/pedro-garcia-cumple-100-anos-de-historia-con-un-coleccion-especial\/","og_locale":"es_ES","og_type":"article","og_title":"Pedro Garc\u00eda cumple 100 a\u00f1os de historia con un colecci\u00f3n especial","og_description":"Para celebrarlo, la marca espa\u00f1ola de lujo presenta un libro conmemorativo y una colecci\u00f3n c\u00e1psula de edici\u00f3n limitada.","og_url":"https:\/\/graziamagazine.com\/es\/articles\/pedro-garcia-cumple-100-anos-de-historia-con-un-coleccion-especial\/","og_site_name":"Grazia","article_modified_time":"2025-03-13T10:04:05+00:00","og_image":[{"width":2500,"height":1667,"url":"https:\/\/graziamagazine.com\/es\/wp-content\/uploads\/sites\/12\/2025\/03\/PedroGarcia.Essentia-Centenary-capsule-018-1.jpg","type":"image\/jpeg"}],"twitter_card":"summary_large_image","twitter_misc":{"Est. reading time":"4 minutos"},"schema":{"@context":"https:\/\/schema.org","@graph":[{"@type":"WebPage","@id":"https:\/\/graziamagazine.com\/es\/articles\/pedro-garcia-cumple-100-anos-de-historia-con-un-coleccion-especial\/","url":"https:\/\/graziamagazine.com\/es\/articles\/pedro-garcia-cumple-100-anos-de-historia-con-un-coleccion-especial\/","name":"Pedro Garc\u00eda cumple 100 a\u00f1os de historia","isPartOf":{"@id":"https:\/\/graziamagazine.com\/es\/#website"},"datePublished":"2025-03-13T04:54:45+00:00","dateModified":"2025-03-13T10:04:05+00:00","description":"Para celebrarlo, la marca espa\u00f1ola de lujo presenta un libro conmemorativo y una colecci\u00f3n c\u00e1psula de edici\u00f3n limitada.","breadcrumb":{"@id":"https:\/\/graziamagazine.com\/es\/articles\/pedro-garcia-cumple-100-anos-de-historia-con-un-coleccion-especial\/#breadcrumb"},"inLanguage":"es","potentialAction":[{"@type":"ReadAction","target":["https:\/\/graziamagazine.com\/es\/articles\/pedro-garcia-cumple-100-anos-de-historia-con-un-coleccion-especial\/"]}]},{"@type":"BreadcrumbList","@id":"https:\/\/graziamagazine.com\/es\/articles\/pedro-garcia-cumple-100-anos-de-historia-con-un-coleccion-especial\/#breadcrumb","itemListElement":[{"@type":"ListItem","position":1,"name":"Portada","item":"https:\/\/graziamagazine.com\/es\/"},{"@type":"ListItem","position":2,"name":"Pedro Garc\u00eda cumple 100 a\u00f1os de historia con un colecci\u00f3n especial"}]},{"@type":"WebSite","@id":"https:\/\/graziamagazine.com\/es\/#website","url":"https:\/\/graziamagazine.com\/es\/","name":"Grazia","description":"Moda, belleza, celebrities, estilo de vida...","potentialAction":[{"@type":"SearchAction","target":{"@type":"EntryPoint","urlTemplate":"https:\/\/graziamagazine.com\/es\/?s={search_term_string}"},"query-input":"required name=search_term_string"}],"inLanguage":"es"}]}},"jetpack_sharing_enabled":true,"distributor_meta":false,"distributor_terms":false,"distributor_media":false,"distributor_original_site_name":"Grazia","distributor_original_site_url":"https:\/\/graziamagazine.com\/es","push-errors":false,"_links":{"self":[{"href":"https:\/\/graziamagazine.com\/es\/wp-json\/wp\/v2\/articles\/183211"}],"collection":[{"href":"https:\/\/graziamagazine.com\/es\/wp-json\/wp\/v2\/articles"}],"about":[{"href":"https:\/\/graziamagazine.com\/es\/wp-json\/wp\/v2\/types\/articles"}],"author":[{"embeddable":true,"href":"https:\/\/graziamagazine.com\/es\/wp-json\/wp\/v2\/users\/11653"}],"wp:featuredmedia":[{"embeddable":true,"href":"https:\/\/graziamagazine.com\/es\/wp-json\/wp\/v2\/media\/183212"}],"wp:attachment":[{"href":"https:\/\/graziamagazine.com\/es\/wp-json\/wp\/v2\/media?parent=183211"}],"wp:term":[{"taxonomy":"category","embeddable":true,"href":"https:\/\/graziamagazine.com\/es\/wp-json\/wp\/v2\/categories?post=183211"}],"curies":[{"name":"wp","href":"https:\/\/api.w.org\/{rel}","templated":true}]}}