{"id":183188,"date":"2025-03-12T10:54:46","date_gmt":"2025-03-12T09:54:46","guid":{"rendered":"https:\/\/graziamagazine.com\/es\/?post_type=articles&#038;p=183188"},"modified":"2025-03-12T10:56:03","modified_gmt":"2025-03-12T09:56:03","slug":"chanel-transforma-sus-bolsos-iconicos-en-pfw","status":"publish","type":"articles","link":"https:\/\/graziamagazine.com\/es\/articles\/chanel-transforma-sus-bolsos-iconicos-en-pfw\/","title":{"rendered":"Chanel transforma sus bolsos ic\u00f3nicos en PFW"},"content":{"rendered":"<p data-start=\"295\" data-end=\"671\">La Semana de la Moda de Par\u00eds siempre marca el ritmo de las tendencias que dominar\u00e1n la temporada, y Chanel lo sabe bien.<\/p>\n<p data-start=\"295\" data-end=\"671\">En su desfile Pr\u00eat-\u00e0-Porter Oto\u00f1o-Invierno 2025\/26, la ic\u00f3nica casa de moda convirti\u00f3 el Grand Palais en un escenario de ensue\u00f1o, donde cada elemento \u2014desde las prendas hasta los accesorios\u2014 cont\u00f3 una historia de elegancia atemporal y modernidad audaz.<\/p>\n<p data-start=\"673\" data-end=\"966\">Entre los elementos m\u00e1s destacados de esta colecci\u00f3n estuvieron los bolsos, que lograron capturar la esencia de Chanel mientras se reinventaban con frescura y sofisticaci\u00f3n. Desde dise\u00f1os mini hasta propuestas oversized, cada pieza present\u00f3 un equilibrio entre lo cl\u00e1sico y lo contempor\u00e1neo.<\/p>\n<h3 data-start=\"968\" data-end=\"1010\">Mini bolsos: Peque\u00f1os pero poderosos<\/h3>\n<div class=\"content-gallery\">\n<div class=\"gallery-placeholder\">\n<div class=\"spinner\"><\/div>\n<\/div>\n<p>&nbsp;<\/p>\n<div id=\"gallery-1\" class=\"gallery galleryid- gallery-columns- gallery-size-\">\n<figure class=\"gallery-item\">\n<div class=\"gallery-icon landscape\"><img loading=\"lazy\" decoding=\"async\" class=\"lazy\" src=\"https:\/\/graziamagazine.com\/mx\/wp-content\/uploads\/sites\/13\/2025\/03\/Captura-de-Pantalla-2025-03-11-a-las-12.34.56.png\" alt=\"\" width=\"692\" height=\"1110\" \/><\/div>\n<\/figure>\n<figure class=\"gallery-item\">\n<div class=\"gallery-icon landscape\"><img loading=\"lazy\" decoding=\"async\" class=\"lazy\" src=\"https:\/\/graziamagazine.com\/mx\/wp-content\/uploads\/sites\/13\/2025\/03\/Captura-de-Pantalla-2025-03-11-a-las-12.34.28.png\" alt=\"\" width=\"692\" height=\"1110\" \/><\/div>\n<\/figure>\n<figure class=\"gallery-item\">\n<div class=\"gallery-icon landscape\"><img loading=\"lazy\" decoding=\"async\" class=\"lazy\" src=\"https:\/\/graziamagazine.com\/mx\/wp-content\/uploads\/sites\/13\/2025\/03\/Captura-de-Pantalla-2025-03-11-a-las-12.34.13.png\" alt=\"\" width=\"692\" height=\"1110\" \/><\/div>\n<\/figure>\n<figure class=\"gallery-item\">\n<div class=\"gallery-icon landscape\"><img loading=\"lazy\" decoding=\"async\" class=\"lazy\" src=\"https:\/\/graziamagazine.com\/mx\/wp-content\/uploads\/sites\/13\/2025\/03\/Captura-de-Pantalla-2025-03-11-a-las-12.21.54.png\" alt=\"\" width=\"492\" height=\"756\" \/><\/div>\n<\/figure>\n<\/div>\n<\/div>\n<p data-start=\"1011\" data-end=\"1304\">Las carteras mini se consolidaron como un s\u00edmbolo de lujo en esta colecci\u00f3n. Dise\u00f1os compactos, pero con detalles exquisitos, aportaron un toque coqueto a los looks.<\/p>\n<p data-start=\"1011\" data-end=\"1304\">La maison apost\u00f3 por materiales como el charol negro, el tweed caracter\u00edstico y detalles met\u00e1licos que irradiaban modernidad.<\/p>\n<h3 data-start=\"1306\" data-end=\"1337\">Perlas como protagonistas<\/h3>\n<div class=\"content-gallery\">\n<div class=\"gallery-placeholder\">\n<div class=\"spinner\"><\/div>\n<\/div>\n<p>&nbsp;<\/p>\n<div id=\"gallery-2\" class=\"gallery galleryid- gallery-columns- gallery-size-\">\n<figure class=\"gallery-item\">\n<div class=\"gallery-icon landscape\"><img loading=\"lazy\" decoding=\"async\" class=\"lazy\" src=\"https:\/\/graziamagazine.com\/mx\/wp-content\/uploads\/sites\/13\/2025\/03\/Captura-de-Pantalla-2025-03-11-a-las-12.21.27.png\" alt=\"\" width=\"492\" height=\"756\" \/><\/div>\n<\/figure>\n<figure class=\"gallery-item\">\n<div class=\"gallery-icon landscape\"><img loading=\"lazy\" decoding=\"async\" class=\"lazy\" src=\"https:\/\/graziamagazine.com\/mx\/wp-content\/uploads\/sites\/13\/2025\/03\/Captura-de-Pantalla-2025-03-11-a-las-12.22.36.png\" alt=\"\" width=\"1692\" height=\"1100\" \/><\/div>\n<\/figure>\n<figure class=\"gallery-item\">\n<div class=\"gallery-icon landscape\"><img loading=\"lazy\" decoding=\"async\" class=\"lazy\" src=\"https:\/\/graziamagazine.com\/mx\/wp-content\/uploads\/sites\/13\/2025\/03\/Captura-de-Pantalla-2025-03-11-a-las-12.21.16.png\" alt=\"\" width=\"492\" height=\"756\" \/><\/div>\n<\/figure>\n<\/div>\n<\/div>\n<p data-start=\"1338\" data-end=\"1697\">Las perlas, emblema indiscutible de Chanel, se hicieron presentes en formas inesperadas. Bolsos esf\u00e9ricos inspirados en estas gemas ic\u00f3nicas desfilaron por la pasarela, destacando por su car\u00e1cter l\u00fadico pero sofisticado.<\/p>\n<p data-start=\"1338\" data-end=\"1697\">Adem\u00e1s, las cadenas de perlas en formato XL adornaron bandoleras y bolsos de hombro, fusionando tradici\u00f3n y vanguardia en un solo gesto.<\/p>\n<h3 data-start=\"1699\" data-end=\"1745\">Listones y cadenas: Romanticismo moderno<\/h3>\n<div class=\"content-gallery\">\n<div class=\"gallery-placeholder\">\n<div class=\"spinner\"><\/div>\n<\/div>\n<p>&nbsp;<\/p>\n<div id=\"gallery-3\" class=\"gallery galleryid- gallery-columns- gallery-size-\">\n<figure class=\"gallery-item\">\n<div class=\"gallery-icon landscape\"><img loading=\"lazy\" decoding=\"async\" class=\"lazy\" src=\"https:\/\/graziamagazine.com\/mx\/wp-content\/uploads\/sites\/13\/2025\/03\/Captura-de-Pantalla-2025-03-11-a-las-12.25.15.png\" alt=\"\" width=\"692\" height=\"1110\" \/><\/div>\n<\/figure>\n<figure class=\"gallery-item\">\n<div class=\"gallery-icon landscape\"><img loading=\"lazy\" decoding=\"async\" class=\"lazy\" src=\"https:\/\/graziamagazine.com\/mx\/wp-content\/uploads\/sites\/13\/2025\/03\/Captura-de-Pantalla-2025-03-11-a-las-12.24.48.png\" alt=\"\" width=\"692\" height=\"1110\" \/><\/div>\n<\/figure>\n<figure class=\"gallery-item\">\n<div class=\"gallery-icon landscape\"><img loading=\"lazy\" decoding=\"async\" class=\"lazy\" src=\"https:\/\/graziamagazine.com\/mx\/wp-content\/uploads\/sites\/13\/2025\/03\/Captura-de-Pantalla-2025-03-11-a-las-12.25.32.png\" alt=\"\" width=\"692\" height=\"1110\" \/><\/div>\n<\/figure>\n<\/div>\n<\/div>\n<p data-start=\"1746\" data-end=\"2092\">El ic\u00f3nico list\u00f3n de Chanel no solo inspir\u00f3 la escenograf\u00eda del desfile, sino que tambi\u00e9n se tradujo en delicados detalles que adornaron algunos bolsos.<\/p>\n<p data-start=\"1746\" data-end=\"2092\">Por otro lado, las cadenas gruesas, que ya se han convertido en un sello distintivo de la firma, se presentaron en versiones doradas y plateadas, aportando un toque de car\u00e1cter a cada dise\u00f1o.<\/p>\n<h3 data-start=\"2094\" data-end=\"2136\">Formas estructuradas y funcionalidad<\/h3>\n<div class=\"content-gallery\">\n<div class=\"gallery-placeholder\">\n<div class=\"spinner\"><\/div>\n<\/div>\n<p>&nbsp;<\/p>\n<div id=\"gallery-4\" class=\"gallery galleryid- gallery-columns- gallery-size-\">\n<figure class=\"gallery-item\">\n<div class=\"gallery-icon landscape\"><img loading=\"lazy\" decoding=\"async\" class=\"lazy\" src=\"https:\/\/graziamagazine.com\/mx\/wp-content\/uploads\/sites\/13\/2025\/03\/Captura-de-Pantalla-2025-03-11-a-las-12.23.32.png\" alt=\"\" width=\"1898\" height=\"1236\" \/><\/div>\n<\/figure>\n<figure class=\"gallery-item\">\n<div class=\"gallery-icon landscape\"><img loading=\"lazy\" decoding=\"async\" class=\"lazy\" src=\"https:\/\/graziamagazine.com\/mx\/wp-content\/uploads\/sites\/13\/2025\/03\/Captura-de-Pantalla-2025-03-11-a-las-12.24.34.png\" alt=\"\" width=\"604\" height=\"930\" \/><\/div>\n<\/figure>\n<figure class=\"gallery-item\">\n<div class=\"gallery-icon landscape\"><img loading=\"lazy\" decoding=\"async\" class=\"lazy\" src=\"https:\/\/graziamagazine.com\/mx\/wp-content\/uploads\/sites\/13\/2025\/03\/Captura-de-Pantalla-2025-03-11-a-las-12.23.45.png\" alt=\"\" width=\"1898\" height=\"1236\" \/><\/div>\n<\/figure>\n<\/div>\n<\/div>\n<p data-start=\"2137\" data-end=\"2375\">Los bolsos de gran tama\u00f1o tambi\u00e9n tuvieron su momento estelar. Con l\u00edneas rectas y materiales r\u00edgidos, estas piezas fusionaron practicidad con estilo. Perfectos para mujeres urbanas que buscan elegancia sin renunciar a la funcionalidad.<\/p>\n<p data-start=\"2377\" data-end=\"2660\" data-is-last-node=\"\" data-is-only-node=\"\">La colecci\u00f3n de bolsos de Chanel para el Oto\u00f1o-Invierno 2025\/26 reafirma que los accesorios no solo complementan un look: son protagonistas por derecho propio. Esta temporada, la maison celebra la feminidad con piezas que narran historias de sofisticaci\u00f3n, modernidad y romanticismo.<\/p>\n<p data-start=\"2377\" data-end=\"2660\" data-is-last-node=\"\" data-is-only-node=\"\"><em>*Im\u00e1genes: cortes\u00eda<\/em><\/p>\n","protected":false},"author":16349,"featured_media":183189,"template":"","format":"standard","categories":[1],"acf":[],"yoast_head":"<!-- This site is optimized with the Yoast SEO Premium plugin v18.5 (Yoast SEO v20.4) - https:\/\/yoast.com\/wordpress\/plugins\/seo\/ -->\n<title>Chanel transforma sus bolsos ic\u00f3nicos en PFW<\/title>\n<meta name=\"description\" content=\"La maison reinventa sus accesorios con perlas, cadenas y siluetas modernas que equilibran sofisticaci\u00f3n, romanticismo y un toque l\u00fadico.\" \/>\n<meta name=\"robots\" content=\"index, follow, max-snippet:-1, max-image-preview:large, max-video-preview:-1\" \/>\n<link rel=\"canonical\" href=\"https:\/\/graziamagazine.com\/es\/articles\/chanel-transforma-sus-bolsos-iconicos-en-pfw\/\" \/>\n<meta property=\"og:locale\" content=\"es_ES\" \/>\n<meta property=\"og:type\" content=\"article\" \/>\n<meta property=\"og:title\" content=\"Chanel transforma sus bolsos ic\u00f3nicos en PFW\" \/>\n<meta property=\"og:description\" content=\"La maison reinventa sus accesorios con perlas, cadenas y siluetas modernas que equilibran sofisticaci\u00f3n, romanticismo y un toque l\u00fadico.\" \/>\n<meta property=\"og:url\" content=\"https:\/\/graziamagazine.com\/es\/articles\/chanel-transforma-sus-bolsos-iconicos-en-pfw\/\" \/>\n<meta property=\"og:site_name\" content=\"Grazia\" \/>\n<meta property=\"article:modified_time\" content=\"2025-03-12T09:56:03+00:00\" \/>\n<meta property=\"og:image\" content=\"https:\/\/graziamagazine.com\/es\/wp-content\/uploads\/sites\/12\/2025\/03\/Captura-de-Pantalla-2025-03-11-a-las-12.20.47.png\" \/>\n\t<meta property=\"og:image:width\" content=\"1682\" \/>\n\t<meta property=\"og:image:height\" content=\"1058\" \/>\n\t<meta property=\"og:image:type\" content=\"image\/png\" \/>\n<meta name=\"twitter:card\" content=\"summary_large_image\" \/>\n<meta name=\"twitter:label1\" content=\"Est. reading time\" \/>\n\t<meta name=\"twitter:data1\" content=\"5 minutos\" \/>\n<script type=\"application\/ld+json\" class=\"yoast-schema-graph\">{\"@context\":\"https:\/\/schema.org\",\"@graph\":[{\"@type\":\"WebPage\",\"@id\":\"https:\/\/graziamagazine.com\/es\/articles\/chanel-transforma-sus-bolsos-iconicos-en-pfw\/\",\"url\":\"https:\/\/graziamagazine.com\/es\/articles\/chanel-transforma-sus-bolsos-iconicos-en-pfw\/\",\"name\":\"Chanel transforma sus bolsos ic\u00f3nicos en PFW\",\"isPartOf\":{\"@id\":\"https:\/\/graziamagazine.com\/es\/#website\"},\"datePublished\":\"2025-03-12T09:54:46+00:00\",\"dateModified\":\"2025-03-12T09:56:03+00:00\",\"description\":\"La maison reinventa sus accesorios con perlas, cadenas y siluetas modernas que equilibran sofisticaci\u00f3n, romanticismo y un toque l\u00fadico.\",\"breadcrumb\":{\"@id\":\"https:\/\/graziamagazine.com\/es\/articles\/chanel-transforma-sus-bolsos-iconicos-en-pfw\/#breadcrumb\"},\"inLanguage\":\"es\",\"potentialAction\":[{\"@type\":\"ReadAction\",\"target\":[\"https:\/\/graziamagazine.com\/es\/articles\/chanel-transforma-sus-bolsos-iconicos-en-pfw\/\"]}]},{\"@type\":\"BreadcrumbList\",\"@id\":\"https:\/\/graziamagazine.com\/es\/articles\/chanel-transforma-sus-bolsos-iconicos-en-pfw\/#breadcrumb\",\"itemListElement\":[{\"@type\":\"ListItem\",\"position\":1,\"name\":\"Portada\",\"item\":\"https:\/\/graziamagazine.com\/es\/\"},{\"@type\":\"ListItem\",\"position\":2,\"name\":\"Chanel transforma sus bolsos ic\u00f3nicos en PFW\"}]},{\"@type\":\"WebSite\",\"@id\":\"https:\/\/graziamagazine.com\/es\/#website\",\"url\":\"https:\/\/graziamagazine.com\/es\/\",\"name\":\"Grazia\",\"description\":\"Moda, belleza, celebrities, estilo de vida...\",\"potentialAction\":[{\"@type\":\"SearchAction\",\"target\":{\"@type\":\"EntryPoint\",\"urlTemplate\":\"https:\/\/graziamagazine.com\/es\/?s={search_term_string}\"},\"query-input\":\"required name=search_term_string\"}],\"inLanguage\":\"es\"}]}<\/script>\n<!-- \/ Yoast SEO Premium plugin. -->","yoast_head_json":{"title":"Chanel transforma sus bolsos ic\u00f3nicos en PFW","description":"La maison reinventa sus accesorios con perlas, cadenas y siluetas modernas que equilibran sofisticaci\u00f3n, romanticismo y un toque l\u00fadico.","robots":{"index":"index","follow":"follow","max-snippet":"max-snippet:-1","max-image-preview":"max-image-preview:large","max-video-preview":"max-video-preview:-1"},"canonical":"https:\/\/graziamagazine.com\/es\/articles\/chanel-transforma-sus-bolsos-iconicos-en-pfw\/","og_locale":"es_ES","og_type":"article","og_title":"Chanel transforma sus bolsos ic\u00f3nicos en PFW","og_description":"La maison reinventa sus accesorios con perlas, cadenas y siluetas modernas que equilibran sofisticaci\u00f3n, romanticismo y un toque l\u00fadico.","og_url":"https:\/\/graziamagazine.com\/es\/articles\/chanel-transforma-sus-bolsos-iconicos-en-pfw\/","og_site_name":"Grazia","article_modified_time":"2025-03-12T09:56:03+00:00","og_image":[{"width":1682,"height":1058,"url":"https:\/\/graziamagazine.com\/es\/wp-content\/uploads\/sites\/12\/2025\/03\/Captura-de-Pantalla-2025-03-11-a-las-12.20.47.png","type":"image\/png"}],"twitter_card":"summary_large_image","twitter_misc":{"Est. reading time":"5 minutos"},"schema":{"@context":"https:\/\/schema.org","@graph":[{"@type":"WebPage","@id":"https:\/\/graziamagazine.com\/es\/articles\/chanel-transforma-sus-bolsos-iconicos-en-pfw\/","url":"https:\/\/graziamagazine.com\/es\/articles\/chanel-transforma-sus-bolsos-iconicos-en-pfw\/","name":"Chanel transforma sus bolsos ic\u00f3nicos en PFW","isPartOf":{"@id":"https:\/\/graziamagazine.com\/es\/#website"},"datePublished":"2025-03-12T09:54:46+00:00","dateModified":"2025-03-12T09:56:03+00:00","description":"La maison reinventa sus accesorios con perlas, cadenas y siluetas modernas que equilibran sofisticaci\u00f3n, romanticismo y un toque l\u00fadico.","breadcrumb":{"@id":"https:\/\/graziamagazine.com\/es\/articles\/chanel-transforma-sus-bolsos-iconicos-en-pfw\/#breadcrumb"},"inLanguage":"es","potentialAction":[{"@type":"ReadAction","target":["https:\/\/graziamagazine.com\/es\/articles\/chanel-transforma-sus-bolsos-iconicos-en-pfw\/"]}]},{"@type":"BreadcrumbList","@id":"https:\/\/graziamagazine.com\/es\/articles\/chanel-transforma-sus-bolsos-iconicos-en-pfw\/#breadcrumb","itemListElement":[{"@type":"ListItem","position":1,"name":"Portada","item":"https:\/\/graziamagazine.com\/es\/"},{"@type":"ListItem","position":2,"name":"Chanel transforma sus bolsos ic\u00f3nicos en PFW"}]},{"@type":"WebSite","@id":"https:\/\/graziamagazine.com\/es\/#website","url":"https:\/\/graziamagazine.com\/es\/","name":"Grazia","description":"Moda, belleza, celebrities, estilo de vida...","potentialAction":[{"@type":"SearchAction","target":{"@type":"EntryPoint","urlTemplate":"https:\/\/graziamagazine.com\/es\/?s={search_term_string}"},"query-input":"required name=search_term_string"}],"inLanguage":"es"}]}},"jetpack_sharing_enabled":true,"distributor_meta":false,"distributor_terms":false,"distributor_media":false,"distributor_original_site_name":"Grazia","distributor_original_site_url":"https:\/\/graziamagazine.com\/es","push-errors":false,"_links":{"self":[{"href":"https:\/\/graziamagazine.com\/es\/wp-json\/wp\/v2\/articles\/183188"}],"collection":[{"href":"https:\/\/graziamagazine.com\/es\/wp-json\/wp\/v2\/articles"}],"about":[{"href":"https:\/\/graziamagazine.com\/es\/wp-json\/wp\/v2\/types\/articles"}],"author":[{"embeddable":true,"href":"https:\/\/graziamagazine.com\/es\/wp-json\/wp\/v2\/users\/16349"}],"wp:featuredmedia":[{"embeddable":true,"href":"https:\/\/graziamagazine.com\/es\/wp-json\/wp\/v2\/media\/183189"}],"wp:attachment":[{"href":"https:\/\/graziamagazine.com\/es\/wp-json\/wp\/v2\/media?parent=183188"}],"wp:term":[{"taxonomy":"category","embeddable":true,"href":"https:\/\/graziamagazine.com\/es\/wp-json\/wp\/v2\/categories?post=183188"}],"curies":[{"name":"wp","href":"https:\/\/api.w.org\/{rel}","templated":true}]}}