{"id":183126,"date":"2025-03-11T11:20:39","date_gmt":"2025-03-11T10:20:39","guid":{"rendered":"https:\/\/graziamagazine.com\/es\/?post_type=articles&#038;p=183126"},"modified":"2025-03-11T11:20:39","modified_gmt":"2025-03-11T10:20:39","slug":"paper-el-nuevo-bolso-de-la-temporada-de-bimba-y-lola","status":"publish","type":"articles","link":"https:\/\/graziamagazine.com\/es\/articles\/paper-el-nuevo-bolso-de-la-temporada-de-bimba-y-lola\/","title":{"rendered":"Paper, el nuevo bolso de la temporada de Bimba y Lola"},"content":{"rendered":"<p><strong>Bimba y Lola<\/strong> present\u00f3 una nueva colecci\u00f3n de bolsas, se trata del <strong>Bolso\u00a0Paper<\/strong>, que tiene todas las utilidades posibles con su tama\u00f1o XXL.<\/p>\n<p>La idea es que convierta en <strong>un b\u00e1sico indispensable <\/strong>en el armario de cualquiera, por su versatilidad y sus amplias opciones de color.<\/p>\n<p>\u201cUna bolsa generacional que viajar\u00e1 del d\u00eda a d\u00eda hasta un festival de m\u00fasica o una noche infinita, incluso, nos acompa\u00f1ar\u00e1 de escapada con su formato XXL\u201d, el bolso seg\u00fan puntualiz\u00f3 la marca en un comunicado de prensa.<\/p>\n<figure id=\"attachment_147830\" class=\"wp-caption alignnone\" style=\"width: 1022px\" aria-describedby=\"caption-attachment-147830\"><img loading=\"lazy\" decoding=\"async\" class=\"wp-image-147830 size-full\" src=\"https:\/\/graziamagazine.com\/mx\/wp-content\/uploads\/sites\/13\/2025\/03\/paper3.png\" alt=\"\" width=\"1022\" height=\"1536\" \/><\/figure>\n<p>Puedes llevarla de la mano y del hombro, con una <strong>est\u00e9tica minimalista<\/strong> que va a elevar cualquier atuendo.<\/p>\n<p>La bolsa est\u00e1 hecha de piel flexible granulado y tiene dos asas ajustables que no tienen costuras, tampoco tiene cierres, ni complicaciones.<\/p>\n<p>\u201cSolo el director creativo\u00a0de\u00a0Brooklyn <strong>es capaz\u00a0de<\/strong>\u00a0poner a la modelo holandesa Tes Linnenkoper brincando en pleno concierto, euf\u00f3rica despu\u00e9s\u00a0de\u00a0una noche inolvidable o tirada en el sill\u00f3n, pero manteniendo siempre su\u00a0<strong>Paper<\/strong>\u00a0carca\u201d, aseguran.<\/p>\n<figure id=\"attachment_147831\" class=\"wp-caption alignnone\" style=\"width: 2300px\" aria-describedby=\"caption-attachment-147831\"><img loading=\"lazy\" decoding=\"async\" class=\"wp-image-147831 size-full\" src=\"https:\/\/graziamagazine.com\/mx\/wp-content\/uploads\/sites\/13\/2025\/03\/paper1.png\" alt=\"\" width=\"2300\" height=\"1536\" \/><\/figure>\n<p>La campa\u00f1a fue fotografiada por Charlie Engman, conocido por su mirada en las fotograf\u00edas intervenidas por la IA o la danza moderna.<\/p>\n<div class=\"content-gallery\">\n<div class=\"gallery-placeholder\">\n<div class=\"spinner\"><\/div>\n<\/div>\n<p>&nbsp;<\/p>\n<div id=\"gallery-1\" class=\"gallery galleryid- gallery-columns- gallery-size-\">\n<figure class=\"gallery-item\">\n<div class=\"gallery-icon landscape\"><img loading=\"lazy\" decoding=\"async\" class=\"lazy\" src=\"https:\/\/graziamagazine.com\/mx\/wp-content\/uploads\/sites\/13\/2025\/03\/unnamed-1.png\" alt=\"\" width=\"1530\" height=\"1536\" \/><\/div><figcaption id=\"gallery-1-147833\" class=\"wp-caption-text gallery-caption\">Bimba y Lola present\u00f3 su nueva colecci\u00f3n de Bolso Paper \/ Bimba y Lola<\/figcaption><\/figure>\n<figure class=\"gallery-item\">\n<div class=\"gallery-icon landscape\"><img loading=\"lazy\" decoding=\"async\" class=\"lazy\" src=\"https:\/\/graziamagazine.com\/mx\/wp-content\/uploads\/sites\/13\/2025\/03\/unnamed.png\" alt=\"\" width=\"1534\" height=\"1536\" \/><\/div><figcaption id=\"gallery-1-147834\" class=\"wp-caption-text gallery-caption\">Bimba y Lola present\u00f3 su nueva colecci\u00f3n de Bolso Paper \/ Bimba y Lola<\/figcaption><\/figure>\n<\/div>\n<\/div>\n<p>Por la temporada, <strong>Bimba y Lola <\/strong>us\u00f3 una paleta de color que incluye tonos casta\u00f1os, negro, chocolate, naranja coral y beige sahara.<\/p>\n<p>Este estilo de <strong>\u201cbolsa\u00a0de<\/strong>\u00a0papel\u201d, naci\u00f3 a inicios del\u00a0milenio y ah\u00ed tom\u00f3 su nombre, y desde ese entonces se ha colocado en las siluetas favoritas de la industria.<\/p>\n<p>Sin dudarlo, la Paper ser\u00e1 <em>un must de la temporada<\/em> pues lo tiene todo, espacio, versatilidad, dise\u00f1o y est\u00e9tica.<\/p>\n<p><em>*Im\u00e1genes: cortes\u00eda<\/em><\/p>\n","protected":false},"author":16349,"featured_media":183127,"template":"","format":"standard","categories":[1],"acf":[],"yoast_head":"<!-- This site is optimized with the Yoast SEO Premium plugin v18.5 (Yoast SEO v20.4) - https:\/\/yoast.com\/wordpress\/plugins\/seo\/ -->\n<title>Paper, el nuevo bolso de la temporada de Bimba y Lola<\/title>\n<meta name=\"description\" content=\"Con un estilo \u00fanico y tama\u00f1o XXL, es un b\u00e1sico indispensable en el armario de cualquiera, por su versatilidad y sus amplias opciones de color.\" \/>\n<meta name=\"robots\" content=\"index, follow, max-snippet:-1, max-image-preview:large, max-video-preview:-1\" \/>\n<link rel=\"canonical\" href=\"https:\/\/graziamagazine.com\/es\/articles\/paper-el-nuevo-bolso-de-la-temporada-de-bimba-y-lola\/\" \/>\n<meta property=\"og:locale\" content=\"es_ES\" \/>\n<meta property=\"og:type\" content=\"article\" \/>\n<meta property=\"og:title\" content=\"Paper, el nuevo bolso de la temporada de Bimba y Lola\" \/>\n<meta property=\"og:description\" content=\"Con un estilo \u00fanico y tama\u00f1o XXL, es un b\u00e1sico indispensable en el armario de cualquiera, por su versatilidad y sus amplias opciones de color.\" \/>\n<meta property=\"og:url\" content=\"https:\/\/graziamagazine.com\/es\/articles\/paper-el-nuevo-bolso-de-la-temporada-de-bimba-y-lola\/\" \/>\n<meta property=\"og:site_name\" content=\"Grazia\" \/>\n<meta property=\"og:image\" content=\"https:\/\/graziamagazine.com\/es\/wp-content\/uploads\/sites\/12\/2025\/03\/WhatsApp-Image-2025-03-07-at-6.05.23-PM-e1741392382703.jpeg\" \/>\n\t<meta property=\"og:image:width\" content=\"1022\" \/>\n\t<meta property=\"og:image:height\" content=\"720\" \/>\n\t<meta property=\"og:image:type\" content=\"image\/jpeg\" \/>\n<meta name=\"twitter:card\" content=\"summary_large_image\" \/>\n<meta name=\"twitter:label1\" content=\"Est. reading time\" \/>\n\t<meta name=\"twitter:data1\" content=\"3 minutos\" \/>\n<script type=\"application\/ld+json\" class=\"yoast-schema-graph\">{\"@context\":\"https:\/\/schema.org\",\"@graph\":[{\"@type\":\"WebPage\",\"@id\":\"https:\/\/graziamagazine.com\/es\/articles\/paper-el-nuevo-bolso-de-la-temporada-de-bimba-y-lola\/\",\"url\":\"https:\/\/graziamagazine.com\/es\/articles\/paper-el-nuevo-bolso-de-la-temporada-de-bimba-y-lola\/\",\"name\":\"Paper, el nuevo bolso de la temporada de Bimba y Lola\",\"isPartOf\":{\"@id\":\"https:\/\/graziamagazine.com\/es\/#website\"},\"datePublished\":\"2025-03-11T10:20:39+00:00\",\"dateModified\":\"2025-03-11T10:20:39+00:00\",\"description\":\"Con un estilo \u00fanico y tama\u00f1o XXL, es un b\u00e1sico indispensable en el armario de cualquiera, por su versatilidad y sus amplias opciones de color.\",\"breadcrumb\":{\"@id\":\"https:\/\/graziamagazine.com\/es\/articles\/paper-el-nuevo-bolso-de-la-temporada-de-bimba-y-lola\/#breadcrumb\"},\"inLanguage\":\"es\",\"potentialAction\":[{\"@type\":\"ReadAction\",\"target\":[\"https:\/\/graziamagazine.com\/es\/articles\/paper-el-nuevo-bolso-de-la-temporada-de-bimba-y-lola\/\"]}]},{\"@type\":\"BreadcrumbList\",\"@id\":\"https:\/\/graziamagazine.com\/es\/articles\/paper-el-nuevo-bolso-de-la-temporada-de-bimba-y-lola\/#breadcrumb\",\"itemListElement\":[{\"@type\":\"ListItem\",\"position\":1,\"name\":\"Portada\",\"item\":\"https:\/\/graziamagazine.com\/es\/\"},{\"@type\":\"ListItem\",\"position\":2,\"name\":\"Paper, el nuevo bolso de la temporada de Bimba y Lola\"}]},{\"@type\":\"WebSite\",\"@id\":\"https:\/\/graziamagazine.com\/es\/#website\",\"url\":\"https:\/\/graziamagazine.com\/es\/\",\"name\":\"Grazia\",\"description\":\"Moda, belleza, celebrities, estilo de vida...\",\"potentialAction\":[{\"@type\":\"SearchAction\",\"target\":{\"@type\":\"EntryPoint\",\"urlTemplate\":\"https:\/\/graziamagazine.com\/es\/?s={search_term_string}\"},\"query-input\":\"required name=search_term_string\"}],\"inLanguage\":\"es\"}]}<\/script>\n<!-- \/ Yoast SEO Premium plugin. -->","yoast_head_json":{"title":"Paper, el nuevo bolso de la temporada de Bimba y Lola","description":"Con un estilo \u00fanico y tama\u00f1o XXL, es un b\u00e1sico indispensable en el armario de cualquiera, por su versatilidad y sus amplias opciones de color.","robots":{"index":"index","follow":"follow","max-snippet":"max-snippet:-1","max-image-preview":"max-image-preview:large","max-video-preview":"max-video-preview:-1"},"canonical":"https:\/\/graziamagazine.com\/es\/articles\/paper-el-nuevo-bolso-de-la-temporada-de-bimba-y-lola\/","og_locale":"es_ES","og_type":"article","og_title":"Paper, el nuevo bolso de la temporada de Bimba y Lola","og_description":"Con un estilo \u00fanico y tama\u00f1o XXL, es un b\u00e1sico indispensable en el armario de cualquiera, por su versatilidad y sus amplias opciones de color.","og_url":"https:\/\/graziamagazine.com\/es\/articles\/paper-el-nuevo-bolso-de-la-temporada-de-bimba-y-lola\/","og_site_name":"Grazia","og_image":[{"width":1022,"height":720,"url":"https:\/\/graziamagazine.com\/es\/wp-content\/uploads\/sites\/12\/2025\/03\/WhatsApp-Image-2025-03-07-at-6.05.23-PM-e1741392382703.jpeg","type":"image\/jpeg"}],"twitter_card":"summary_large_image","twitter_misc":{"Est. reading time":"3 minutos"},"schema":{"@context":"https:\/\/schema.org","@graph":[{"@type":"WebPage","@id":"https:\/\/graziamagazine.com\/es\/articles\/paper-el-nuevo-bolso-de-la-temporada-de-bimba-y-lola\/","url":"https:\/\/graziamagazine.com\/es\/articles\/paper-el-nuevo-bolso-de-la-temporada-de-bimba-y-lola\/","name":"Paper, el nuevo bolso de la temporada de Bimba y Lola","isPartOf":{"@id":"https:\/\/graziamagazine.com\/es\/#website"},"datePublished":"2025-03-11T10:20:39+00:00","dateModified":"2025-03-11T10:20:39+00:00","description":"Con un estilo \u00fanico y tama\u00f1o XXL, es un b\u00e1sico indispensable en el armario de cualquiera, por su versatilidad y sus amplias opciones de color.","breadcrumb":{"@id":"https:\/\/graziamagazine.com\/es\/articles\/paper-el-nuevo-bolso-de-la-temporada-de-bimba-y-lola\/#breadcrumb"},"inLanguage":"es","potentialAction":[{"@type":"ReadAction","target":["https:\/\/graziamagazine.com\/es\/articles\/paper-el-nuevo-bolso-de-la-temporada-de-bimba-y-lola\/"]}]},{"@type":"BreadcrumbList","@id":"https:\/\/graziamagazine.com\/es\/articles\/paper-el-nuevo-bolso-de-la-temporada-de-bimba-y-lola\/#breadcrumb","itemListElement":[{"@type":"ListItem","position":1,"name":"Portada","item":"https:\/\/graziamagazine.com\/es\/"},{"@type":"ListItem","position":2,"name":"Paper, el nuevo bolso de la temporada de Bimba y Lola"}]},{"@type":"WebSite","@id":"https:\/\/graziamagazine.com\/es\/#website","url":"https:\/\/graziamagazine.com\/es\/","name":"Grazia","description":"Moda, belleza, celebrities, estilo de vida...","potentialAction":[{"@type":"SearchAction","target":{"@type":"EntryPoint","urlTemplate":"https:\/\/graziamagazine.com\/es\/?s={search_term_string}"},"query-input":"required name=search_term_string"}],"inLanguage":"es"}]}},"jetpack_sharing_enabled":true,"distributor_meta":false,"distributor_terms":false,"distributor_media":false,"distributor_original_site_name":"Grazia","distributor_original_site_url":"https:\/\/graziamagazine.com\/es","push-errors":false,"_links":{"self":[{"href":"https:\/\/graziamagazine.com\/es\/wp-json\/wp\/v2\/articles\/183126"}],"collection":[{"href":"https:\/\/graziamagazine.com\/es\/wp-json\/wp\/v2\/articles"}],"about":[{"href":"https:\/\/graziamagazine.com\/es\/wp-json\/wp\/v2\/types\/articles"}],"author":[{"embeddable":true,"href":"https:\/\/graziamagazine.com\/es\/wp-json\/wp\/v2\/users\/16349"}],"wp:featuredmedia":[{"embeddable":true,"href":"https:\/\/graziamagazine.com\/es\/wp-json\/wp\/v2\/media\/183127"}],"wp:attachment":[{"href":"https:\/\/graziamagazine.com\/es\/wp-json\/wp\/v2\/media?parent=183126"}],"wp:term":[{"taxonomy":"category","embeddable":true,"href":"https:\/\/graziamagazine.com\/es\/wp-json\/wp\/v2\/categories?post=183126"}],"curies":[{"name":"wp","href":"https:\/\/api.w.org\/{rel}","templated":true}]}}